{"id":4850,"date":"2023-11-16T20:13:11","date_gmt":"2023-11-17T00:13:11","guid":{"rendered":"https:\/\/infoelnuevonorte.com\/?p=4850"},"modified":"2023-11-16T20:13:14","modified_gmt":"2023-11-17T00:13:14","slug":"realizaran-vista-publica-del-proyecto-punta-bergantin-en-puerto-plata","status":"publish","type":"post","link":"https:\/\/infoelnuevonorte.com\/?p=4850","title":{"rendered":"Realizar\u00e1n vista p\u00fablica del proyecto Punta Bergant\u00edn en Puerto Plata."},"content":{"rendered":"<p style=\"text-align: justify;\"><strong>PUERTO PLATA<\/strong>.- El viceministro Administrativo y Financiero de la Presidencia, Igor Rodr\u00edguez Dur\u00e1n y el director desarrollo de Punta Bergant\u00edn, Andr\u00e9s Marranzini Grull\u00f3n anunciaron este jueves que el pr\u00f3ximo martes 21 de noviembre se realizar\u00e1 en el hotel Gran Ventana una vista p\u00fablica para presentar el m\u00e1ster plan del proyecto Punta Bergantin.<\/p>\n<figure id=\"attachment_4855\" aria-describedby=\"caption-attachment-4855\" style=\"width: 300px\" class=\"wp-caption alignleft\"><img loading=\"lazy\" decoding=\"async\" class=\"size-medium wp-image-4855\" src=\"https:\/\/infoelnuevonorte.com\/wp-content\/uploads\/2023\/11\/WhatsApp-Image-2023-11-16-at-5.58.47-PM-300x199.webp\" alt=\"\" width=\"300\" height=\"199\" \/><figcaption id=\"caption-attachment-4855\" class=\"wp-caption-text\">Igor Rodr\u00edguez Dur\u00e1n<\/figcaption><\/figure>\n<p style=\"text-align: justify;\">Marranzini dijo que el proyecto tur\u00edstico Punta Bergant\u00edn, cambiar\u00e1 por completo el destino Puerto Plata, en ese sentido resalt\u00f3 que cada puertoplate\u00f1o debe apostar por el mismo y convertirse en sus principales promotores.<\/p>\n<p style=\"text-align: justify;\">\u201cUn importante grupo de empresarios ha mostrado inter\u00e9s en invertir en Punta Bergant\u00edn, nosotros estamos trabajando en todos los procesos de permisolog\u00eda para seguir avanzando\u201d, expres\u00f3 Marranzini.<\/p>\n<p style=\"text-align: justify;\">Por su parte, el viceministro Igor Rodr\u00edguez Dur\u00e1n resalt\u00f3 que el gobierno del presidente, Luis Abinader desde el inicio de su gesti\u00f3n ha venido realizando importantes inversiones en la provincia de Puerto Plata, raz\u00f3n por la que muchos inversionistas han colocado su mirada en la Novia del Atl\u00e1ntico.<img loading=\"lazy\" decoding=\"async\" class=\"aligncenter wp-image-4852 size-full\" src=\"https:\/\/infoelnuevonorte.com\/wp-content\/uploads\/2023\/11\/WhatsApp-Image-2023-11-16-at-5.58.48-PM-1-jpeg.webp\" alt=\"\" width=\"1232\" height=\"816\" \/><\/p>\n<p style=\"text-align: justify;\">Rodr\u00edguez anunci\u00f3 que el presidente Luis Abinader visitar\u00e1 la provincia de Puerto Plata, el pr\u00f3ximo 16 de diciembre para inaugurar el puente de Cangrejo sobre el r\u00edo Cam\u00fa, tambi\u00e9n visitar\u00e1 el proyecto Punta Bergant\u00edn, el funcionario resalt\u00f3 que los trabajos del estadio Jos\u00e9 Brice\u00f1o van muy adelantados.<img loading=\"lazy\" decoding=\"async\" class=\"aligncenter size-full wp-image-4851\" src=\"https:\/\/infoelnuevonorte.com\/wp-content\/uploads\/2023\/11\/WhatsApp-Image-2023-11-16-at-5.58.48-PM-2-jpeg.webp\" alt=\"\" width=\"1232\" height=\"816\" \/><\/p>\n<p style=\"text-align: justify;\">El encuentro con la prensa que fue realizado en el Sal\u00f3n de Eventos de la Gobernaci\u00f3n Provincial, cont\u00f3 adem\u00e1s con la presencia de los diputados Emil Dur\u00e1n y Johnny Medina, Jhonny Tav\u00e1rez; director provincial de Salud P\u00fablica, Atahualpa Paulino, director regional de Turismo, entre otras personalidades.<\/p>\n","protected":false},"excerpt":{"rendered":"<p>PUERTO PLATA.- El viceministro Administrativo y Financiero de la Presidencia, Igor Rodr\u00edguez Dur\u00e1n y el director desarrollo de Punta Bergant\u00edn, Andr\u00e9s Marranzini Grull\u00f3n anunciaron este jueves que el pr\u00f3ximo martes 21 de noviembre se realizar\u00e1 en el hotel Gran Ventana una vista p\u00fablica para presentar el m\u00e1ster plan del proyecto Punta Bergantin. Marranzini dijo que [&hellip;]<\/p>\n","protected":false},"author":1,"featured_media":0,"comment_status":"closed","ping_status":"open","sticky":false,"template":"","format":"standard","meta":{"footnotes":""},"categories":[2,5],"tags":[],"yoast_head":"<!-- This site is optimized with the Yoast SEO plugin v24.5 - https:\/\/yoast.com\/wordpress\/plugins\/seo\/ -->\n<title>Realizar\u00e1n vista p\u00fablica del proyecto Punta Bergant\u00edn en Puerto Plata. | El Nuevo Norte<\/title>\n<meta name=\"robots\" content=\"index, follow, max-snippet:-1, max-image-preview:large, max-video-preview:-1\" \/>\n<link rel=\"canonical\" href=\"https:\/\/infoelnuevonorte.com\/?p=4850\" \/>\n<meta property=\"og:locale\" content=\"es_ES\" \/>\n<meta property=\"og:type\" content=\"article\" \/>\n<meta property=\"og:title\" content=\"Realizar\u00e1n vista p\u00fablica del proyecto Punta Bergant\u00edn en Puerto Plata. | El Nuevo Norte\" \/>\n<meta property=\"og:description\" content=\"PUERTO PLATA.- El viceministro Administrativo y Financiero de la Presidencia, Igor Rodr\u00edguez Dur\u00e1n y el director desarrollo de Punta Bergant\u00edn, Andr\u00e9s Marranzini Grull\u00f3n anunciaron este jueves que el pr\u00f3ximo martes 21 de noviembre se realizar\u00e1 en el hotel Gran Ventana una vista p\u00fablica para presentar el m\u00e1ster plan del proyecto Punta Bergantin. Marranzini dijo que [&hellip;]\" \/>\n<meta property=\"og:url\" content=\"https:\/\/infoelnuevonorte.com\/?p=4850\" \/>\n<meta property=\"og:site_name\" content=\"El Nuevo Norte\" \/>\n<meta property=\"article:publisher\" content=\"https:\/\/www.facebook.com\/infoenn\" \/>\n<meta property=\"article:published_time\" content=\"2023-11-17T00:13:11+00:00\" \/>\n<meta property=\"article:modified_time\" content=\"2023-11-17T00:13:14+00:00\" \/>\n<meta property=\"og:image\" content=\"https:\/\/infoelnuevonorte.com\/wp-content\/uploads\/2023\/11\/WhatsApp-Image-2023-11-16-at-5.58.48-PM-jpeg.webp\" \/>\n\t<meta property=\"og:image:width\" content=\"1280\" \/>\n\t<meta property=\"og:image:height\" content=\"628\" \/>\n\t<meta property=\"og:image:type\" content=\"image\/jpeg\" \/>\n<meta name=\"author\" content=\"InfoEnn\" \/>\n<meta name=\"twitter:card\" content=\"summary_large_image\" \/>\n<meta name=\"twitter:creator\" content=\"@Elnuevo_norte\" \/>\n<meta name=\"twitter:site\" content=\"@Elnuevo_norte\" \/>\n<meta name=\"twitter:label1\" content=\"Written by\" \/>\n\t<meta name=\"twitter:data1\" content=\"InfoEnn\" \/>\n\t<meta name=\"twitter:label2\" content=\"Est. reading time\" \/>\n\t<meta name=\"twitter:data2\" content=\"2 minutos\" \/>\n<script type=\"application\/ld+json\" class=\"yoast-schema-graph\">{\"@context\":\"https:\/\/schema.org\",\"@graph\":[{\"@type\":\"Article\",\"@id\":\"https:\/\/infoelnuevonorte.com\/?p=4850#article\",\"isPartOf\":{\"@id\":\"https:\/\/infoelnuevonorte.com\/?p=4850\"},\"author\":{\"name\":\"InfoEnn\",\"@id\":\"https:\/\/infoelnuevonorte.com\/#\/schema\/person\/fd4f6d90afe41260818b4ea94ad8ab84\"},\"headline\":\"Realizar\u00e1n vista p\u00fablica del proyecto Punta Bergant\u00edn en Puerto Plata.\",\"datePublished\":\"2023-11-17T00:13:11+00:00\",\"dateModified\":\"2023-11-17T00:13:14+00:00\",\"mainEntityOfPage\":{\"@id\":\"https:\/\/infoelnuevonorte.com\/?p=4850\"},\"wordCount\":308,\"publisher\":{\"@id\":\"https:\/\/infoelnuevonorte.com\/#organization\"},\"image\":{\"@id\":\"https:\/\/infoelnuevonorte.com\/?p=4850#primaryimage\"},\"thumbnailUrl\":\"https:\/\/infoelnuevonorte.com\/wp-content\/uploads\/2023\/11\/WhatsApp-Image-2023-11-16-at-5.58.47-PM-300x199.webp\",\"articleSection\":[\"Actualidad |\",\"Del Norte\"],\"inLanguage\":\"es-DO\"},{\"@type\":\"WebPage\",\"@id\":\"https:\/\/infoelnuevonorte.com\/?p=4850\",\"url\":\"https:\/\/infoelnuevonorte.com\/?p=4850\",\"name\":\"Realizar\u00e1n vista p\u00fablica del proyecto Punta Bergant\u00edn en Puerto Plata. | El Nuevo Norte\",\"isPartOf\":{\"@id\":\"https:\/\/infoelnuevonorte.com\/#website\"},\"primaryImageOfPage\":{\"@id\":\"https:\/\/infoelnuevonorte.com\/?p=4850#primaryimage\"},\"image\":{\"@id\":\"https:\/\/infoelnuevonorte.com\/?p=4850#primaryimage\"},\"thumbnailUrl\":\"https:\/\/infoelnuevonorte.com\/wp-content\/uploads\/2023\/11\/WhatsApp-Image-2023-11-16-at-5.58.47-PM-300x199.webp\",\"datePublished\":\"2023-11-17T00:13:11+00:00\",\"dateModified\":\"2023-11-17T00:13:14+00:00\",\"breadcrumb\":{\"@id\":\"https:\/\/infoelnuevonorte.com\/?p=4850#breadcrumb\"},\"inLanguage\":\"es-DO\",\"potentialAction\":[{\"@type\":\"ReadAction\",\"target\":[\"https:\/\/infoelnuevonorte.com\/?p=4850\"]}]},{\"@type\":\"ImageObject\",\"inLanguage\":\"es-DO\",\"@id\":\"https:\/\/infoelnuevonorte.com\/?p=4850#primaryimage\",\"url\":\"\",\"contentUrl\":\"\"},{\"@type\":\"BreadcrumbList\",\"@id\":\"https:\/\/infoelnuevonorte.com\/?p=4850#breadcrumb\",\"itemListElement\":[{\"@type\":\"ListItem\",\"position\":1,\"name\":\"Home\",\"item\":\"https:\/\/infoelnuevonorte.com\/\"},{\"@type\":\"ListItem\",\"position\":2,\"name\":\"Realizar\u00e1n vista p\u00fablica del proyecto Punta Bergant\u00edn en Puerto Plata.\"}]},{\"@type\":\"WebSite\",\"@id\":\"https:\/\/infoelnuevonorte.com\/#website\",\"url\":\"https:\/\/infoelnuevonorte.com\/\",\"name\":\"InfoEnn\",\"description\":\"Tu Voz, tu Verdad, tu Diario!!!\",\"publisher\":{\"@id\":\"https:\/\/infoelnuevonorte.com\/#organization\"},\"alternateName\":\"El Nuevo Norte\",\"potentialAction\":[{\"@type\":\"SearchAction\",\"target\":{\"@type\":\"EntryPoint\",\"urlTemplate\":\"https:\/\/infoelnuevonorte.com\/?s={search_term_string}\"},\"query-input\":{\"@type\":\"PropertyValueSpecification\",\"valueRequired\":true,\"valueName\":\"search_term_string\"}}],\"inLanguage\":\"es-DO\"},{\"@type\":\"Organization\",\"@id\":\"https:\/\/infoelnuevonorte.com\/#organization\",\"name\":\"Info El Nuevo Norte\",\"alternateName\":\"El Nuevo Norte\",\"url\":\"https:\/\/infoelnuevonorte.com\/\",\"logo\":{\"@type\":\"ImageObject\",\"inLanguage\":\"es-DO\",\"@id\":\"https:\/\/infoelnuevonorte.com\/#\/schema\/logo\/image\/\",\"url\":\"https:\/\/infoelnuevonorte.com\/wp-content\/uploads\/2026\/02\/Logo-Info-enn-3d-20ani.jpeg\",\"contentUrl\":\"https:\/\/infoelnuevonorte.com\/wp-content\/uploads\/2026\/02\/Logo-Info-enn-3d-20ani.jpeg\",\"width\":2046,\"height\":736,\"caption\":\"Info El Nuevo Norte\"},\"image\":{\"@id\":\"https:\/\/infoelnuevonorte.com\/#\/schema\/logo\/image\/\"},\"sameAs\":[\"https:\/\/www.facebook.com\/infoenn\",\"https:\/\/x.com\/Elnuevo_norte\",\"https:\/\/www.instagram.com\/infoenn\",\"https:\/\/www.facebook.com\/ENNRD\"]},{\"@type\":\"Person\",\"@id\":\"https:\/\/infoelnuevonorte.com\/#\/schema\/person\/fd4f6d90afe41260818b4ea94ad8ab84\",\"name\":\"InfoEnn\",\"image\":{\"@type\":\"ImageObject\",\"inLanguage\":\"es-DO\",\"@id\":\"https:\/\/infoelnuevonorte.com\/#\/schema\/person\/image\/\",\"url\":\"https:\/\/secure.gravatar.com\/avatar\/d4d760a41a48ba9db0a82bfb63bb0783?s=96&d=robohash&r=g\",\"contentUrl\":\"https:\/\/secure.gravatar.com\/avatar\/d4d760a41a48ba9db0a82bfb63bb0783?s=96&d=robohash&r=g\",\"caption\":\"InfoEnn\"},\"sameAs\":[\"https:\/\/infoelnuevonorte.com\"],\"url\":\"https:\/\/infoelnuevonorte.com\/?author=1\"}]}<\/script>\n<!-- \/ Yoast SEO plugin. -->","yoast_head_json":{"title":"Realizar\u00e1n vista p\u00fablica del proyecto Punta Bergant\u00edn en Puerto Plata. | El Nuevo Norte","robots":{"index":"index","follow":"follow","max-snippet":"max-snippet:-1","max-image-preview":"max-image-preview:large","max-video-preview":"max-video-preview:-1"},"canonical":"https:\/\/infoelnuevonorte.com\/?p=4850","og_locale":"es_ES","og_type":"article","og_title":"Realizar\u00e1n vista p\u00fablica del proyecto Punta Bergant\u00edn en Puerto Plata. | El Nuevo Norte","og_description":"PUERTO PLATA.- El viceministro Administrativo y Financiero de la Presidencia, Igor Rodr\u00edguez Dur\u00e1n y el director desarrollo de Punta Bergant\u00edn, Andr\u00e9s Marranzini Grull\u00f3n anunciaron este jueves que el pr\u00f3ximo martes 21 de noviembre se realizar\u00e1 en el hotel Gran Ventana una vista p\u00fablica para presentar el m\u00e1ster plan del proyecto Punta Bergantin. Marranzini dijo que [&hellip;]","og_url":"https:\/\/infoelnuevonorte.com\/?p=4850","og_site_name":"El Nuevo Norte","article_publisher":"https:\/\/www.facebook.com\/infoenn","article_published_time":"2023-11-17T00:13:11+00:00","article_modified_time":"2023-11-17T00:13:14+00:00","og_image":[{"width":1280,"height":628,"url":"https:\/\/infoelnuevonorte.com\/wp-content\/uploads\/2023\/11\/WhatsApp-Image-2023-11-16-at-5.58.48-PM-jpeg.webp","type":"image\/jpeg"}],"author":"InfoEnn","twitter_card":"summary_large_image","twitter_creator":"@Elnuevo_norte","twitter_site":"@Elnuevo_norte","twitter_misc":{"Written by":"InfoEnn","Est. reading time":"2 minutos"},"schema":{"@context":"https:\/\/schema.org","@graph":[{"@type":"Article","@id":"https:\/\/infoelnuevonorte.com\/?p=4850#article","isPartOf":{"@id":"https:\/\/infoelnuevonorte.com\/?p=4850"},"author":{"name":"InfoEnn","@id":"https:\/\/infoelnuevonorte.com\/#\/schema\/person\/fd4f6d90afe41260818b4ea94ad8ab84"},"headline":"Realizar\u00e1n vista p\u00fablica del proyecto Punta Bergant\u00edn en Puerto Plata.","datePublished":"2023-11-17T00:13:11+00:00","dateModified":"2023-11-17T00:13:14+00:00","mainEntityOfPage":{"@id":"https:\/\/infoelnuevonorte.com\/?p=4850"},"wordCount":308,"publisher":{"@id":"https:\/\/infoelnuevonorte.com\/#organization"},"image":{"@id":"https:\/\/infoelnuevonorte.com\/?p=4850#primaryimage"},"thumbnailUrl":"https:\/\/infoelnuevonorte.com\/wp-content\/uploads\/2023\/11\/WhatsApp-Image-2023-11-16-at-5.58.47-PM-300x199.webp","articleSection":["Actualidad |","Del Norte"],"inLanguage":"es-DO"},{"@type":"WebPage","@id":"https:\/\/infoelnuevonorte.com\/?p=4850","url":"https:\/\/infoelnuevonorte.com\/?p=4850","name":"Realizar\u00e1n vista p\u00fablica del proyecto Punta Bergant\u00edn en Puerto Plata. | El Nuevo Norte","isPartOf":{"@id":"https:\/\/infoelnuevonorte.com\/#website"},"primaryImageOfPage":{"@id":"https:\/\/infoelnuevonorte.com\/?p=4850#primaryimage"},"image":{"@id":"https:\/\/infoelnuevonorte.com\/?p=4850#primaryimage"},"thumbnailUrl":"https:\/\/infoelnuevonorte.com\/wp-content\/uploads\/2023\/11\/WhatsApp-Image-2023-11-16-at-5.58.47-PM-300x199.webp","datePublished":"2023-11-17T00:13:11+00:00","dateModified":"2023-11-17T00:13:14+00:00","breadcrumb":{"@id":"https:\/\/infoelnuevonorte.com\/?p=4850#breadcrumb"},"inLanguage":"es-DO","potentialAction":[{"@type":"ReadAction","target":["https:\/\/infoelnuevonorte.com\/?p=4850"]}]},{"@type":"ImageObject","inLanguage":"es-DO","@id":"https:\/\/infoelnuevonorte.com\/?p=4850#primaryimage","url":"","contentUrl":""},{"@type":"BreadcrumbList","@id":"https:\/\/infoelnuevonorte.com\/?p=4850#breadcrumb","itemListElement":[{"@type":"ListItem","position":1,"name":"Home","item":"https:\/\/infoelnuevonorte.com\/"},{"@type":"ListItem","position":2,"name":"Realizar\u00e1n vista p\u00fablica del proyecto Punta Bergant\u00edn en Puerto Plata."}]},{"@type":"WebSite","@id":"https:\/\/infoelnuevonorte.com\/#website","url":"https:\/\/infoelnuevonorte.com\/","name":"InfoEnn","description":"Tu Voz, tu Verdad, tu Diario!!!","publisher":{"@id":"https:\/\/infoelnuevonorte.com\/#organization"},"alternateName":"El Nuevo Norte","potentialAction":[{"@type":"SearchAction","target":{"@type":"EntryPoint","urlTemplate":"https:\/\/infoelnuevonorte.com\/?s={search_term_string}"},"query-input":{"@type":"PropertyValueSpecification","valueRequired":true,"valueName":"search_term_string"}}],"inLanguage":"es-DO"},{"@type":"Organization","@id":"https:\/\/infoelnuevonorte.com\/#organization","name":"Info El Nuevo Norte","alternateName":"El Nuevo Norte","url":"https:\/\/infoelnuevonorte.com\/","logo":{"@type":"ImageObject","inLanguage":"es-DO","@id":"https:\/\/infoelnuevonorte.com\/#\/schema\/logo\/image\/","url":"https:\/\/infoelnuevonorte.com\/wp-content\/uploads\/2026\/02\/Logo-Info-enn-3d-20ani.jpeg","contentUrl":"https:\/\/infoelnuevonorte.com\/wp-content\/uploads\/2026\/02\/Logo-Info-enn-3d-20ani.jpeg","width":2046,"height":736,"caption":"Info El Nuevo Norte"},"image":{"@id":"https:\/\/infoelnuevonorte.com\/#\/schema\/logo\/image\/"},"sameAs":["https:\/\/www.facebook.com\/infoenn","https:\/\/x.com\/Elnuevo_norte","https:\/\/www.instagram.com\/infoenn","https:\/\/www.facebook.com\/ENNRD"]},{"@type":"Person","@id":"https:\/\/infoelnuevonorte.com\/#\/schema\/person\/fd4f6d90afe41260818b4ea94ad8ab84","name":"InfoEnn","image":{"@type":"ImageObject","inLanguage":"es-DO","@id":"https:\/\/infoelnuevonorte.com\/#\/schema\/person\/image\/","url":"https:\/\/secure.gravatar.com\/avatar\/d4d760a41a48ba9db0a82bfb63bb0783?s=96&d=robohash&r=g","contentUrl":"https:\/\/secure.gravatar.com\/avatar\/d4d760a41a48ba9db0a82bfb63bb0783?s=96&d=robohash&r=g","caption":"InfoEnn"},"sameAs":["https:\/\/infoelnuevonorte.com"],"url":"https:\/\/infoelnuevonorte.com\/?author=1"}]}},"_links":{"self":[{"href":"https:\/\/infoelnuevonorte.com\/index.php?rest_route=\/wp\/v2\/posts\/4850"}],"collection":[{"href":"https:\/\/infoelnuevonorte.com\/index.php?rest_route=\/wp\/v2\/posts"}],"about":[{"href":"https:\/\/infoelnuevonorte.com\/index.php?rest_route=\/wp\/v2\/types\/post"}],"author":[{"embeddable":true,"href":"https:\/\/infoelnuevonorte.com\/index.php?rest_route=\/wp\/v2\/users\/1"}],"replies":[{"embeddable":true,"href":"https:\/\/infoelnuevonorte.com\/index.php?rest_route=%2Fwp%2Fv2%2Fcomments&post=4850"}],"version-history":[{"count":0,"href":"https:\/\/infoelnuevonorte.com\/index.php?rest_route=\/wp\/v2\/posts\/4850\/revisions"}],"wp:attachment":[{"href":"https:\/\/infoelnuevonorte.com\/index.php?rest_route=%2Fwp%2Fv2%2Fmedia&parent=4850"}],"wp:term":[{"taxonomy":"category","embeddable":true,"href":"https:\/\/infoelnuevonorte.com\/index.php?rest_route=%2Fwp%2Fv2%2Fcategories&post=4850"},{"taxonomy":"post_tag","embeddable":true,"href":"https:\/\/infoelnuevonorte.com\/index.php?rest_route=%2Fwp%2Fv2%2Ftags&post=4850"}],"curies":[{"name":"wp","href":"https:\/\/api.w.org\/{rel}","templated":true}]}}