{"id":4929,"date":"2023-11-17T13:01:40","date_gmt":"2023-11-17T17:01:40","guid":{"rendered":"https:\/\/infoelnuevonorte.com\/?p=4929"},"modified":"2023-11-17T13:01:42","modified_gmt":"2023-11-17T17:01:42","slug":"prsc-proclamara-a-luis-abinader-como-su-candidato-presidencial-por-segunda-vez","status":"publish","type":"post","link":"https:\/\/infoelnuevonorte.com\/?p=4929","title":{"rendered":"PRSC proclamar\u00e1 a Luis Abinader como su candidato presidencial por segunda vez"},"content":{"rendered":"<p style=\"text-align: justify;\">Por segunda vez el\u00a0\u00a0<strong>Partido Reformista<\/strong>\u00a0<strong>Social Cristiano (PRSC)<\/strong>\u00a0 proclamar\u00e1 como su\u00a0<strong>candidato presidencial<\/strong>\u00a0<strong>a Luis Abinader\u00a0<\/strong>el pr\u00f3ximo domingo 19 de noviembre\u00a0en un acto celebrado en el Coliseo de Boxeo Carlos Teo Cruz a partir de las 9:00 de la ma\u00f1ana.<\/p>\n<p style=\"text-align: justify;\">En rueda de prensa desarrollada en la sede de la organizaci\u00f3n pol\u00edtica, los principales directivos del\u00a0<strong>PRSC<\/strong>\u00a0informaron que se espera la\u00a0<strong>participaci\u00f3n<\/strong>\u00a0de m\u00e1s de\u00a0<strong>diez mil personas<\/strong>\u00a0en la actividad.<\/p>\n<p style=\"text-align: justify;\">El senador Ram\u00f3n Rogelio Genao Cruz indic\u00f3 que al acto han sido convocados un total de\u00a0<strong>1,157 delegados<\/strong>, 757 candidatos de los diferentes niveles de elecci\u00f3n, delegaciones de dirigentes de los 157 municipios y de los 235 distritos municipales, as\u00ed como tambi\u00e9n ha sido invitado la direcci\u00f3n ejecutiva del\u00a0<strong>Partido Revolucionario Moderno<\/strong>\u00a0<strong>(PRM)<\/strong>.<\/p>\n<p style=\"text-align: justify;\">En la proclamaci\u00f3n participar\u00e1n\u00a0representantes de los 23 partidos aliados en el nivel municipal y de los 20 que juntos al\u00a0<strong>PRSC<\/strong>\u00a0apoyan la reelecci\u00f3n del\u00a0<strong>actual mandatario<\/strong>.<\/p>\n<p style=\"text-align: justify;\">Genao agreg\u00f3 que el pr\u00f3ximo domingo: \u201cestaremos abrazados bajo el mismo techo todos los seguidores de Balaguer que respaldan la reelecci\u00f3n, que antes estaban dispersos\u201d.<\/p>\n<p style=\"text-align: justify;\">\u201cEstamos unidos con el prop\u00f3sito de\u00a0<strong>preservar<\/strong>\u00a0los cambios y avances que ha logrado en esta administraci\u00f3n, reeligiendo al\u00a0<strong>presidente Abinader<\/strong>\u00a0en la primera vuelta de las elecciones del 19 de mayo con m\u00e1s del 60 % de los votos\u201d, expres\u00f3.<\/p>\n<p style=\"text-align: justify;\">La agrupaci\u00f3n pol\u00edtica destac\u00f3 que la actividad ser\u00e1\u00a0<strong>transmitida en vivo<\/strong>\u00a0por una cadena de radio y televisi\u00f3n, adem\u00e1s de las\u00a0<strong>redes sociales<\/strong>\u00a0del\u00a0<strong>PRSC<\/strong>.<\/p>\n<h2 style=\"text-align: justify;\">Anuncian\u00a0<strong>programas de crecimiento<\/strong>\u00a0y capacitaci\u00f3n<\/h2>\n<figure class=\"inline-block\" style=\"text-align: justify;\">\n<div class=\"expand-img-placeholder\"><img loading=\"lazy\" decoding=\"async\" src=\"https:\/\/resources.diariolibre.com\/images\/expand.svg\" alt=\"Expandir imagen\" width=\"20\" height=\"20\" \/><\/div>\n<picture><img decoding=\"async\" class=\"mx-auto lazy loaded\" src=\"https:\/\/resources.diariolibre.com\/images\/2023\/11\/17\/whatsapp-image-2023-11-17-at-11.52.24-am.jpeg\" alt=\"Infograf\u00eda\" width=\"auto\" height=\"350\" data-src=\"https:\/\/resources.diariolibre.com\/images\/2023\/11\/17\/whatsapp-image-2023-11-17-at-11.52.24-am.jpeg\" data-was-processed=\"true\" \/><\/picture><figcaption>Ram\u00f3n Rogelio Genao, senador de La Vega.\u00a0(<strong>NEAL CRUZ<\/strong>)<\/figcaption><\/figure>\n<p style=\"text-align: justify;\">En el marco de la actividad el\u00a0<strong>partido colorao<\/strong>\u00a0dejar\u00e1 iniciado dos\u00a0<strong>programas de crecimiento<\/strong>\u00a0y\u00a0<strong>captaci\u00f3n de votos<\/strong>\u00a0denominados #20-18-5 y #20-19-5 con los que pretende obtener alrededor de\u00a0<strong>350 mil votos<\/strong>\u00a0en las-<strong>elecciones de febrero<\/strong>\u00a0y mayo del 2024.<\/p>\n<p style=\"text-align: justify;\">\"El\u00a0<strong>reformismo<\/strong>\u00a0siempre ha sido un partido mayoritario en los sentimientos de la gente y el modelo de la buena gobernanza. Con la candidatura de\u00a0<strong>Luis Abinader<\/strong>, la invencible coalici\u00f3n municipal y el desarrollo de estos programas, volveremos a ser\u00a0<strong>mayoritarios<\/strong>\u00a0en el desempe\u00f1o obteniendo en febrero y mayo m\u00e1s de 350 mil votos\u201d, resalt\u00f3 Genao.<\/p>\n","protected":false},"excerpt":{"rendered":"<p>Por segunda vez el\u00a0\u00a0Partido Reformista\u00a0Social Cristiano (PRSC)\u00a0 proclamar\u00e1 como su\u00a0candidato presidencial\u00a0a Luis Abinader\u00a0el pr\u00f3ximo domingo 19 de noviembre\u00a0en un acto celebrado en el Coliseo de Boxeo Carlos Teo Cruz a partir de las 9:00 de la ma\u00f1ana. En rueda de prensa desarrollada en la sede de la organizaci\u00f3n pol\u00edtica, los principales directivos del\u00a0PRSC\u00a0informaron que se [&hellip;]<\/p>\n","protected":false},"author":1,"featured_media":0,"comment_status":"closed","ping_status":"open","sticky":false,"template":"","format":"standard","meta":{"footnotes":""},"categories":[2,8],"tags":[],"yoast_head":"<!-- This site is optimized with the Yoast SEO plugin v24.5 - https:\/\/yoast.com\/wordpress\/plugins\/seo\/ -->\n<title>PRSC proclamar\u00e1 a Luis Abinader como su candidato presidencial por segunda vez | El Nuevo Norte<\/title>\n<meta name=\"robots\" content=\"index, follow, max-snippet:-1, max-image-preview:large, max-video-preview:-1\" \/>\n<link rel=\"canonical\" href=\"https:\/\/infoelnuevonorte.com\/?p=4929\" \/>\n<meta property=\"og:locale\" content=\"es_ES\" \/>\n<meta property=\"og:type\" content=\"article\" \/>\n<meta property=\"og:title\" content=\"PRSC proclamar\u00e1 a Luis Abinader como su candidato presidencial por segunda vez | El Nuevo Norte\" \/>\n<meta property=\"og:description\" content=\"Por segunda vez el\u00a0\u00a0Partido Reformista\u00a0Social Cristiano (PRSC)\u00a0 proclamar\u00e1 como su\u00a0candidato presidencial\u00a0a Luis Abinader\u00a0el pr\u00f3ximo domingo 19 de noviembre\u00a0en un acto celebrado en el Coliseo de Boxeo Carlos Teo Cruz a partir de las 9:00 de la ma\u00f1ana. En rueda de prensa desarrollada en la sede de la organizaci\u00f3n pol\u00edtica, los principales directivos del\u00a0PRSC\u00a0informaron que se [&hellip;]\" \/>\n<meta property=\"og:url\" content=\"https:\/\/infoelnuevonorte.com\/?p=4929\" \/>\n<meta property=\"og:site_name\" content=\"El Nuevo Norte\" \/>\n<meta property=\"article:publisher\" content=\"https:\/\/www.facebook.com\/infoenn\" \/>\n<meta property=\"article:published_time\" content=\"2023-11-17T17:01:40+00:00\" \/>\n<meta property=\"article:modified_time\" content=\"2023-11-17T17:01:42+00:00\" \/>\n<meta property=\"og:image\" content=\"https:\/\/infoelnuevonorte.com\/wp-content\/uploads\/2023\/11\/whatsapp-image-2023-11-17-at-11.png\" \/>\n\t<meta property=\"og:image:width\" content=\"896\" \/>\n\t<meta property=\"og:image:height\" content=\"504\" \/>\n\t<meta property=\"og:image:type\" content=\"image\/png\" \/>\n<meta name=\"author\" content=\"InfoEnn\" \/>\n<meta name=\"twitter:card\" content=\"summary_large_image\" \/>\n<meta name=\"twitter:creator\" content=\"@Elnuevo_norte\" \/>\n<meta name=\"twitter:site\" content=\"@Elnuevo_norte\" \/>\n<meta name=\"twitter:label1\" content=\"Written by\" \/>\n\t<meta name=\"twitter:data1\" content=\"InfoEnn\" \/>\n\t<meta name=\"twitter:label2\" content=\"Est. reading time\" \/>\n\t<meta name=\"twitter:data2\" content=\"3 minutos\" \/>\n<script type=\"application\/ld+json\" class=\"yoast-schema-graph\">{\"@context\":\"https:\/\/schema.org\",\"@graph\":[{\"@type\":\"Article\",\"@id\":\"https:\/\/infoelnuevonorte.com\/?p=4929#article\",\"isPartOf\":{\"@id\":\"https:\/\/infoelnuevonorte.com\/?p=4929\"},\"author\":{\"name\":\"InfoEnn\",\"@id\":\"https:\/\/infoelnuevonorte.com\/#\/schema\/person\/fd4f6d90afe41260818b4ea94ad8ab84\"},\"headline\":\"PRSC proclamar\u00e1 a Luis Abinader como su candidato presidencial por segunda vez\",\"datePublished\":\"2023-11-17T17:01:40+00:00\",\"dateModified\":\"2023-11-17T17:01:42+00:00\",\"mainEntityOfPage\":{\"@id\":\"https:\/\/infoelnuevonorte.com\/?p=4929\"},\"wordCount\":387,\"publisher\":{\"@id\":\"https:\/\/infoelnuevonorte.com\/#organization\"},\"image\":{\"@id\":\"https:\/\/infoelnuevonorte.com\/?p=4929#primaryimage\"},\"thumbnailUrl\":\"https:\/\/resources.diariolibre.com\/images\/expand.svg\",\"articleSection\":[\"Actualidad |\",\"Nacionales\"],\"inLanguage\":\"es-DO\"},{\"@type\":\"WebPage\",\"@id\":\"https:\/\/infoelnuevonorte.com\/?p=4929\",\"url\":\"https:\/\/infoelnuevonorte.com\/?p=4929\",\"name\":\"PRSC proclamar\u00e1 a Luis Abinader como su candidato presidencial por segunda vez | El Nuevo Norte\",\"isPartOf\":{\"@id\":\"https:\/\/infoelnuevonorte.com\/#website\"},\"primaryImageOfPage\":{\"@id\":\"https:\/\/infoelnuevonorte.com\/?p=4929#primaryimage\"},\"image\":{\"@id\":\"https:\/\/infoelnuevonorte.com\/?p=4929#primaryimage\"},\"thumbnailUrl\":\"https:\/\/resources.diariolibre.com\/images\/expand.svg\",\"datePublished\":\"2023-11-17T17:01:40+00:00\",\"dateModified\":\"2023-11-17T17:01:42+00:00\",\"breadcrumb\":{\"@id\":\"https:\/\/infoelnuevonorte.com\/?p=4929#breadcrumb\"},\"inLanguage\":\"es-DO\",\"potentialAction\":[{\"@type\":\"ReadAction\",\"target\":[\"https:\/\/infoelnuevonorte.com\/?p=4929\"]}]},{\"@type\":\"ImageObject\",\"inLanguage\":\"es-DO\",\"@id\":\"https:\/\/infoelnuevonorte.com\/?p=4929#primaryimage\",\"url\":\"https:\/\/resources.diariolibre.com\/images\/expand.svg\",\"contentUrl\":\"https:\/\/resources.diariolibre.com\/images\/expand.svg\"},{\"@type\":\"BreadcrumbList\",\"@id\":\"https:\/\/infoelnuevonorte.com\/?p=4929#breadcrumb\",\"itemListElement\":[{\"@type\":\"ListItem\",\"position\":1,\"name\":\"Home\",\"item\":\"https:\/\/infoelnuevonorte.com\/\"},{\"@type\":\"ListItem\",\"position\":2,\"name\":\"PRSC proclamar\u00e1 a Luis Abinader como su candidato presidencial por segunda vez\"}]},{\"@type\":\"WebSite\",\"@id\":\"https:\/\/infoelnuevonorte.com\/#website\",\"url\":\"https:\/\/infoelnuevonorte.com\/\",\"name\":\"InfoEnn\",\"description\":\"Tu Voz, tu Verdad, tu Diario!!!\",\"publisher\":{\"@id\":\"https:\/\/infoelnuevonorte.com\/#organization\"},\"alternateName\":\"El Nuevo Norte\",\"potentialAction\":[{\"@type\":\"SearchAction\",\"target\":{\"@type\":\"EntryPoint\",\"urlTemplate\":\"https:\/\/infoelnuevonorte.com\/?s={search_term_string}\"},\"query-input\":{\"@type\":\"PropertyValueSpecification\",\"valueRequired\":true,\"valueName\":\"search_term_string\"}}],\"inLanguage\":\"es-DO\"},{\"@type\":\"Organization\",\"@id\":\"https:\/\/infoelnuevonorte.com\/#organization\",\"name\":\"Info El Nuevo Norte\",\"alternateName\":\"El Nuevo Norte\",\"url\":\"https:\/\/infoelnuevonorte.com\/\",\"logo\":{\"@type\":\"ImageObject\",\"inLanguage\":\"es-DO\",\"@id\":\"https:\/\/infoelnuevonorte.com\/#\/schema\/logo\/image\/\",\"url\":\"https:\/\/infoelnuevonorte.com\/wp-content\/uploads\/2026\/02\/Logo-Info-enn-3d-20ani.jpeg\",\"contentUrl\":\"https:\/\/infoelnuevonorte.com\/wp-content\/uploads\/2026\/02\/Logo-Info-enn-3d-20ani.jpeg\",\"width\":2046,\"height\":736,\"caption\":\"Info El Nuevo Norte\"},\"image\":{\"@id\":\"https:\/\/infoelnuevonorte.com\/#\/schema\/logo\/image\/\"},\"sameAs\":[\"https:\/\/www.facebook.com\/infoenn\",\"https:\/\/x.com\/Elnuevo_norte\",\"https:\/\/www.instagram.com\/infoenn\",\"https:\/\/www.facebook.com\/ENNRD\"]},{\"@type\":\"Person\",\"@id\":\"https:\/\/infoelnuevonorte.com\/#\/schema\/person\/fd4f6d90afe41260818b4ea94ad8ab84\",\"name\":\"InfoEnn\",\"image\":{\"@type\":\"ImageObject\",\"inLanguage\":\"es-DO\",\"@id\":\"https:\/\/infoelnuevonorte.com\/#\/schema\/person\/image\/\",\"url\":\"https:\/\/secure.gravatar.com\/avatar\/d4d760a41a48ba9db0a82bfb63bb0783?s=96&d=robohash&r=g\",\"contentUrl\":\"https:\/\/secure.gravatar.com\/avatar\/d4d760a41a48ba9db0a82bfb63bb0783?s=96&d=robohash&r=g\",\"caption\":\"InfoEnn\"},\"sameAs\":[\"https:\/\/infoelnuevonorte.com\"],\"url\":\"https:\/\/infoelnuevonorte.com\/?author=1\"}]}<\/script>\n<!-- \/ Yoast SEO plugin. -->","yoast_head_json":{"title":"PRSC proclamar\u00e1 a Luis Abinader como su candidato presidencial por segunda vez | El Nuevo Norte","robots":{"index":"index","follow":"follow","max-snippet":"max-snippet:-1","max-image-preview":"max-image-preview:large","max-video-preview":"max-video-preview:-1"},"canonical":"https:\/\/infoelnuevonorte.com\/?p=4929","og_locale":"es_ES","og_type":"article","og_title":"PRSC proclamar\u00e1 a Luis Abinader como su candidato presidencial por segunda vez | El Nuevo Norte","og_description":"Por segunda vez el\u00a0\u00a0Partido Reformista\u00a0Social Cristiano (PRSC)\u00a0 proclamar\u00e1 como su\u00a0candidato presidencial\u00a0a Luis Abinader\u00a0el pr\u00f3ximo domingo 19 de noviembre\u00a0en un acto celebrado en el Coliseo de Boxeo Carlos Teo Cruz a partir de las 9:00 de la ma\u00f1ana. En rueda de prensa desarrollada en la sede de la organizaci\u00f3n pol\u00edtica, los principales directivos del\u00a0PRSC\u00a0informaron que se [&hellip;]","og_url":"https:\/\/infoelnuevonorte.com\/?p=4929","og_site_name":"El Nuevo Norte","article_publisher":"https:\/\/www.facebook.com\/infoenn","article_published_time":"2023-11-17T17:01:40+00:00","article_modified_time":"2023-11-17T17:01:42+00:00","og_image":[{"width":896,"height":504,"url":"https:\/\/infoelnuevonorte.com\/wp-content\/uploads\/2023\/11\/whatsapp-image-2023-11-17-at-11.png","type":"image\/png"}],"author":"InfoEnn","twitter_card":"summary_large_image","twitter_creator":"@Elnuevo_norte","twitter_site":"@Elnuevo_norte","twitter_misc":{"Written by":"InfoEnn","Est. reading time":"3 minutos"},"schema":{"@context":"https:\/\/schema.org","@graph":[{"@type":"Article","@id":"https:\/\/infoelnuevonorte.com\/?p=4929#article","isPartOf":{"@id":"https:\/\/infoelnuevonorte.com\/?p=4929"},"author":{"name":"InfoEnn","@id":"https:\/\/infoelnuevonorte.com\/#\/schema\/person\/fd4f6d90afe41260818b4ea94ad8ab84"},"headline":"PRSC proclamar\u00e1 a Luis Abinader como su candidato presidencial por segunda vez","datePublished":"2023-11-17T17:01:40+00:00","dateModified":"2023-11-17T17:01:42+00:00","mainEntityOfPage":{"@id":"https:\/\/infoelnuevonorte.com\/?p=4929"},"wordCount":387,"publisher":{"@id":"https:\/\/infoelnuevonorte.com\/#organization"},"image":{"@id":"https:\/\/infoelnuevonorte.com\/?p=4929#primaryimage"},"thumbnailUrl":"https:\/\/resources.diariolibre.com\/images\/expand.svg","articleSection":["Actualidad |","Nacionales"],"inLanguage":"es-DO"},{"@type":"WebPage","@id":"https:\/\/infoelnuevonorte.com\/?p=4929","url":"https:\/\/infoelnuevonorte.com\/?p=4929","name":"PRSC proclamar\u00e1 a Luis Abinader como su candidato presidencial por segunda vez | El Nuevo Norte","isPartOf":{"@id":"https:\/\/infoelnuevonorte.com\/#website"},"primaryImageOfPage":{"@id":"https:\/\/infoelnuevonorte.com\/?p=4929#primaryimage"},"image":{"@id":"https:\/\/infoelnuevonorte.com\/?p=4929#primaryimage"},"thumbnailUrl":"https:\/\/resources.diariolibre.com\/images\/expand.svg","datePublished":"2023-11-17T17:01:40+00:00","dateModified":"2023-11-17T17:01:42+00:00","breadcrumb":{"@id":"https:\/\/infoelnuevonorte.com\/?p=4929#breadcrumb"},"inLanguage":"es-DO","potentialAction":[{"@type":"ReadAction","target":["https:\/\/infoelnuevonorte.com\/?p=4929"]}]},{"@type":"ImageObject","inLanguage":"es-DO","@id":"https:\/\/infoelnuevonorte.com\/?p=4929#primaryimage","url":"https:\/\/resources.diariolibre.com\/images\/expand.svg","contentUrl":"https:\/\/resources.diariolibre.com\/images\/expand.svg"},{"@type":"BreadcrumbList","@id":"https:\/\/infoelnuevonorte.com\/?p=4929#breadcrumb","itemListElement":[{"@type":"ListItem","position":1,"name":"Home","item":"https:\/\/infoelnuevonorte.com\/"},{"@type":"ListItem","position":2,"name":"PRSC proclamar\u00e1 a Luis Abinader como su candidato presidencial por segunda vez"}]},{"@type":"WebSite","@id":"https:\/\/infoelnuevonorte.com\/#website","url":"https:\/\/infoelnuevonorte.com\/","name":"InfoEnn","description":"Tu Voz, tu Verdad, tu Diario!!!","publisher":{"@id":"https:\/\/infoelnuevonorte.com\/#organization"},"alternateName":"El Nuevo Norte","potentialAction":[{"@type":"SearchAction","target":{"@type":"EntryPoint","urlTemplate":"https:\/\/infoelnuevonorte.com\/?s={search_term_string}"},"query-input":{"@type":"PropertyValueSpecification","valueRequired":true,"valueName":"search_term_string"}}],"inLanguage":"es-DO"},{"@type":"Organization","@id":"https:\/\/infoelnuevonorte.com\/#organization","name":"Info El Nuevo Norte","alternateName":"El Nuevo Norte","url":"https:\/\/infoelnuevonorte.com\/","logo":{"@type":"ImageObject","inLanguage":"es-DO","@id":"https:\/\/infoelnuevonorte.com\/#\/schema\/logo\/image\/","url":"https:\/\/infoelnuevonorte.com\/wp-content\/uploads\/2026\/02\/Logo-Info-enn-3d-20ani.jpeg","contentUrl":"https:\/\/infoelnuevonorte.com\/wp-content\/uploads\/2026\/02\/Logo-Info-enn-3d-20ani.jpeg","width":2046,"height":736,"caption":"Info El Nuevo Norte"},"image":{"@id":"https:\/\/infoelnuevonorte.com\/#\/schema\/logo\/image\/"},"sameAs":["https:\/\/www.facebook.com\/infoenn","https:\/\/x.com\/Elnuevo_norte","https:\/\/www.instagram.com\/infoenn","https:\/\/www.facebook.com\/ENNRD"]},{"@type":"Person","@id":"https:\/\/infoelnuevonorte.com\/#\/schema\/person\/fd4f6d90afe41260818b4ea94ad8ab84","name":"InfoEnn","image":{"@type":"ImageObject","inLanguage":"es-DO","@id":"https:\/\/infoelnuevonorte.com\/#\/schema\/person\/image\/","url":"https:\/\/secure.gravatar.com\/avatar\/d4d760a41a48ba9db0a82bfb63bb0783?s=96&d=robohash&r=g","contentUrl":"https:\/\/secure.gravatar.com\/avatar\/d4d760a41a48ba9db0a82bfb63bb0783?s=96&d=robohash&r=g","caption":"InfoEnn"},"sameAs":["https:\/\/infoelnuevonorte.com"],"url":"https:\/\/infoelnuevonorte.com\/?author=1"}]}},"_links":{"self":[{"href":"https:\/\/infoelnuevonorte.com\/index.php?rest_route=\/wp\/v2\/posts\/4929"}],"collection":[{"href":"https:\/\/infoelnuevonorte.com\/index.php?rest_route=\/wp\/v2\/posts"}],"about":[{"href":"https:\/\/infoelnuevonorte.com\/index.php?rest_route=\/wp\/v2\/types\/post"}],"author":[{"embeddable":true,"href":"https:\/\/infoelnuevonorte.com\/index.php?rest_route=\/wp\/v2\/users\/1"}],"replies":[{"embeddable":true,"href":"https:\/\/infoelnuevonorte.com\/index.php?rest_route=%2Fwp%2Fv2%2Fcomments&post=4929"}],"version-history":[{"count":0,"href":"https:\/\/infoelnuevonorte.com\/index.php?rest_route=\/wp\/v2\/posts\/4929\/revisions"}],"wp:attachment":[{"href":"https:\/\/infoelnuevonorte.com\/index.php?rest_route=%2Fwp%2Fv2%2Fmedia&parent=4929"}],"wp:term":[{"taxonomy":"category","embeddable":true,"href":"https:\/\/infoelnuevonorte.com\/index.php?rest_route=%2Fwp%2Fv2%2Fcategories&post=4929"},{"taxonomy":"post_tag","embeddable":true,"href":"https:\/\/infoelnuevonorte.com\/index.php?rest_route=%2Fwp%2Fv2%2Ftags&post=4929"}],"curies":[{"name":"wp","href":"https:\/\/api.w.org\/{rel}","templated":true}]}}