{"id":49345,"date":"2024-09-04T21:47:53","date_gmt":"2024-09-05T01:47:53","guid":{"rendered":"https:\/\/infoelnuevonorte.com\/?p=49345"},"modified":"2024-09-04T21:50:57","modified_gmt":"2024-09-05T01:50:57","slug":"jose-rijo-presbot-sobre-la-reforma-tributaria-no-podemos-disminuir-el-gasto-de-capital","status":"publish","type":"post","link":"https:\/\/infoelnuevonorte.com\/?p=49345","title":{"rendered":"Jos\u00e9 Rijo Presbot sobre la reforma tributaria: \"No podemos disminuir el gasto de capital\""},"content":{"rendered":"<!--[if lt IE 9]><script>document.createElement('audio');<\/script><![endif]-->\n<audio class=\"wp-audio-shortcode\" id=\"audio-49345-1\" preload=\"none\" style=\"width: 100%;\" controls=\"controls\"><source type=\"audio\/mpeg\" src=\"https:\/\/infoelnuevonorte.com\/wp-content\/uploads\/2024\/09\/ttsmaker-vip-file-2024-9-4-21-47-20.mp3?_=1\" \/><a href=\"https:\/\/infoelnuevonorte.com\/wp-content\/uploads\/2024\/09\/ttsmaker-vip-file-2024-9-4-21-47-20.mp3\">https:\/\/infoelnuevonorte.com\/wp-content\/uploads\/2024\/09\/ttsmaker-vip-file-2024-9-4-21-47-20.mp3<\/a><\/audio>\n<p style=\"text-align: justify\">Jos\u00e9 Rijo Presbot, director general de Presupuesto, afirm\u00f3 que, ante la inminente\u00a0<strong>reforma tributaria<\/strong>\u00a0en la Rep\u00fablica Dominicana, el gobierno no puede\u00a0<strong>reducir el gasto de capital<\/strong>. Subray\u00f3 que este tipo de gasto es\u00a0<strong>esencial\u00a0<\/strong>para el desarrollo del pa\u00eds y que su reducci\u00f3n podr\u00eda comprometer la inversi\u00f3n en \u00e1reas claves.<\/p>\n<p style=\"text-align: justify\">\"Rep\u00fablica Dominicana es el\u00a0<strong>cuarto pa\u00eds con menor gasto de capital<\/strong>\", destac\u00f3 Rijo Presbot durante su participaci\u00f3n en el Encuentro Ciudadano con Presupuesto. Se\u00f1al\u00f3 que, aunque\u00a0<strong>es necesario optimizar los recursos<\/strong>, el gobierno debe mantener y, en algunos casos, aumentar las inversiones estrat\u00e9gicas. \"No podemos disminuir el gasto\", enfatiz\u00f3.<\/p>\n<p style=\"text-align: justify\">Rijo Presbot expres\u00f3 las dificultades que enfrenta el gobierno para<strong>\u00a0equilibrar las expectativas\u00a0<\/strong>de la ciudadan\u00eda con las limitaciones presupuestarias. \"La gente demanda mejores servicios de salud, seguridad, educaci\u00f3n y obras p\u00fablicas, pero al mismo tiempo, no quiere que se aumente el gasto de corriente\", coment\u00f3.<\/p>\n<div class=\"mb-5 component cita\" style=\"text-align: justify\">\"Este a\u00f1o hemos a\u00f1adido 85 nuevas ambulancias al Sistema Nacional de Emergencias 9-1-1, lo que ha supuesto un gasto corriente de 1,300 millones de pesos solo en el personal\"<span class=\"author\"><strong>Jos\u00e9 Rijo Presbot<\/strong><\/span><span class=\"status\">Director de Presupuesto<\/span><span class=\"cita-icon\">\u201c<\/span><\/div>\n<p style=\"text-align: justify\">En ese orden record\u00f3 que en una localidad se requer\u00eda la\u00a0<strong>adquisici\u00f3n de una ambulancia<\/strong>, lo que implic\u00f3 un gasto de capital adicional de 15 millones de pesos debido a que se necesita un equipo de 12 personas especializadas para poder ofrecer el servicio de emergencias.<\/p>\n<p style=\"text-align: justify\">En ese sentido, Rijo Presbot a\u00f1adi\u00f3: \"Este a\u00f1o hemos a\u00f1adido ochenta y cinco nuevas ambulancias al Sistema Nacional de Emergencias 9-1-1, lo que ha supuesto un\u00a0<strong>gasto corriente de 1,300 millones de pesos\u00a0<\/strong>solo en el personal\".<\/p>\n<h2 style=\"text-align: justify\"><strong>Una de las tareas principales es disminuir el\u00a0endeudamiento<\/strong><\/h2>\n<p style=\"text-align: justify\">Con relaci\u00f3n al\u00a0<strong>endeudamiento p\u00fablico<\/strong>, Rijo Presbot indic\u00f3 que el aumento de los intereses reduce los recursos disponibles para la inversi\u00f3n social. \"Hay una necesidad de reducir la dependencia del\u00a0<strong>endeudamiento<\/strong>\", advirti\u00f3.<\/p>\n<p style=\"text-align: justify\">A\u00f1adi\u00f3 que en el pa\u00eds ya se est\u00e1 implementando la pol\u00edtica de\u00a0<strong>responsabilidad fiscal,<\/strong>\u00a0una estrategia de transparencia financiera que limita el aumento del gasto primario en m\u00e1s de un 3 %. \"Esta medida es como una camisa de fuerza para el gobierno\", explic\u00f3, refiri\u00e9ndose a las restricciones impuestas por dicha pol\u00edtica.<\/p>\n<p style=\"text-align: justify\">El director general de Presupuesto inform\u00f3 que la\u00a0<strong>pr\u00f3xima semana<\/strong>\u00a0el Gobierno presentar\u00e1 su\u00a0<strong>propuesta de reforma tributaria<\/strong>, con el objetivo de incrementar los ingresos y\u00a0<strong>reducir el d\u00e9ficit fiscal<\/strong>. Para lo que detall\u00f3 que el Gobierno est\u00e1 en proceso de optimizaci\u00f3n, reduciendo la cantidad de ministerios, eliminando gastos innecesarios y puestos sin funciones claras.<\/p>\n<p style=\"text-align: justify\">Entre las prioridades del Gobierno se encuentran la mejora de la seguridad ciudadana, el fortalecimiento del sector\u00a0<strong>salud<\/strong>\u00a0y la\u00a0<strong>educaci\u00f3n inicial<\/strong>\u00a0para ni\u00f1os de 0 a 5 a\u00f1os. En particular, Rijo Presbot mencion\u00f3 que la\u00a0<strong>Polic\u00eda\u00a0<\/strong>necesitar\u00eda\u00a0<strong>20,000 millones de pesos adicionales<\/strong>\u00a0para la transformaci\u00f3n de la seguridad en el pa\u00eds.<\/p>\n<p style=\"text-align: justify\">En cuanto a los impuestos, el funcionario observ\u00f3 que el\u00a0<strong>82 % de los empleados no paga impuesto sobre la renta (ISR)<\/strong>, ya que sus salarios est\u00e1n por debajo del umbral cotizable, el cual se ubica en 34,685 pesos mensuales\u00a0.<\/p>\n<p style=\"text-align: justify\">Sobre los subsidios inform\u00f3 que este a\u00f1o el de\u00a0<strong>los combustibles asciende a 15,000 millones<\/strong>\u00a0de pesos. \"Si no subsidiamos los combustibles, la inflaci\u00f3n estar\u00eda cinco punto puntos encima de lo que est\u00e1 y eso agregar\u00eda aproximadamente cuatro pesos a los combustibles por gal\u00f3n\", coment\u00f3.<\/p>\n<h2 style=\"text-align: justify\"><strong>Proceso de formulaci\u00f3n del presupuesto del pr\u00f3ximo a\u00f1o<\/strong><\/h2>\n<p style=\"text-align: justify\">Rijo Presbot inform\u00f3 que el Gobierno ya se encuentra en el proceso de\u00a0<strong>formulaci\u00f3n del presupuesto\u00a0<\/strong>para el pr\u00f3ximo a\u00f1o, aunque un ministerio a\u00fan no ha entregado su anteproyecto como indica la ley.<\/p>\n<p style=\"text-align: justify\">Durante el\u00a0<strong>an\u00e1lisis de los reportes financieros<\/strong>\u00a0de las entidades gubernamentales se estar\u00e1n conociendo las propuestas ciudadanas sectoriales sobre lo que plantean y necesitan las comunidades.<\/p>\n<p style=\"text-align: justify\">El funcionario indic\u00f3 que las\u00a0<strong>necesidades ciudadanas<\/strong>\u00a0fueron levantadas a trav\u00e9s de recorridos y encuentros con lideres de sectores.<\/p>\n<div class=\"read-more mb-7\" style=\"text-align: justify\"><\/div>\n","protected":false},"excerpt":{"rendered":"<p>Jos\u00e9 Rijo Presbot, director general de Presupuesto, afirm\u00f3 que, ante la inminente\u00a0reforma tributaria\u00a0en la Rep\u00fablica Dominicana, el gobierno no puede\u00a0reducir el gasto de capital. Subray\u00f3 que este tipo de gasto es\u00a0esencial\u00a0para el desarrollo del pa\u00eds y que su reducci\u00f3n podr\u00eda comprometer la inversi\u00f3n en \u00e1reas claves. \"Rep\u00fablica Dominicana es el\u00a0cuarto pa\u00eds con menor gasto de [&hellip;]<\/p>\n","protected":false},"author":2,"featured_media":0,"comment_status":"closed","ping_status":"open","sticky":false,"template":"","format":"standard","meta":{"footnotes":""},"categories":[15],"tags":[],"yoast_head":"<!-- This site is optimized with the Yoast SEO plugin v24.5 - https:\/\/yoast.com\/wordpress\/plugins\/seo\/ -->\n<title>Jos\u00e9 Rijo Presbot sobre la reforma tributaria: &quot;No podemos disminuir el gasto de capital&quot; | El Nuevo Norte<\/title>\n<meta name=\"robots\" content=\"index, follow, max-snippet:-1, max-image-preview:large, max-video-preview:-1\" \/>\n<link rel=\"canonical\" href=\"https:\/\/infoelnuevonorte.com\/?p=49345\" \/>\n<meta property=\"og:locale\" content=\"es_ES\" \/>\n<meta property=\"og:type\" content=\"article\" \/>\n<meta property=\"og:title\" content=\"Jos\u00e9 Rijo Presbot sobre la reforma tributaria: &quot;No podemos disminuir el gasto de capital&quot; | El Nuevo Norte\" \/>\n<meta property=\"og:description\" content=\"Jos\u00e9 Rijo Presbot, director general de Presupuesto, afirm\u00f3 que, ante la inminente\u00a0reforma tributaria\u00a0en la Rep\u00fablica Dominicana, el gobierno no puede\u00a0reducir el gasto de capital. Subray\u00f3 que este tipo de gasto es\u00a0esencial\u00a0para el desarrollo del pa\u00eds y que su reducci\u00f3n podr\u00eda comprometer la inversi\u00f3n en \u00e1reas claves. &quot;Rep\u00fablica Dominicana es el\u00a0cuarto pa\u00eds con menor gasto de [&hellip;]\" \/>\n<meta property=\"og:url\" content=\"https:\/\/infoelnuevonorte.com\/?p=49345\" \/>\n<meta property=\"og:site_name\" content=\"El Nuevo Norte\" \/>\n<meta property=\"article:publisher\" content=\"https:\/\/www.facebook.com\/infoenn\" \/>\n<meta property=\"article:published_time\" content=\"2024-09-05T01:47:53+00:00\" \/>\n<meta property=\"article:modified_time\" content=\"2024-09-05T01:50:57+00:00\" \/>\n<meta property=\"og:image\" content=\"https:\/\/infoelnuevonorte.com\/wp-content\/uploads\/2024\/09\/descarga-93.png\" \/>\n\t<meta property=\"og:image:width\" content=\"896\" \/>\n\t<meta property=\"og:image:height\" content=\"504\" \/>\n\t<meta property=\"og:image:type\" content=\"image\/png\" \/>\n<meta name=\"author\" content=\"T. R.\" \/>\n<meta name=\"twitter:card\" content=\"summary_large_image\" \/>\n<meta name=\"twitter:creator\" content=\"@Elnuevo_norte\" \/>\n<meta name=\"twitter:site\" content=\"@Elnuevo_norte\" \/>\n<meta name=\"twitter:label1\" content=\"Written by\" \/>\n\t<meta name=\"twitter:data1\" content=\"T. R.\" \/>\n\t<meta name=\"twitter:label2\" content=\"Est. reading time\" \/>\n\t<meta name=\"twitter:data2\" content=\"4 minutos\" \/>\n<script type=\"application\/ld+json\" class=\"yoast-schema-graph\">{\"@context\":\"https:\/\/schema.org\",\"@graph\":[{\"@type\":\"Article\",\"@id\":\"https:\/\/infoelnuevonorte.com\/?p=49345#article\",\"isPartOf\":{\"@id\":\"https:\/\/infoelnuevonorte.com\/?p=49345\"},\"author\":{\"name\":\"T. R.\",\"@id\":\"https:\/\/infoelnuevonorte.com\/#\/schema\/person\/3accb35eb55f55e96c492b52d085a403\"},\"headline\":\"Jos\u00e9 Rijo Presbot sobre la reforma tributaria: \\\"No podemos disminuir el gasto de capital\\\"\",\"datePublished\":\"2024-09-05T01:47:53+00:00\",\"dateModified\":\"2024-09-05T01:50:57+00:00\",\"mainEntityOfPage\":{\"@id\":\"https:\/\/infoelnuevonorte.com\/?p=49345\"},\"wordCount\":707,\"publisher\":{\"@id\":\"https:\/\/infoelnuevonorte.com\/#organization\"},\"articleSection\":[\"Economicas\"],\"inLanguage\":\"es-DO\"},{\"@type\":\"WebPage\",\"@id\":\"https:\/\/infoelnuevonorte.com\/?p=49345\",\"url\":\"https:\/\/infoelnuevonorte.com\/?p=49345\",\"name\":\"Jos\u00e9 Rijo Presbot sobre la reforma tributaria: \\\"No podemos disminuir el gasto de capital\\\" | El Nuevo Norte\",\"isPartOf\":{\"@id\":\"https:\/\/infoelnuevonorte.com\/#website\"},\"datePublished\":\"2024-09-05T01:47:53+00:00\",\"dateModified\":\"2024-09-05T01:50:57+00:00\",\"breadcrumb\":{\"@id\":\"https:\/\/infoelnuevonorte.com\/?p=49345#breadcrumb\"},\"inLanguage\":\"es-DO\",\"potentialAction\":[{\"@type\":\"ReadAction\",\"target\":[\"https:\/\/infoelnuevonorte.com\/?p=49345\"]}]},{\"@type\":\"BreadcrumbList\",\"@id\":\"https:\/\/infoelnuevonorte.com\/?p=49345#breadcrumb\",\"itemListElement\":[{\"@type\":\"ListItem\",\"position\":1,\"name\":\"Home\",\"item\":\"https:\/\/infoelnuevonorte.com\/\"},{\"@type\":\"ListItem\",\"position\":2,\"name\":\"Jos\u00e9 Rijo Presbot sobre la reforma tributaria: &#8220;No podemos disminuir el gasto de capital&#8221;\"}]},{\"@type\":\"WebSite\",\"@id\":\"https:\/\/infoelnuevonorte.com\/#website\",\"url\":\"https:\/\/infoelnuevonorte.com\/\",\"name\":\"InfoEnn\",\"description\":\"Tu Voz, tu Verdad, tu Diario!!!\",\"publisher\":{\"@id\":\"https:\/\/infoelnuevonorte.com\/#organization\"},\"alternateName\":\"El Nuevo Norte\",\"potentialAction\":[{\"@type\":\"SearchAction\",\"target\":{\"@type\":\"EntryPoint\",\"urlTemplate\":\"https:\/\/infoelnuevonorte.com\/?s={search_term_string}\"},\"query-input\":{\"@type\":\"PropertyValueSpecification\",\"valueRequired\":true,\"valueName\":\"search_term_string\"}}],\"inLanguage\":\"es-DO\"},{\"@type\":\"Organization\",\"@id\":\"https:\/\/infoelnuevonorte.com\/#organization\",\"name\":\"Info El Nuevo Norte\",\"alternateName\":\"El Nuevo Norte\",\"url\":\"https:\/\/infoelnuevonorte.com\/\",\"logo\":{\"@type\":\"ImageObject\",\"inLanguage\":\"es-DO\",\"@id\":\"https:\/\/infoelnuevonorte.com\/#\/schema\/logo\/image\/\",\"url\":\"https:\/\/infoelnuevonorte.com\/wp-content\/uploads\/2026\/02\/Logo-Info-enn-3d-20ani.jpeg\",\"contentUrl\":\"https:\/\/infoelnuevonorte.com\/wp-content\/uploads\/2026\/02\/Logo-Info-enn-3d-20ani.jpeg\",\"width\":2046,\"height\":736,\"caption\":\"Info El Nuevo Norte\"},\"image\":{\"@id\":\"https:\/\/infoelnuevonorte.com\/#\/schema\/logo\/image\/\"},\"sameAs\":[\"https:\/\/www.facebook.com\/infoenn\",\"https:\/\/x.com\/Elnuevo_norte\",\"https:\/\/www.instagram.com\/infoenn\",\"https:\/\/www.facebook.com\/ENNRD\"]},{\"@type\":\"Person\",\"@id\":\"https:\/\/infoelnuevonorte.com\/#\/schema\/person\/3accb35eb55f55e96c492b52d085a403\",\"name\":\"T. R.\",\"image\":{\"@type\":\"ImageObject\",\"inLanguage\":\"es-DO\",\"@id\":\"https:\/\/infoelnuevonorte.com\/#\/schema\/person\/image\/\",\"url\":\"https:\/\/secure.gravatar.com\/avatar\/40543a038bda97abdb765b1662e9677d?s=96&d=robohash&r=g\",\"contentUrl\":\"https:\/\/secure.gravatar.com\/avatar\/40543a038bda97abdb765b1662e9677d?s=96&d=robohash&r=g\",\"caption\":\"T. R.\"},\"url\":\"https:\/\/infoelnuevonorte.com\/?author=2\"}]}<\/script>\n<!-- \/ Yoast SEO plugin. -->","yoast_head_json":{"title":"Jos\u00e9 Rijo Presbot sobre la reforma tributaria: \"No podemos disminuir el gasto de capital\" | El Nuevo Norte","robots":{"index":"index","follow":"follow","max-snippet":"max-snippet:-1","max-image-preview":"max-image-preview:large","max-video-preview":"max-video-preview:-1"},"canonical":"https:\/\/infoelnuevonorte.com\/?p=49345","og_locale":"es_ES","og_type":"article","og_title":"Jos\u00e9 Rijo Presbot sobre la reforma tributaria: \"No podemos disminuir el gasto de capital\" | El Nuevo Norte","og_description":"Jos\u00e9 Rijo Presbot, director general de Presupuesto, afirm\u00f3 que, ante la inminente\u00a0reforma tributaria\u00a0en la Rep\u00fablica Dominicana, el gobierno no puede\u00a0reducir el gasto de capital. Subray\u00f3 que este tipo de gasto es\u00a0esencial\u00a0para el desarrollo del pa\u00eds y que su reducci\u00f3n podr\u00eda comprometer la inversi\u00f3n en \u00e1reas claves. \"Rep\u00fablica Dominicana es el\u00a0cuarto pa\u00eds con menor gasto de [&hellip;]","og_url":"https:\/\/infoelnuevonorte.com\/?p=49345","og_site_name":"El Nuevo Norte","article_publisher":"https:\/\/www.facebook.com\/infoenn","article_published_time":"2024-09-05T01:47:53+00:00","article_modified_time":"2024-09-05T01:50:57+00:00","og_image":[{"width":896,"height":504,"url":"https:\/\/infoelnuevonorte.com\/wp-content\/uploads\/2024\/09\/descarga-93.png","type":"image\/png"}],"author":"T. R.","twitter_card":"summary_large_image","twitter_creator":"@Elnuevo_norte","twitter_site":"@Elnuevo_norte","twitter_misc":{"Written by":"T. R.","Est. reading time":"4 minutos"},"schema":{"@context":"https:\/\/schema.org","@graph":[{"@type":"Article","@id":"https:\/\/infoelnuevonorte.com\/?p=49345#article","isPartOf":{"@id":"https:\/\/infoelnuevonorte.com\/?p=49345"},"author":{"name":"T. R.","@id":"https:\/\/infoelnuevonorte.com\/#\/schema\/person\/3accb35eb55f55e96c492b52d085a403"},"headline":"Jos\u00e9 Rijo Presbot sobre la reforma tributaria: \"No podemos disminuir el gasto de capital\"","datePublished":"2024-09-05T01:47:53+00:00","dateModified":"2024-09-05T01:50:57+00:00","mainEntityOfPage":{"@id":"https:\/\/infoelnuevonorte.com\/?p=49345"},"wordCount":707,"publisher":{"@id":"https:\/\/infoelnuevonorte.com\/#organization"},"articleSection":["Economicas"],"inLanguage":"es-DO"},{"@type":"WebPage","@id":"https:\/\/infoelnuevonorte.com\/?p=49345","url":"https:\/\/infoelnuevonorte.com\/?p=49345","name":"Jos\u00e9 Rijo Presbot sobre la reforma tributaria: \"No podemos disminuir el gasto de capital\" | El Nuevo Norte","isPartOf":{"@id":"https:\/\/infoelnuevonorte.com\/#website"},"datePublished":"2024-09-05T01:47:53+00:00","dateModified":"2024-09-05T01:50:57+00:00","breadcrumb":{"@id":"https:\/\/infoelnuevonorte.com\/?p=49345#breadcrumb"},"inLanguage":"es-DO","potentialAction":[{"@type":"ReadAction","target":["https:\/\/infoelnuevonorte.com\/?p=49345"]}]},{"@type":"BreadcrumbList","@id":"https:\/\/infoelnuevonorte.com\/?p=49345#breadcrumb","itemListElement":[{"@type":"ListItem","position":1,"name":"Home","item":"https:\/\/infoelnuevonorte.com\/"},{"@type":"ListItem","position":2,"name":"Jos\u00e9 Rijo Presbot sobre la reforma tributaria: &#8220;No podemos disminuir el gasto de capital&#8221;"}]},{"@type":"WebSite","@id":"https:\/\/infoelnuevonorte.com\/#website","url":"https:\/\/infoelnuevonorte.com\/","name":"InfoEnn","description":"Tu Voz, tu Verdad, tu Diario!!!","publisher":{"@id":"https:\/\/infoelnuevonorte.com\/#organization"},"alternateName":"El Nuevo Norte","potentialAction":[{"@type":"SearchAction","target":{"@type":"EntryPoint","urlTemplate":"https:\/\/infoelnuevonorte.com\/?s={search_term_string}"},"query-input":{"@type":"PropertyValueSpecification","valueRequired":true,"valueName":"search_term_string"}}],"inLanguage":"es-DO"},{"@type":"Organization","@id":"https:\/\/infoelnuevonorte.com\/#organization","name":"Info El Nuevo Norte","alternateName":"El Nuevo Norte","url":"https:\/\/infoelnuevonorte.com\/","logo":{"@type":"ImageObject","inLanguage":"es-DO","@id":"https:\/\/infoelnuevonorte.com\/#\/schema\/logo\/image\/","url":"https:\/\/infoelnuevonorte.com\/wp-content\/uploads\/2026\/02\/Logo-Info-enn-3d-20ani.jpeg","contentUrl":"https:\/\/infoelnuevonorte.com\/wp-content\/uploads\/2026\/02\/Logo-Info-enn-3d-20ani.jpeg","width":2046,"height":736,"caption":"Info El Nuevo Norte"},"image":{"@id":"https:\/\/infoelnuevonorte.com\/#\/schema\/logo\/image\/"},"sameAs":["https:\/\/www.facebook.com\/infoenn","https:\/\/x.com\/Elnuevo_norte","https:\/\/www.instagram.com\/infoenn","https:\/\/www.facebook.com\/ENNRD"]},{"@type":"Person","@id":"https:\/\/infoelnuevonorte.com\/#\/schema\/person\/3accb35eb55f55e96c492b52d085a403","name":"T. R.","image":{"@type":"ImageObject","inLanguage":"es-DO","@id":"https:\/\/infoelnuevonorte.com\/#\/schema\/person\/image\/","url":"https:\/\/secure.gravatar.com\/avatar\/40543a038bda97abdb765b1662e9677d?s=96&d=robohash&r=g","contentUrl":"https:\/\/secure.gravatar.com\/avatar\/40543a038bda97abdb765b1662e9677d?s=96&d=robohash&r=g","caption":"T. R."},"url":"https:\/\/infoelnuevonorte.com\/?author=2"}]}},"_links":{"self":[{"href":"https:\/\/infoelnuevonorte.com\/index.php?rest_route=\/wp\/v2\/posts\/49345"}],"collection":[{"href":"https:\/\/infoelnuevonorte.com\/index.php?rest_route=\/wp\/v2\/posts"}],"about":[{"href":"https:\/\/infoelnuevonorte.com\/index.php?rest_route=\/wp\/v2\/types\/post"}],"author":[{"embeddable":true,"href":"https:\/\/infoelnuevonorte.com\/index.php?rest_route=\/wp\/v2\/users\/2"}],"replies":[{"embeddable":true,"href":"https:\/\/infoelnuevonorte.com\/index.php?rest_route=%2Fwp%2Fv2%2Fcomments&post=49345"}],"version-history":[{"count":0,"href":"https:\/\/infoelnuevonorte.com\/index.php?rest_route=\/wp\/v2\/posts\/49345\/revisions"}],"wp:attachment":[{"href":"https:\/\/infoelnuevonorte.com\/index.php?rest_route=%2Fwp%2Fv2%2Fmedia&parent=49345"}],"wp:term":[{"taxonomy":"category","embeddable":true,"href":"https:\/\/infoelnuevonorte.com\/index.php?rest_route=%2Fwp%2Fv2%2Fcategories&post=49345"},{"taxonomy":"post_tag","embeddable":true,"href":"https:\/\/infoelnuevonorte.com\/index.php?rest_route=%2Fwp%2Fv2%2Ftags&post=49345"}],"curies":[{"name":"wp","href":"https:\/\/api.w.org\/{rel}","templated":true}]}}