{"id":52618,"date":"2024-09-18T14:28:16","date_gmt":"2024-09-18T18:28:16","guid":{"rendered":"https:\/\/infoelnuevonorte.com\/?p=52618"},"modified":"2024-09-18T14:28:17","modified_gmt":"2024-09-18T18:28:17","slug":"del-primero-de-los-negros-al-primero-de-los-blancos","status":"publish","type":"post","link":"https:\/\/infoelnuevonorte.com\/?p=52618","title":{"rendered":"Del primero de los negros al primero de los blancos"},"content":{"rendered":"<div class=\"post-content-area\">\n<div id=\"leercontexto\" class=\"entry-content\">\n<!--[if lt IE 9]><script>document.createElement('audio');<\/script><![endif]-->\n<audio class=\"wp-audio-shortcode\" id=\"audio-52618-1\" preload=\"none\" style=\"width: 100%;\" controls=\"controls\"><source type=\"audio\/mpeg\" src=\"https:\/\/infoelnuevonorte.com\/wp-content\/uploads\/2024\/09\/ttsmaker-vip-file-2024-9-18-14-27-59.mp3?_=1\" \/><a href=\"https:\/\/infoelnuevonorte.com\/wp-content\/uploads\/2024\/09\/ttsmaker-vip-file-2024-9-18-14-27-59.mp3\">https:\/\/infoelnuevonorte.com\/wp-content\/uploads\/2024\/09\/ttsmaker-vip-file-2024-9-18-14-27-59.mp3<\/a><\/audio>\n<p style=\"text-align: justify\"><strong>Toussaint Louverture<\/strong>\u00a0le escribi\u00f3 a\u00a0<strong>Napole\u00f3n\u00a0<\/strong>una misiva que iniciaba: \u201cDel primero de los negros al primero de los blancos\u201d. Entre los h\u00e9roes y valerosos hombres que lucharon por la independencia de Hait\u00ed hab\u00eda descendientes de reyes y jefes de tribus africanas. Casi todos los pueblos tienen sus leyendas, h\u00e9roes, y acaso redentores. Y tambi\u00e9n sus malhechores.<\/p>\n<p style=\"text-align: justify\">El orgullo, como sabemos, es un fen\u00f3meno muy general, un mecanismo de defensa y de automotivaci\u00f3n, y hasta de autocomplacencia, en cualquier grupo humano y para cualquier individuo por m\u00e1s bajo y atrasado que sea su estatus y condici\u00f3n social.<\/p>\n<p style=\"text-align: justify\">En un colmado presenci\u00e9 que un ni\u00f1o y un adulto de piel oscuras discut\u00edan. Claramente, el hombre, con tono de burla le dijo al ni\u00f1o: \u201cT\u00fa eres negro igual que yo\u201d. A lo que el ni\u00f1o respondi\u00f3: \u201cPero t\u00fa eres haitiano y yo soy dominicano\u201d.<\/p>\n<p style=\"text-align: justify\">Muy similar a lo que cuentan de una discusi\u00f3n entre nuestro admirado el gran\u00a0<strong>Ricardo Carty<\/strong>\u00a0y el gran\u00a0<strong>Hank Aaron<\/strong>, beisbolista de los Estados Unidos. Aparentemente, Aaron, que no comprend\u00eda ni toleraba el legendario orgullo personal de Carty, le grit\u00f3: \u201cT\u00fa no eres sino un negro\u201d; a lo que Carty respondi\u00f3, \u201c Un negro\u2026 eres t\u00fa. Yo soy un dominicano\u201d.<\/p>\n<p style=\"text-align: justify\">Como se puede observar a menudo, en el \u201cser dominicano\u201d es donde suele estar la diferencia.<\/p>\n<p style=\"text-align: justify\">Este sentimiento de personalidad y nacionalidad del dominicano tiene una larga historia de codicias, abusos, abandonos, invasiones y de gloriosas batallas. Se trata en gran medida de un orgullo construido con muchos abusos y sufrimientos, coronados por haza\u00f1as patri\u00f3ticas.<\/p>\n<p style=\"text-align: justify\">Pero el orgullo nacional es un fen\u00f3meno muy generalizado que, aparentemente, tiene un mayor componente cultural y \u00e9tnico especialmente cuando ha habido conflictos territoriales entre pa\u00edses vecinos.<\/p>\n<p style=\"text-align: justify\"><strong>Argentina, Per\u00fa, Bolivia, Chile<\/strong>\u00a0exhiben con alguna frecuencia esas actitudes. Ocurre tambi\u00e9n entre regiones, y ciudades \u201crivales\u201d, a menudo por competencias deportivas.<\/p>\n<p style=\"text-align: justify\">Pareciera excepcional el caso de los bonaerenses. Personalmente, me cost\u00f3 muchos a\u00f1os figurarme de d\u00f3nde procede tanto orgullo. Solo pude entenderlo cuando le\u00ed en una revista, que el c\u00e9lebre Andr\u00e9 Malraux se refiri\u00f3 a Buenos Aires como: \u201cLa capital de un imperio que nunca se realiz\u00f3\u201d. (Orgullo de lo que quisimos ser).<\/p>\n<p style=\"text-align: justify\">El orgullo nacional generalmente tiene poco que ver con la raza. Y los pa\u00edses o regiones donde no ha habido conflictos entre los colonizadores con indios o negros, no surgieron prejuicios hacia estas etnias.<\/p>\n<p style=\"text-align: justify\">Una profesora de Valpara\u00edso nos contaba sobre la pareja jamaiquina que se quej\u00f3 al director, porque su hijo tuvo que dejar de salir al recreo porque le gritaban\u00a0<strong>\u00a1Negro! \u00a1Negro!<\/strong><\/p>\n<p style=\"text-align: justify\">Que cuando interrogaron a los dem\u00e1s ni\u00f1os, estos lo admitieron enseguida. Solo que a quien voceaban \u201cnegro\u201d era al compa\u00f1ero del equipo que distribu\u00eda los pases de la pelota en la cancha.<\/p>\n<p style=\"text-align: justify\">En Chile llegamos a envidiar a nuestros compatriotas negros porque las muchachas los deten\u00edan en las calles y los prefer\u00edan en las fiestas. Algunos de ellos no llegaron a graduarse de tanto disfrutar esa admiraci\u00f3n y belleza de las chilenas.<\/p>\n<\/div>\n<\/div>\n<div class=\"clearfix\" style=\"text-align: justify\"><\/div>\n<div class=\"author-box\" style=\"text-align: justify\"><\/div>\n","protected":false},"excerpt":{"rendered":"<p>Toussaint Louverture\u00a0le escribi\u00f3 a\u00a0Napole\u00f3n\u00a0una misiva que iniciaba: \u201cDel primero de los negros al primero de los blancos\u201d. Entre los h\u00e9roes y valerosos hombres que lucharon por la independencia de Hait\u00ed hab\u00eda descendientes de reyes y jefes de tribus africanas. Casi todos los pueblos tienen sus leyendas, h\u00e9roes, y acaso redentores. Y tambi\u00e9n sus malhechores. El [&hellip;]<\/p>\n","protected":false},"author":2,"featured_media":0,"comment_status":"closed","ping_status":"open","sticky":false,"template":"","format":"standard","meta":{"footnotes":""},"categories":[7],"tags":[],"yoast_head":"<!-- This site is optimized with the Yoast SEO plugin v24.5 - https:\/\/yoast.com\/wordpress\/plugins\/seo\/ -->\n<title>Del primero de los negros al primero de los blancos | El Nuevo Norte<\/title>\n<meta name=\"robots\" content=\"index, follow, max-snippet:-1, max-image-preview:large, max-video-preview:-1\" \/>\n<link rel=\"canonical\" href=\"https:\/\/infoelnuevonorte.com\/?p=52618\" \/>\n<meta property=\"og:locale\" content=\"es_ES\" \/>\n<meta property=\"og:type\" content=\"article\" \/>\n<meta property=\"og:title\" content=\"Del primero de los negros al primero de los blancos | El Nuevo Norte\" \/>\n<meta property=\"og:description\" content=\"Toussaint Louverture\u00a0le escribi\u00f3 a\u00a0Napole\u00f3n\u00a0una misiva que iniciaba: \u201cDel primero de los negros al primero de los blancos\u201d. Entre los h\u00e9roes y valerosos hombres que lucharon por la independencia de Hait\u00ed hab\u00eda descendientes de reyes y jefes de tribus africanas. Casi todos los pueblos tienen sus leyendas, h\u00e9roes, y acaso redentores. Y tambi\u00e9n sus malhechores. El [&hellip;]\" \/>\n<meta property=\"og:url\" content=\"https:\/\/infoelnuevonorte.com\/?p=52618\" \/>\n<meta property=\"og:site_name\" content=\"El Nuevo Norte\" \/>\n<meta property=\"article:publisher\" content=\"https:\/\/www.facebook.com\/infoenn\" \/>\n<meta property=\"article:published_time\" content=\"2024-09-18T18:28:16+00:00\" \/>\n<meta property=\"article:modified_time\" content=\"2024-09-18T18:28:17+00:00\" \/>\n<meta property=\"og:image\" content=\"https:\/\/infoelnuevonorte.com\/wp-content\/uploads\/2024\/09\/descarga-2024-09-18T142648.577.png\" \/>\n\t<meta property=\"og:image:width\" content=\"778\" \/>\n\t<meta property=\"og:image:height\" content=\"440\" \/>\n\t<meta property=\"og:image:type\" content=\"image\/png\" \/>\n<meta name=\"author\" content=\"T. R.\" \/>\n<meta name=\"twitter:card\" content=\"summary_large_image\" \/>\n<meta name=\"twitter:creator\" content=\"@Elnuevo_norte\" \/>\n<meta name=\"twitter:site\" content=\"@Elnuevo_norte\" \/>\n<meta name=\"twitter:label1\" content=\"Written by\" \/>\n\t<meta name=\"twitter:data1\" content=\"T. R.\" \/>\n\t<meta name=\"twitter:label2\" content=\"Est. reading time\" \/>\n\t<meta name=\"twitter:data2\" content=\"3 minutos\" \/>\n<script type=\"application\/ld+json\" class=\"yoast-schema-graph\">{\"@context\":\"https:\/\/schema.org\",\"@graph\":[{\"@type\":\"Article\",\"@id\":\"https:\/\/infoelnuevonorte.com\/?p=52618#article\",\"isPartOf\":{\"@id\":\"https:\/\/infoelnuevonorte.com\/?p=52618\"},\"author\":{\"name\":\"T. R.\",\"@id\":\"https:\/\/infoelnuevonorte.com\/#\/schema\/person\/3accb35eb55f55e96c492b52d085a403\"},\"headline\":\"Del primero de los negros al primero de los blancos\",\"datePublished\":\"2024-09-18T18:28:16+00:00\",\"dateModified\":\"2024-09-18T18:28:17+00:00\",\"mainEntityOfPage\":{\"@id\":\"https:\/\/infoelnuevonorte.com\/?p=52618\"},\"wordCount\":551,\"publisher\":{\"@id\":\"https:\/\/infoelnuevonorte.com\/#organization\"},\"articleSection\":[\"Opini\u00f3n\"],\"inLanguage\":\"es-DO\"},{\"@type\":\"WebPage\",\"@id\":\"https:\/\/infoelnuevonorte.com\/?p=52618\",\"url\":\"https:\/\/infoelnuevonorte.com\/?p=52618\",\"name\":\"Del primero de los negros al primero de los blancos | El Nuevo Norte\",\"isPartOf\":{\"@id\":\"https:\/\/infoelnuevonorte.com\/#website\"},\"datePublished\":\"2024-09-18T18:28:16+00:00\",\"dateModified\":\"2024-09-18T18:28:17+00:00\",\"breadcrumb\":{\"@id\":\"https:\/\/infoelnuevonorte.com\/?p=52618#breadcrumb\"},\"inLanguage\":\"es-DO\",\"potentialAction\":[{\"@type\":\"ReadAction\",\"target\":[\"https:\/\/infoelnuevonorte.com\/?p=52618\"]}]},{\"@type\":\"BreadcrumbList\",\"@id\":\"https:\/\/infoelnuevonorte.com\/?p=52618#breadcrumb\",\"itemListElement\":[{\"@type\":\"ListItem\",\"position\":1,\"name\":\"Home\",\"item\":\"https:\/\/infoelnuevonorte.com\/\"},{\"@type\":\"ListItem\",\"position\":2,\"name\":\"Del primero de los negros al primero de los blancos\"}]},{\"@type\":\"WebSite\",\"@id\":\"https:\/\/infoelnuevonorte.com\/#website\",\"url\":\"https:\/\/infoelnuevonorte.com\/\",\"name\":\"InfoEnn\",\"description\":\"Tu Voz, tu Verdad, tu Diario!!!\",\"publisher\":{\"@id\":\"https:\/\/infoelnuevonorte.com\/#organization\"},\"alternateName\":\"El Nuevo Norte\",\"potentialAction\":[{\"@type\":\"SearchAction\",\"target\":{\"@type\":\"EntryPoint\",\"urlTemplate\":\"https:\/\/infoelnuevonorte.com\/?s={search_term_string}\"},\"query-input\":{\"@type\":\"PropertyValueSpecification\",\"valueRequired\":true,\"valueName\":\"search_term_string\"}}],\"inLanguage\":\"es-DO\"},{\"@type\":\"Organization\",\"@id\":\"https:\/\/infoelnuevonorte.com\/#organization\",\"name\":\"Info El Nuevo Norte\",\"alternateName\":\"El Nuevo Norte\",\"url\":\"https:\/\/infoelnuevonorte.com\/\",\"logo\":{\"@type\":\"ImageObject\",\"inLanguage\":\"es-DO\",\"@id\":\"https:\/\/infoelnuevonorte.com\/#\/schema\/logo\/image\/\",\"url\":\"https:\/\/infoelnuevonorte.com\/wp-content\/uploads\/2026\/02\/Logo-Info-enn-3d-20ani.jpeg\",\"contentUrl\":\"https:\/\/infoelnuevonorte.com\/wp-content\/uploads\/2026\/02\/Logo-Info-enn-3d-20ani.jpeg\",\"width\":2046,\"height\":736,\"caption\":\"Info El Nuevo Norte\"},\"image\":{\"@id\":\"https:\/\/infoelnuevonorte.com\/#\/schema\/logo\/image\/\"},\"sameAs\":[\"https:\/\/www.facebook.com\/infoenn\",\"https:\/\/x.com\/Elnuevo_norte\",\"https:\/\/www.instagram.com\/infoenn\",\"https:\/\/www.facebook.com\/ENNRD\"]},{\"@type\":\"Person\",\"@id\":\"https:\/\/infoelnuevonorte.com\/#\/schema\/person\/3accb35eb55f55e96c492b52d085a403\",\"name\":\"T. R.\",\"image\":{\"@type\":\"ImageObject\",\"inLanguage\":\"es-DO\",\"@id\":\"https:\/\/infoelnuevonorte.com\/#\/schema\/person\/image\/\",\"url\":\"https:\/\/secure.gravatar.com\/avatar\/40543a038bda97abdb765b1662e9677d?s=96&d=robohash&r=g\",\"contentUrl\":\"https:\/\/secure.gravatar.com\/avatar\/40543a038bda97abdb765b1662e9677d?s=96&d=robohash&r=g\",\"caption\":\"T. R.\"},\"url\":\"https:\/\/infoelnuevonorte.com\/?author=2\"}]}<\/script>\n<!-- \/ Yoast SEO plugin. -->","yoast_head_json":{"title":"Del primero de los negros al primero de los blancos | El Nuevo Norte","robots":{"index":"index","follow":"follow","max-snippet":"max-snippet:-1","max-image-preview":"max-image-preview:large","max-video-preview":"max-video-preview:-1"},"canonical":"https:\/\/infoelnuevonorte.com\/?p=52618","og_locale":"es_ES","og_type":"article","og_title":"Del primero de los negros al primero de los blancos | El Nuevo Norte","og_description":"Toussaint Louverture\u00a0le escribi\u00f3 a\u00a0Napole\u00f3n\u00a0una misiva que iniciaba: \u201cDel primero de los negros al primero de los blancos\u201d. Entre los h\u00e9roes y valerosos hombres que lucharon por la independencia de Hait\u00ed hab\u00eda descendientes de reyes y jefes de tribus africanas. Casi todos los pueblos tienen sus leyendas, h\u00e9roes, y acaso redentores. Y tambi\u00e9n sus malhechores. El [&hellip;]","og_url":"https:\/\/infoelnuevonorte.com\/?p=52618","og_site_name":"El Nuevo Norte","article_publisher":"https:\/\/www.facebook.com\/infoenn","article_published_time":"2024-09-18T18:28:16+00:00","article_modified_time":"2024-09-18T18:28:17+00:00","og_image":[{"width":778,"height":440,"url":"https:\/\/infoelnuevonorte.com\/wp-content\/uploads\/2024\/09\/descarga-2024-09-18T142648.577.png","type":"image\/png"}],"author":"T. R.","twitter_card":"summary_large_image","twitter_creator":"@Elnuevo_norte","twitter_site":"@Elnuevo_norte","twitter_misc":{"Written by":"T. R.","Est. reading time":"3 minutos"},"schema":{"@context":"https:\/\/schema.org","@graph":[{"@type":"Article","@id":"https:\/\/infoelnuevonorte.com\/?p=52618#article","isPartOf":{"@id":"https:\/\/infoelnuevonorte.com\/?p=52618"},"author":{"name":"T. R.","@id":"https:\/\/infoelnuevonorte.com\/#\/schema\/person\/3accb35eb55f55e96c492b52d085a403"},"headline":"Del primero de los negros al primero de los blancos","datePublished":"2024-09-18T18:28:16+00:00","dateModified":"2024-09-18T18:28:17+00:00","mainEntityOfPage":{"@id":"https:\/\/infoelnuevonorte.com\/?p=52618"},"wordCount":551,"publisher":{"@id":"https:\/\/infoelnuevonorte.com\/#organization"},"articleSection":["Opini\u00f3n"],"inLanguage":"es-DO"},{"@type":"WebPage","@id":"https:\/\/infoelnuevonorte.com\/?p=52618","url":"https:\/\/infoelnuevonorte.com\/?p=52618","name":"Del primero de los negros al primero de los blancos | El Nuevo Norte","isPartOf":{"@id":"https:\/\/infoelnuevonorte.com\/#website"},"datePublished":"2024-09-18T18:28:16+00:00","dateModified":"2024-09-18T18:28:17+00:00","breadcrumb":{"@id":"https:\/\/infoelnuevonorte.com\/?p=52618#breadcrumb"},"inLanguage":"es-DO","potentialAction":[{"@type":"ReadAction","target":["https:\/\/infoelnuevonorte.com\/?p=52618"]}]},{"@type":"BreadcrumbList","@id":"https:\/\/infoelnuevonorte.com\/?p=52618#breadcrumb","itemListElement":[{"@type":"ListItem","position":1,"name":"Home","item":"https:\/\/infoelnuevonorte.com\/"},{"@type":"ListItem","position":2,"name":"Del primero de los negros al primero de los blancos"}]},{"@type":"WebSite","@id":"https:\/\/infoelnuevonorte.com\/#website","url":"https:\/\/infoelnuevonorte.com\/","name":"InfoEnn","description":"Tu Voz, tu Verdad, tu Diario!!!","publisher":{"@id":"https:\/\/infoelnuevonorte.com\/#organization"},"alternateName":"El Nuevo Norte","potentialAction":[{"@type":"SearchAction","target":{"@type":"EntryPoint","urlTemplate":"https:\/\/infoelnuevonorte.com\/?s={search_term_string}"},"query-input":{"@type":"PropertyValueSpecification","valueRequired":true,"valueName":"search_term_string"}}],"inLanguage":"es-DO"},{"@type":"Organization","@id":"https:\/\/infoelnuevonorte.com\/#organization","name":"Info El Nuevo Norte","alternateName":"El Nuevo Norte","url":"https:\/\/infoelnuevonorte.com\/","logo":{"@type":"ImageObject","inLanguage":"es-DO","@id":"https:\/\/infoelnuevonorte.com\/#\/schema\/logo\/image\/","url":"https:\/\/infoelnuevonorte.com\/wp-content\/uploads\/2026\/02\/Logo-Info-enn-3d-20ani.jpeg","contentUrl":"https:\/\/infoelnuevonorte.com\/wp-content\/uploads\/2026\/02\/Logo-Info-enn-3d-20ani.jpeg","width":2046,"height":736,"caption":"Info El Nuevo Norte"},"image":{"@id":"https:\/\/infoelnuevonorte.com\/#\/schema\/logo\/image\/"},"sameAs":["https:\/\/www.facebook.com\/infoenn","https:\/\/x.com\/Elnuevo_norte","https:\/\/www.instagram.com\/infoenn","https:\/\/www.facebook.com\/ENNRD"]},{"@type":"Person","@id":"https:\/\/infoelnuevonorte.com\/#\/schema\/person\/3accb35eb55f55e96c492b52d085a403","name":"T. R.","image":{"@type":"ImageObject","inLanguage":"es-DO","@id":"https:\/\/infoelnuevonorte.com\/#\/schema\/person\/image\/","url":"https:\/\/secure.gravatar.com\/avatar\/40543a038bda97abdb765b1662e9677d?s=96&d=robohash&r=g","contentUrl":"https:\/\/secure.gravatar.com\/avatar\/40543a038bda97abdb765b1662e9677d?s=96&d=robohash&r=g","caption":"T. R."},"url":"https:\/\/infoelnuevonorte.com\/?author=2"}]}},"_links":{"self":[{"href":"https:\/\/infoelnuevonorte.com\/index.php?rest_route=\/wp\/v2\/posts\/52618"}],"collection":[{"href":"https:\/\/infoelnuevonorte.com\/index.php?rest_route=\/wp\/v2\/posts"}],"about":[{"href":"https:\/\/infoelnuevonorte.com\/index.php?rest_route=\/wp\/v2\/types\/post"}],"author":[{"embeddable":true,"href":"https:\/\/infoelnuevonorte.com\/index.php?rest_route=\/wp\/v2\/users\/2"}],"replies":[{"embeddable":true,"href":"https:\/\/infoelnuevonorte.com\/index.php?rest_route=%2Fwp%2Fv2%2Fcomments&post=52618"}],"version-history":[{"count":0,"href":"https:\/\/infoelnuevonorte.com\/index.php?rest_route=\/wp\/v2\/posts\/52618\/revisions"}],"wp:attachment":[{"href":"https:\/\/infoelnuevonorte.com\/index.php?rest_route=%2Fwp%2Fv2%2Fmedia&parent=52618"}],"wp:term":[{"taxonomy":"category","embeddable":true,"href":"https:\/\/infoelnuevonorte.com\/index.php?rest_route=%2Fwp%2Fv2%2Fcategories&post=52618"},{"taxonomy":"post_tag","embeddable":true,"href":"https:\/\/infoelnuevonorte.com\/index.php?rest_route=%2Fwp%2Fv2%2Ftags&post=52618"}],"curies":[{"name":"wp","href":"https:\/\/api.w.org\/{rel}","templated":true}]}}