{"id":5356,"date":"2023-11-22T10:41:35","date_gmt":"2023-11-22T14:41:35","guid":{"rendered":"https:\/\/infoelnuevonorte.com\/?p=5356"},"modified":"2023-11-22T10:41:38","modified_gmt":"2023-11-22T14:41:38","slug":"incendio-en-el-minerd-se-produjo-en-la-cocina-investigan-causa","status":"publish","type":"post","link":"https:\/\/infoelnuevonorte.com\/?p=5356","title":{"rendered":"Incendio en el Minerd se produjo en la cocina; investigan causa"},"content":{"rendered":"<p style=\"text-align: justify;\">El conato de incendio en el Ministerio de Educaci\u00f3n (<strong>Minerd<\/strong>) se origin\u00f3 en una cocina del departamento de Recursos Humanos.<\/p>\n<p style=\"text-align: justify;\">La informaci\u00f3n la ofreci\u00f3 el jefe del Cuerpo de Bomberos del Distrito Nacional, <strong>Jos\u00e9 Herasme,<\/strong> al conversar con la prensa.<\/p>\n<p style=\"text-align: justify;\">Afirm\u00f3 que el incendio fue sofocado en su totalidad y que en estos momentos se trabaja en el levantamiento del lugar, junto a las autoridades de la instituci\u00f3n.<\/p>\n<p style=\"text-align: justify;\">M\u00e1s temprano, las autoridades del Minerd aseguraron este mi\u00e9rcoles que no se registraron heridos ante el evento.<\/p>\n<p style=\"text-align: justify;\">\u201cEl alcance de este conato de incendio no lo conocemos todav\u00eda, debemos esperar que el perito del cuerpo de los bomberos realice el levantamiento, intervengan las \u00e1reas que deben intervenir y rindan el informe con los resultados\u201d, expres\u00f3 \u00a0Rafael Alonso Rijo, director de comunicaci\u00f3n del Minerd.<\/p>\n<div class=\"wp-video\"><span class=\"mejs-offscreen\">Reproductor de v\u00eddeo<\/span>\n<div id=\"mep_0\" class=\"mejs-container mejs-container-keyboard-inactive wp-video-shortcode mejs-video\" tabindex=\"0\" role=\"application\" aria-label=\"Reproductor de v\u00eddeo\">\n<div class=\"mejs-inner\">\n<div class=\"mejs-mediaelement\" style=\"text-align: justify;\">\u00a0<\/div>\n<div class=\"mejs-layers\">\n<div class=\"mejs-overlay mejs-layer mejs-overlay-play\">\n<div class=\"mejs-overlay-button\" style=\"text-align: justify;\" tabindex=\"0\" role=\"button\" aria-label=\"Reproducir\" aria-pressed=\"false\">\u00a0<\/div>\n<\/div>\n<\/div>\n<\/div>\n<\/div>\n<\/div>\n\n\n<figure class=\"wp-block-video\"><video controls src=\"https:\/\/infoelnuevonorte.com\/wp-content\/uploads\/2023\/11\/educacion-incendio.mp4\"><\/video><\/figure>\n","protected":false},"excerpt":{"rendered":"<p>El conato de incendio en el Ministerio de Educaci\u00f3n (Minerd) se origin\u00f3 en una cocina del departamento de Recursos Humanos. La informaci\u00f3n la ofreci\u00f3 el jefe del Cuerpo de Bomberos del Distrito Nacional, Jos\u00e9 Herasme, al conversar con la prensa. Afirm\u00f3 que el incendio fue sofocado en su totalidad y que en estos momentos se [&hellip;]<\/p>\n","protected":false},"author":1,"featured_media":0,"comment_status":"closed","ping_status":"open","sticky":false,"template":"","format":"standard","meta":{"footnotes":""},"categories":[2,8,18],"tags":[],"yoast_head":"<!-- This site is optimized with the Yoast SEO plugin v24.5 - https:\/\/yoast.com\/wordpress\/plugins\/seo\/ -->\n<title>Incendio en el Minerd se produjo en la cocina; investigan causa | El Nuevo Norte<\/title>\n<meta name=\"robots\" content=\"index, follow, max-snippet:-1, max-image-preview:large, max-video-preview:-1\" \/>\n<link rel=\"canonical\" href=\"https:\/\/infoelnuevonorte.com\/?p=5356\" \/>\n<meta property=\"og:locale\" content=\"es_ES\" \/>\n<meta property=\"og:type\" content=\"article\" \/>\n<meta property=\"og:title\" content=\"Incendio en el Minerd se produjo en la cocina; investigan causa | El Nuevo Norte\" \/>\n<meta property=\"og:description\" content=\"El conato de incendio en el Ministerio de Educaci\u00f3n (Minerd) se origin\u00f3 en una cocina del departamento de Recursos Humanos. La informaci\u00f3n la ofreci\u00f3 el jefe del Cuerpo de Bomberos del Distrito Nacional, Jos\u00e9 Herasme, al conversar con la prensa. Afirm\u00f3 que el incendio fue sofocado en su totalidad y que en estos momentos se [&hellip;]\" \/>\n<meta property=\"og:url\" content=\"https:\/\/infoelnuevonorte.com\/?p=5356\" \/>\n<meta property=\"og:site_name\" content=\"El Nuevo Norte\" \/>\n<meta property=\"article:publisher\" content=\"https:\/\/www.facebook.com\/infoenn\" \/>\n<meta property=\"article:published_time\" content=\"2023-11-22T14:41:35+00:00\" \/>\n<meta property=\"article:modified_time\" content=\"2023-11-22T14:41:38+00:00\" \/>\n<meta property=\"og:image\" content=\"https:\/\/infoelnuevonorte.com\/wp-content\/uploads\/2023\/11\/Incendio-en-el-Minerd-se-projudo-en-la-cocina-jpeg.webp\" \/>\n\t<meta property=\"og:image:width\" content=\"640\" \/>\n\t<meta property=\"og:image:height\" content=\"368\" \/>\n\t<meta property=\"og:image:type\" content=\"image\/jpeg\" \/>\n<meta name=\"author\" content=\"InfoEnn\" \/>\n<meta name=\"twitter:card\" content=\"summary_large_image\" \/>\n<meta name=\"twitter:creator\" content=\"@Elnuevo_norte\" \/>\n<meta name=\"twitter:site\" content=\"@Elnuevo_norte\" \/>\n<meta name=\"twitter:label1\" content=\"Written by\" \/>\n\t<meta name=\"twitter:data1\" content=\"InfoEnn\" \/>\n\t<meta name=\"twitter:label2\" content=\"Est. reading time\" \/>\n\t<meta name=\"twitter:data2\" content=\"1 minuto\" \/>\n<script type=\"application\/ld+json\" class=\"yoast-schema-graph\">{\"@context\":\"https:\/\/schema.org\",\"@graph\":[{\"@type\":\"Article\",\"@id\":\"https:\/\/infoelnuevonorte.com\/?p=5356#article\",\"isPartOf\":{\"@id\":\"https:\/\/infoelnuevonorte.com\/?p=5356\"},\"author\":{\"name\":\"InfoEnn\",\"@id\":\"https:\/\/infoelnuevonorte.com\/#\/schema\/person\/fd4f6d90afe41260818b4ea94ad8ab84\"},\"headline\":\"Incendio en el Minerd se produjo en la cocina; investigan causa\",\"datePublished\":\"2023-11-22T14:41:35+00:00\",\"dateModified\":\"2023-11-22T14:41:38+00:00\",\"mainEntityOfPage\":{\"@id\":\"https:\/\/infoelnuevonorte.com\/?p=5356\"},\"wordCount\":153,\"publisher\":{\"@id\":\"https:\/\/infoelnuevonorte.com\/#organization\"},\"articleSection\":[\"Actualidad |\",\"Nacionales\",\"Video\"],\"inLanguage\":\"es-DO\"},{\"@type\":\"WebPage\",\"@id\":\"https:\/\/infoelnuevonorte.com\/?p=5356\",\"url\":\"https:\/\/infoelnuevonorte.com\/?p=5356\",\"name\":\"Incendio en el Minerd se produjo en la cocina; investigan causa | El Nuevo Norte\",\"isPartOf\":{\"@id\":\"https:\/\/infoelnuevonorte.com\/#website\"},\"datePublished\":\"2023-11-22T14:41:35+00:00\",\"dateModified\":\"2023-11-22T14:41:38+00:00\",\"breadcrumb\":{\"@id\":\"https:\/\/infoelnuevonorte.com\/?p=5356#breadcrumb\"},\"inLanguage\":\"es-DO\",\"potentialAction\":[{\"@type\":\"ReadAction\",\"target\":[\"https:\/\/infoelnuevonorte.com\/?p=5356\"]}]},{\"@type\":\"BreadcrumbList\",\"@id\":\"https:\/\/infoelnuevonorte.com\/?p=5356#breadcrumb\",\"itemListElement\":[{\"@type\":\"ListItem\",\"position\":1,\"name\":\"Home\",\"item\":\"https:\/\/infoelnuevonorte.com\/\"},{\"@type\":\"ListItem\",\"position\":2,\"name\":\"Incendio en el Minerd se produjo en la cocina; investigan causa\"}]},{\"@type\":\"WebSite\",\"@id\":\"https:\/\/infoelnuevonorte.com\/#website\",\"url\":\"https:\/\/infoelnuevonorte.com\/\",\"name\":\"InfoEnn\",\"description\":\"Tu Voz, tu Verdad, tu Diario!!!\",\"publisher\":{\"@id\":\"https:\/\/infoelnuevonorte.com\/#organization\"},\"alternateName\":\"El Nuevo Norte\",\"potentialAction\":[{\"@type\":\"SearchAction\",\"target\":{\"@type\":\"EntryPoint\",\"urlTemplate\":\"https:\/\/infoelnuevonorte.com\/?s={search_term_string}\"},\"query-input\":{\"@type\":\"PropertyValueSpecification\",\"valueRequired\":true,\"valueName\":\"search_term_string\"}}],\"inLanguage\":\"es-DO\"},{\"@type\":\"Organization\",\"@id\":\"https:\/\/infoelnuevonorte.com\/#organization\",\"name\":\"Info El Nuevo Norte\",\"alternateName\":\"El Nuevo Norte\",\"url\":\"https:\/\/infoelnuevonorte.com\/\",\"logo\":{\"@type\":\"ImageObject\",\"inLanguage\":\"es-DO\",\"@id\":\"https:\/\/infoelnuevonorte.com\/#\/schema\/logo\/image\/\",\"url\":\"https:\/\/infoelnuevonorte.com\/wp-content\/uploads\/2026\/02\/Logo-Info-enn-3d-20ani.jpeg\",\"contentUrl\":\"https:\/\/infoelnuevonorte.com\/wp-content\/uploads\/2026\/02\/Logo-Info-enn-3d-20ani.jpeg\",\"width\":2046,\"height\":736,\"caption\":\"Info El Nuevo Norte\"},\"image\":{\"@id\":\"https:\/\/infoelnuevonorte.com\/#\/schema\/logo\/image\/\"},\"sameAs\":[\"https:\/\/www.facebook.com\/infoenn\",\"https:\/\/x.com\/Elnuevo_norte\",\"https:\/\/www.instagram.com\/infoenn\",\"https:\/\/www.facebook.com\/ENNRD\"]},{\"@type\":\"Person\",\"@id\":\"https:\/\/infoelnuevonorte.com\/#\/schema\/person\/fd4f6d90afe41260818b4ea94ad8ab84\",\"name\":\"InfoEnn\",\"image\":{\"@type\":\"ImageObject\",\"inLanguage\":\"es-DO\",\"@id\":\"https:\/\/infoelnuevonorte.com\/#\/schema\/person\/image\/\",\"url\":\"https:\/\/secure.gravatar.com\/avatar\/d4d760a41a48ba9db0a82bfb63bb0783?s=96&d=robohash&r=g\",\"contentUrl\":\"https:\/\/secure.gravatar.com\/avatar\/d4d760a41a48ba9db0a82bfb63bb0783?s=96&d=robohash&r=g\",\"caption\":\"InfoEnn\"},\"sameAs\":[\"https:\/\/infoelnuevonorte.com\"],\"url\":\"https:\/\/infoelnuevonorte.com\/?author=1\"}]}<\/script>\n<!-- \/ Yoast SEO plugin. -->","yoast_head_json":{"title":"Incendio en el Minerd se produjo en la cocina; investigan causa | El Nuevo Norte","robots":{"index":"index","follow":"follow","max-snippet":"max-snippet:-1","max-image-preview":"max-image-preview:large","max-video-preview":"max-video-preview:-1"},"canonical":"https:\/\/infoelnuevonorte.com\/?p=5356","og_locale":"es_ES","og_type":"article","og_title":"Incendio en el Minerd se produjo en la cocina; investigan causa | El Nuevo Norte","og_description":"El conato de incendio en el Ministerio de Educaci\u00f3n (Minerd) se origin\u00f3 en una cocina del departamento de Recursos Humanos. La informaci\u00f3n la ofreci\u00f3 el jefe del Cuerpo de Bomberos del Distrito Nacional, Jos\u00e9 Herasme, al conversar con la prensa. Afirm\u00f3 que el incendio fue sofocado en su totalidad y que en estos momentos se [&hellip;]","og_url":"https:\/\/infoelnuevonorte.com\/?p=5356","og_site_name":"El Nuevo Norte","article_publisher":"https:\/\/www.facebook.com\/infoenn","article_published_time":"2023-11-22T14:41:35+00:00","article_modified_time":"2023-11-22T14:41:38+00:00","og_image":[{"width":640,"height":368,"url":"https:\/\/infoelnuevonorte.com\/wp-content\/uploads\/2023\/11\/Incendio-en-el-Minerd-se-projudo-en-la-cocina-jpeg.webp","type":"image\/jpeg"}],"author":"InfoEnn","twitter_card":"summary_large_image","twitter_creator":"@Elnuevo_norte","twitter_site":"@Elnuevo_norte","twitter_misc":{"Written by":"InfoEnn","Est. reading time":"1 minuto"},"schema":{"@context":"https:\/\/schema.org","@graph":[{"@type":"Article","@id":"https:\/\/infoelnuevonorte.com\/?p=5356#article","isPartOf":{"@id":"https:\/\/infoelnuevonorte.com\/?p=5356"},"author":{"name":"InfoEnn","@id":"https:\/\/infoelnuevonorte.com\/#\/schema\/person\/fd4f6d90afe41260818b4ea94ad8ab84"},"headline":"Incendio en el Minerd se produjo en la cocina; investigan causa","datePublished":"2023-11-22T14:41:35+00:00","dateModified":"2023-11-22T14:41:38+00:00","mainEntityOfPage":{"@id":"https:\/\/infoelnuevonorte.com\/?p=5356"},"wordCount":153,"publisher":{"@id":"https:\/\/infoelnuevonorte.com\/#organization"},"articleSection":["Actualidad |","Nacionales","Video"],"inLanguage":"es-DO"},{"@type":"WebPage","@id":"https:\/\/infoelnuevonorte.com\/?p=5356","url":"https:\/\/infoelnuevonorte.com\/?p=5356","name":"Incendio en el Minerd se produjo en la cocina; investigan causa | El Nuevo Norte","isPartOf":{"@id":"https:\/\/infoelnuevonorte.com\/#website"},"datePublished":"2023-11-22T14:41:35+00:00","dateModified":"2023-11-22T14:41:38+00:00","breadcrumb":{"@id":"https:\/\/infoelnuevonorte.com\/?p=5356#breadcrumb"},"inLanguage":"es-DO","potentialAction":[{"@type":"ReadAction","target":["https:\/\/infoelnuevonorte.com\/?p=5356"]}]},{"@type":"BreadcrumbList","@id":"https:\/\/infoelnuevonorte.com\/?p=5356#breadcrumb","itemListElement":[{"@type":"ListItem","position":1,"name":"Home","item":"https:\/\/infoelnuevonorte.com\/"},{"@type":"ListItem","position":2,"name":"Incendio en el Minerd se produjo en la cocina; investigan causa"}]},{"@type":"WebSite","@id":"https:\/\/infoelnuevonorte.com\/#website","url":"https:\/\/infoelnuevonorte.com\/","name":"InfoEnn","description":"Tu Voz, tu Verdad, tu Diario!!!","publisher":{"@id":"https:\/\/infoelnuevonorte.com\/#organization"},"alternateName":"El Nuevo Norte","potentialAction":[{"@type":"SearchAction","target":{"@type":"EntryPoint","urlTemplate":"https:\/\/infoelnuevonorte.com\/?s={search_term_string}"},"query-input":{"@type":"PropertyValueSpecification","valueRequired":true,"valueName":"search_term_string"}}],"inLanguage":"es-DO"},{"@type":"Organization","@id":"https:\/\/infoelnuevonorte.com\/#organization","name":"Info El Nuevo Norte","alternateName":"El Nuevo Norte","url":"https:\/\/infoelnuevonorte.com\/","logo":{"@type":"ImageObject","inLanguage":"es-DO","@id":"https:\/\/infoelnuevonorte.com\/#\/schema\/logo\/image\/","url":"https:\/\/infoelnuevonorte.com\/wp-content\/uploads\/2026\/02\/Logo-Info-enn-3d-20ani.jpeg","contentUrl":"https:\/\/infoelnuevonorte.com\/wp-content\/uploads\/2026\/02\/Logo-Info-enn-3d-20ani.jpeg","width":2046,"height":736,"caption":"Info El Nuevo Norte"},"image":{"@id":"https:\/\/infoelnuevonorte.com\/#\/schema\/logo\/image\/"},"sameAs":["https:\/\/www.facebook.com\/infoenn","https:\/\/x.com\/Elnuevo_norte","https:\/\/www.instagram.com\/infoenn","https:\/\/www.facebook.com\/ENNRD"]},{"@type":"Person","@id":"https:\/\/infoelnuevonorte.com\/#\/schema\/person\/fd4f6d90afe41260818b4ea94ad8ab84","name":"InfoEnn","image":{"@type":"ImageObject","inLanguage":"es-DO","@id":"https:\/\/infoelnuevonorte.com\/#\/schema\/person\/image\/","url":"https:\/\/secure.gravatar.com\/avatar\/d4d760a41a48ba9db0a82bfb63bb0783?s=96&d=robohash&r=g","contentUrl":"https:\/\/secure.gravatar.com\/avatar\/d4d760a41a48ba9db0a82bfb63bb0783?s=96&d=robohash&r=g","caption":"InfoEnn"},"sameAs":["https:\/\/infoelnuevonorte.com"],"url":"https:\/\/infoelnuevonorte.com\/?author=1"}]}},"_links":{"self":[{"href":"https:\/\/infoelnuevonorte.com\/index.php?rest_route=\/wp\/v2\/posts\/5356"}],"collection":[{"href":"https:\/\/infoelnuevonorte.com\/index.php?rest_route=\/wp\/v2\/posts"}],"about":[{"href":"https:\/\/infoelnuevonorte.com\/index.php?rest_route=\/wp\/v2\/types\/post"}],"author":[{"embeddable":true,"href":"https:\/\/infoelnuevonorte.com\/index.php?rest_route=\/wp\/v2\/users\/1"}],"replies":[{"embeddable":true,"href":"https:\/\/infoelnuevonorte.com\/index.php?rest_route=%2Fwp%2Fv2%2Fcomments&post=5356"}],"version-history":[{"count":0,"href":"https:\/\/infoelnuevonorte.com\/index.php?rest_route=\/wp\/v2\/posts\/5356\/revisions"}],"wp:attachment":[{"href":"https:\/\/infoelnuevonorte.com\/index.php?rest_route=%2Fwp%2Fv2%2Fmedia&parent=5356"}],"wp:term":[{"taxonomy":"category","embeddable":true,"href":"https:\/\/infoelnuevonorte.com\/index.php?rest_route=%2Fwp%2Fv2%2Fcategories&post=5356"},{"taxonomy":"post_tag","embeddable":true,"href":"https:\/\/infoelnuevonorte.com\/index.php?rest_route=%2Fwp%2Fv2%2Ftags&post=5356"}],"curies":[{"name":"wp","href":"https:\/\/api.w.org\/{rel}","templated":true}]}}