{"id":5363,"date":"2023-11-22T12:09:10","date_gmt":"2023-11-22T16:09:10","guid":{"rendered":"https:\/\/infoelnuevonorte.com\/?p=5363"},"modified":"2023-11-22T12:09:12","modified_gmt":"2023-11-22T16:09:12","slug":"grupo-de-la-onu-asegura-que-arresto-de-jean-alain-rodriguez-es-arbitrario","status":"publish","type":"post","link":"https:\/\/infoelnuevonorte.com\/?p=5363","title":{"rendered":"Grupo de la ONU asegura que arresto de Jean Alain Rodr\u00edguez es arbitrario"},"content":{"rendered":"\n<p><\/p>\n\n\n<p style=\"text-align: justify;\"><strong>El Grupo de Trabajo de la ONU sobre Detenciones Arbitrarias<\/strong> ha emitido una opini\u00f3n legal que se\u00f1ala que la privaci\u00f3n de libertad del exprocurador general de la Rep\u00fablica Dominicana<strong>, Jean Alain Rodr\u00edguez S\u00e1nchez<\/strong>, ha sido arbitraria, por lo que ha pedido su libertad incondicional.<\/p>\n<p style=\"text-align: justify;\">\u201cTeniendo en cuenta todas las circunstancias del caso, el remedio adecuado ser\u00eda poner a Rodr\u00edguez S\u00e1nchez inmediatamente en libertad y concederle el derecho efectivo a obtener una indemnizaci\u00f3n y otros tipos de reparaci\u00f3n, de conformidad con el Derecho internacional\u201d, se\u00f1al\u00f3 el grupo en un informe.<\/p>\n<p style=\"text-align: justify;\">Esta instancia analiz\u00f3 este caso en su 97\u00ba sesi\u00f3n, que celebr\u00f3 entre fines de agosto y principios de agosto, aunque su opini\u00f3n legal ha sido emitida semanas despu\u00e9s.<\/p>\n<p style=\"text-align: justify;\">Los expertos de la instancia de la <strong>ONU tambi\u00e9n reclaman al Gobierno dominicano<\/strong> una investigaci\u00f3n exhaustiva e independiente de las circunstancias en torno a la privaci\u00f3n arbitraria de libertad del exprocurador y que <strong>\u201cadopte las medidas pertinentes contra los responsables de la violaci\u00f3n de sus derechos\u201d.<\/strong><\/p>\n<p style=\"text-align: justify;\">Rodr\u00edguez S\u00e1nchez, procurador general entre 2016 y 2020, inici\u00f3 investigaciones por sobornos a funcionarios dominicanos por parte de la empresa brasile\u00f1a Oderbrecht, lo que condujo en su d\u00eda a la detenci\u00f3n de empresarios, funcionarios y pol\u00edticos tanto del Gobierno como de la oposici\u00f3n.<\/p>\n<p style=\"text-align: justify;\">El grupo de trabajo ha concluido que la detenci\u00f3n fue arbitraria por irregularidades durante el proceso en su contra, comenzando por el hecho de que el d\u00eda de su arresto, el 29 de junio de 2021, no se present\u00f3 <strong>debidamente la orden de detenci\u00f3n ni se explicaron las razones de la misma.<\/strong><\/p>\n<p style=\"text-align: justify;\">Rodr\u00edguez S\u00e1nchez solo pudo comparecer ante un juez para defender su inocencia pasadas dos semanas de la detenci\u00f3n, pese a que las normas internacionales de derechos humanos establecen que ese lapso no debe superar las 48 horas.<\/p>\n<p style=\"text-align: justify;\">Posteriormente, prosigue el dictamen del grupo de trabajo, se le aplic\u00f3 una prisi\u00f3n preventiva de 18 meses antes del juicio, sin que se presentaran argumentos razonables sobre un posible riesgo de fuga.<\/p>\n<p style=\"text-align: justify;\"><strong>\u201cEste lapso de tiempo fue no s\u00f3lo excesivo,<\/strong> sino violatorio de las normas y garant\u00edas internacionales contra la detenci\u00f3n arbitraria\u201d, se\u00f1ala.<\/p>\n<p style=\"text-align: justify;\">Durante el proceso, los magistrados se negaron a examinar los alegatos relativos a la detenci\u00f3n arbitraria, lo cual \u201ctambi\u00e9n constituy\u00f3 una violaci\u00f3n del derecho de Rodr\u00edguez S\u00e1nchez a ser o\u00eddo por un tribunal imparcial\u201d, agrega.<\/p>\n<p style=\"text-align: justify;\">El grupo de trabajo tambi\u00e9n mostr\u00f3 preocupaci\u00f3n por el hecho de que durante el proceso funcionarios del Estado y de la Fiscal\u00eda hicieran una serie de declaraciones p\u00fablicas tratando de desacreditar a Rodr\u00edguez S\u00e1nchez.<\/p>\n<p style=\"text-align: justify;\">Adem\u00e1s, durante los traslados a las dependencias judiciales \u201c<strong>fue transportado con fuertes escoltas militares para presentarlo como un criminal peligroso\u201d, l<\/strong>amenta el dictamen.<\/p>\n<p style=\"text-align: justify;\"><img loading=\"lazy\" decoding=\"async\" class=\"wp-image-403279 alignleft\" src=\"https:\/\/n.com.do\/wp-content\/uploads\/2022\/06\/jean-alain-rodriguez-1-1140x694-1-300x183.jpg\" sizes=\"(max-width: 362px) 100vw, 362px\" srcset=\"https:\/\/n.com.do\/wp-content\/uploads\/2022\/06\/jean-alain-rodriguez-1-1140x694-1-300x183.jpg 300w, https:\/\/n.com.do\/wp-content\/uploads\/2022\/06\/jean-alain-rodriguez-1-1140x694-1-1024x623.jpg 1024w, https:\/\/n.com.do\/wp-content\/uploads\/2022\/06\/jean-alain-rodriguez-1-1140x694-1-768x468.jpg 768w, https:\/\/n.com.do\/wp-content\/uploads\/2022\/06\/jean-alain-rodriguez-1-1140x694-1.jpg 1140w, https:\/\/n.com.do\/wp-content\/uploads\/2022\/06\/jean-alain-rodriguez-1-1140x694-1-360x219.jpg 360w\" alt=\"\" width=\"362\" height=\"221\" \/><\/p>\n<p style=\"text-align: justify;\">El grupo de trabajo tambi\u00e9n denunci\u00f3 que l<strong>a vida de Rodr\u00edguez S\u00e1nchez estuvo en peligro durante la detenci\u00f3n preventiva<\/strong> en la c\u00e1rcel de Najayo, desde julio de 2021 hasta enero de este a\u00f1o.<\/p>\n<p style=\"text-align: justify;\">La defensa del exprocurador sostuvo a este respecto que Rodr\u00edguez S\u00e1nchez estaba rodeado de presos que \u00e9l investig\u00f3 o a cuyo encarcelamiento contribuy\u00f3, incluidos narcotraficantes, acusados de lavado de dinero o incluso de asesinatos.<\/p>\n<p style=\"text-align: justify;\">En el informe, el grupo de trabajo de la ONU lament\u00f3 que el Gobierno de la Rep\u00fablica Dominicana emitiera una \u201crespuesta tard\u00eda\u201d a las alegaciones de la defensa del exprocurador.<\/p>\n<p style=\"text-align: justify;\">Dicha defensa denunci\u00f3 ante el grupo de trabajo numerosas presiones externas contra el exprocurador durante el proceso, desde el asesinato de su escolta a amenazas de muerte a sus familiares y robos en su domicilio.<\/p>\n<p style=\"text-align: justify;\">El exprocurador general hab\u00eda sido acusado por la Fiscal\u00eda de dirigir un \u201centramado de corrupci\u00f3n administrativa\u201d cuando estuvo al frente del Ministerio P\u00fablico, en la llamada operaci\u00f3n \u2018Medusa\u2019.<\/p>","protected":false},"excerpt":{"rendered":"<p>El Grupo de Trabajo de la ONU sobre Detenciones Arbitrarias ha emitido una opini\u00f3n legal que se\u00f1ala que la privaci\u00f3n de libertad del exprocurador general de la Rep\u00fablica Dominicana, Jean Alain Rodr\u00edguez S\u00e1nchez, ha sido arbitraria, por lo que ha pedido su libertad incondicional. \u201cTeniendo en cuenta todas las circunstancias del caso, el remedio adecuado [&hellip;]<\/p>\n","protected":false},"author":1,"featured_media":0,"comment_status":"closed","ping_status":"open","sticky":false,"template":"","format":"standard","meta":{"footnotes":""},"categories":[2,8],"tags":[],"yoast_head":"<!-- This site is optimized with the Yoast SEO plugin v24.5 - https:\/\/yoast.com\/wordpress\/plugins\/seo\/ -->\n<title>Grupo de la ONU asegura que arresto de Jean Alain Rodr\u00edguez es arbitrario | El Nuevo Norte<\/title>\n<meta name=\"robots\" content=\"index, follow, max-snippet:-1, max-image-preview:large, max-video-preview:-1\" \/>\n<link rel=\"canonical\" href=\"https:\/\/infoelnuevonorte.com\/?p=5363\" \/>\n<meta property=\"og:locale\" content=\"es_ES\" \/>\n<meta property=\"og:type\" content=\"article\" \/>\n<meta property=\"og:title\" content=\"Grupo de la ONU asegura que arresto de Jean Alain Rodr\u00edguez es arbitrario | El Nuevo Norte\" \/>\n<meta property=\"og:description\" content=\"El Grupo de Trabajo de la ONU sobre Detenciones Arbitrarias ha emitido una opini\u00f3n legal que se\u00f1ala que la privaci\u00f3n de libertad del exprocurador general de la Rep\u00fablica Dominicana, Jean Alain Rodr\u00edguez S\u00e1nchez, ha sido arbitraria, por lo que ha pedido su libertad incondicional. \u201cTeniendo en cuenta todas las circunstancias del caso, el remedio adecuado [&hellip;]\" \/>\n<meta property=\"og:url\" content=\"https:\/\/infoelnuevonorte.com\/?p=5363\" \/>\n<meta property=\"og:site_name\" content=\"El Nuevo Norte\" \/>\n<meta property=\"article:publisher\" content=\"https:\/\/www.facebook.com\/infoenn\" \/>\n<meta property=\"article:published_time\" content=\"2023-11-22T16:09:10+00:00\" \/>\n<meta property=\"article:modified_time\" content=\"2023-11-22T16:09:12+00:00\" \/>\n<meta property=\"og:image\" content=\"https:\/\/infoelnuevonorte.com\/wp-content\/uploads\/2023\/11\/image29.png\" \/>\n\t<meta property=\"og:image:width\" content=\"1024\" \/>\n\t<meta property=\"og:image:height\" content=\"512\" \/>\n\t<meta property=\"og:image:type\" content=\"image\/png\" \/>\n<meta name=\"author\" content=\"InfoEnn\" \/>\n<meta name=\"twitter:card\" content=\"summary_large_image\" \/>\n<meta name=\"twitter:creator\" content=\"@Elnuevo_norte\" \/>\n<meta name=\"twitter:site\" content=\"@Elnuevo_norte\" \/>\n<meta name=\"twitter:label1\" content=\"Written by\" \/>\n\t<meta name=\"twitter:data1\" content=\"InfoEnn\" \/>\n\t<meta name=\"twitter:label2\" content=\"Est. reading time\" \/>\n\t<meta name=\"twitter:data2\" content=\"3 minutos\" \/>\n<script type=\"application\/ld+json\" class=\"yoast-schema-graph\">{\"@context\":\"https:\/\/schema.org\",\"@graph\":[{\"@type\":\"Article\",\"@id\":\"https:\/\/infoelnuevonorte.com\/?p=5363#article\",\"isPartOf\":{\"@id\":\"https:\/\/infoelnuevonorte.com\/?p=5363\"},\"author\":{\"name\":\"InfoEnn\",\"@id\":\"https:\/\/infoelnuevonorte.com\/#\/schema\/person\/fd4f6d90afe41260818b4ea94ad8ab84\"},\"headline\":\"Grupo de la ONU asegura que arresto de Jean Alain Rodr\u00edguez es arbitrario\",\"datePublished\":\"2023-11-22T16:09:10+00:00\",\"dateModified\":\"2023-11-22T16:09:12+00:00\",\"mainEntityOfPage\":{\"@id\":\"https:\/\/infoelnuevonorte.com\/?p=5363\"},\"wordCount\":671,\"publisher\":{\"@id\":\"https:\/\/infoelnuevonorte.com\/#organization\"},\"image\":{\"@id\":\"https:\/\/infoelnuevonorte.com\/?p=5363#primaryimage\"},\"thumbnailUrl\":\"https:\/\/n.com.do\/wp-content\/uploads\/2022\/06\/jean-alain-rodriguez-1-1140x694-1-300x183.jpg\",\"articleSection\":[\"Actualidad |\",\"Nacionales\"],\"inLanguage\":\"es-DO\"},{\"@type\":\"WebPage\",\"@id\":\"https:\/\/infoelnuevonorte.com\/?p=5363\",\"url\":\"https:\/\/infoelnuevonorte.com\/?p=5363\",\"name\":\"Grupo de la ONU asegura que arresto de Jean Alain Rodr\u00edguez es arbitrario | El Nuevo Norte\",\"isPartOf\":{\"@id\":\"https:\/\/infoelnuevonorte.com\/#website\"},\"primaryImageOfPage\":{\"@id\":\"https:\/\/infoelnuevonorte.com\/?p=5363#primaryimage\"},\"image\":{\"@id\":\"https:\/\/infoelnuevonorte.com\/?p=5363#primaryimage\"},\"thumbnailUrl\":\"https:\/\/n.com.do\/wp-content\/uploads\/2022\/06\/jean-alain-rodriguez-1-1140x694-1-300x183.jpg\",\"datePublished\":\"2023-11-22T16:09:10+00:00\",\"dateModified\":\"2023-11-22T16:09:12+00:00\",\"breadcrumb\":{\"@id\":\"https:\/\/infoelnuevonorte.com\/?p=5363#breadcrumb\"},\"inLanguage\":\"es-DO\",\"potentialAction\":[{\"@type\":\"ReadAction\",\"target\":[\"https:\/\/infoelnuevonorte.com\/?p=5363\"]}]},{\"@type\":\"ImageObject\",\"inLanguage\":\"es-DO\",\"@id\":\"https:\/\/infoelnuevonorte.com\/?p=5363#primaryimage\",\"url\":\"https:\/\/n.com.do\/wp-content\/uploads\/2022\/06\/jean-alain-rodriguez-1-1140x694-1-300x183.jpg\",\"contentUrl\":\"https:\/\/n.com.do\/wp-content\/uploads\/2022\/06\/jean-alain-rodriguez-1-1140x694-1-300x183.jpg\"},{\"@type\":\"BreadcrumbList\",\"@id\":\"https:\/\/infoelnuevonorte.com\/?p=5363#breadcrumb\",\"itemListElement\":[{\"@type\":\"ListItem\",\"position\":1,\"name\":\"Home\",\"item\":\"https:\/\/infoelnuevonorte.com\/\"},{\"@type\":\"ListItem\",\"position\":2,\"name\":\"Grupo de la ONU asegura que arresto de Jean Alain Rodr\u00edguez es arbitrario\"}]},{\"@type\":\"WebSite\",\"@id\":\"https:\/\/infoelnuevonorte.com\/#website\",\"url\":\"https:\/\/infoelnuevonorte.com\/\",\"name\":\"InfoEnn\",\"description\":\"Tu Voz, tu Verdad, tu Diario!!!\",\"publisher\":{\"@id\":\"https:\/\/infoelnuevonorte.com\/#organization\"},\"alternateName\":\"El Nuevo Norte\",\"potentialAction\":[{\"@type\":\"SearchAction\",\"target\":{\"@type\":\"EntryPoint\",\"urlTemplate\":\"https:\/\/infoelnuevonorte.com\/?s={search_term_string}\"},\"query-input\":{\"@type\":\"PropertyValueSpecification\",\"valueRequired\":true,\"valueName\":\"search_term_string\"}}],\"inLanguage\":\"es-DO\"},{\"@type\":\"Organization\",\"@id\":\"https:\/\/infoelnuevonorte.com\/#organization\",\"name\":\"Info El Nuevo Norte\",\"alternateName\":\"El Nuevo Norte\",\"url\":\"https:\/\/infoelnuevonorte.com\/\",\"logo\":{\"@type\":\"ImageObject\",\"inLanguage\":\"es-DO\",\"@id\":\"https:\/\/infoelnuevonorte.com\/#\/schema\/logo\/image\/\",\"url\":\"https:\/\/infoelnuevonorte.com\/wp-content\/uploads\/2026\/02\/Logo-Info-enn-3d-20ani.jpeg\",\"contentUrl\":\"https:\/\/infoelnuevonorte.com\/wp-content\/uploads\/2026\/02\/Logo-Info-enn-3d-20ani.jpeg\",\"width\":2046,\"height\":736,\"caption\":\"Info El Nuevo Norte\"},\"image\":{\"@id\":\"https:\/\/infoelnuevonorte.com\/#\/schema\/logo\/image\/\"},\"sameAs\":[\"https:\/\/www.facebook.com\/infoenn\",\"https:\/\/x.com\/Elnuevo_norte\",\"https:\/\/www.instagram.com\/infoenn\",\"https:\/\/www.facebook.com\/ENNRD\"]},{\"@type\":\"Person\",\"@id\":\"https:\/\/infoelnuevonorte.com\/#\/schema\/person\/fd4f6d90afe41260818b4ea94ad8ab84\",\"name\":\"InfoEnn\",\"image\":{\"@type\":\"ImageObject\",\"inLanguage\":\"es-DO\",\"@id\":\"https:\/\/infoelnuevonorte.com\/#\/schema\/person\/image\/\",\"url\":\"https:\/\/secure.gravatar.com\/avatar\/d4d760a41a48ba9db0a82bfb63bb0783?s=96&d=robohash&r=g\",\"contentUrl\":\"https:\/\/secure.gravatar.com\/avatar\/d4d760a41a48ba9db0a82bfb63bb0783?s=96&d=robohash&r=g\",\"caption\":\"InfoEnn\"},\"sameAs\":[\"https:\/\/infoelnuevonorte.com\"],\"url\":\"https:\/\/infoelnuevonorte.com\/?author=1\"}]}<\/script>\n<!-- \/ Yoast SEO plugin. -->","yoast_head_json":{"title":"Grupo de la ONU asegura que arresto de Jean Alain Rodr\u00edguez es arbitrario | El Nuevo Norte","robots":{"index":"index","follow":"follow","max-snippet":"max-snippet:-1","max-image-preview":"max-image-preview:large","max-video-preview":"max-video-preview:-1"},"canonical":"https:\/\/infoelnuevonorte.com\/?p=5363","og_locale":"es_ES","og_type":"article","og_title":"Grupo de la ONU asegura que arresto de Jean Alain Rodr\u00edguez es arbitrario | El Nuevo Norte","og_description":"El Grupo de Trabajo de la ONU sobre Detenciones Arbitrarias ha emitido una opini\u00f3n legal que se\u00f1ala que la privaci\u00f3n de libertad del exprocurador general de la Rep\u00fablica Dominicana, Jean Alain Rodr\u00edguez S\u00e1nchez, ha sido arbitraria, por lo que ha pedido su libertad incondicional. \u201cTeniendo en cuenta todas las circunstancias del caso, el remedio adecuado [&hellip;]","og_url":"https:\/\/infoelnuevonorte.com\/?p=5363","og_site_name":"El Nuevo Norte","article_publisher":"https:\/\/www.facebook.com\/infoenn","article_published_time":"2023-11-22T16:09:10+00:00","article_modified_time":"2023-11-22T16:09:12+00:00","og_image":[{"width":1024,"height":512,"url":"https:\/\/infoelnuevonorte.com\/wp-content\/uploads\/2023\/11\/image29.png","type":"image\/png"}],"author":"InfoEnn","twitter_card":"summary_large_image","twitter_creator":"@Elnuevo_norte","twitter_site":"@Elnuevo_norte","twitter_misc":{"Written by":"InfoEnn","Est. reading time":"3 minutos"},"schema":{"@context":"https:\/\/schema.org","@graph":[{"@type":"Article","@id":"https:\/\/infoelnuevonorte.com\/?p=5363#article","isPartOf":{"@id":"https:\/\/infoelnuevonorte.com\/?p=5363"},"author":{"name":"InfoEnn","@id":"https:\/\/infoelnuevonorte.com\/#\/schema\/person\/fd4f6d90afe41260818b4ea94ad8ab84"},"headline":"Grupo de la ONU asegura que arresto de Jean Alain Rodr\u00edguez es arbitrario","datePublished":"2023-11-22T16:09:10+00:00","dateModified":"2023-11-22T16:09:12+00:00","mainEntityOfPage":{"@id":"https:\/\/infoelnuevonorte.com\/?p=5363"},"wordCount":671,"publisher":{"@id":"https:\/\/infoelnuevonorte.com\/#organization"},"image":{"@id":"https:\/\/infoelnuevonorte.com\/?p=5363#primaryimage"},"thumbnailUrl":"https:\/\/n.com.do\/wp-content\/uploads\/2022\/06\/jean-alain-rodriguez-1-1140x694-1-300x183.jpg","articleSection":["Actualidad |","Nacionales"],"inLanguage":"es-DO"},{"@type":"WebPage","@id":"https:\/\/infoelnuevonorte.com\/?p=5363","url":"https:\/\/infoelnuevonorte.com\/?p=5363","name":"Grupo de la ONU asegura que arresto de Jean Alain Rodr\u00edguez es arbitrario | El Nuevo Norte","isPartOf":{"@id":"https:\/\/infoelnuevonorte.com\/#website"},"primaryImageOfPage":{"@id":"https:\/\/infoelnuevonorte.com\/?p=5363#primaryimage"},"image":{"@id":"https:\/\/infoelnuevonorte.com\/?p=5363#primaryimage"},"thumbnailUrl":"https:\/\/n.com.do\/wp-content\/uploads\/2022\/06\/jean-alain-rodriguez-1-1140x694-1-300x183.jpg","datePublished":"2023-11-22T16:09:10+00:00","dateModified":"2023-11-22T16:09:12+00:00","breadcrumb":{"@id":"https:\/\/infoelnuevonorte.com\/?p=5363#breadcrumb"},"inLanguage":"es-DO","potentialAction":[{"@type":"ReadAction","target":["https:\/\/infoelnuevonorte.com\/?p=5363"]}]},{"@type":"ImageObject","inLanguage":"es-DO","@id":"https:\/\/infoelnuevonorte.com\/?p=5363#primaryimage","url":"https:\/\/n.com.do\/wp-content\/uploads\/2022\/06\/jean-alain-rodriguez-1-1140x694-1-300x183.jpg","contentUrl":"https:\/\/n.com.do\/wp-content\/uploads\/2022\/06\/jean-alain-rodriguez-1-1140x694-1-300x183.jpg"},{"@type":"BreadcrumbList","@id":"https:\/\/infoelnuevonorte.com\/?p=5363#breadcrumb","itemListElement":[{"@type":"ListItem","position":1,"name":"Home","item":"https:\/\/infoelnuevonorte.com\/"},{"@type":"ListItem","position":2,"name":"Grupo de la ONU asegura que arresto de Jean Alain Rodr\u00edguez es arbitrario"}]},{"@type":"WebSite","@id":"https:\/\/infoelnuevonorte.com\/#website","url":"https:\/\/infoelnuevonorte.com\/","name":"InfoEnn","description":"Tu Voz, tu Verdad, tu Diario!!!","publisher":{"@id":"https:\/\/infoelnuevonorte.com\/#organization"},"alternateName":"El Nuevo Norte","potentialAction":[{"@type":"SearchAction","target":{"@type":"EntryPoint","urlTemplate":"https:\/\/infoelnuevonorte.com\/?s={search_term_string}"},"query-input":{"@type":"PropertyValueSpecification","valueRequired":true,"valueName":"search_term_string"}}],"inLanguage":"es-DO"},{"@type":"Organization","@id":"https:\/\/infoelnuevonorte.com\/#organization","name":"Info El Nuevo Norte","alternateName":"El Nuevo Norte","url":"https:\/\/infoelnuevonorte.com\/","logo":{"@type":"ImageObject","inLanguage":"es-DO","@id":"https:\/\/infoelnuevonorte.com\/#\/schema\/logo\/image\/","url":"https:\/\/infoelnuevonorte.com\/wp-content\/uploads\/2026\/02\/Logo-Info-enn-3d-20ani.jpeg","contentUrl":"https:\/\/infoelnuevonorte.com\/wp-content\/uploads\/2026\/02\/Logo-Info-enn-3d-20ani.jpeg","width":2046,"height":736,"caption":"Info El Nuevo Norte"},"image":{"@id":"https:\/\/infoelnuevonorte.com\/#\/schema\/logo\/image\/"},"sameAs":["https:\/\/www.facebook.com\/infoenn","https:\/\/x.com\/Elnuevo_norte","https:\/\/www.instagram.com\/infoenn","https:\/\/www.facebook.com\/ENNRD"]},{"@type":"Person","@id":"https:\/\/infoelnuevonorte.com\/#\/schema\/person\/fd4f6d90afe41260818b4ea94ad8ab84","name":"InfoEnn","image":{"@type":"ImageObject","inLanguage":"es-DO","@id":"https:\/\/infoelnuevonorte.com\/#\/schema\/person\/image\/","url":"https:\/\/secure.gravatar.com\/avatar\/d4d760a41a48ba9db0a82bfb63bb0783?s=96&d=robohash&r=g","contentUrl":"https:\/\/secure.gravatar.com\/avatar\/d4d760a41a48ba9db0a82bfb63bb0783?s=96&d=robohash&r=g","caption":"InfoEnn"},"sameAs":["https:\/\/infoelnuevonorte.com"],"url":"https:\/\/infoelnuevonorte.com\/?author=1"}]}},"_links":{"self":[{"href":"https:\/\/infoelnuevonorte.com\/index.php?rest_route=\/wp\/v2\/posts\/5363"}],"collection":[{"href":"https:\/\/infoelnuevonorte.com\/index.php?rest_route=\/wp\/v2\/posts"}],"about":[{"href":"https:\/\/infoelnuevonorte.com\/index.php?rest_route=\/wp\/v2\/types\/post"}],"author":[{"embeddable":true,"href":"https:\/\/infoelnuevonorte.com\/index.php?rest_route=\/wp\/v2\/users\/1"}],"replies":[{"embeddable":true,"href":"https:\/\/infoelnuevonorte.com\/index.php?rest_route=%2Fwp%2Fv2%2Fcomments&post=5363"}],"version-history":[{"count":0,"href":"https:\/\/infoelnuevonorte.com\/index.php?rest_route=\/wp\/v2\/posts\/5363\/revisions"}],"wp:attachment":[{"href":"https:\/\/infoelnuevonorte.com\/index.php?rest_route=%2Fwp%2Fv2%2Fmedia&parent=5363"}],"wp:term":[{"taxonomy":"category","embeddable":true,"href":"https:\/\/infoelnuevonorte.com\/index.php?rest_route=%2Fwp%2Fv2%2Fcategories&post=5363"},{"taxonomy":"post_tag","embeddable":true,"href":"https:\/\/infoelnuevonorte.com\/index.php?rest_route=%2Fwp%2Fv2%2Ftags&post=5363"}],"curies":[{"name":"wp","href":"https:\/\/api.w.org\/{rel}","templated":true}]}}