{"id":5706,"date":"2023-11-27T06:38:25","date_gmt":"2023-11-27T10:38:25","guid":{"rendered":"https:\/\/infoelnuevonorte.com\/?p=5706"},"modified":"2023-11-27T06:38:27","modified_gmt":"2023-11-27T10:38:27","slug":"raquel-pena-repetira-candidatura-a-la-vicepresidencia-por-el-prm","status":"publish","type":"post","link":"https:\/\/infoelnuevonorte.com\/?p=5706","title":{"rendered":"Raquel Pe\u00f1a repetir\u00e1 candidatura a la Vicepresidencia por el PRM"},"content":{"rendered":"<p style=\"text-align: justify;\">El presidente de la Rep\u00fablica, <strong>Luis Abinader<\/strong>, anunci\u00f3 que la vicemandataria, <strong>Raquel Pe\u00f1a<\/strong> le acompa\u00f1ar\u00e1 nuevamente en la boleta electoral como <strong>candidata a la vicepresidencia<\/strong> para las elecciones del 2024.<\/p>\n<p style=\"text-align: justify;\">Esta es la primera ocasi\u00f3n en la que Abinader se expresa acerca de quien ocupar\u00eda el lugar de la referida candidatura.<\/p>\n<p style=\"text-align: justify;\">Tras ser proclamado como candidato a la presidencia por el <strong>Partido Reformista Social Cristiano (PRSC)<\/strong>, el jefe de estado confirm\u00f3 que en esta proclamaci\u00f3n se encuentra incluida Raquel Pe\u00f1a.<\/p>\n<p style=\"text-align: justify;\">\u201dNuestra querida vicepresidenta y ya proclamada candidata tambi\u00e9n, Raquel Pe\u00f1a\u201d, manifest\u00f3 Abinader.\u00a0Pe\u00f1a, al escucharlo asinti\u00f3 de manera efusiva.<\/p>\n<p style=\"text-align: justify;\">El PRSC acept\u00f3 la selecci\u00f3n de Luis Abinader en octubre, como su candidato presidencial, cuya apuesta hab\u00eda hecho el <strong>Directorio Presidencial<\/strong> de la organizaci\u00f3n pol\u00edtica.<\/p>\n<p style=\"text-align: justify;\">Al ser proclamado por el Partido Reformista, el presidente indic\u00f3 que con mucha honra y mucho orgullo acept\u00f3 por segunda vez ser el candidato presidencial del PRSC en una alianza natural, donde no hay una voz disidente.<\/p>\n<p style=\"text-align: justify;\">Luis Abinader y Raquel Pe\u00f1a asistieron a la actividad realizada en el Coliseo Teo Cruz con <strong>Quique Ant\u00fan<\/strong> <strong>Batlle<\/strong> y <strong>Rogelio Genao<\/strong>, presidente y vicepresidente del PRSC, respectivamente.<\/p>\n<div class=\"code-block code-block-2 code-block-block-2 ai-track\" style=\"text-align: justify;\" data-ai=\"WzIsMCwiQmxvY2sgMiIsIiJd\"><a href=\"https:\/\/juntos.do\/\"><img loading=\"lazy\" decoding=\"async\" class=\"alignleft wp-image-136069 size-full\" src=\"https:\/\/n.com.do\/wp-content\/uploads\/2023\/10\/728x90.png&quot;\" alt=\"\" width=\"728\" height=\"90\" \/><\/a><\/div>\n","protected":false},"excerpt":{"rendered":"<p>El presidente de la Rep\u00fablica, Luis Abinader, anunci\u00f3 que la vicemandataria, Raquel Pe\u00f1a le acompa\u00f1ar\u00e1 nuevamente en la boleta electoral como candidata a la vicepresidencia para las elecciones del 2024. Esta es la primera ocasi\u00f3n en la que Abinader se expresa acerca de quien ocupar\u00eda el lugar de la referida candidatura. Tras ser proclamado como [&hellip;]<\/p>\n","protected":false},"author":1,"featured_media":0,"comment_status":"closed","ping_status":"open","sticky":false,"template":"","format":"standard","meta":{"footnotes":""},"categories":[2,8],"tags":[],"yoast_head":"<!-- This site is optimized with the Yoast SEO plugin v24.5 - https:\/\/yoast.com\/wordpress\/plugins\/seo\/ -->\n<title>Raquel Pe\u00f1a repetir\u00e1 candidatura a la Vicepresidencia por el PRM | El Nuevo Norte<\/title>\n<meta name=\"robots\" content=\"index, follow, max-snippet:-1, max-image-preview:large, max-video-preview:-1\" \/>\n<link rel=\"canonical\" href=\"https:\/\/infoelnuevonorte.com\/?p=5706\" \/>\n<meta property=\"og:locale\" content=\"es_ES\" \/>\n<meta property=\"og:type\" content=\"article\" \/>\n<meta property=\"og:title\" content=\"Raquel Pe\u00f1a repetir\u00e1 candidatura a la Vicepresidencia por el PRM | El Nuevo Norte\" \/>\n<meta property=\"og:description\" content=\"El presidente de la Rep\u00fablica, Luis Abinader, anunci\u00f3 que la vicemandataria, Raquel Pe\u00f1a le acompa\u00f1ar\u00e1 nuevamente en la boleta electoral como candidata a la vicepresidencia para las elecciones del 2024. Esta es la primera ocasi\u00f3n en la que Abinader se expresa acerca de quien ocupar\u00eda el lugar de la referida candidatura. Tras ser proclamado como [&hellip;]\" \/>\n<meta property=\"og:url\" content=\"https:\/\/infoelnuevonorte.com\/?p=5706\" \/>\n<meta property=\"og:site_name\" content=\"El Nuevo Norte\" \/>\n<meta property=\"article:publisher\" content=\"https:\/\/www.facebook.com\/infoenn\" \/>\n<meta property=\"article:published_time\" content=\"2023-11-27T10:38:25+00:00\" \/>\n<meta property=\"article:modified_time\" content=\"2023-11-27T10:38:27+00:00\" \/>\n<meta property=\"og:image\" content=\"https:\/\/infoelnuevonorte.com\/wp-content\/uploads\/2023\/11\/raquel-pena-1140x600-1.png\" \/>\n\t<meta property=\"og:image:width\" content=\"1140\" \/>\n\t<meta property=\"og:image:height\" content=\"600\" \/>\n\t<meta property=\"og:image:type\" content=\"image\/png\" \/>\n<meta name=\"author\" content=\"InfoEnn\" \/>\n<meta name=\"twitter:card\" content=\"summary_large_image\" \/>\n<meta name=\"twitter:creator\" content=\"@Elnuevo_norte\" \/>\n<meta name=\"twitter:site\" content=\"@Elnuevo_norte\" \/>\n<meta name=\"twitter:label1\" content=\"Written by\" \/>\n\t<meta name=\"twitter:data1\" content=\"InfoEnn\" \/>\n\t<meta name=\"twitter:label2\" content=\"Est. reading time\" \/>\n\t<meta name=\"twitter:data2\" content=\"2 minutos\" \/>\n<script type=\"application\/ld+json\" class=\"yoast-schema-graph\">{\"@context\":\"https:\/\/schema.org\",\"@graph\":[{\"@type\":\"Article\",\"@id\":\"https:\/\/infoelnuevonorte.com\/?p=5706#article\",\"isPartOf\":{\"@id\":\"https:\/\/infoelnuevonorte.com\/?p=5706\"},\"author\":{\"name\":\"InfoEnn\",\"@id\":\"https:\/\/infoelnuevonorte.com\/#\/schema\/person\/fd4f6d90afe41260818b4ea94ad8ab84\"},\"headline\":\"Raquel Pe\u00f1a repetir\u00e1 candidatura a la Vicepresidencia por el PRM\",\"datePublished\":\"2023-11-27T10:38:25+00:00\",\"dateModified\":\"2023-11-27T10:38:27+00:00\",\"mainEntityOfPage\":{\"@id\":\"https:\/\/infoelnuevonorte.com\/?p=5706\"},\"wordCount\":215,\"publisher\":{\"@id\":\"https:\/\/infoelnuevonorte.com\/#organization\"},\"image\":{\"@id\":\"https:\/\/infoelnuevonorte.com\/?p=5706#primaryimage\"},\"thumbnailUrl\":\"https:\/\/n.com.do\/wp-content\/uploads\/2023\/10\/728x90.png&quot;\",\"articleSection\":[\"Actualidad |\",\"Nacionales\"],\"inLanguage\":\"es-DO\"},{\"@type\":\"WebPage\",\"@id\":\"https:\/\/infoelnuevonorte.com\/?p=5706\",\"url\":\"https:\/\/infoelnuevonorte.com\/?p=5706\",\"name\":\"Raquel Pe\u00f1a repetir\u00e1 candidatura a la Vicepresidencia por el PRM | El Nuevo Norte\",\"isPartOf\":{\"@id\":\"https:\/\/infoelnuevonorte.com\/#website\"},\"primaryImageOfPage\":{\"@id\":\"https:\/\/infoelnuevonorte.com\/?p=5706#primaryimage\"},\"image\":{\"@id\":\"https:\/\/infoelnuevonorte.com\/?p=5706#primaryimage\"},\"thumbnailUrl\":\"https:\/\/n.com.do\/wp-content\/uploads\/2023\/10\/728x90.png&quot;\",\"datePublished\":\"2023-11-27T10:38:25+00:00\",\"dateModified\":\"2023-11-27T10:38:27+00:00\",\"breadcrumb\":{\"@id\":\"https:\/\/infoelnuevonorte.com\/?p=5706#breadcrumb\"},\"inLanguage\":\"es-DO\",\"potentialAction\":[{\"@type\":\"ReadAction\",\"target\":[\"https:\/\/infoelnuevonorte.com\/?p=5706\"]}]},{\"@type\":\"ImageObject\",\"inLanguage\":\"es-DO\",\"@id\":\"https:\/\/infoelnuevonorte.com\/?p=5706#primaryimage\",\"url\":\"https:\/\/n.com.do\/wp-content\/uploads\/2023\/10\/728x90.png&quot;\",\"contentUrl\":\"https:\/\/n.com.do\/wp-content\/uploads\/2023\/10\/728x90.png&quot;\"},{\"@type\":\"BreadcrumbList\",\"@id\":\"https:\/\/infoelnuevonorte.com\/?p=5706#breadcrumb\",\"itemListElement\":[{\"@type\":\"ListItem\",\"position\":1,\"name\":\"Home\",\"item\":\"https:\/\/infoelnuevonorte.com\/\"},{\"@type\":\"ListItem\",\"position\":2,\"name\":\"Raquel Pe\u00f1a repetir\u00e1 candidatura a la Vicepresidencia por el PRM\"}]},{\"@type\":\"WebSite\",\"@id\":\"https:\/\/infoelnuevonorte.com\/#website\",\"url\":\"https:\/\/infoelnuevonorte.com\/\",\"name\":\"InfoEnn\",\"description\":\"Tu Voz, tu Verdad, tu Diario!!!\",\"publisher\":{\"@id\":\"https:\/\/infoelnuevonorte.com\/#organization\"},\"alternateName\":\"El Nuevo Norte\",\"potentialAction\":[{\"@type\":\"SearchAction\",\"target\":{\"@type\":\"EntryPoint\",\"urlTemplate\":\"https:\/\/infoelnuevonorte.com\/?s={search_term_string}\"},\"query-input\":{\"@type\":\"PropertyValueSpecification\",\"valueRequired\":true,\"valueName\":\"search_term_string\"}}],\"inLanguage\":\"es-DO\"},{\"@type\":\"Organization\",\"@id\":\"https:\/\/infoelnuevonorte.com\/#organization\",\"name\":\"Info El Nuevo Norte\",\"alternateName\":\"El Nuevo Norte\",\"url\":\"https:\/\/infoelnuevonorte.com\/\",\"logo\":{\"@type\":\"ImageObject\",\"inLanguage\":\"es-DO\",\"@id\":\"https:\/\/infoelnuevonorte.com\/#\/schema\/logo\/image\/\",\"url\":\"https:\/\/infoelnuevonorte.com\/wp-content\/uploads\/2026\/02\/Logo-Info-enn-3d-20ani.jpeg\",\"contentUrl\":\"https:\/\/infoelnuevonorte.com\/wp-content\/uploads\/2026\/02\/Logo-Info-enn-3d-20ani.jpeg\",\"width\":2046,\"height\":736,\"caption\":\"Info El Nuevo Norte\"},\"image\":{\"@id\":\"https:\/\/infoelnuevonorte.com\/#\/schema\/logo\/image\/\"},\"sameAs\":[\"https:\/\/www.facebook.com\/infoenn\",\"https:\/\/x.com\/Elnuevo_norte\",\"https:\/\/www.instagram.com\/infoenn\",\"https:\/\/www.facebook.com\/ENNRD\"]},{\"@type\":\"Person\",\"@id\":\"https:\/\/infoelnuevonorte.com\/#\/schema\/person\/fd4f6d90afe41260818b4ea94ad8ab84\",\"name\":\"InfoEnn\",\"image\":{\"@type\":\"ImageObject\",\"inLanguage\":\"es-DO\",\"@id\":\"https:\/\/infoelnuevonorte.com\/#\/schema\/person\/image\/\",\"url\":\"https:\/\/secure.gravatar.com\/avatar\/d4d760a41a48ba9db0a82bfb63bb0783?s=96&d=robohash&r=g\",\"contentUrl\":\"https:\/\/secure.gravatar.com\/avatar\/d4d760a41a48ba9db0a82bfb63bb0783?s=96&d=robohash&r=g\",\"caption\":\"InfoEnn\"},\"sameAs\":[\"https:\/\/infoelnuevonorte.com\"],\"url\":\"https:\/\/infoelnuevonorte.com\/?author=1\"}]}<\/script>\n<!-- \/ Yoast SEO plugin. -->","yoast_head_json":{"title":"Raquel Pe\u00f1a repetir\u00e1 candidatura a la Vicepresidencia por el PRM | El Nuevo Norte","robots":{"index":"index","follow":"follow","max-snippet":"max-snippet:-1","max-image-preview":"max-image-preview:large","max-video-preview":"max-video-preview:-1"},"canonical":"https:\/\/infoelnuevonorte.com\/?p=5706","og_locale":"es_ES","og_type":"article","og_title":"Raquel Pe\u00f1a repetir\u00e1 candidatura a la Vicepresidencia por el PRM | El Nuevo Norte","og_description":"El presidente de la Rep\u00fablica, Luis Abinader, anunci\u00f3 que la vicemandataria, Raquel Pe\u00f1a le acompa\u00f1ar\u00e1 nuevamente en la boleta electoral como candidata a la vicepresidencia para las elecciones del 2024. Esta es la primera ocasi\u00f3n en la que Abinader se expresa acerca de quien ocupar\u00eda el lugar de la referida candidatura. Tras ser proclamado como [&hellip;]","og_url":"https:\/\/infoelnuevonorte.com\/?p=5706","og_site_name":"El Nuevo Norte","article_publisher":"https:\/\/www.facebook.com\/infoenn","article_published_time":"2023-11-27T10:38:25+00:00","article_modified_time":"2023-11-27T10:38:27+00:00","og_image":[{"width":1140,"height":600,"url":"https:\/\/infoelnuevonorte.com\/wp-content\/uploads\/2023\/11\/raquel-pena-1140x600-1.png","type":"image\/png"}],"author":"InfoEnn","twitter_card":"summary_large_image","twitter_creator":"@Elnuevo_norte","twitter_site":"@Elnuevo_norte","twitter_misc":{"Written by":"InfoEnn","Est. reading time":"2 minutos"},"schema":{"@context":"https:\/\/schema.org","@graph":[{"@type":"Article","@id":"https:\/\/infoelnuevonorte.com\/?p=5706#article","isPartOf":{"@id":"https:\/\/infoelnuevonorte.com\/?p=5706"},"author":{"name":"InfoEnn","@id":"https:\/\/infoelnuevonorte.com\/#\/schema\/person\/fd4f6d90afe41260818b4ea94ad8ab84"},"headline":"Raquel Pe\u00f1a repetir\u00e1 candidatura a la Vicepresidencia por el PRM","datePublished":"2023-11-27T10:38:25+00:00","dateModified":"2023-11-27T10:38:27+00:00","mainEntityOfPage":{"@id":"https:\/\/infoelnuevonorte.com\/?p=5706"},"wordCount":215,"publisher":{"@id":"https:\/\/infoelnuevonorte.com\/#organization"},"image":{"@id":"https:\/\/infoelnuevonorte.com\/?p=5706#primaryimage"},"thumbnailUrl":"https:\/\/n.com.do\/wp-content\/uploads\/2023\/10\/728x90.png&quot;","articleSection":["Actualidad |","Nacionales"],"inLanguage":"es-DO"},{"@type":"WebPage","@id":"https:\/\/infoelnuevonorte.com\/?p=5706","url":"https:\/\/infoelnuevonorte.com\/?p=5706","name":"Raquel Pe\u00f1a repetir\u00e1 candidatura a la Vicepresidencia por el PRM | El Nuevo Norte","isPartOf":{"@id":"https:\/\/infoelnuevonorte.com\/#website"},"primaryImageOfPage":{"@id":"https:\/\/infoelnuevonorte.com\/?p=5706#primaryimage"},"image":{"@id":"https:\/\/infoelnuevonorte.com\/?p=5706#primaryimage"},"thumbnailUrl":"https:\/\/n.com.do\/wp-content\/uploads\/2023\/10\/728x90.png&quot;","datePublished":"2023-11-27T10:38:25+00:00","dateModified":"2023-11-27T10:38:27+00:00","breadcrumb":{"@id":"https:\/\/infoelnuevonorte.com\/?p=5706#breadcrumb"},"inLanguage":"es-DO","potentialAction":[{"@type":"ReadAction","target":["https:\/\/infoelnuevonorte.com\/?p=5706"]}]},{"@type":"ImageObject","inLanguage":"es-DO","@id":"https:\/\/infoelnuevonorte.com\/?p=5706#primaryimage","url":"https:\/\/n.com.do\/wp-content\/uploads\/2023\/10\/728x90.png&quot;","contentUrl":"https:\/\/n.com.do\/wp-content\/uploads\/2023\/10\/728x90.png&quot;"},{"@type":"BreadcrumbList","@id":"https:\/\/infoelnuevonorte.com\/?p=5706#breadcrumb","itemListElement":[{"@type":"ListItem","position":1,"name":"Home","item":"https:\/\/infoelnuevonorte.com\/"},{"@type":"ListItem","position":2,"name":"Raquel Pe\u00f1a repetir\u00e1 candidatura a la Vicepresidencia por el PRM"}]},{"@type":"WebSite","@id":"https:\/\/infoelnuevonorte.com\/#website","url":"https:\/\/infoelnuevonorte.com\/","name":"InfoEnn","description":"Tu Voz, tu Verdad, tu Diario!!!","publisher":{"@id":"https:\/\/infoelnuevonorte.com\/#organization"},"alternateName":"El Nuevo Norte","potentialAction":[{"@type":"SearchAction","target":{"@type":"EntryPoint","urlTemplate":"https:\/\/infoelnuevonorte.com\/?s={search_term_string}"},"query-input":{"@type":"PropertyValueSpecification","valueRequired":true,"valueName":"search_term_string"}}],"inLanguage":"es-DO"},{"@type":"Organization","@id":"https:\/\/infoelnuevonorte.com\/#organization","name":"Info El Nuevo Norte","alternateName":"El Nuevo Norte","url":"https:\/\/infoelnuevonorte.com\/","logo":{"@type":"ImageObject","inLanguage":"es-DO","@id":"https:\/\/infoelnuevonorte.com\/#\/schema\/logo\/image\/","url":"https:\/\/infoelnuevonorte.com\/wp-content\/uploads\/2026\/02\/Logo-Info-enn-3d-20ani.jpeg","contentUrl":"https:\/\/infoelnuevonorte.com\/wp-content\/uploads\/2026\/02\/Logo-Info-enn-3d-20ani.jpeg","width":2046,"height":736,"caption":"Info El Nuevo Norte"},"image":{"@id":"https:\/\/infoelnuevonorte.com\/#\/schema\/logo\/image\/"},"sameAs":["https:\/\/www.facebook.com\/infoenn","https:\/\/x.com\/Elnuevo_norte","https:\/\/www.instagram.com\/infoenn","https:\/\/www.facebook.com\/ENNRD"]},{"@type":"Person","@id":"https:\/\/infoelnuevonorte.com\/#\/schema\/person\/fd4f6d90afe41260818b4ea94ad8ab84","name":"InfoEnn","image":{"@type":"ImageObject","inLanguage":"es-DO","@id":"https:\/\/infoelnuevonorte.com\/#\/schema\/person\/image\/","url":"https:\/\/secure.gravatar.com\/avatar\/d4d760a41a48ba9db0a82bfb63bb0783?s=96&d=robohash&r=g","contentUrl":"https:\/\/secure.gravatar.com\/avatar\/d4d760a41a48ba9db0a82bfb63bb0783?s=96&d=robohash&r=g","caption":"InfoEnn"},"sameAs":["https:\/\/infoelnuevonorte.com"],"url":"https:\/\/infoelnuevonorte.com\/?author=1"}]}},"_links":{"self":[{"href":"https:\/\/infoelnuevonorte.com\/index.php?rest_route=\/wp\/v2\/posts\/5706"}],"collection":[{"href":"https:\/\/infoelnuevonorte.com\/index.php?rest_route=\/wp\/v2\/posts"}],"about":[{"href":"https:\/\/infoelnuevonorte.com\/index.php?rest_route=\/wp\/v2\/types\/post"}],"author":[{"embeddable":true,"href":"https:\/\/infoelnuevonorte.com\/index.php?rest_route=\/wp\/v2\/users\/1"}],"replies":[{"embeddable":true,"href":"https:\/\/infoelnuevonorte.com\/index.php?rest_route=%2Fwp%2Fv2%2Fcomments&post=5706"}],"version-history":[{"count":0,"href":"https:\/\/infoelnuevonorte.com\/index.php?rest_route=\/wp\/v2\/posts\/5706\/revisions"}],"wp:attachment":[{"href":"https:\/\/infoelnuevonorte.com\/index.php?rest_route=%2Fwp%2Fv2%2Fmedia&parent=5706"}],"wp:term":[{"taxonomy":"category","embeddable":true,"href":"https:\/\/infoelnuevonorte.com\/index.php?rest_route=%2Fwp%2Fv2%2Fcategories&post=5706"},{"taxonomy":"post_tag","embeddable":true,"href":"https:\/\/infoelnuevonorte.com\/index.php?rest_route=%2Fwp%2Fv2%2Ftags&post=5706"}],"curies":[{"name":"wp","href":"https:\/\/api.w.org\/{rel}","templated":true}]}}