{"id":5709,"date":"2023-11-27T06:42:41","date_gmt":"2023-11-27T10:42:41","guid":{"rendered":"https:\/\/infoelnuevonorte.com\/?p=5709"},"modified":"2023-11-27T06:42:52","modified_gmt":"2023-11-27T10:42:52","slug":"obras-publicas-da-toques-finales-a-la-carretera-que-comunica-montecristi-y-puerto-plata","status":"publish","type":"post","link":"https:\/\/infoelnuevonorte.com\/?p=5709","title":{"rendered":"Obras P\u00fablicas da toques finales a la carretera que comunica Montecristi y Puerto Plata"},"content":{"rendered":"<p class=\"p1\" style=\"text-align: justify;\"><strong>Montecristi<\/strong>.- El ministro de Obras P\u00fablicas y Comunicaciones, Deligne Ascenci\u00f3n, inform\u00f3 que se dan los toques finales a la carretera La Ensenada-Villa Elisa, que une las provincias Puerto Plata y Montecristi, y que tiene una longitud de 23 kil\u00f3metros. La inversi\u00f3n realizada es por RD$800 millones.<\/p>\n<p class=\"p1\" style=\"text-align: justify;\"><span class=\"s1\">La carretera, que est\u00e1 siendo asfaltada en el kil\u00f3metro 17, tramo Punta Rucia-El Tiburcio, con dos carriles de 4.20 metros de ancho cada uno, cunetas a ambos lados, un puente caj\u00f3n de 19+160, con cinco cruces de alcantarillado.<\/span><\/p>\n<p class=\"p1\" style=\"text-align: justify;\"><span class=\"s1\">Tambi\u00e9n, cuenta con siete kil\u00f3metros de aceras y contenes, estabilizaci\u00f3n del suelo en todo el trayecto, y tendr\u00e1 se\u00f1alizaci\u00f3n horizontal y vertical.<\/span><\/p>\n<p class=\"p1\" style=\"text-align: justify;\"><span class=\"s1\">Ascenci\u00f3n, en compa\u00f1\u00eda de autoridades de ambas provincias y del MOPC, dijo que por instrucciones del presidente Luis Abinader realiz\u00f3 una visita de inspecci\u00f3n, a fin de evaluar y constatar los avances registrados en la obra.<\/span><\/p>\n<p class=\"p1\" style=\"text-align: justify;\"><span class=\"s1\">\u201cEstamos viendo el desarrollo de los trabajos que se est\u00e1n ejecutando y que estamos a punto de concluir una solicitud de las gobernadoras de Puerto Plata y Montecristi, debido a un compromiso del Presidente con estas comunidades, que nos instruy\u00f3 que deb\u00edamos proporcionar una v\u00eda segura entre Villa Elisa y La Ensenada, a los fines de potenciar el desarrollo tur\u00edstico y agropecuario de la zona\u201d, dijo.<\/span><\/p>\n<p class=\"p1\" style=\"text-align: justify;\"><span class=\"s1\">Explic\u00f3 que las comunidades que unen las dos provincias esperaron por a\u00f1os una soluci\u00f3n al problema de esa carretera, que ya pronto ser\u00e1 una realidad.<\/span><\/p>\n<p class=\"p1\" style=\"text-align: justify;\"><span class=\"s1\">\u201cEstas comunidades, como nos han testimoniado durante largos a\u00f1os, esperaron una soluci\u00f3n, que por fin ha llegado, y que estamos a pocas semanas para poder entregar una carretera con altos est\u00e1ndares de calidad y seguridad, que sin dudas contribuir\u00e1 al desarrollo de una de las zonas m\u00e1s hermosas que tiene Rep\u00fablica Dominicana, como lo es Punta Rucia-La Ensenada\u201d, destac\u00f3.<\/span><\/p>\n<p class=\"p1\" style=\"text-align: justify;\"><span class=\"s1\">Al mismo tiempo, Ascenci\u00f3n anunci\u00f3 que las carreteras Rancho Manuel y Estero Hondo estar\u00e1n listas para febrero del pr\u00f3ximo a\u00f1o.<\/span><\/p>\n<p class=\"p1\" style=\"text-align: justify;\"><span class=\"s1\">\u201cPara febrero o antes les estaremos dando una respuesta, y ya algunos de estos problemas que estas \u00e1reas que por a\u00f1os han estado pidiendo tendr\u00e1n ya una soluci\u00f3n, que se enmarca dentro de un conjunto de trabajo que a trav\u00e9s del MOPC se han venido realizando\u201d, dijo.<\/span><\/p>\n<p class=\"p1\" style=\"text-align: justify;\"><span class=\"s1\">Tanto la gobernadora de Puerto Plata, Claritza Rochtte Peralta, como la de Montecristi, Nelsy Cruz Mart\u00ednez, agradecieron al presidente Abinader y al ministro Ascenci\u00f3n por llevar soluciones a esas comunidades, que por a\u00f1os gobiernos anteriores ten\u00edan olvidadas.<\/span><\/p>\n<p class=\"p1\" style=\"text-align: justify;\"><span class=\"s1\">Rochtte Peralta explic\u00f3 que el desarrollo que ha tenido La Ensenada sin la terminaci\u00f3n de la carretera es visible. \u201cHemos visto el desarrollo sin terminar la carretera que ha tenido esa comunidad en estos \u00faltimos d\u00edas y en nuestro recorrido vemos la cantidad de inversi\u00f3n que hace la gente en esta zona\u201d, expres\u00f3.<\/span><\/p>\n<div class=\"google-auto-placed ap_container\"><ins class=\"adsbygoogle adsbygoogle-noablate\" data-ad-format=\"auto\" data-ad-client=\"ca-pub-9618313338287443\" data-adsbygoogle-status=\"done\" data-ad-status=\"filled\"><\/p>\n<div id=\"aswift_5_host\" tabindex=\"0\" title=\"Advertisement\" aria-label=\"Advertisement\">\n<p class=\"p1\" style=\"text-align: justify;\"><span class=\"s1\">La gobernadora de Montecristi, Nelsy Cruz, dijo que la zona que une las dos provincias era un lugar sepultado por anteriores gobiernos, que se hab\u00edan olvidado de esas comunidades.<\/span><\/p>\n<p class=\"p1\" style=\"text-align: justify;\"><span class=\"s1\">Explic\u00f3 que el gobierno, a trav\u00e9s del MOPC, ha construido distintas obras en la provincia de Montecristi.<\/span><\/p>\n<p class=\"p1\" style=\"text-align: justify;\"><span class=\"s1\">Comunitarios opinan:<\/span><\/p>\n<p class=\"p1\" style=\"text-align: justify;\"><span class=\"s1\">Juan Medina, dijo que la carretera Punta Rucia-La Ensenada era un sue\u00f1o de toda la vida de todos los comunitarios de la zona, ya que desde los a\u00f1os 60 cuando el primer gobierno del doctor Joaqu\u00edn Balaguer fue quemada y que ning\u00fan gobierno le hizo nada en todos estos a\u00f1os. <\/span><\/p>\n<p class=\"p1\" style=\"text-align: justify;\"><span class=\"s1\">\u201cEsto lleg\u00f3 a un extremo que era puro lodo y era intransitable, pero ya no hay hoyos y se nota el cambio, entre las comunidades que se benefician desde Punta Rucia-La ensenada, Villa Elisa, Tuburcio, El Papayo, Agua de la Palma, as\u00ed como el Copey, Agua de Luis, Los Derramaderos\u201d, afirm\u00f3 Medina. <\/span><\/p>\n<p class=\"p1\" style=\"text-align: justify;\"><span class=\"s1\">Marcia Basilio expres\u00f3 que el polvo que arropaba toda esa zona ten\u00eda a los comunitarios con enfermedades respiratorias permanentes.<\/span><\/p>\n<p class=\"p1\" style=\"text-align: justify;\"><span class=\"s1\">\u201cNosotros los cristianos est\u00e1bamos orando en cadena de oraci\u00f3n y dijimos este es el que la va hacer y ya est\u00e1 hecha, damos la honra a Dios y gracias al Presidente que valora la persona\u201d, dijo. <\/span><\/p>\n<p class=\"p1\" style=\"text-align: justify;\"><span class=\"s1\">En la comunidad del Tiburcio, C\u00e9lida Indiana N\u00fa\u00f1ez, expres\u00f3 que por m\u00e1s de 20 a\u00f1os esa carretera era una obra esperada por todos los comunitarios.<\/span><\/p>\n<p class=\"p1\" style=\"text-align: justify;\"><span class=\"s1\">\u201cCuando Leonel estaba ah\u00ed vino y quitaron el poco asfalto y dijeron que volver\u00edan y miren los a\u00f1os que han pasado, todo era lodo y los veh\u00edculos se quedaban cuando \u00edbamos a salir para una ciudad, pero gracias a Dios ya est\u00e1 la carretera y damos gracias a Dios y luego al MOPC\u201d, dijo. <\/span><\/p>\n<p class=\"p1\" style=\"text-align: justify;\"><span class=\"s1\">El ministro estuvo acompa\u00f1ado por el viceministro de Supervisi\u00f3n y Fiscalizaci\u00f3n de Obras, Roberto Herrera, el director regional Cibao Norte, Basilio Gonz\u00e1lez, director de la Comipol, general Rafael V\u00e1squez Esp\u00ednola, entre otros funcionarios.<\/span><\/p>\n<p class=\"p1\" style=\"text-align: justify;\"><span class=\"s1\">Direcci\u00f3n de Comunicaciones y Prensa<\/span><\/p>\n<\/div>\n<p><\/ins><\/div>\n","protected":false},"excerpt":{"rendered":"<p>Montecristi.- El ministro de Obras P\u00fablicas y Comunicaciones, Deligne Ascenci\u00f3n, inform\u00f3 que se dan los toques finales a la carretera La Ensenada-Villa Elisa, que une las provincias Puerto Plata y Montecristi, y que tiene una longitud de 23 kil\u00f3metros. La inversi\u00f3n realizada es por RD$800 millones. La carretera, que est\u00e1 siendo asfaltada en el kil\u00f3metro [&hellip;]<\/p>\n","protected":false},"author":1,"featured_media":0,"comment_status":"closed","ping_status":"open","sticky":false,"template":"","format":"standard","meta":{"footnotes":""},"categories":[2,5],"tags":[],"yoast_head":"<!-- This site is optimized with the Yoast SEO plugin v24.5 - https:\/\/yoast.com\/wordpress\/plugins\/seo\/ -->\n<title>Obras P\u00fablicas da toques finales a la carretera que comunica Montecristi y Puerto Plata | El Nuevo Norte<\/title>\n<meta name=\"robots\" content=\"index, follow, max-snippet:-1, max-image-preview:large, max-video-preview:-1\" \/>\n<link rel=\"canonical\" href=\"https:\/\/infoelnuevonorte.com\/?p=5709\" \/>\n<meta property=\"og:locale\" content=\"es_ES\" \/>\n<meta property=\"og:type\" content=\"article\" \/>\n<meta property=\"og:title\" content=\"Obras P\u00fablicas da toques finales a la carretera que comunica Montecristi y Puerto Plata | El Nuevo Norte\" \/>\n<meta property=\"og:description\" content=\"Montecristi.- El ministro de Obras P\u00fablicas y Comunicaciones, Deligne Ascenci\u00f3n, inform\u00f3 que se dan los toques finales a la carretera La Ensenada-Villa Elisa, que une las provincias Puerto Plata y Montecristi, y que tiene una longitud de 23 kil\u00f3metros. La inversi\u00f3n realizada es por RD$800 millones. La carretera, que est\u00e1 siendo asfaltada en el kil\u00f3metro [&hellip;]\" \/>\n<meta property=\"og:url\" content=\"https:\/\/infoelnuevonorte.com\/?p=5709\" \/>\n<meta property=\"og:site_name\" content=\"El Nuevo Norte\" \/>\n<meta property=\"article:publisher\" content=\"https:\/\/www.facebook.com\/infoenn\" \/>\n<meta property=\"article:published_time\" content=\"2023-11-27T10:42:41+00:00\" \/>\n<meta property=\"article:modified_time\" content=\"2023-11-27T10:42:52+00:00\" \/>\n<meta property=\"og:image\" content=\"https:\/\/infoelnuevonorte.com\/wp-content\/uploads\/2023\/11\/monte-pp-jpg.webp\" \/>\n\t<meta property=\"og:image:width\" content=\"1280\" \/>\n\t<meta property=\"og:image:height\" content=\"720\" \/>\n\t<meta property=\"og:image:type\" content=\"image\/jpeg\" \/>\n<meta name=\"author\" content=\"InfoEnn\" \/>\n<meta name=\"twitter:card\" content=\"summary_large_image\" \/>\n<meta name=\"twitter:creator\" content=\"@Elnuevo_norte\" \/>\n<meta name=\"twitter:site\" content=\"@Elnuevo_norte\" \/>\n<meta name=\"twitter:label1\" content=\"Written by\" \/>\n\t<meta name=\"twitter:data1\" content=\"InfoEnn\" \/>\n\t<meta name=\"twitter:label2\" content=\"Est. reading time\" \/>\n\t<meta name=\"twitter:data2\" content=\"4 minutos\" \/>\n<script type=\"application\/ld+json\" class=\"yoast-schema-graph\">{\"@context\":\"https:\/\/schema.org\",\"@graph\":[{\"@type\":\"Article\",\"@id\":\"https:\/\/infoelnuevonorte.com\/?p=5709#article\",\"isPartOf\":{\"@id\":\"https:\/\/infoelnuevonorte.com\/?p=5709\"},\"author\":{\"name\":\"InfoEnn\",\"@id\":\"https:\/\/infoelnuevonorte.com\/#\/schema\/person\/fd4f6d90afe41260818b4ea94ad8ab84\"},\"headline\":\"Obras P\u00fablicas da toques finales a la carretera que comunica Montecristi y Puerto Plata\",\"datePublished\":\"2023-11-27T10:42:41+00:00\",\"dateModified\":\"2023-11-27T10:42:52+00:00\",\"mainEntityOfPage\":{\"@id\":\"https:\/\/infoelnuevonorte.com\/?p=5709\"},\"wordCount\":845,\"publisher\":{\"@id\":\"https:\/\/infoelnuevonorte.com\/#organization\"},\"articleSection\":[\"Actualidad |\",\"Del Norte\"],\"inLanguage\":\"es-DO\"},{\"@type\":\"WebPage\",\"@id\":\"https:\/\/infoelnuevonorte.com\/?p=5709\",\"url\":\"https:\/\/infoelnuevonorte.com\/?p=5709\",\"name\":\"Obras P\u00fablicas da toques finales a la carretera que comunica Montecristi y Puerto Plata | El Nuevo Norte\",\"isPartOf\":{\"@id\":\"https:\/\/infoelnuevonorte.com\/#website\"},\"datePublished\":\"2023-11-27T10:42:41+00:00\",\"dateModified\":\"2023-11-27T10:42:52+00:00\",\"breadcrumb\":{\"@id\":\"https:\/\/infoelnuevonorte.com\/?p=5709#breadcrumb\"},\"inLanguage\":\"es-DO\",\"potentialAction\":[{\"@type\":\"ReadAction\",\"target\":[\"https:\/\/infoelnuevonorte.com\/?p=5709\"]}]},{\"@type\":\"BreadcrumbList\",\"@id\":\"https:\/\/infoelnuevonorte.com\/?p=5709#breadcrumb\",\"itemListElement\":[{\"@type\":\"ListItem\",\"position\":1,\"name\":\"Home\",\"item\":\"https:\/\/infoelnuevonorte.com\/\"},{\"@type\":\"ListItem\",\"position\":2,\"name\":\"Obras P\u00fablicas da toques finales a la carretera que comunica Montecristi y Puerto Plata\"}]},{\"@type\":\"WebSite\",\"@id\":\"https:\/\/infoelnuevonorte.com\/#website\",\"url\":\"https:\/\/infoelnuevonorte.com\/\",\"name\":\"InfoEnn\",\"description\":\"Tu Voz, tu Verdad, tu Diario!!!\",\"publisher\":{\"@id\":\"https:\/\/infoelnuevonorte.com\/#organization\"},\"alternateName\":\"El Nuevo Norte\",\"potentialAction\":[{\"@type\":\"SearchAction\",\"target\":{\"@type\":\"EntryPoint\",\"urlTemplate\":\"https:\/\/infoelnuevonorte.com\/?s={search_term_string}\"},\"query-input\":{\"@type\":\"PropertyValueSpecification\",\"valueRequired\":true,\"valueName\":\"search_term_string\"}}],\"inLanguage\":\"es-DO\"},{\"@type\":\"Organization\",\"@id\":\"https:\/\/infoelnuevonorte.com\/#organization\",\"name\":\"Info El Nuevo Norte\",\"alternateName\":\"El Nuevo Norte\",\"url\":\"https:\/\/infoelnuevonorte.com\/\",\"logo\":{\"@type\":\"ImageObject\",\"inLanguage\":\"es-DO\",\"@id\":\"https:\/\/infoelnuevonorte.com\/#\/schema\/logo\/image\/\",\"url\":\"https:\/\/infoelnuevonorte.com\/wp-content\/uploads\/2026\/02\/Logo-Info-enn-3d-20ani.jpeg\",\"contentUrl\":\"https:\/\/infoelnuevonorte.com\/wp-content\/uploads\/2026\/02\/Logo-Info-enn-3d-20ani.jpeg\",\"width\":2046,\"height\":736,\"caption\":\"Info El Nuevo Norte\"},\"image\":{\"@id\":\"https:\/\/infoelnuevonorte.com\/#\/schema\/logo\/image\/\"},\"sameAs\":[\"https:\/\/www.facebook.com\/infoenn\",\"https:\/\/x.com\/Elnuevo_norte\",\"https:\/\/www.instagram.com\/infoenn\",\"https:\/\/www.facebook.com\/ENNRD\"]},{\"@type\":\"Person\",\"@id\":\"https:\/\/infoelnuevonorte.com\/#\/schema\/person\/fd4f6d90afe41260818b4ea94ad8ab84\",\"name\":\"InfoEnn\",\"image\":{\"@type\":\"ImageObject\",\"inLanguage\":\"es-DO\",\"@id\":\"https:\/\/infoelnuevonorte.com\/#\/schema\/person\/image\/\",\"url\":\"https:\/\/secure.gravatar.com\/avatar\/d4d760a41a48ba9db0a82bfb63bb0783?s=96&d=robohash&r=g\",\"contentUrl\":\"https:\/\/secure.gravatar.com\/avatar\/d4d760a41a48ba9db0a82bfb63bb0783?s=96&d=robohash&r=g\",\"caption\":\"InfoEnn\"},\"sameAs\":[\"https:\/\/infoelnuevonorte.com\"],\"url\":\"https:\/\/infoelnuevonorte.com\/?author=1\"}]}<\/script>\n<!-- \/ Yoast SEO plugin. -->","yoast_head_json":{"title":"Obras P\u00fablicas da toques finales a la carretera que comunica Montecristi y Puerto Plata | El Nuevo Norte","robots":{"index":"index","follow":"follow","max-snippet":"max-snippet:-1","max-image-preview":"max-image-preview:large","max-video-preview":"max-video-preview:-1"},"canonical":"https:\/\/infoelnuevonorte.com\/?p=5709","og_locale":"es_ES","og_type":"article","og_title":"Obras P\u00fablicas da toques finales a la carretera que comunica Montecristi y Puerto Plata | El Nuevo Norte","og_description":"Montecristi.- El ministro de Obras P\u00fablicas y Comunicaciones, Deligne Ascenci\u00f3n, inform\u00f3 que se dan los toques finales a la carretera La Ensenada-Villa Elisa, que une las provincias Puerto Plata y Montecristi, y que tiene una longitud de 23 kil\u00f3metros. La inversi\u00f3n realizada es por RD$800 millones. La carretera, que est\u00e1 siendo asfaltada en el kil\u00f3metro [&hellip;]","og_url":"https:\/\/infoelnuevonorte.com\/?p=5709","og_site_name":"El Nuevo Norte","article_publisher":"https:\/\/www.facebook.com\/infoenn","article_published_time":"2023-11-27T10:42:41+00:00","article_modified_time":"2023-11-27T10:42:52+00:00","og_image":[{"width":1280,"height":720,"url":"https:\/\/infoelnuevonorte.com\/wp-content\/uploads\/2023\/11\/monte-pp-jpg.webp","type":"image\/jpeg"}],"author":"InfoEnn","twitter_card":"summary_large_image","twitter_creator":"@Elnuevo_norte","twitter_site":"@Elnuevo_norte","twitter_misc":{"Written by":"InfoEnn","Est. reading time":"4 minutos"},"schema":{"@context":"https:\/\/schema.org","@graph":[{"@type":"Article","@id":"https:\/\/infoelnuevonorte.com\/?p=5709#article","isPartOf":{"@id":"https:\/\/infoelnuevonorte.com\/?p=5709"},"author":{"name":"InfoEnn","@id":"https:\/\/infoelnuevonorte.com\/#\/schema\/person\/fd4f6d90afe41260818b4ea94ad8ab84"},"headline":"Obras P\u00fablicas da toques finales a la carretera que comunica Montecristi y Puerto Plata","datePublished":"2023-11-27T10:42:41+00:00","dateModified":"2023-11-27T10:42:52+00:00","mainEntityOfPage":{"@id":"https:\/\/infoelnuevonorte.com\/?p=5709"},"wordCount":845,"publisher":{"@id":"https:\/\/infoelnuevonorte.com\/#organization"},"articleSection":["Actualidad |","Del Norte"],"inLanguage":"es-DO"},{"@type":"WebPage","@id":"https:\/\/infoelnuevonorte.com\/?p=5709","url":"https:\/\/infoelnuevonorte.com\/?p=5709","name":"Obras P\u00fablicas da toques finales a la carretera que comunica Montecristi y Puerto Plata | El Nuevo Norte","isPartOf":{"@id":"https:\/\/infoelnuevonorte.com\/#website"},"datePublished":"2023-11-27T10:42:41+00:00","dateModified":"2023-11-27T10:42:52+00:00","breadcrumb":{"@id":"https:\/\/infoelnuevonorte.com\/?p=5709#breadcrumb"},"inLanguage":"es-DO","potentialAction":[{"@type":"ReadAction","target":["https:\/\/infoelnuevonorte.com\/?p=5709"]}]},{"@type":"BreadcrumbList","@id":"https:\/\/infoelnuevonorte.com\/?p=5709#breadcrumb","itemListElement":[{"@type":"ListItem","position":1,"name":"Home","item":"https:\/\/infoelnuevonorte.com\/"},{"@type":"ListItem","position":2,"name":"Obras P\u00fablicas da toques finales a la carretera que comunica Montecristi y Puerto Plata"}]},{"@type":"WebSite","@id":"https:\/\/infoelnuevonorte.com\/#website","url":"https:\/\/infoelnuevonorte.com\/","name":"InfoEnn","description":"Tu Voz, tu Verdad, tu Diario!!!","publisher":{"@id":"https:\/\/infoelnuevonorte.com\/#organization"},"alternateName":"El Nuevo Norte","potentialAction":[{"@type":"SearchAction","target":{"@type":"EntryPoint","urlTemplate":"https:\/\/infoelnuevonorte.com\/?s={search_term_string}"},"query-input":{"@type":"PropertyValueSpecification","valueRequired":true,"valueName":"search_term_string"}}],"inLanguage":"es-DO"},{"@type":"Organization","@id":"https:\/\/infoelnuevonorte.com\/#organization","name":"Info El Nuevo Norte","alternateName":"El Nuevo Norte","url":"https:\/\/infoelnuevonorte.com\/","logo":{"@type":"ImageObject","inLanguage":"es-DO","@id":"https:\/\/infoelnuevonorte.com\/#\/schema\/logo\/image\/","url":"https:\/\/infoelnuevonorte.com\/wp-content\/uploads\/2026\/02\/Logo-Info-enn-3d-20ani.jpeg","contentUrl":"https:\/\/infoelnuevonorte.com\/wp-content\/uploads\/2026\/02\/Logo-Info-enn-3d-20ani.jpeg","width":2046,"height":736,"caption":"Info El Nuevo Norte"},"image":{"@id":"https:\/\/infoelnuevonorte.com\/#\/schema\/logo\/image\/"},"sameAs":["https:\/\/www.facebook.com\/infoenn","https:\/\/x.com\/Elnuevo_norte","https:\/\/www.instagram.com\/infoenn","https:\/\/www.facebook.com\/ENNRD"]},{"@type":"Person","@id":"https:\/\/infoelnuevonorte.com\/#\/schema\/person\/fd4f6d90afe41260818b4ea94ad8ab84","name":"InfoEnn","image":{"@type":"ImageObject","inLanguage":"es-DO","@id":"https:\/\/infoelnuevonorte.com\/#\/schema\/person\/image\/","url":"https:\/\/secure.gravatar.com\/avatar\/d4d760a41a48ba9db0a82bfb63bb0783?s=96&d=robohash&r=g","contentUrl":"https:\/\/secure.gravatar.com\/avatar\/d4d760a41a48ba9db0a82bfb63bb0783?s=96&d=robohash&r=g","caption":"InfoEnn"},"sameAs":["https:\/\/infoelnuevonorte.com"],"url":"https:\/\/infoelnuevonorte.com\/?author=1"}]}},"_links":{"self":[{"href":"https:\/\/infoelnuevonorte.com\/index.php?rest_route=\/wp\/v2\/posts\/5709"}],"collection":[{"href":"https:\/\/infoelnuevonorte.com\/index.php?rest_route=\/wp\/v2\/posts"}],"about":[{"href":"https:\/\/infoelnuevonorte.com\/index.php?rest_route=\/wp\/v2\/types\/post"}],"author":[{"embeddable":true,"href":"https:\/\/infoelnuevonorte.com\/index.php?rest_route=\/wp\/v2\/users\/1"}],"replies":[{"embeddable":true,"href":"https:\/\/infoelnuevonorte.com\/index.php?rest_route=%2Fwp%2Fv2%2Fcomments&post=5709"}],"version-history":[{"count":0,"href":"https:\/\/infoelnuevonorte.com\/index.php?rest_route=\/wp\/v2\/posts\/5709\/revisions"}],"wp:attachment":[{"href":"https:\/\/infoelnuevonorte.com\/index.php?rest_route=%2Fwp%2Fv2%2Fmedia&parent=5709"}],"wp:term":[{"taxonomy":"category","embeddable":true,"href":"https:\/\/infoelnuevonorte.com\/index.php?rest_route=%2Fwp%2Fv2%2Fcategories&post=5709"},{"taxonomy":"post_tag","embeddable":true,"href":"https:\/\/infoelnuevonorte.com\/index.php?rest_route=%2Fwp%2Fv2%2Ftags&post=5709"}],"curies":[{"name":"wp","href":"https:\/\/api.w.org\/{rel}","templated":true}]}}