{"id":57387,"date":"2024-10-10T12:00:20","date_gmt":"2024-10-10T16:00:20","guid":{"rendered":"https:\/\/infoelnuevonorte.com\/?p=57387"},"modified":"2024-10-10T12:00:21","modified_gmt":"2024-10-10T16:00:21","slug":"dia-mundial-de-la-vision-una-oportunidad-para-concienciar-sobre-las-revisiones-oftalmologicas","status":"publish","type":"post","link":"https:\/\/infoelnuevonorte.com\/?p=57387","title":{"rendered":"D\u00eda Mundial de la Visi\u00f3n: una oportunidad para concienciar sobre las revisiones oftalmol\u00f3gicas"},"content":{"rendered":"\n<p><a href=\"https:\/\/deultimominuto.net\/category\/estilo\/\"><\/a><\/p>\n\n\n<div class=\"td_block_wrap tdb_single_content tdi_370 td-pb-border-top td_block_template_1 td-post-content tagdiv-type\" data-td-block-uid=\"tdi_370\">\n<div class=\"tdb-block-inner td-fix-index\">\n<!--[if lt IE 9]><script>document.createElement('audio');<\/script><![endif]-->\n<audio class=\"wp-audio-shortcode\" id=\"audio-57387-1\" preload=\"none\" style=\"width: 100%;\" controls=\"controls\"><source type=\"audio\/mpeg\" src=\"https:\/\/infoelnuevonorte.com\/wp-content\/uploads\/2024\/10\/ttsmaker-vip-file-2024-10-10-11-59-2.mp3?_=1\" \/><a href=\"https:\/\/infoelnuevonorte.com\/wp-content\/uploads\/2024\/10\/ttsmaker-vip-file-2024-10-10-11-59-2.mp3\">https:\/\/infoelnuevonorte.com\/wp-content\/uploads\/2024\/10\/ttsmaker-vip-file-2024-10-10-11-59-2.mp3<\/a><\/audio>\n<p style=\"text-align: justify\">Santo Domingo, octubre del 2024.- En el marco del\u00a0<strong>D\u00eda Mundial de la Visi\u00f3n<\/strong>, la doctora\u00a0<strong>Katherine Rivera,\u00a0<\/strong>especialista en glaucoma, segmento anterior y cirug\u00eda de catarata del Instituto Espaillat Cabral, destaca la importancia de la prevenci\u00f3n y el cuidado ocular para reducir el impacto de las enfermedades visuales que afectan a millones de personas en todo el mundo.<\/p>\n<p style=\"text-align: justify\">En palabras de la Dra. Rivera: \u00abNuestro principal enfoque es crear conciencia sobre la importancia de revisiones peri\u00f3dicas, ya que la prevenci\u00f3n puede marcar la diferencia entre mantener una buena calidad de vida o enfrentar una discapacidad visual irreversible.<\/p>\n<p style=\"text-align: justify\">\u00abUno de los principales problemas visuales que afecta a una importante parte de la poblaci\u00f3n mundial es el glaucoma, una enfermedad silenciosa que da\u00f1a el nervio \u00f3ptico y puede llevar a la ceguera irreversible si no es tratada a tiempo. Aunque no presenta s\u00edntomas evidentes en sus primeras etapas, puede ser detectada y controlada mediante chequeos oftalmol\u00f3gicos regulares.\u00bbEl glaucoma es conocido como el \u2018ladr\u00f3n silencioso de la visi\u00f3n\u2019, ya que no presenta s\u00edntomas hasta que el da\u00f1o es significativo,\u00bb a\u00f1ade la Dra. Rivera.<\/p>\n<p style=\"text-align: justify\">\u00abEl diagn\u00f3stico temprano es esencial para preservar la visi\u00f3n y prevenir complicaciones mayores.\u00bb<\/p>\n<p style=\"text-align: justify\">En este sentido, la Dra. Rivera insiste en que las personas, especialmente aquellas con factores de riesgo como antecedentes familiares, hipertensi\u00f3n o diabetes, se realicen chequeos oftalmol\u00f3gicos regulares.<\/p>\n<p style=\"text-align: justify\">Estas revisiones pueden detectar cambios tempranos en la presi\u00f3n ocular y el estado del nervio \u00f3ptico, permitiendo iniciar tratamientos que pueden evitar el progreso de la enfermedad.<\/p>\n<p style=\"text-align: justify\">El D\u00eda Mundial de la Visi\u00f3n es una oportunidad para recordar la importancia de cuidar los ojos y mantener una salud visual \u00f3ptima.<\/p>\n<p style=\"text-align: justify\">La prevenci\u00f3n y la educaci\u00f3n son herramientas fundamentales para reducir el impacto de las enfermedades oculares en la sociedad. Al adoptar h\u00e1bitos saludables y realizar chequeos peri\u00f3dicos, es posible mejorar la calidad de vida y prevenir la p\u00e9rdida de visi\u00f3n.<\/p>\n<\/div>\n<\/div>\n<div class=\"td_block_wrap tdb_single_tags tdi_371 td-pb-border-top td_block_template_1\" style=\"text-align: justify\" data-td-block-uid=\"tdi_371\">\u00a0<\/div>","protected":false},"excerpt":{"rendered":"<p>Santo Domingo, octubre del 2024.- En el marco del\u00a0D\u00eda Mundial de la Visi\u00f3n, la doctora\u00a0Katherine Rivera,\u00a0especialista en glaucoma, segmento anterior y cirug\u00eda de catarata del Instituto Espaillat Cabral, destaca la importancia de la prevenci\u00f3n y el cuidado ocular para reducir el impacto de las enfermedades visuales que afectan a millones de personas en todo el [&hellip;]<\/p>\n","protected":false},"author":2,"featured_media":0,"comment_status":"closed","ping_status":"open","sticky":false,"template":"","format":"standard","meta":{"footnotes":""},"categories":[88],"tags":[],"yoast_head":"<!-- This site is optimized with the Yoast SEO plugin v24.5 - https:\/\/yoast.com\/wordpress\/plugins\/seo\/ -->\n<title>D\u00eda Mundial de la Visi\u00f3n: una oportunidad para concienciar sobre las revisiones oftalmol\u00f3gicas | El Nuevo Norte<\/title>\n<meta name=\"robots\" content=\"index, follow, max-snippet:-1, max-image-preview:large, max-video-preview:-1\" \/>\n<link rel=\"canonical\" href=\"https:\/\/infoelnuevonorte.com\/?p=57387\" \/>\n<meta property=\"og:locale\" content=\"es_ES\" \/>\n<meta property=\"og:type\" content=\"article\" \/>\n<meta property=\"og:title\" content=\"D\u00eda Mundial de la Visi\u00f3n: una oportunidad para concienciar sobre las revisiones oftalmol\u00f3gicas | El Nuevo Norte\" \/>\n<meta property=\"og:description\" content=\"Santo Domingo, octubre del 2024.- En el marco del\u00a0D\u00eda Mundial de la Visi\u00f3n, la doctora\u00a0Katherine Rivera,\u00a0especialista en glaucoma, segmento anterior y cirug\u00eda de catarata del Instituto Espaillat Cabral, destaca la importancia de la prevenci\u00f3n y el cuidado ocular para reducir el impacto de las enfermedades visuales que afectan a millones de personas en todo el [&hellip;]\" \/>\n<meta property=\"og:url\" content=\"https:\/\/infoelnuevonorte.com\/?p=57387\" \/>\n<meta property=\"og:site_name\" content=\"El Nuevo Norte\" \/>\n<meta property=\"article:publisher\" content=\"https:\/\/www.facebook.com\/infoenn\" \/>\n<meta property=\"article:published_time\" content=\"2024-10-10T16:00:20+00:00\" \/>\n<meta property=\"article:modified_time\" content=\"2024-10-10T16:00:21+00:00\" \/>\n<meta property=\"og:image\" content=\"https:\/\/infoelnuevonorte.com\/wp-content\/uploads\/2024\/10\/descarga-2024-10-10T115754.711-png.webp\" \/>\n\t<meta property=\"og:image:width\" content=\"720\" \/>\n\t<meta property=\"og:image:height\" content=\"540\" \/>\n\t<meta property=\"og:image:type\" content=\"image\/png\" \/>\n<meta name=\"author\" content=\"T. R.\" \/>\n<meta name=\"twitter:card\" content=\"summary_large_image\" \/>\n<meta name=\"twitter:creator\" content=\"@Elnuevo_norte\" \/>\n<meta name=\"twitter:site\" content=\"@Elnuevo_norte\" \/>\n<meta name=\"twitter:label1\" content=\"Written by\" \/>\n\t<meta name=\"twitter:data1\" content=\"T. R.\" \/>\n\t<meta name=\"twitter:label2\" content=\"Est. reading time\" \/>\n\t<meta name=\"twitter:data2\" content=\"2 minutos\" \/>\n<script type=\"application\/ld+json\" class=\"yoast-schema-graph\">{\"@context\":\"https:\/\/schema.org\",\"@graph\":[{\"@type\":\"Article\",\"@id\":\"https:\/\/infoelnuevonorte.com\/?p=57387#article\",\"isPartOf\":{\"@id\":\"https:\/\/infoelnuevonorte.com\/?p=57387\"},\"author\":{\"name\":\"T. R.\",\"@id\":\"https:\/\/infoelnuevonorte.com\/#\/schema\/person\/3accb35eb55f55e96c492b52d085a403\"},\"headline\":\"D\u00eda Mundial de la Visi\u00f3n: una oportunidad para concienciar sobre las revisiones oftalmol\u00f3gicas\",\"datePublished\":\"2024-10-10T16:00:20+00:00\",\"dateModified\":\"2024-10-10T16:00:21+00:00\",\"mainEntityOfPage\":{\"@id\":\"https:\/\/infoelnuevonorte.com\/?p=57387\"},\"wordCount\":372,\"publisher\":{\"@id\":\"https:\/\/infoelnuevonorte.com\/#organization\"},\"articleSection\":[\"Vida &amp; Estilo\"],\"inLanguage\":\"es-DO\"},{\"@type\":\"WebPage\",\"@id\":\"https:\/\/infoelnuevonorte.com\/?p=57387\",\"url\":\"https:\/\/infoelnuevonorte.com\/?p=57387\",\"name\":\"D\u00eda Mundial de la Visi\u00f3n: una oportunidad para concienciar sobre las revisiones oftalmol\u00f3gicas | El Nuevo Norte\",\"isPartOf\":{\"@id\":\"https:\/\/infoelnuevonorte.com\/#website\"},\"datePublished\":\"2024-10-10T16:00:20+00:00\",\"dateModified\":\"2024-10-10T16:00:21+00:00\",\"breadcrumb\":{\"@id\":\"https:\/\/infoelnuevonorte.com\/?p=57387#breadcrumb\"},\"inLanguage\":\"es-DO\",\"potentialAction\":[{\"@type\":\"ReadAction\",\"target\":[\"https:\/\/infoelnuevonorte.com\/?p=57387\"]}]},{\"@type\":\"BreadcrumbList\",\"@id\":\"https:\/\/infoelnuevonorte.com\/?p=57387#breadcrumb\",\"itemListElement\":[{\"@type\":\"ListItem\",\"position\":1,\"name\":\"Home\",\"item\":\"https:\/\/infoelnuevonorte.com\/\"},{\"@type\":\"ListItem\",\"position\":2,\"name\":\"D\u00eda Mundial de la Visi\u00f3n: una oportunidad para concienciar sobre las revisiones oftalmol\u00f3gicas\"}]},{\"@type\":\"WebSite\",\"@id\":\"https:\/\/infoelnuevonorte.com\/#website\",\"url\":\"https:\/\/infoelnuevonorte.com\/\",\"name\":\"InfoEnn\",\"description\":\"Tu Voz, tu Verdad, tu Diario!!!\",\"publisher\":{\"@id\":\"https:\/\/infoelnuevonorte.com\/#organization\"},\"alternateName\":\"El Nuevo Norte\",\"potentialAction\":[{\"@type\":\"SearchAction\",\"target\":{\"@type\":\"EntryPoint\",\"urlTemplate\":\"https:\/\/infoelnuevonorte.com\/?s={search_term_string}\"},\"query-input\":{\"@type\":\"PropertyValueSpecification\",\"valueRequired\":true,\"valueName\":\"search_term_string\"}}],\"inLanguage\":\"es-DO\"},{\"@type\":\"Organization\",\"@id\":\"https:\/\/infoelnuevonorte.com\/#organization\",\"name\":\"Info El Nuevo Norte\",\"alternateName\":\"El Nuevo Norte\",\"url\":\"https:\/\/infoelnuevonorte.com\/\",\"logo\":{\"@type\":\"ImageObject\",\"inLanguage\":\"es-DO\",\"@id\":\"https:\/\/infoelnuevonorte.com\/#\/schema\/logo\/image\/\",\"url\":\"https:\/\/infoelnuevonorte.com\/wp-content\/uploads\/2026\/02\/Logo-Info-enn-3d-20ani.jpeg\",\"contentUrl\":\"https:\/\/infoelnuevonorte.com\/wp-content\/uploads\/2026\/02\/Logo-Info-enn-3d-20ani.jpeg\",\"width\":2046,\"height\":736,\"caption\":\"Info El Nuevo Norte\"},\"image\":{\"@id\":\"https:\/\/infoelnuevonorte.com\/#\/schema\/logo\/image\/\"},\"sameAs\":[\"https:\/\/www.facebook.com\/infoenn\",\"https:\/\/x.com\/Elnuevo_norte\",\"https:\/\/www.instagram.com\/infoenn\",\"https:\/\/www.facebook.com\/ENNRD\"]},{\"@type\":\"Person\",\"@id\":\"https:\/\/infoelnuevonorte.com\/#\/schema\/person\/3accb35eb55f55e96c492b52d085a403\",\"name\":\"T. R.\",\"image\":{\"@type\":\"ImageObject\",\"inLanguage\":\"es-DO\",\"@id\":\"https:\/\/infoelnuevonorte.com\/#\/schema\/person\/image\/\",\"url\":\"https:\/\/secure.gravatar.com\/avatar\/40543a038bda97abdb765b1662e9677d?s=96&d=robohash&r=g\",\"contentUrl\":\"https:\/\/secure.gravatar.com\/avatar\/40543a038bda97abdb765b1662e9677d?s=96&d=robohash&r=g\",\"caption\":\"T. R.\"},\"url\":\"https:\/\/infoelnuevonorte.com\/?author=2\"}]}<\/script>\n<!-- \/ Yoast SEO plugin. -->","yoast_head_json":{"title":"D\u00eda Mundial de la Visi\u00f3n: una oportunidad para concienciar sobre las revisiones oftalmol\u00f3gicas | El Nuevo Norte","robots":{"index":"index","follow":"follow","max-snippet":"max-snippet:-1","max-image-preview":"max-image-preview:large","max-video-preview":"max-video-preview:-1"},"canonical":"https:\/\/infoelnuevonorte.com\/?p=57387","og_locale":"es_ES","og_type":"article","og_title":"D\u00eda Mundial de la Visi\u00f3n: una oportunidad para concienciar sobre las revisiones oftalmol\u00f3gicas | El Nuevo Norte","og_description":"Santo Domingo, octubre del 2024.- En el marco del\u00a0D\u00eda Mundial de la Visi\u00f3n, la doctora\u00a0Katherine Rivera,\u00a0especialista en glaucoma, segmento anterior y cirug\u00eda de catarata del Instituto Espaillat Cabral, destaca la importancia de la prevenci\u00f3n y el cuidado ocular para reducir el impacto de las enfermedades visuales que afectan a millones de personas en todo el [&hellip;]","og_url":"https:\/\/infoelnuevonorte.com\/?p=57387","og_site_name":"El Nuevo Norte","article_publisher":"https:\/\/www.facebook.com\/infoenn","article_published_time":"2024-10-10T16:00:20+00:00","article_modified_time":"2024-10-10T16:00:21+00:00","og_image":[{"width":720,"height":540,"url":"https:\/\/infoelnuevonorte.com\/wp-content\/uploads\/2024\/10\/descarga-2024-10-10T115754.711-png.webp","type":"image\/png"}],"author":"T. R.","twitter_card":"summary_large_image","twitter_creator":"@Elnuevo_norte","twitter_site":"@Elnuevo_norte","twitter_misc":{"Written by":"T. R.","Est. reading time":"2 minutos"},"schema":{"@context":"https:\/\/schema.org","@graph":[{"@type":"Article","@id":"https:\/\/infoelnuevonorte.com\/?p=57387#article","isPartOf":{"@id":"https:\/\/infoelnuevonorte.com\/?p=57387"},"author":{"name":"T. R.","@id":"https:\/\/infoelnuevonorte.com\/#\/schema\/person\/3accb35eb55f55e96c492b52d085a403"},"headline":"D\u00eda Mundial de la Visi\u00f3n: una oportunidad para concienciar sobre las revisiones oftalmol\u00f3gicas","datePublished":"2024-10-10T16:00:20+00:00","dateModified":"2024-10-10T16:00:21+00:00","mainEntityOfPage":{"@id":"https:\/\/infoelnuevonorte.com\/?p=57387"},"wordCount":372,"publisher":{"@id":"https:\/\/infoelnuevonorte.com\/#organization"},"articleSection":["Vida &amp; Estilo"],"inLanguage":"es-DO"},{"@type":"WebPage","@id":"https:\/\/infoelnuevonorte.com\/?p=57387","url":"https:\/\/infoelnuevonorte.com\/?p=57387","name":"D\u00eda Mundial de la Visi\u00f3n: una oportunidad para concienciar sobre las revisiones oftalmol\u00f3gicas | El Nuevo Norte","isPartOf":{"@id":"https:\/\/infoelnuevonorte.com\/#website"},"datePublished":"2024-10-10T16:00:20+00:00","dateModified":"2024-10-10T16:00:21+00:00","breadcrumb":{"@id":"https:\/\/infoelnuevonorte.com\/?p=57387#breadcrumb"},"inLanguage":"es-DO","potentialAction":[{"@type":"ReadAction","target":["https:\/\/infoelnuevonorte.com\/?p=57387"]}]},{"@type":"BreadcrumbList","@id":"https:\/\/infoelnuevonorte.com\/?p=57387#breadcrumb","itemListElement":[{"@type":"ListItem","position":1,"name":"Home","item":"https:\/\/infoelnuevonorte.com\/"},{"@type":"ListItem","position":2,"name":"D\u00eda Mundial de la Visi\u00f3n: una oportunidad para concienciar sobre las revisiones oftalmol\u00f3gicas"}]},{"@type":"WebSite","@id":"https:\/\/infoelnuevonorte.com\/#website","url":"https:\/\/infoelnuevonorte.com\/","name":"InfoEnn","description":"Tu Voz, tu Verdad, tu Diario!!!","publisher":{"@id":"https:\/\/infoelnuevonorte.com\/#organization"},"alternateName":"El Nuevo Norte","potentialAction":[{"@type":"SearchAction","target":{"@type":"EntryPoint","urlTemplate":"https:\/\/infoelnuevonorte.com\/?s={search_term_string}"},"query-input":{"@type":"PropertyValueSpecification","valueRequired":true,"valueName":"search_term_string"}}],"inLanguage":"es-DO"},{"@type":"Organization","@id":"https:\/\/infoelnuevonorte.com\/#organization","name":"Info El Nuevo Norte","alternateName":"El Nuevo Norte","url":"https:\/\/infoelnuevonorte.com\/","logo":{"@type":"ImageObject","inLanguage":"es-DO","@id":"https:\/\/infoelnuevonorte.com\/#\/schema\/logo\/image\/","url":"https:\/\/infoelnuevonorte.com\/wp-content\/uploads\/2026\/02\/Logo-Info-enn-3d-20ani.jpeg","contentUrl":"https:\/\/infoelnuevonorte.com\/wp-content\/uploads\/2026\/02\/Logo-Info-enn-3d-20ani.jpeg","width":2046,"height":736,"caption":"Info El Nuevo Norte"},"image":{"@id":"https:\/\/infoelnuevonorte.com\/#\/schema\/logo\/image\/"},"sameAs":["https:\/\/www.facebook.com\/infoenn","https:\/\/x.com\/Elnuevo_norte","https:\/\/www.instagram.com\/infoenn","https:\/\/www.facebook.com\/ENNRD"]},{"@type":"Person","@id":"https:\/\/infoelnuevonorte.com\/#\/schema\/person\/3accb35eb55f55e96c492b52d085a403","name":"T. R.","image":{"@type":"ImageObject","inLanguage":"es-DO","@id":"https:\/\/infoelnuevonorte.com\/#\/schema\/person\/image\/","url":"https:\/\/secure.gravatar.com\/avatar\/40543a038bda97abdb765b1662e9677d?s=96&d=robohash&r=g","contentUrl":"https:\/\/secure.gravatar.com\/avatar\/40543a038bda97abdb765b1662e9677d?s=96&d=robohash&r=g","caption":"T. R."},"url":"https:\/\/infoelnuevonorte.com\/?author=2"}]}},"_links":{"self":[{"href":"https:\/\/infoelnuevonorte.com\/index.php?rest_route=\/wp\/v2\/posts\/57387"}],"collection":[{"href":"https:\/\/infoelnuevonorte.com\/index.php?rest_route=\/wp\/v2\/posts"}],"about":[{"href":"https:\/\/infoelnuevonorte.com\/index.php?rest_route=\/wp\/v2\/types\/post"}],"author":[{"embeddable":true,"href":"https:\/\/infoelnuevonorte.com\/index.php?rest_route=\/wp\/v2\/users\/2"}],"replies":[{"embeddable":true,"href":"https:\/\/infoelnuevonorte.com\/index.php?rest_route=%2Fwp%2Fv2%2Fcomments&post=57387"}],"version-history":[{"count":0,"href":"https:\/\/infoelnuevonorte.com\/index.php?rest_route=\/wp\/v2\/posts\/57387\/revisions"}],"wp:attachment":[{"href":"https:\/\/infoelnuevonorte.com\/index.php?rest_route=%2Fwp%2Fv2%2Fmedia&parent=57387"}],"wp:term":[{"taxonomy":"category","embeddable":true,"href":"https:\/\/infoelnuevonorte.com\/index.php?rest_route=%2Fwp%2Fv2%2Fcategories&post=57387"},{"taxonomy":"post_tag","embeddable":true,"href":"https:\/\/infoelnuevonorte.com\/index.php?rest_route=%2Fwp%2Fv2%2Ftags&post=57387"}],"curies":[{"name":"wp","href":"https:\/\/api.w.org\/{rel}","templated":true}]}}