{"id":57926,"date":"2024-10-12T20:56:43","date_gmt":"2024-10-13T00:56:43","guid":{"rendered":"https:\/\/infoelnuevonorte.com\/?p=57926"},"modified":"2024-10-12T20:56:44","modified_gmt":"2024-10-13T00:56:44","slug":"maduro-pide-a-los-milicianos-indigenas-estar-bien-armados-para-defender-la-paz","status":"publish","type":"post","link":"https:\/\/infoelnuevonorte.com\/?p=57926","title":{"rendered":"Maduro pide a los \u00abmilicianos\u00bb ind\u00edgenas estar \u00abbien armados\u00bb para defender \u00abla paz\u00bb"},"content":{"rendered":"\n<p><a href=\"https:\/\/deultimominuto.net\/category\/internacionales\/\"><\/a><\/p>\n\n\n<div class=\"td_block_wrap tdb_single_content tdi_370 td-pb-border-top td_block_template_1 td-post-content tagdiv-type\" data-td-block-uid=\"tdi_370\">\n<div class=\"tdb-block-inner td-fix-index\">\n<!--[if lt IE 9]><script>document.createElement('audio');<\/script><![endif]-->\n<audio class=\"wp-audio-shortcode\" id=\"audio-57926-1\" preload=\"none\" style=\"width: 100%;\" controls=\"controls\"><source type=\"audio\/mpeg\" src=\"https:\/\/infoelnuevonorte.com\/wp-content\/uploads\/2024\/10\/ttsmaker-vip-file-2024-10-12-20-55-22.mp3?_=1\" \/><a href=\"https:\/\/infoelnuevonorte.com\/wp-content\/uploads\/2024\/10\/ttsmaker-vip-file-2024-10-12-20-55-22.mp3\">https:\/\/infoelnuevonorte.com\/wp-content\/uploads\/2024\/10\/ttsmaker-vip-file-2024-10-12-20-55-22.mp3<\/a><\/audio>\n<p style=\"text-align: justify\"><strong>Caracas.<\/strong>\u2013 El presidente de Venezuela, Nicol\u00e1s Maduro, inst\u00f3 este s\u00e1bado a los \u00ab<strong>milicianos\u00bb<\/strong>\u00a0ind\u00edgenas a estar \u00ab<strong>bien armados\u00bb<\/strong>\u00a0para defender\u00a0<strong>\u00abla paz y la convivencia\u00bb<\/strong>\u00a0del pa\u00eds caribe\u00f1o, en un acto con motivo de los 532 a\u00f1os de la<strong>\u00a0\u00abresistencia\u00bb<\/strong>\u00a0de los pueblos originarios frente a<strong>\u00a0\u00abla invasi\u00f3n\u00bb\u00a0<\/strong>de Espa\u00f1a.<\/p>\n<p style=\"text-align: justify\"><strong>\u00abTenemos que consolidar la Milicia Nacional Bolivariana, la milicia india. Milicianos y milicianas ind\u00edgenas, (\u2026) bien organizados, disciplinados y bien armados tambi\u00e9n para defender nuestra tierra de cualquier intruso que pretenda meterse a da\u00f1ar la paz y la convivencia\u00bb<\/strong>, dijo Maduro, a trav\u00e9s de un contacto telef\u00f3nico.<\/p>\n<h3 style=\"text-align: justify\"><strong>Te puede interesar: <a href=\"https:\/\/infoelnuevonorte.com\/?p=55129\">Maduro asegura que Mar\u00eda Corina Machado se est\u00e1 preparando para irse de Venezuela<\/a><\/strong><\/h3>\n<p style=\"text-align: justify\">La Milicia Bolivariana es una unidad de civiles que, en 2020 -doce a\u00f1os despu\u00e9s de su creaci\u00f3n-, fue incorporada como un componente especial de la\u00a0<strong>Fuerza Armada Nacional Bolivariana (FANB).<\/strong><\/p>\n<p style=\"text-align: justify\">Maduro, quien no particip\u00f3 de forma presencial en la manifestaci\u00f3n, asegur\u00f3 que \u00abno hay nada que celebrar\u00bb este 12 de octubre, cuando, en 1492, \u00abempez\u00f3 la invasi\u00f3n y el genocidio\u00bb en Am\u00e9rica.<\/p>\n<p style=\"text-align: justify\">Por otra parte, orden\u00f3 a la ministra de Pueblos Ind\u00edgenas, Clara Vidal, rescatar los idiomas de estos grupos originarios para\u00a0<strong>\u00abla continuidad\u00bb<\/strong>\u00a0de la cultura de \u00ablos verdaderos due\u00f1os de estas tierras\u00bb.<\/p>\n<p style=\"text-align: justify\">Adem\u00e1s, pidi\u00f3\u00a0<strong>\u00abconsolidar todos los planes\u00bb<\/strong>\u00a0relacionados con vivienda, salud y educaci\u00f3n en sus comunidades, as\u00ed como trabajar en\u00a0<strong>\u00abla organizaci\u00f3n de la juventud ind\u00edgena\u00bb.<\/strong><\/p>\n<p style=\"text-align: justify\">Este s\u00e1bado, m\u00e1s de 1.000 personas, la gran mayor\u00eda chavistas, se movilizaron en Caracas para conmemorar el D\u00eda de la Resistencia Ind\u00edgena y rechazar el \u00abgenocidio\u00bb que -aseguran- cometi\u00f3 Espa\u00f1a en el siglo XV contra pueblos originarios de Am\u00e9rica.<\/p>\n<p style=\"text-align: justify\">En la actividad participaron varias autoridades, entre ellas, el presidente de la Asamblea Nacional (AN, Parlamento), el chavista Jorge Rodr\u00edguez, para quien el \u00abgenocidio que perpetr\u00f3 el imperio espa\u00f1ol en esta tierra fue m\u00e1s cruel, fue m\u00e1s inhumano, fue m\u00e1s brutal incluso que el perpetrado por los jerarcas nazis\u00bb.<\/p>\n<p style=\"text-align: justify\">Esta movilizaci\u00f3n se llev\u00f3 a cabo cuatro d\u00edas despu\u00e9s de que el Legislativo, controlado por el chavismo, exhortara al Gobierno espa\u00f1ol a abolir la monarqu\u00eda, al considerarla una instituci\u00f3n vinculada a la corrupci\u00f3n y una \u00abexpresi\u00f3n de la ultraderecha\u00bb, e instara a Maduro a romper relaciones diplom\u00e1ticas, consulares y comerciales con el pa\u00eds europeo.<\/p>\n<p style=\"text-align: justify\">El Gobierno venezolano insiste en que Espa\u00f1a \u00abdeber\u00eda pedir perd\u00f3n todos los d\u00edas\u00bb por el \u00abgenocidio\u00bb en el siglo XV, y denuncia que \u00abnuevas corrientes fascistas y racistas\u00bb en el mundo \u00abpretenden imponer un revisionismo hist\u00f3rico minimizando las atrocidades del proceso de invasi\u00f3n, ocupaci\u00f3n, colonizaci\u00f3n y esclavitud en territorio americano\u00bb.<\/p>\n<p style=\"text-align: justify\">Por tanto, insta a \u00abmantener viva\u00bb la historia de \u00ablucha y resistencia\u00bb ind\u00edgena frente a la \u00abm\u00e1s feroz agresi\u00f3n conocida por la humanidad\u00bb, y a promover \u00abcanales para hacer efectivos el reconocimiento, la justicia y la reparaci\u00f3n de estos cr\u00edmenes de lesa humanidad\u00bb.<\/p>\n<\/div>\n<\/div>\n<div class=\"td_block_wrap tdb_single_tags tdi_371 td-pb-border-top td_block_template_1\" style=\"text-align: justify\" data-td-block-uid=\"tdi_371\">\u00a0<\/div>","protected":false},"excerpt":{"rendered":"<p>Caracas.\u2013 El presidente de Venezuela, Nicol\u00e1s Maduro, inst\u00f3 este s\u00e1bado a los \u00abmilicianos\u00bb\u00a0ind\u00edgenas a estar \u00abbien armados\u00bb\u00a0para defender\u00a0\u00abla paz y la convivencia\u00bb\u00a0del pa\u00eds caribe\u00f1o, en un acto con motivo de los 532 a\u00f1os de la\u00a0\u00abresistencia\u00bb\u00a0de los pueblos originarios frente a\u00a0\u00abla invasi\u00f3n\u00bb\u00a0de Espa\u00f1a. \u00abTenemos que consolidar la Milicia Nacional Bolivariana, la milicia india. Milicianos y milicianas [&hellip;]<\/p>\n","protected":false},"author":2,"featured_media":0,"comment_status":"closed","ping_status":"open","sticky":false,"template":"","format":"standard","meta":{"footnotes":""},"categories":[9,719],"tags":[],"yoast_head":"<!-- This site is optimized with the Yoast SEO plugin v24.5 - https:\/\/yoast.com\/wordpress\/plugins\/seo\/ -->\n<title>Maduro pide a los \u00abmilicianos\u00bb ind\u00edgenas estar \u00abbien armados\u00bb para defender \u00abla paz\u00bb | El Nuevo Norte<\/title>\n<meta name=\"robots\" content=\"index, follow, max-snippet:-1, max-image-preview:large, max-video-preview:-1\" \/>\n<link rel=\"canonical\" href=\"https:\/\/infoelnuevonorte.com\/?p=57926\" \/>\n<meta property=\"og:locale\" content=\"es_ES\" \/>\n<meta property=\"og:type\" content=\"article\" \/>\n<meta property=\"og:title\" content=\"Maduro pide a los \u00abmilicianos\u00bb ind\u00edgenas estar \u00abbien armados\u00bb para defender \u00abla paz\u00bb | El Nuevo Norte\" \/>\n<meta property=\"og:description\" content=\"Caracas.\u2013 El presidente de Venezuela, Nicol\u00e1s Maduro, inst\u00f3 este s\u00e1bado a los \u00abmilicianos\u00bb\u00a0ind\u00edgenas a estar \u00abbien armados\u00bb\u00a0para defender\u00a0\u00abla paz y la convivencia\u00bb\u00a0del pa\u00eds caribe\u00f1o, en un acto con motivo de los 532 a\u00f1os de la\u00a0\u00abresistencia\u00bb\u00a0de los pueblos originarios frente a\u00a0\u00abla invasi\u00f3n\u00bb\u00a0de Espa\u00f1a. \u00abTenemos que consolidar la Milicia Nacional Bolivariana, la milicia india. Milicianos y milicianas [&hellip;]\" \/>\n<meta property=\"og:url\" content=\"https:\/\/infoelnuevonorte.com\/?p=57926\" \/>\n<meta property=\"og:site_name\" content=\"El Nuevo Norte\" \/>\n<meta property=\"article:publisher\" content=\"https:\/\/www.facebook.com\/infoenn\" \/>\n<meta property=\"article:published_time\" content=\"2024-10-13T00:56:43+00:00\" \/>\n<meta property=\"article:modified_time\" content=\"2024-10-13T00:56:44+00:00\" \/>\n<meta property=\"og:image\" content=\"https:\/\/infoelnuevonorte.com\/wp-content\/uploads\/2024\/10\/descarga-2024-10-12T205412.727-png.webp\" \/>\n\t<meta property=\"og:image:width\" content=\"1030\" \/>\n\t<meta property=\"og:image:height\" content=\"660\" \/>\n\t<meta property=\"og:image:type\" content=\"image\/png\" \/>\n<meta name=\"author\" content=\"T. R.\" \/>\n<meta name=\"twitter:card\" content=\"summary_large_image\" \/>\n<meta name=\"twitter:creator\" content=\"@Elnuevo_norte\" \/>\n<meta name=\"twitter:site\" content=\"@Elnuevo_norte\" \/>\n<meta name=\"twitter:label1\" content=\"Written by\" \/>\n\t<meta name=\"twitter:data1\" content=\"T. R.\" \/>\n\t<meta name=\"twitter:label2\" content=\"Est. reading time\" \/>\n\t<meta name=\"twitter:data2\" content=\"3 minutos\" \/>\n<script type=\"application\/ld+json\" class=\"yoast-schema-graph\">{\"@context\":\"https:\/\/schema.org\",\"@graph\":[{\"@type\":\"Article\",\"@id\":\"https:\/\/infoelnuevonorte.com\/?p=57926#article\",\"isPartOf\":{\"@id\":\"https:\/\/infoelnuevonorte.com\/?p=57926\"},\"author\":{\"name\":\"T. R.\",\"@id\":\"https:\/\/infoelnuevonorte.com\/#\/schema\/person\/3accb35eb55f55e96c492b52d085a403\"},\"headline\":\"Maduro pide a los \u00abmilicianos\u00bb ind\u00edgenas estar \u00abbien armados\u00bb para defender \u00abla paz\u00bb\",\"datePublished\":\"2024-10-13T00:56:43+00:00\",\"dateModified\":\"2024-10-13T00:56:44+00:00\",\"mainEntityOfPage\":{\"@id\":\"https:\/\/infoelnuevonorte.com\/?p=57926\"},\"wordCount\":551,\"publisher\":{\"@id\":\"https:\/\/infoelnuevonorte.com\/#organization\"},\"articleSection\":[\"Mundiales\",\"Venezuela\"],\"inLanguage\":\"es-DO\"},{\"@type\":\"WebPage\",\"@id\":\"https:\/\/infoelnuevonorte.com\/?p=57926\",\"url\":\"https:\/\/infoelnuevonorte.com\/?p=57926\",\"name\":\"Maduro pide a los \u00abmilicianos\u00bb ind\u00edgenas estar \u00abbien armados\u00bb para defender \u00abla paz\u00bb | El Nuevo Norte\",\"isPartOf\":{\"@id\":\"https:\/\/infoelnuevonorte.com\/#website\"},\"datePublished\":\"2024-10-13T00:56:43+00:00\",\"dateModified\":\"2024-10-13T00:56:44+00:00\",\"breadcrumb\":{\"@id\":\"https:\/\/infoelnuevonorte.com\/?p=57926#breadcrumb\"},\"inLanguage\":\"es-DO\",\"potentialAction\":[{\"@type\":\"ReadAction\",\"target\":[\"https:\/\/infoelnuevonorte.com\/?p=57926\"]}]},{\"@type\":\"BreadcrumbList\",\"@id\":\"https:\/\/infoelnuevonorte.com\/?p=57926#breadcrumb\",\"itemListElement\":[{\"@type\":\"ListItem\",\"position\":1,\"name\":\"Home\",\"item\":\"https:\/\/infoelnuevonorte.com\/\"},{\"@type\":\"ListItem\",\"position\":2,\"name\":\"Maduro pide a los \u00abmilicianos\u00bb ind\u00edgenas estar \u00abbien armados\u00bb para defender \u00abla paz\u00bb\"}]},{\"@type\":\"WebSite\",\"@id\":\"https:\/\/infoelnuevonorte.com\/#website\",\"url\":\"https:\/\/infoelnuevonorte.com\/\",\"name\":\"InfoEnn\",\"description\":\"Tu Voz, tu Verdad, tu Diario!!!\",\"publisher\":{\"@id\":\"https:\/\/infoelnuevonorte.com\/#organization\"},\"alternateName\":\"El Nuevo Norte\",\"potentialAction\":[{\"@type\":\"SearchAction\",\"target\":{\"@type\":\"EntryPoint\",\"urlTemplate\":\"https:\/\/infoelnuevonorte.com\/?s={search_term_string}\"},\"query-input\":{\"@type\":\"PropertyValueSpecification\",\"valueRequired\":true,\"valueName\":\"search_term_string\"}}],\"inLanguage\":\"es-DO\"},{\"@type\":\"Organization\",\"@id\":\"https:\/\/infoelnuevonorte.com\/#organization\",\"name\":\"Info El Nuevo Norte\",\"alternateName\":\"El Nuevo Norte\",\"url\":\"https:\/\/infoelnuevonorte.com\/\",\"logo\":{\"@type\":\"ImageObject\",\"inLanguage\":\"es-DO\",\"@id\":\"https:\/\/infoelnuevonorte.com\/#\/schema\/logo\/image\/\",\"url\":\"https:\/\/infoelnuevonorte.com\/wp-content\/uploads\/2026\/02\/Logo-Info-enn-3d-20ani.jpeg\",\"contentUrl\":\"https:\/\/infoelnuevonorte.com\/wp-content\/uploads\/2026\/02\/Logo-Info-enn-3d-20ani.jpeg\",\"width\":2046,\"height\":736,\"caption\":\"Info El Nuevo Norte\"},\"image\":{\"@id\":\"https:\/\/infoelnuevonorte.com\/#\/schema\/logo\/image\/\"},\"sameAs\":[\"https:\/\/www.facebook.com\/infoenn\",\"https:\/\/x.com\/Elnuevo_norte\",\"https:\/\/www.instagram.com\/infoenn\",\"https:\/\/www.facebook.com\/ENNRD\"]},{\"@type\":\"Person\",\"@id\":\"https:\/\/infoelnuevonorte.com\/#\/schema\/person\/3accb35eb55f55e96c492b52d085a403\",\"name\":\"T. R.\",\"image\":{\"@type\":\"ImageObject\",\"inLanguage\":\"es-DO\",\"@id\":\"https:\/\/infoelnuevonorte.com\/#\/schema\/person\/image\/\",\"url\":\"https:\/\/secure.gravatar.com\/avatar\/40543a038bda97abdb765b1662e9677d?s=96&d=robohash&r=g\",\"contentUrl\":\"https:\/\/secure.gravatar.com\/avatar\/40543a038bda97abdb765b1662e9677d?s=96&d=robohash&r=g\",\"caption\":\"T. R.\"},\"url\":\"https:\/\/infoelnuevonorte.com\/?author=2\"}]}<\/script>\n<!-- \/ Yoast SEO plugin. -->","yoast_head_json":{"title":"Maduro pide a los \u00abmilicianos\u00bb ind\u00edgenas estar \u00abbien armados\u00bb para defender \u00abla paz\u00bb | El Nuevo Norte","robots":{"index":"index","follow":"follow","max-snippet":"max-snippet:-1","max-image-preview":"max-image-preview:large","max-video-preview":"max-video-preview:-1"},"canonical":"https:\/\/infoelnuevonorte.com\/?p=57926","og_locale":"es_ES","og_type":"article","og_title":"Maduro pide a los \u00abmilicianos\u00bb ind\u00edgenas estar \u00abbien armados\u00bb para defender \u00abla paz\u00bb | El Nuevo Norte","og_description":"Caracas.\u2013 El presidente de Venezuela, Nicol\u00e1s Maduro, inst\u00f3 este s\u00e1bado a los \u00abmilicianos\u00bb\u00a0ind\u00edgenas a estar \u00abbien armados\u00bb\u00a0para defender\u00a0\u00abla paz y la convivencia\u00bb\u00a0del pa\u00eds caribe\u00f1o, en un acto con motivo de los 532 a\u00f1os de la\u00a0\u00abresistencia\u00bb\u00a0de los pueblos originarios frente a\u00a0\u00abla invasi\u00f3n\u00bb\u00a0de Espa\u00f1a. \u00abTenemos que consolidar la Milicia Nacional Bolivariana, la milicia india. Milicianos y milicianas [&hellip;]","og_url":"https:\/\/infoelnuevonorte.com\/?p=57926","og_site_name":"El Nuevo Norte","article_publisher":"https:\/\/www.facebook.com\/infoenn","article_published_time":"2024-10-13T00:56:43+00:00","article_modified_time":"2024-10-13T00:56:44+00:00","og_image":[{"width":1030,"height":660,"url":"https:\/\/infoelnuevonorte.com\/wp-content\/uploads\/2024\/10\/descarga-2024-10-12T205412.727-png.webp","type":"image\/png"}],"author":"T. R.","twitter_card":"summary_large_image","twitter_creator":"@Elnuevo_norte","twitter_site":"@Elnuevo_norte","twitter_misc":{"Written by":"T. R.","Est. reading time":"3 minutos"},"schema":{"@context":"https:\/\/schema.org","@graph":[{"@type":"Article","@id":"https:\/\/infoelnuevonorte.com\/?p=57926#article","isPartOf":{"@id":"https:\/\/infoelnuevonorte.com\/?p=57926"},"author":{"name":"T. R.","@id":"https:\/\/infoelnuevonorte.com\/#\/schema\/person\/3accb35eb55f55e96c492b52d085a403"},"headline":"Maduro pide a los \u00abmilicianos\u00bb ind\u00edgenas estar \u00abbien armados\u00bb para defender \u00abla paz\u00bb","datePublished":"2024-10-13T00:56:43+00:00","dateModified":"2024-10-13T00:56:44+00:00","mainEntityOfPage":{"@id":"https:\/\/infoelnuevonorte.com\/?p=57926"},"wordCount":551,"publisher":{"@id":"https:\/\/infoelnuevonorte.com\/#organization"},"articleSection":["Mundiales","Venezuela"],"inLanguage":"es-DO"},{"@type":"WebPage","@id":"https:\/\/infoelnuevonorte.com\/?p=57926","url":"https:\/\/infoelnuevonorte.com\/?p=57926","name":"Maduro pide a los \u00abmilicianos\u00bb ind\u00edgenas estar \u00abbien armados\u00bb para defender \u00abla paz\u00bb | El Nuevo Norte","isPartOf":{"@id":"https:\/\/infoelnuevonorte.com\/#website"},"datePublished":"2024-10-13T00:56:43+00:00","dateModified":"2024-10-13T00:56:44+00:00","breadcrumb":{"@id":"https:\/\/infoelnuevonorte.com\/?p=57926#breadcrumb"},"inLanguage":"es-DO","potentialAction":[{"@type":"ReadAction","target":["https:\/\/infoelnuevonorte.com\/?p=57926"]}]},{"@type":"BreadcrumbList","@id":"https:\/\/infoelnuevonorte.com\/?p=57926#breadcrumb","itemListElement":[{"@type":"ListItem","position":1,"name":"Home","item":"https:\/\/infoelnuevonorte.com\/"},{"@type":"ListItem","position":2,"name":"Maduro pide a los \u00abmilicianos\u00bb ind\u00edgenas estar \u00abbien armados\u00bb para defender \u00abla paz\u00bb"}]},{"@type":"WebSite","@id":"https:\/\/infoelnuevonorte.com\/#website","url":"https:\/\/infoelnuevonorte.com\/","name":"InfoEnn","description":"Tu Voz, tu Verdad, tu Diario!!!","publisher":{"@id":"https:\/\/infoelnuevonorte.com\/#organization"},"alternateName":"El Nuevo Norte","potentialAction":[{"@type":"SearchAction","target":{"@type":"EntryPoint","urlTemplate":"https:\/\/infoelnuevonorte.com\/?s={search_term_string}"},"query-input":{"@type":"PropertyValueSpecification","valueRequired":true,"valueName":"search_term_string"}}],"inLanguage":"es-DO"},{"@type":"Organization","@id":"https:\/\/infoelnuevonorte.com\/#organization","name":"Info El Nuevo Norte","alternateName":"El Nuevo Norte","url":"https:\/\/infoelnuevonorte.com\/","logo":{"@type":"ImageObject","inLanguage":"es-DO","@id":"https:\/\/infoelnuevonorte.com\/#\/schema\/logo\/image\/","url":"https:\/\/infoelnuevonorte.com\/wp-content\/uploads\/2026\/02\/Logo-Info-enn-3d-20ani.jpeg","contentUrl":"https:\/\/infoelnuevonorte.com\/wp-content\/uploads\/2026\/02\/Logo-Info-enn-3d-20ani.jpeg","width":2046,"height":736,"caption":"Info El Nuevo Norte"},"image":{"@id":"https:\/\/infoelnuevonorte.com\/#\/schema\/logo\/image\/"},"sameAs":["https:\/\/www.facebook.com\/infoenn","https:\/\/x.com\/Elnuevo_norte","https:\/\/www.instagram.com\/infoenn","https:\/\/www.facebook.com\/ENNRD"]},{"@type":"Person","@id":"https:\/\/infoelnuevonorte.com\/#\/schema\/person\/3accb35eb55f55e96c492b52d085a403","name":"T. R.","image":{"@type":"ImageObject","inLanguage":"es-DO","@id":"https:\/\/infoelnuevonorte.com\/#\/schema\/person\/image\/","url":"https:\/\/secure.gravatar.com\/avatar\/40543a038bda97abdb765b1662e9677d?s=96&d=robohash&r=g","contentUrl":"https:\/\/secure.gravatar.com\/avatar\/40543a038bda97abdb765b1662e9677d?s=96&d=robohash&r=g","caption":"T. R."},"url":"https:\/\/infoelnuevonorte.com\/?author=2"}]}},"_links":{"self":[{"href":"https:\/\/infoelnuevonorte.com\/index.php?rest_route=\/wp\/v2\/posts\/57926"}],"collection":[{"href":"https:\/\/infoelnuevonorte.com\/index.php?rest_route=\/wp\/v2\/posts"}],"about":[{"href":"https:\/\/infoelnuevonorte.com\/index.php?rest_route=\/wp\/v2\/types\/post"}],"author":[{"embeddable":true,"href":"https:\/\/infoelnuevonorte.com\/index.php?rest_route=\/wp\/v2\/users\/2"}],"replies":[{"embeddable":true,"href":"https:\/\/infoelnuevonorte.com\/index.php?rest_route=%2Fwp%2Fv2%2Fcomments&post=57926"}],"version-history":[{"count":0,"href":"https:\/\/infoelnuevonorte.com\/index.php?rest_route=\/wp\/v2\/posts\/57926\/revisions"}],"wp:attachment":[{"href":"https:\/\/infoelnuevonorte.com\/index.php?rest_route=%2Fwp%2Fv2%2Fmedia&parent=57926"}],"wp:term":[{"taxonomy":"category","embeddable":true,"href":"https:\/\/infoelnuevonorte.com\/index.php?rest_route=%2Fwp%2Fv2%2Fcategories&post=57926"},{"taxonomy":"post_tag","embeddable":true,"href":"https:\/\/infoelnuevonorte.com\/index.php?rest_route=%2Fwp%2Fv2%2Ftags&post=57926"}],"curies":[{"name":"wp","href":"https:\/\/api.w.org\/{rel}","templated":true}]}}