{"id":58951,"date":"2024-10-19T11:52:27","date_gmt":"2024-10-19T15:52:27","guid":{"rendered":"https:\/\/infoelnuevonorte.com\/?p=58951"},"modified":"2024-10-19T11:52:28","modified_gmt":"2024-10-19T15:52:28","slug":"llegan-a-italia-los-12-migrantes-que-el-gobierno-de-meloni-mantenia-retenidos-en-albania","status":"publish","type":"post","link":"https:\/\/infoelnuevonorte.com\/?p=58951","title":{"rendered":"Llegan a Italia los 12 migrantes que el Gobierno de Meloni manten\u00eda retenidos en Albania"},"content":{"rendered":"\n<p><a href=\"https:\/\/deultimominuto.net\/category\/internacionales\/\"><\/a><\/p>\n\n\n<div class=\"td_block_wrap tdb_single_content tdi_370 td-pb-border-top td_block_template_1 td-post-content tagdiv-type\" data-td-block-uid=\"tdi_370\">\n<div class=\"tdb-block-inner td-fix-index\">\n<!--[if lt IE 9]><script>document.createElement('audio');<\/script><![endif]-->\n<audio class=\"wp-audio-shortcode\" id=\"audio-58951-1\" preload=\"none\" style=\"width: 100%;\" controls=\"controls\"><source type=\"audio\/mpeg\" src=\"https:\/\/infoelnuevonorte.com\/wp-content\/uploads\/2024\/10\/ttsmaker-vip-file-2024-10-19-11-50-54.mp3?_=1\" \/><a href=\"https:\/\/infoelnuevonorte.com\/wp-content\/uploads\/2024\/10\/ttsmaker-vip-file-2024-10-19-11-50-54.mp3\">https:\/\/infoelnuevonorte.com\/wp-content\/uploads\/2024\/10\/ttsmaker-vip-file-2024-10-19-11-50-54.mp3<\/a><\/audio>\n<p style=\"text-align: justify\"><strong>Roma.-<\/strong>\u00a0Los 12 migrantes que segu\u00edan en los centros de retenci\u00f3n erigidos por el Gobierno de Giorgia Meloni en Albania llegaron este s\u00e1bado al puerto de Bari, en el sur de Italia, tras el fallo emitido ayer por la Justicia que orden\u00f3 que se les sacara de suelo alban\u00e9s, en un\u00a0golpe\u00a0al pacto de externalizaci\u00f3n migratoria de Roma con Tirana.<\/p>\n<p style=\"text-align: justify\">Los migrantes, de Bangladesh y Egipto, fueron sacados esta ma\u00f1ana del centro de retenci\u00f3n de Gjad\u00ebr y trasladados a Italia con un barco de la Guardia Costera italiana, y ahora ser\u00e1n trasladados a un centro de acogida para solicitantes de asilo en el \u00e1rea de la ciudad de Bari, inform\u00f3 la cadena de televisi\u00f3n p\u00fablica RAI.<\/p>\n<h3 id=\"h-leer-mas-una-anciana-de-88-anos-sobrevive-4-dias-sola-en-un-bosque-del-norte-de-italia\" class=\"wp-block-heading\" style=\"text-align: justify\"><strong>Leer m\u00e1s:\u00a0<a href=\"https:\/\/infoelnuevonorte.com\/?p=47071\">Una anciana de 88 a\u00f1os sobrevive 4 d\u00edas sola en un bosque del norte de Italia<\/a><\/strong><\/h3>\n<p style=\"text-align: justify\">El Tribunal de Roma emiti\u00f3 ayer viernes una sentencia en la que no valid\u00f3 el internamiento en Albania de los migrantes y orden\u00f3 que fueran llevados a Italia, lo que abri\u00f3 una disputa entre el Gobierno de Meloni y la Justicia.<\/p>\n<p style=\"text-align: justify\">El Ejecutivo anunci\u00f3 que recurrir\u00e1 el fallo y asegur\u00f3 seguir\u00e1 con su plan de traslado de migrantes a Albania, un modelo que despert\u00f3 inter\u00e9s entre ciertos pa\u00edses europeos o la misma presidente de la Comisi\u00f3n europea, Ursula Von der Leyen, mientras que la oposici\u00f3n italiana se opone a este sistema y pide a Meloni su desmantelamiento.<\/p>\n<p style=\"text-align: justify\">El ministro de Justicia italiano, Carlo Nordio, dijo este s\u00e1bado que el Gobierno reaccionar\u00e1 ante la sentencia judicial con \u00abmedidas legislativas\u00bb.<\/p>\n<p style=\"text-align: justify\">Prensa local inform\u00f3 que la coalici\u00f3n planea aprobar un decreto-ley en la reuni\u00f3n del Consejo de Ministros del pr\u00f3ximo lunes. Este ser\u00eda de adopci\u00f3n casi inmediata y cambiar\u00eda la norma sobre c\u00f3mo designar los pa\u00edses de origen de migrantes considerados seguros.<\/p>\n<p style=\"text-align: justify\">Este fue el elemento central que arguy\u00f3 la Justicia para ordenar que el Gobierno llevara a los migrantes retenidos en Albania hacia Italia. Los jueves aseguraron que sus Estados de procedencia, Egipto y Bangladesh, no pod\u00edan ser considerados seguros, ante lo que quedaba invalidada su detenci\u00f3n en Albania.<\/p>\n<p style=\"text-align: justify\">Mientras la oposici\u00f3n celebr\u00f3 la sentencia, el Gobierno mostr\u00f3 su malestar, y la primera ministra argument\u00f3 que la Justicia se hab\u00eda entrometido en un asunto -la designaci\u00f3n de pa\u00edses seguros o no seguros- que es competencia del Ejecutivo y no de los jueces.<\/p>\n<p style=\"text-align: justify\">Ante esto, Meloni asegur\u00f3 que hallar\u00e1 \u00abuna soluci\u00f3n\u00bb a la actual situaci\u00f3n.\u00a0<\/p>\n<\/div>\n<\/div>\n<div class=\"td_block_wrap tdb_single_tags tdi_371 td-pb-border-top td_block_template_1\" style=\"text-align: justify\" data-td-block-uid=\"tdi_371\">\u00a0<\/div>","protected":false},"excerpt":{"rendered":"<p>Roma.-\u00a0Los 12 migrantes que segu\u00edan en los centros de retenci\u00f3n erigidos por el Gobierno de Giorgia Meloni en Albania llegaron este s\u00e1bado al puerto de Bari, en el sur de Italia, tras el fallo emitido ayer por la Justicia que orden\u00f3 que se les sacara de suelo alban\u00e9s, en un\u00a0golpe\u00a0al pacto de externalizaci\u00f3n migratoria de [&hellip;]<\/p>\n","protected":false},"author":2,"featured_media":0,"comment_status":"closed","ping_status":"open","sticky":false,"template":"","format":"standard","meta":{"footnotes":""},"categories":[9],"tags":[],"yoast_head":"<!-- This site is optimized with the Yoast SEO plugin v24.5 - https:\/\/yoast.com\/wordpress\/plugins\/seo\/ -->\n<title>Llegan a Italia los 12 migrantes que el Gobierno de Meloni manten\u00eda retenidos en Albania | El Nuevo Norte<\/title>\n<meta name=\"robots\" content=\"index, follow, max-snippet:-1, max-image-preview:large, max-video-preview:-1\" \/>\n<link rel=\"canonical\" href=\"https:\/\/infoelnuevonorte.com\/?p=58951\" \/>\n<meta property=\"og:locale\" content=\"es_ES\" \/>\n<meta property=\"og:type\" content=\"article\" \/>\n<meta property=\"og:title\" content=\"Llegan a Italia los 12 migrantes que el Gobierno de Meloni manten\u00eda retenidos en Albania | El Nuevo Norte\" \/>\n<meta property=\"og:description\" content=\"Roma.-\u00a0Los 12 migrantes que segu\u00edan en los centros de retenci\u00f3n erigidos por el Gobierno de Giorgia Meloni en Albania llegaron este s\u00e1bado al puerto de Bari, en el sur de Italia, tras el fallo emitido ayer por la Justicia que orden\u00f3 que se les sacara de suelo alban\u00e9s, en un\u00a0golpe\u00a0al pacto de externalizaci\u00f3n migratoria de [&hellip;]\" \/>\n<meta property=\"og:url\" content=\"https:\/\/infoelnuevonorte.com\/?p=58951\" \/>\n<meta property=\"og:site_name\" content=\"El Nuevo Norte\" \/>\n<meta property=\"article:publisher\" content=\"https:\/\/www.facebook.com\/infoenn\" \/>\n<meta property=\"article:published_time\" content=\"2024-10-19T15:52:27+00:00\" \/>\n<meta property=\"article:modified_time\" content=\"2024-10-19T15:52:28+00:00\" \/>\n<meta property=\"og:image\" content=\"https:\/\/infoelnuevonorte.com\/wp-content\/uploads\/2024\/10\/descarga-2024-10-19T114959.054-png.webp\" \/>\n\t<meta property=\"og:image:width\" content=\"768\" \/>\n\t<meta property=\"og:image:height\" content=\"432\" \/>\n\t<meta property=\"og:image:type\" content=\"image\/png\" \/>\n<meta name=\"author\" content=\"T. R.\" \/>\n<meta name=\"twitter:card\" content=\"summary_large_image\" \/>\n<meta name=\"twitter:creator\" content=\"@Elnuevo_norte\" \/>\n<meta name=\"twitter:site\" content=\"@Elnuevo_norte\" \/>\n<meta name=\"twitter:label1\" content=\"Written by\" \/>\n\t<meta name=\"twitter:data1\" content=\"T. R.\" \/>\n\t<meta name=\"twitter:label2\" content=\"Est. reading time\" \/>\n\t<meta name=\"twitter:data2\" content=\"3 minutos\" \/>\n<script type=\"application\/ld+json\" class=\"yoast-schema-graph\">{\"@context\":\"https:\/\/schema.org\",\"@graph\":[{\"@type\":\"Article\",\"@id\":\"https:\/\/infoelnuevonorte.com\/?p=58951#article\",\"isPartOf\":{\"@id\":\"https:\/\/infoelnuevonorte.com\/?p=58951\"},\"author\":{\"name\":\"T. R.\",\"@id\":\"https:\/\/infoelnuevonorte.com\/#\/schema\/person\/3accb35eb55f55e96c492b52d085a403\"},\"headline\":\"Llegan a Italia los 12 migrantes que el Gobierno de Meloni manten\u00eda retenidos en Albania\",\"datePublished\":\"2024-10-19T15:52:27+00:00\",\"dateModified\":\"2024-10-19T15:52:28+00:00\",\"mainEntityOfPage\":{\"@id\":\"https:\/\/infoelnuevonorte.com\/?p=58951\"},\"wordCount\":460,\"publisher\":{\"@id\":\"https:\/\/infoelnuevonorte.com\/#organization\"},\"articleSection\":[\"Mundiales\"],\"inLanguage\":\"es-DO\"},{\"@type\":\"WebPage\",\"@id\":\"https:\/\/infoelnuevonorte.com\/?p=58951\",\"url\":\"https:\/\/infoelnuevonorte.com\/?p=58951\",\"name\":\"Llegan a Italia los 12 migrantes que el Gobierno de Meloni manten\u00eda retenidos en Albania | El Nuevo Norte\",\"isPartOf\":{\"@id\":\"https:\/\/infoelnuevonorte.com\/#website\"},\"datePublished\":\"2024-10-19T15:52:27+00:00\",\"dateModified\":\"2024-10-19T15:52:28+00:00\",\"breadcrumb\":{\"@id\":\"https:\/\/infoelnuevonorte.com\/?p=58951#breadcrumb\"},\"inLanguage\":\"es-DO\",\"potentialAction\":[{\"@type\":\"ReadAction\",\"target\":[\"https:\/\/infoelnuevonorte.com\/?p=58951\"]}]},{\"@type\":\"BreadcrumbList\",\"@id\":\"https:\/\/infoelnuevonorte.com\/?p=58951#breadcrumb\",\"itemListElement\":[{\"@type\":\"ListItem\",\"position\":1,\"name\":\"Home\",\"item\":\"https:\/\/infoelnuevonorte.com\/\"},{\"@type\":\"ListItem\",\"position\":2,\"name\":\"Llegan a Italia los 12 migrantes que el Gobierno de Meloni manten\u00eda retenidos en Albania\"}]},{\"@type\":\"WebSite\",\"@id\":\"https:\/\/infoelnuevonorte.com\/#website\",\"url\":\"https:\/\/infoelnuevonorte.com\/\",\"name\":\"InfoEnn\",\"description\":\"Tu Voz, tu Verdad, tu Diario!!!\",\"publisher\":{\"@id\":\"https:\/\/infoelnuevonorte.com\/#organization\"},\"alternateName\":\"El Nuevo Norte\",\"potentialAction\":[{\"@type\":\"SearchAction\",\"target\":{\"@type\":\"EntryPoint\",\"urlTemplate\":\"https:\/\/infoelnuevonorte.com\/?s={search_term_string}\"},\"query-input\":{\"@type\":\"PropertyValueSpecification\",\"valueRequired\":true,\"valueName\":\"search_term_string\"}}],\"inLanguage\":\"es-DO\"},{\"@type\":\"Organization\",\"@id\":\"https:\/\/infoelnuevonorte.com\/#organization\",\"name\":\"Info El Nuevo Norte\",\"alternateName\":\"El Nuevo Norte\",\"url\":\"https:\/\/infoelnuevonorte.com\/\",\"logo\":{\"@type\":\"ImageObject\",\"inLanguage\":\"es-DO\",\"@id\":\"https:\/\/infoelnuevonorte.com\/#\/schema\/logo\/image\/\",\"url\":\"https:\/\/infoelnuevonorte.com\/wp-content\/uploads\/2026\/02\/Logo-Info-enn-3d-20ani.jpeg\",\"contentUrl\":\"https:\/\/infoelnuevonorte.com\/wp-content\/uploads\/2026\/02\/Logo-Info-enn-3d-20ani.jpeg\",\"width\":2046,\"height\":736,\"caption\":\"Info El Nuevo Norte\"},\"image\":{\"@id\":\"https:\/\/infoelnuevonorte.com\/#\/schema\/logo\/image\/\"},\"sameAs\":[\"https:\/\/www.facebook.com\/infoenn\",\"https:\/\/x.com\/Elnuevo_norte\",\"https:\/\/www.instagram.com\/infoenn\",\"https:\/\/www.facebook.com\/ENNRD\"]},{\"@type\":\"Person\",\"@id\":\"https:\/\/infoelnuevonorte.com\/#\/schema\/person\/3accb35eb55f55e96c492b52d085a403\",\"name\":\"T. R.\",\"image\":{\"@type\":\"ImageObject\",\"inLanguage\":\"es-DO\",\"@id\":\"https:\/\/infoelnuevonorte.com\/#\/schema\/person\/image\/\",\"url\":\"https:\/\/secure.gravatar.com\/avatar\/40543a038bda97abdb765b1662e9677d?s=96&d=robohash&r=g\",\"contentUrl\":\"https:\/\/secure.gravatar.com\/avatar\/40543a038bda97abdb765b1662e9677d?s=96&d=robohash&r=g\",\"caption\":\"T. R.\"},\"url\":\"https:\/\/infoelnuevonorte.com\/?author=2\"}]}<\/script>\n<!-- \/ Yoast SEO plugin. -->","yoast_head_json":{"title":"Llegan a Italia los 12 migrantes que el Gobierno de Meloni manten\u00eda retenidos en Albania | El Nuevo Norte","robots":{"index":"index","follow":"follow","max-snippet":"max-snippet:-1","max-image-preview":"max-image-preview:large","max-video-preview":"max-video-preview:-1"},"canonical":"https:\/\/infoelnuevonorte.com\/?p=58951","og_locale":"es_ES","og_type":"article","og_title":"Llegan a Italia los 12 migrantes que el Gobierno de Meloni manten\u00eda retenidos en Albania | El Nuevo Norte","og_description":"Roma.-\u00a0Los 12 migrantes que segu\u00edan en los centros de retenci\u00f3n erigidos por el Gobierno de Giorgia Meloni en Albania llegaron este s\u00e1bado al puerto de Bari, en el sur de Italia, tras el fallo emitido ayer por la Justicia que orden\u00f3 que se les sacara de suelo alban\u00e9s, en un\u00a0golpe\u00a0al pacto de externalizaci\u00f3n migratoria de [&hellip;]","og_url":"https:\/\/infoelnuevonorte.com\/?p=58951","og_site_name":"El Nuevo Norte","article_publisher":"https:\/\/www.facebook.com\/infoenn","article_published_time":"2024-10-19T15:52:27+00:00","article_modified_time":"2024-10-19T15:52:28+00:00","og_image":[{"width":768,"height":432,"url":"https:\/\/infoelnuevonorte.com\/wp-content\/uploads\/2024\/10\/descarga-2024-10-19T114959.054-png.webp","type":"image\/png"}],"author":"T. R.","twitter_card":"summary_large_image","twitter_creator":"@Elnuevo_norte","twitter_site":"@Elnuevo_norte","twitter_misc":{"Written by":"T. R.","Est. reading time":"3 minutos"},"schema":{"@context":"https:\/\/schema.org","@graph":[{"@type":"Article","@id":"https:\/\/infoelnuevonorte.com\/?p=58951#article","isPartOf":{"@id":"https:\/\/infoelnuevonorte.com\/?p=58951"},"author":{"name":"T. R.","@id":"https:\/\/infoelnuevonorte.com\/#\/schema\/person\/3accb35eb55f55e96c492b52d085a403"},"headline":"Llegan a Italia los 12 migrantes que el Gobierno de Meloni manten\u00eda retenidos en Albania","datePublished":"2024-10-19T15:52:27+00:00","dateModified":"2024-10-19T15:52:28+00:00","mainEntityOfPage":{"@id":"https:\/\/infoelnuevonorte.com\/?p=58951"},"wordCount":460,"publisher":{"@id":"https:\/\/infoelnuevonorte.com\/#organization"},"articleSection":["Mundiales"],"inLanguage":"es-DO"},{"@type":"WebPage","@id":"https:\/\/infoelnuevonorte.com\/?p=58951","url":"https:\/\/infoelnuevonorte.com\/?p=58951","name":"Llegan a Italia los 12 migrantes que el Gobierno de Meloni manten\u00eda retenidos en Albania | El Nuevo Norte","isPartOf":{"@id":"https:\/\/infoelnuevonorte.com\/#website"},"datePublished":"2024-10-19T15:52:27+00:00","dateModified":"2024-10-19T15:52:28+00:00","breadcrumb":{"@id":"https:\/\/infoelnuevonorte.com\/?p=58951#breadcrumb"},"inLanguage":"es-DO","potentialAction":[{"@type":"ReadAction","target":["https:\/\/infoelnuevonorte.com\/?p=58951"]}]},{"@type":"BreadcrumbList","@id":"https:\/\/infoelnuevonorte.com\/?p=58951#breadcrumb","itemListElement":[{"@type":"ListItem","position":1,"name":"Home","item":"https:\/\/infoelnuevonorte.com\/"},{"@type":"ListItem","position":2,"name":"Llegan a Italia los 12 migrantes que el Gobierno de Meloni manten\u00eda retenidos en Albania"}]},{"@type":"WebSite","@id":"https:\/\/infoelnuevonorte.com\/#website","url":"https:\/\/infoelnuevonorte.com\/","name":"InfoEnn","description":"Tu Voz, tu Verdad, tu Diario!!!","publisher":{"@id":"https:\/\/infoelnuevonorte.com\/#organization"},"alternateName":"El Nuevo Norte","potentialAction":[{"@type":"SearchAction","target":{"@type":"EntryPoint","urlTemplate":"https:\/\/infoelnuevonorte.com\/?s={search_term_string}"},"query-input":{"@type":"PropertyValueSpecification","valueRequired":true,"valueName":"search_term_string"}}],"inLanguage":"es-DO"},{"@type":"Organization","@id":"https:\/\/infoelnuevonorte.com\/#organization","name":"Info El Nuevo Norte","alternateName":"El Nuevo Norte","url":"https:\/\/infoelnuevonorte.com\/","logo":{"@type":"ImageObject","inLanguage":"es-DO","@id":"https:\/\/infoelnuevonorte.com\/#\/schema\/logo\/image\/","url":"https:\/\/infoelnuevonorte.com\/wp-content\/uploads\/2026\/02\/Logo-Info-enn-3d-20ani.jpeg","contentUrl":"https:\/\/infoelnuevonorte.com\/wp-content\/uploads\/2026\/02\/Logo-Info-enn-3d-20ani.jpeg","width":2046,"height":736,"caption":"Info El Nuevo Norte"},"image":{"@id":"https:\/\/infoelnuevonorte.com\/#\/schema\/logo\/image\/"},"sameAs":["https:\/\/www.facebook.com\/infoenn","https:\/\/x.com\/Elnuevo_norte","https:\/\/www.instagram.com\/infoenn","https:\/\/www.facebook.com\/ENNRD"]},{"@type":"Person","@id":"https:\/\/infoelnuevonorte.com\/#\/schema\/person\/3accb35eb55f55e96c492b52d085a403","name":"T. R.","image":{"@type":"ImageObject","inLanguage":"es-DO","@id":"https:\/\/infoelnuevonorte.com\/#\/schema\/person\/image\/","url":"https:\/\/secure.gravatar.com\/avatar\/40543a038bda97abdb765b1662e9677d?s=96&d=robohash&r=g","contentUrl":"https:\/\/secure.gravatar.com\/avatar\/40543a038bda97abdb765b1662e9677d?s=96&d=robohash&r=g","caption":"T. R."},"url":"https:\/\/infoelnuevonorte.com\/?author=2"}]}},"_links":{"self":[{"href":"https:\/\/infoelnuevonorte.com\/index.php?rest_route=\/wp\/v2\/posts\/58951"}],"collection":[{"href":"https:\/\/infoelnuevonorte.com\/index.php?rest_route=\/wp\/v2\/posts"}],"about":[{"href":"https:\/\/infoelnuevonorte.com\/index.php?rest_route=\/wp\/v2\/types\/post"}],"author":[{"embeddable":true,"href":"https:\/\/infoelnuevonorte.com\/index.php?rest_route=\/wp\/v2\/users\/2"}],"replies":[{"embeddable":true,"href":"https:\/\/infoelnuevonorte.com\/index.php?rest_route=%2Fwp%2Fv2%2Fcomments&post=58951"}],"version-history":[{"count":0,"href":"https:\/\/infoelnuevonorte.com\/index.php?rest_route=\/wp\/v2\/posts\/58951\/revisions"}],"wp:attachment":[{"href":"https:\/\/infoelnuevonorte.com\/index.php?rest_route=%2Fwp%2Fv2%2Fmedia&parent=58951"}],"wp:term":[{"taxonomy":"category","embeddable":true,"href":"https:\/\/infoelnuevonorte.com\/index.php?rest_route=%2Fwp%2Fv2%2Fcategories&post=58951"},{"taxonomy":"post_tag","embeddable":true,"href":"https:\/\/infoelnuevonorte.com\/index.php?rest_route=%2Fwp%2Fv2%2Ftags&post=58951"}],"curies":[{"name":"wp","href":"https:\/\/api.w.org\/{rel}","templated":true}]}}