{"id":58961,"date":"2024-10-19T12:02:01","date_gmt":"2024-10-19T16:02:01","guid":{"rendered":"https:\/\/infoelnuevonorte.com\/?p=58961"},"modified":"2024-10-19T12:02:03","modified_gmt":"2024-10-19T16:02:03","slug":"centros-tecnologicos-comunitarios-certifica-a-400-jovenes-y-adultos-de-las-provincias-de-azua-y-san-juan","status":"publish","type":"post","link":"https:\/\/infoelnuevonorte.com\/?p=58961","title":{"rendered":"Centros Tecnol\u00f3gicos Comunitarios certifica a\u00a0400 j\u00f3venes y adultos de las provincias de Azua y San Juan"},"content":{"rendered":"\n<p><a href=\"https:\/\/deultimominuto.net\/category\/tecnologia\/\"><\/a><\/p>\n\n\n<div class=\"td_block_wrap tdb_single_content tdi_370 td-pb-border-top td_block_template_1 td-post-content tagdiv-type\" data-td-block-uid=\"tdi_370\">\n<div class=\"tdb-block-inner td-fix-index\">\n<!--[if lt IE 9]><script>document.createElement('audio');<\/script><![endif]-->\n<audio class=\"wp-audio-shortcode\" id=\"audio-58961-1\" preload=\"none\" style=\"width: 100%;\" controls=\"controls\"><source type=\"audio\/mpeg\" src=\"https:\/\/infoelnuevonorte.com\/wp-content\/uploads\/2024\/10\/ttsmaker-vip-file-2024-10-19-12-0-58.mp3?_=1\" \/><a href=\"https:\/\/infoelnuevonorte.com\/wp-content\/uploads\/2024\/10\/ttsmaker-vip-file-2024-10-19-12-0-58.mp3\">https:\/\/infoelnuevonorte.com\/wp-content\/uploads\/2024\/10\/ttsmaker-vip-file-2024-10-19-12-0-58.mp3<\/a><\/audio>\n<p style=\"text-align: justify\"><strong>San Juan de la Maguana.-<\/strong>\u00a0Los Centros Tecnol\u00f3gicos Comunitarios (CTC) contin\u00faan fortaleciendo la educaci\u00f3n tecnol\u00f3gica y el emprendimiento en las regiones m\u00e1s vulnerables de la Rep\u00fablica Dominicana. La instituci\u00f3n desarroll\u00f3 un exitoso ciclo de formaci\u00f3n denominado \u00abImpacto Workshop\u00bb en las provincias de Azua y San Juan, beneficiando a m\u00e1s de 400 j\u00f3venes y adultos de esa demarcaci\u00f3n.<\/p>\n<p style=\"text-align: justify\">La jornada, que tuvo lugar en los Centros Tecnol\u00f3gicos de las comunidades de Guayabal y Bohech\u00edo, as\u00ed como en diversas alcald\u00edas y centros educativos de la regi\u00f3n tales como la Escuela Profesor Eduardo Beltr\u00e9 Luciano y el Liceo Alejandro Cabral, se centr\u00f3 en capacitar a los participantes en \u00e1reas claves del desarrollo tecnol\u00f3gico y emprendimiento. A trav\u00e9s del programa \u00abEmprende con CTC\u00bb, se realizaron un total de siete actividades formativas dirigidas a empoderar a las comunidades rurales mediante el acceso a herramientas digitales y empresariales.<\/p>\n<p style=\"text-align: justify\"><strong>Acuerdos Interinstitucionales y Formaci\u00f3n Integral<\/strong><\/p>\n<p style=\"text-align: justify\">En el marco de la jornada, se suscribieron importantes acuerdos interinstitucionales con la Alcald\u00eda de Guayabal y Bohechio, donde el alcalde Dr. Hip\u00f3lito Cabral S\u00e1nchez recibi\u00f3 al equipo del CTC y defini\u00f3 los t\u00e9rminos de colaboraci\u00f3n con miras a continuar el impulso de la educaci\u00f3n tecnol\u00f3gica en la regi\u00f3n.<\/p>\n<p style=\"text-align: justify\">Los talleres ofrecidos durante los tres d\u00edas incluyeron programas reconocidos como Cisco y HP Life, abordando temas fundamentales para el avance tecnol\u00f3gico y la creaci\u00f3n de proyectos digitales. Entre los temas impartidos destacaron:<\/p>\n<p style=\"text-align: justify\">\u2022\u00a0\u00a0\u00a0\u00a0\u00a0\u00a0\u00a0 Ciberseguridad e Internet Seguro: Estrategias clave para la protecci\u00f3n digital.<\/p>\n<p style=\"text-align: justify\">\u2022\u00a0\u00a0\u00a0\u00a0\u00a0\u00a0\u00a0 Inteligencia Artificial con ChatGPT: Aplicaciones actuales de la IA.<\/p>\n<p style=\"text-align: justify\">\u2022\u00a0\u00a0\u00a0\u00a0\u00a0\u00a0\u00a0 Canva: Creaci\u00f3n de contenido multimedia.<\/p>\n<p style=\"text-align: justify\">\u2022\u00a0\u00a0\u00a0\u00a0\u00a0\u00a0\u00a0 Marketing en Redes Sociales: Optimizaci\u00f3n en plataformas digitales.<\/p>\n<p style=\"text-align: justify\">\u2022\u00a0\u00a0\u00a0\u00a0\u00a0\u00a0\u00a0 Dise\u00f1o y Sublimaci\u00f3n: T\u00e9cnicas para personalizaci\u00f3n de productos.<\/p>\n<p style=\"text-align: justify\">Cada taller combin\u00f3 teor\u00eda y pr\u00e1ctica, asegurando que los participantes no solo adquirieran conocimientos, sino que los aplicaran en situaciones reales, facilitando as\u00ed el emprendimiento en servicios digitales.<\/p>\n<p style=\"text-align: justify\"><strong>Un Compromiso con las Comunidades Vulnerables<\/strong><\/p>\n<p style=\"text-align: justify\">La jornada tuvo como objetivo principal fortalecer las competencias tecnol\u00f3gicas de las comunidades rurales, ofreciendo herramientas para que sus habitantes puedan integrarse con \u00e9xito al mundo digital. Manelix de Le\u00f3n, Director de Operaciones de los CTC, destac\u00f3 que esta iniciativa es parte del compromiso de la instituci\u00f3n por reducir la brecha digital y democratizar el acceso a las oportunidades tecnol\u00f3gicas en el pa\u00eds.<\/p>\n<p style=\"text-align: justify\"><strong>Cierre y Reconocimientos<\/strong><\/p>\n<p style=\"text-align: justify\">La jornada culmin\u00f3 con la certificaci\u00f3n de 115 j\u00f3venes de Bohech\u00edo, con la presencia de Isidro Torres, Director General de los Centros Tecnol\u00f3gicos Comunitarios, quien, al citar al presidente Lu\u00eds Abinader, anim\u00f3 a los j\u00f3venes a \u00abno limitarse\u00bb.<\/p>\n<p style=\"text-align: justify\">El evento incluy\u00f3 la presentaci\u00f3n art\u00edstica del grupo de Bat\u00f3n Ballet dirigido por Lu\u00eds Antonio Alc\u00e1ntara y una participaci\u00f3n destacada de j\u00f3venes aspirantes militares.<\/p>\n<p style=\"text-align: justify\">Durante el acto, se reconoci\u00f3 al joven Jhoan Yaznuel Guzm\u00e1n Ram\u00edrez por su destacado desempe\u00f1o durante los talleres, quien recibi\u00f3 una placa de reconocimiento de manos del director general de los CTC, Isidro Torres.<\/p>\n<p style=\"text-align: justify\">Este ciclo de formaci\u00f3n reafirma el compromiso de los CTC de impulsar el desarrollo sostenible a trav\u00e9s de la educaci\u00f3n tecnol\u00f3gica, fomentando el emprendimiento en las comunidades m\u00e1s necesitadas del pa\u00eds.<\/p>\n<\/div>\n<\/div>\n<div class=\"td_block_wrap tdb_single_tags tdi_371 td-pb-border-top td_block_template_1\" style=\"text-align: justify\" data-td-block-uid=\"tdi_371\">\u00a0<\/div>","protected":false},"excerpt":{"rendered":"<p>San Juan de la Maguana.-\u00a0Los Centros Tecnol\u00f3gicos Comunitarios (CTC) contin\u00faan fortaleciendo la educaci\u00f3n tecnol\u00f3gica y el emprendimiento en las regiones m\u00e1s vulnerables de la Rep\u00fablica Dominicana. La instituci\u00f3n desarroll\u00f3 un exitoso ciclo de formaci\u00f3n denominado \u00abImpacto Workshop\u00bb en las provincias de Azua y San Juan, beneficiando a m\u00e1s de 400 j\u00f3venes y adultos de esa [&hellip;]<\/p>\n","protected":false},"author":2,"featured_media":0,"comment_status":"closed","ping_status":"open","sticky":false,"template":"","format":"standard","meta":{"footnotes":""},"categories":[19],"tags":[],"yoast_head":"<!-- This site is optimized with the Yoast SEO plugin v24.5 - https:\/\/yoast.com\/wordpress\/plugins\/seo\/ -->\n<title>Centros Tecnol\u00f3gicos Comunitarios certifica a\u00a0400 j\u00f3venes y adultos de las provincias de Azua y San Juan | El Nuevo Norte<\/title>\n<meta name=\"robots\" content=\"index, follow, max-snippet:-1, max-image-preview:large, max-video-preview:-1\" \/>\n<link rel=\"canonical\" href=\"https:\/\/infoelnuevonorte.com\/?p=58961\" \/>\n<meta property=\"og:locale\" content=\"es_ES\" \/>\n<meta property=\"og:type\" content=\"article\" \/>\n<meta property=\"og:title\" content=\"Centros Tecnol\u00f3gicos Comunitarios certifica a\u00a0400 j\u00f3venes y adultos de las provincias de Azua y San Juan | El Nuevo Norte\" \/>\n<meta property=\"og:description\" content=\"San Juan de la Maguana.-\u00a0Los Centros Tecnol\u00f3gicos Comunitarios (CTC) contin\u00faan fortaleciendo la educaci\u00f3n tecnol\u00f3gica y el emprendimiento en las regiones m\u00e1s vulnerables de la Rep\u00fablica Dominicana. La instituci\u00f3n desarroll\u00f3 un exitoso ciclo de formaci\u00f3n denominado \u00abImpacto Workshop\u00bb en las provincias de Azua y San Juan, beneficiando a m\u00e1s de 400 j\u00f3venes y adultos de esa [&hellip;]\" \/>\n<meta property=\"og:url\" content=\"https:\/\/infoelnuevonorte.com\/?p=58961\" \/>\n<meta property=\"og:site_name\" content=\"El Nuevo Norte\" \/>\n<meta property=\"article:publisher\" content=\"https:\/\/www.facebook.com\/infoenn\" \/>\n<meta property=\"article:published_time\" content=\"2024-10-19T16:02:01+00:00\" \/>\n<meta property=\"article:modified_time\" content=\"2024-10-19T16:02:03+00:00\" \/>\n<meta property=\"og:image\" content=\"https:\/\/infoelnuevonorte.com\/wp-content\/uploads\/2024\/10\/descarga-2024-10-19T120001.637-png.webp\" \/>\n\t<meta property=\"og:image:width\" content=\"1030\" \/>\n\t<meta property=\"og:image:height\" content=\"693\" \/>\n\t<meta property=\"og:image:type\" content=\"image\/png\" \/>\n<meta name=\"author\" content=\"T. R.\" \/>\n<meta name=\"twitter:card\" content=\"summary_large_image\" \/>\n<meta name=\"twitter:creator\" content=\"@Elnuevo_norte\" \/>\n<meta name=\"twitter:site\" content=\"@Elnuevo_norte\" \/>\n<meta name=\"twitter:label1\" content=\"Written by\" \/>\n\t<meta name=\"twitter:data1\" content=\"T. R.\" \/>\n\t<meta name=\"twitter:label2\" content=\"Est. reading time\" \/>\n\t<meta name=\"twitter:data2\" content=\"3 minutos\" \/>\n<script type=\"application\/ld+json\" class=\"yoast-schema-graph\">{\"@context\":\"https:\/\/schema.org\",\"@graph\":[{\"@type\":\"Article\",\"@id\":\"https:\/\/infoelnuevonorte.com\/?p=58961#article\",\"isPartOf\":{\"@id\":\"https:\/\/infoelnuevonorte.com\/?p=58961\"},\"author\":{\"name\":\"T. R.\",\"@id\":\"https:\/\/infoelnuevonorte.com\/#\/schema\/person\/3accb35eb55f55e96c492b52d085a403\"},\"headline\":\"Centros Tecnol\u00f3gicos Comunitarios certifica a\u00a0400 j\u00f3venes y adultos de las provincias de Azua y San Juan\",\"datePublished\":\"2024-10-19T16:02:01+00:00\",\"dateModified\":\"2024-10-19T16:02:03+00:00\",\"mainEntityOfPage\":{\"@id\":\"https:\/\/infoelnuevonorte.com\/?p=58961\"},\"wordCount\":593,\"publisher\":{\"@id\":\"https:\/\/infoelnuevonorte.com\/#organization\"},\"articleSection\":[\"Ciencia &amp; Tecnolog\u00eda\"],\"inLanguage\":\"es-DO\"},{\"@type\":\"WebPage\",\"@id\":\"https:\/\/infoelnuevonorte.com\/?p=58961\",\"url\":\"https:\/\/infoelnuevonorte.com\/?p=58961\",\"name\":\"Centros Tecnol\u00f3gicos Comunitarios certifica a\u00a0400 j\u00f3venes y adultos de las provincias de Azua y San Juan | El Nuevo Norte\",\"isPartOf\":{\"@id\":\"https:\/\/infoelnuevonorte.com\/#website\"},\"datePublished\":\"2024-10-19T16:02:01+00:00\",\"dateModified\":\"2024-10-19T16:02:03+00:00\",\"breadcrumb\":{\"@id\":\"https:\/\/infoelnuevonorte.com\/?p=58961#breadcrumb\"},\"inLanguage\":\"es-DO\",\"potentialAction\":[{\"@type\":\"ReadAction\",\"target\":[\"https:\/\/infoelnuevonorte.com\/?p=58961\"]}]},{\"@type\":\"BreadcrumbList\",\"@id\":\"https:\/\/infoelnuevonorte.com\/?p=58961#breadcrumb\",\"itemListElement\":[{\"@type\":\"ListItem\",\"position\":1,\"name\":\"Home\",\"item\":\"https:\/\/infoelnuevonorte.com\/\"},{\"@type\":\"ListItem\",\"position\":2,\"name\":\"Centros Tecnol\u00f3gicos Comunitarios certifica a\u00a0400 j\u00f3venes y adultos de las provincias de Azua y San Juan\"}]},{\"@type\":\"WebSite\",\"@id\":\"https:\/\/infoelnuevonorte.com\/#website\",\"url\":\"https:\/\/infoelnuevonorte.com\/\",\"name\":\"InfoEnn\",\"description\":\"Tu Voz, tu Verdad, tu Diario!!!\",\"publisher\":{\"@id\":\"https:\/\/infoelnuevonorte.com\/#organization\"},\"alternateName\":\"El Nuevo Norte\",\"potentialAction\":[{\"@type\":\"SearchAction\",\"target\":{\"@type\":\"EntryPoint\",\"urlTemplate\":\"https:\/\/infoelnuevonorte.com\/?s={search_term_string}\"},\"query-input\":{\"@type\":\"PropertyValueSpecification\",\"valueRequired\":true,\"valueName\":\"search_term_string\"}}],\"inLanguage\":\"es-DO\"},{\"@type\":\"Organization\",\"@id\":\"https:\/\/infoelnuevonorte.com\/#organization\",\"name\":\"Info El Nuevo Norte\",\"alternateName\":\"El Nuevo Norte\",\"url\":\"https:\/\/infoelnuevonorte.com\/\",\"logo\":{\"@type\":\"ImageObject\",\"inLanguage\":\"es-DO\",\"@id\":\"https:\/\/infoelnuevonorte.com\/#\/schema\/logo\/image\/\",\"url\":\"https:\/\/infoelnuevonorte.com\/wp-content\/uploads\/2026\/02\/Logo-Info-enn-3d-20ani.jpeg\",\"contentUrl\":\"https:\/\/infoelnuevonorte.com\/wp-content\/uploads\/2026\/02\/Logo-Info-enn-3d-20ani.jpeg\",\"width\":2046,\"height\":736,\"caption\":\"Info El Nuevo Norte\"},\"image\":{\"@id\":\"https:\/\/infoelnuevonorte.com\/#\/schema\/logo\/image\/\"},\"sameAs\":[\"https:\/\/www.facebook.com\/infoenn\",\"https:\/\/x.com\/Elnuevo_norte\",\"https:\/\/www.instagram.com\/infoenn\",\"https:\/\/www.facebook.com\/ENNRD\"]},{\"@type\":\"Person\",\"@id\":\"https:\/\/infoelnuevonorte.com\/#\/schema\/person\/3accb35eb55f55e96c492b52d085a403\",\"name\":\"T. R.\",\"image\":{\"@type\":\"ImageObject\",\"inLanguage\":\"es-DO\",\"@id\":\"https:\/\/infoelnuevonorte.com\/#\/schema\/person\/image\/\",\"url\":\"https:\/\/secure.gravatar.com\/avatar\/40543a038bda97abdb765b1662e9677d?s=96&d=robohash&r=g\",\"contentUrl\":\"https:\/\/secure.gravatar.com\/avatar\/40543a038bda97abdb765b1662e9677d?s=96&d=robohash&r=g\",\"caption\":\"T. R.\"},\"url\":\"https:\/\/infoelnuevonorte.com\/?author=2\"}]}<\/script>\n<!-- \/ Yoast SEO plugin. -->","yoast_head_json":{"title":"Centros Tecnol\u00f3gicos Comunitarios certifica a\u00a0400 j\u00f3venes y adultos de las provincias de Azua y San Juan | El Nuevo Norte","robots":{"index":"index","follow":"follow","max-snippet":"max-snippet:-1","max-image-preview":"max-image-preview:large","max-video-preview":"max-video-preview:-1"},"canonical":"https:\/\/infoelnuevonorte.com\/?p=58961","og_locale":"es_ES","og_type":"article","og_title":"Centros Tecnol\u00f3gicos Comunitarios certifica a\u00a0400 j\u00f3venes y adultos de las provincias de Azua y San Juan | El Nuevo Norte","og_description":"San Juan de la Maguana.-\u00a0Los Centros Tecnol\u00f3gicos Comunitarios (CTC) contin\u00faan fortaleciendo la educaci\u00f3n tecnol\u00f3gica y el emprendimiento en las regiones m\u00e1s vulnerables de la Rep\u00fablica Dominicana. La instituci\u00f3n desarroll\u00f3 un exitoso ciclo de formaci\u00f3n denominado \u00abImpacto Workshop\u00bb en las provincias de Azua y San Juan, beneficiando a m\u00e1s de 400 j\u00f3venes y adultos de esa [&hellip;]","og_url":"https:\/\/infoelnuevonorte.com\/?p=58961","og_site_name":"El Nuevo Norte","article_publisher":"https:\/\/www.facebook.com\/infoenn","article_published_time":"2024-10-19T16:02:01+00:00","article_modified_time":"2024-10-19T16:02:03+00:00","og_image":[{"width":1030,"height":693,"url":"https:\/\/infoelnuevonorte.com\/wp-content\/uploads\/2024\/10\/descarga-2024-10-19T120001.637-png.webp","type":"image\/png"}],"author":"T. R.","twitter_card":"summary_large_image","twitter_creator":"@Elnuevo_norte","twitter_site":"@Elnuevo_norte","twitter_misc":{"Written by":"T. R.","Est. reading time":"3 minutos"},"schema":{"@context":"https:\/\/schema.org","@graph":[{"@type":"Article","@id":"https:\/\/infoelnuevonorte.com\/?p=58961#article","isPartOf":{"@id":"https:\/\/infoelnuevonorte.com\/?p=58961"},"author":{"name":"T. R.","@id":"https:\/\/infoelnuevonorte.com\/#\/schema\/person\/3accb35eb55f55e96c492b52d085a403"},"headline":"Centros Tecnol\u00f3gicos Comunitarios certifica a\u00a0400 j\u00f3venes y adultos de las provincias de Azua y San Juan","datePublished":"2024-10-19T16:02:01+00:00","dateModified":"2024-10-19T16:02:03+00:00","mainEntityOfPage":{"@id":"https:\/\/infoelnuevonorte.com\/?p=58961"},"wordCount":593,"publisher":{"@id":"https:\/\/infoelnuevonorte.com\/#organization"},"articleSection":["Ciencia &amp; Tecnolog\u00eda"],"inLanguage":"es-DO"},{"@type":"WebPage","@id":"https:\/\/infoelnuevonorte.com\/?p=58961","url":"https:\/\/infoelnuevonorte.com\/?p=58961","name":"Centros Tecnol\u00f3gicos Comunitarios certifica a\u00a0400 j\u00f3venes y adultos de las provincias de Azua y San Juan | El Nuevo Norte","isPartOf":{"@id":"https:\/\/infoelnuevonorte.com\/#website"},"datePublished":"2024-10-19T16:02:01+00:00","dateModified":"2024-10-19T16:02:03+00:00","breadcrumb":{"@id":"https:\/\/infoelnuevonorte.com\/?p=58961#breadcrumb"},"inLanguage":"es-DO","potentialAction":[{"@type":"ReadAction","target":["https:\/\/infoelnuevonorte.com\/?p=58961"]}]},{"@type":"BreadcrumbList","@id":"https:\/\/infoelnuevonorte.com\/?p=58961#breadcrumb","itemListElement":[{"@type":"ListItem","position":1,"name":"Home","item":"https:\/\/infoelnuevonorte.com\/"},{"@type":"ListItem","position":2,"name":"Centros Tecnol\u00f3gicos Comunitarios certifica a\u00a0400 j\u00f3venes y adultos de las provincias de Azua y San Juan"}]},{"@type":"WebSite","@id":"https:\/\/infoelnuevonorte.com\/#website","url":"https:\/\/infoelnuevonorte.com\/","name":"InfoEnn","description":"Tu Voz, tu Verdad, tu Diario!!!","publisher":{"@id":"https:\/\/infoelnuevonorte.com\/#organization"},"alternateName":"El Nuevo Norte","potentialAction":[{"@type":"SearchAction","target":{"@type":"EntryPoint","urlTemplate":"https:\/\/infoelnuevonorte.com\/?s={search_term_string}"},"query-input":{"@type":"PropertyValueSpecification","valueRequired":true,"valueName":"search_term_string"}}],"inLanguage":"es-DO"},{"@type":"Organization","@id":"https:\/\/infoelnuevonorte.com\/#organization","name":"Info El Nuevo Norte","alternateName":"El Nuevo Norte","url":"https:\/\/infoelnuevonorte.com\/","logo":{"@type":"ImageObject","inLanguage":"es-DO","@id":"https:\/\/infoelnuevonorte.com\/#\/schema\/logo\/image\/","url":"https:\/\/infoelnuevonorte.com\/wp-content\/uploads\/2026\/02\/Logo-Info-enn-3d-20ani.jpeg","contentUrl":"https:\/\/infoelnuevonorte.com\/wp-content\/uploads\/2026\/02\/Logo-Info-enn-3d-20ani.jpeg","width":2046,"height":736,"caption":"Info El Nuevo Norte"},"image":{"@id":"https:\/\/infoelnuevonorte.com\/#\/schema\/logo\/image\/"},"sameAs":["https:\/\/www.facebook.com\/infoenn","https:\/\/x.com\/Elnuevo_norte","https:\/\/www.instagram.com\/infoenn","https:\/\/www.facebook.com\/ENNRD"]},{"@type":"Person","@id":"https:\/\/infoelnuevonorte.com\/#\/schema\/person\/3accb35eb55f55e96c492b52d085a403","name":"T. R.","image":{"@type":"ImageObject","inLanguage":"es-DO","@id":"https:\/\/infoelnuevonorte.com\/#\/schema\/person\/image\/","url":"https:\/\/secure.gravatar.com\/avatar\/40543a038bda97abdb765b1662e9677d?s=96&d=robohash&r=g","contentUrl":"https:\/\/secure.gravatar.com\/avatar\/40543a038bda97abdb765b1662e9677d?s=96&d=robohash&r=g","caption":"T. R."},"url":"https:\/\/infoelnuevonorte.com\/?author=2"}]}},"_links":{"self":[{"href":"https:\/\/infoelnuevonorte.com\/index.php?rest_route=\/wp\/v2\/posts\/58961"}],"collection":[{"href":"https:\/\/infoelnuevonorte.com\/index.php?rest_route=\/wp\/v2\/posts"}],"about":[{"href":"https:\/\/infoelnuevonorte.com\/index.php?rest_route=\/wp\/v2\/types\/post"}],"author":[{"embeddable":true,"href":"https:\/\/infoelnuevonorte.com\/index.php?rest_route=\/wp\/v2\/users\/2"}],"replies":[{"embeddable":true,"href":"https:\/\/infoelnuevonorte.com\/index.php?rest_route=%2Fwp%2Fv2%2Fcomments&post=58961"}],"version-history":[{"count":0,"href":"https:\/\/infoelnuevonorte.com\/index.php?rest_route=\/wp\/v2\/posts\/58961\/revisions"}],"wp:attachment":[{"href":"https:\/\/infoelnuevonorte.com\/index.php?rest_route=%2Fwp%2Fv2%2Fmedia&parent=58961"}],"wp:term":[{"taxonomy":"category","embeddable":true,"href":"https:\/\/infoelnuevonorte.com\/index.php?rest_route=%2Fwp%2Fv2%2Fcategories&post=58961"},{"taxonomy":"post_tag","embeddable":true,"href":"https:\/\/infoelnuevonorte.com\/index.php?rest_route=%2Fwp%2Fv2%2Ftags&post=58961"}],"curies":[{"name":"wp","href":"https:\/\/api.w.org\/{rel}","templated":true}]}}