{"id":5946,"date":"2023-11-30T05:37:56","date_gmt":"2023-11-30T09:37:56","guid":{"rendered":"https:\/\/infoelnuevonorte.com\/?p=5946"},"modified":"2023-11-30T05:37:58","modified_gmt":"2023-11-30T09:37:58","slug":"republica-dominicana-firma-acuerdo-para-promover-la-resiliencia-climatica","status":"publish","type":"post","link":"https:\/\/infoelnuevonorte.com\/?p=5946","title":{"rendered":"Rep\u00fablica Dominicana firma acuerdo para promover la resiliencia clim\u00e1tica"},"content":{"rendered":"<p style=\"text-align: justify;\">El Banco Centroamericano de Integraci\u00f3n Econ\u00f3mica (BCIE) y la Organizaci\u00f3n de las Naciones Unidas para la Alimentaci\u00f3n y la Agricultura (FAO) firmaron este mi\u00e9rcoles un acuerdo para promover la resiliencia clim\u00e1tica en Costa Rica, El Salvador, Guatemala, Honduras, Nicaragua, Panam\u00e1 y Rep\u00fablica Dominicana.<\/p>\n<p style=\"text-align: justify;\">El presidente saliente del BCIE, Dante Mossi, y el subdirector general y representante regional para Am\u00e9rica Latina y el Caribe de la FAO, Mario Lubetkin, firmaron el acuerdo para ejecutar el programa \u201cAdaptaci\u00f3n basada en Ecosistemas para aumentar la resiliencia clim\u00e1tica en el Corredor Seco Centroamericano y las Zonas \u00c1ridas de la Rep\u00fablica Dominicana\u201d.<\/p>\n<p style=\"text-align: justify;\">El proyecto tendr\u00e1 una inversi\u00f3n de m\u00e1s de 268 millones de d\u00f3lares, 45 millones de ellos ser\u00e1n implementados por la FAO y beneficiar\u00e1n a 1,1 millones de personas de Costa Rica, El Salvador, Guatemala, Honduras, Nicaragua, Panam\u00e1 y Rep\u00fablica Dominicana, indic\u00f3 la FAO en un comunicado difundido en Tegucigalpa.<\/p>\n<p style=\"text-align: justify;\">\u201cEl impacto combinado de las intervenciones del programa facilitar\u00e1 la adopci\u00f3n de medidas de adaptaci\u00f3n m\u00e1s all\u00e1 de los municipios objetivo, beneficiando indirectamente a 1,4 millones de personas en toda la regi\u00f3n\u201d durante los siete a\u00f1os de ejecuci\u00f3n del programa que arrancar\u00e1 en enero de 2024, abund\u00f3\u00a0el\u00a0comunicado.<\/p>\n<p style=\"text-align: justify;\">La inversi\u00f3n del proyecto proviene de recursos aportados por el BCIE, el Fondo Verde del Clima (FVC) y el cofinanciamiento de los pa\u00edses participantes.<\/p>\n<p style=\"text-align: justify;\"><b>Fortalecer capacidad de adaptaci\u00f3n de agricultores<\/b><\/p>\n<p style=\"text-align: justify;\">El BCIE y la FAO indicaron que el objetivo de la iniciativa es fortalecer la capacidad de adaptaci\u00f3n de las personas vulnerables, incluidos peque\u00f1os agricultores y agricultores comerciales, as\u00ed como empresarios de zonas rurales y comunidades en la regi\u00f3n del Corredor Seco de Centroam\u00e9rica y en las zonas \u00e1ridas de Rep\u00fablica Dominicana.\u200b<\/p>\n<p style=\"text-align: justify;\">Destacaron adem\u00e1s que el programa busca alcanzar \u201csistemas institucionales y normativos fortalecidos sensibles al clima, as\u00ed como el fortalecimiento de la capacidad de adaptaci\u00f3n y reducci\u00f3n de la exposici\u00f3n a los riesgos clim\u00e1ticos, y una mayor conciencia sobre las amenazas clim\u00e1ticas y los procesos de reducci\u00f3n de riesgos\u201d.<\/p>\n<p style=\"text-align: justify;\">Este resultado se lograr\u00e1 a trav\u00e9s del trabajo articulado entre el BCIE y la Comisi\u00f3n Centroamericana de Ambiente y Desarrollo (CCAD), instituci\u00f3n encargada de coordinar entre los pa\u00edses del SICA los resultados del programa para \u201cincorporar la adaptaci\u00f3n en las pol\u00edticas nacionales y estrategias regionales clave\u201d.<\/p>\n<p style=\"text-align: justify;\">La FAO ser\u00e1 la responsable de dar asistencia t\u00e9cnica e implementar los sitios de demostraci\u00f3n de la Adaptaci\u00f3n basada en Ecosistemas (AbE), con el apoyo del Programa de las Naciones Unidas para el Medio Ambiente (Pnuma) y en coordinaci\u00f3n con los pa\u00edses centroamericanos, como cofinanciadores y coejecutores del proyecto.<\/p>\n<p style=\"text-align: justify;\">La iniciativa beneficiar\u00e1 a alrededor de 20.530 kil\u00f3metros cuadrados del Corredor Seco Centroamericano y las zonas \u00e1ridas de Rep\u00fablica Dominicana, lo cual reducir\u00e1 significativamente la deforestaci\u00f3n y restaurar\u00e1 el paisaje en las regiones priorizadas.\u200b<\/p>\n<p style=\"text-align: justify;\">Adem\u00e1s, apoyar\u00e1 de manera directa a 10.000 productores comerciales, 3.500 de ellos mujeres, y a 170.000 productores de subsistencia, y realizar\u00e1 80.000 inversiones en acciones de Adaptaci\u00f3n basada en Ecosistemas.<\/p>\n<p style=\"text-align: justify;\">El programa regional se ejecutar\u00e1 bajo dos componentes: uno referido a la incorporaci\u00f3n de Adaptaci\u00f3n basada en Ecosistemas (AbE), tecnolog\u00edas de uso eficiente del agua y negocios basados en recursos naturales en cuencas seleccionadas\u200b, y otro sobre el financiamiento e implementaci\u00f3n del primero.<\/p>\n<p style=\"text-align: justify;\">El BCIE y la FAO enfatizan que sin intervenciones integrales de adaptaci\u00f3n, las p\u00e9rdidas agr\u00edcolas seguir\u00e1n\u00a0\u201caumentando, junto con la p\u00e9rdida de ecosistemas, la escasez de agua, la pobreza y la inseguridad alimentaria\u201d.<\/p>\n<p style=\"text-align: justify;\">El impacto aumentar\u00e1 \u201cla exposici\u00f3n y la sensibilidad de las comunidades\u201d en el Corredor Seco Centroamericano y las zonas \u00e1ridas de Rep\u00fablica Dominicana, ya \u201cextremadamente vulnerables al cambio clim\u00e1tico\u201d.<\/p>\n","protected":false},"excerpt":{"rendered":"<p>El Banco Centroamericano de Integraci\u00f3n Econ\u00f3mica (BCIE) y la Organizaci\u00f3n de las Naciones Unidas para la Alimentaci\u00f3n y la Agricultura (FAO) firmaron este mi\u00e9rcoles un acuerdo para promover la resiliencia clim\u00e1tica en Costa Rica, El Salvador, Guatemala, Honduras, Nicaragua, Panam\u00e1 y Rep\u00fablica Dominicana. El presidente saliente del BCIE, Dante Mossi, y el subdirector general y [&hellip;]<\/p>\n","protected":false},"author":1,"featured_media":0,"comment_status":"closed","ping_status":"open","sticky":false,"template":"","format":"standard","meta":{"footnotes":""},"categories":[2,8],"tags":[],"yoast_head":"<!-- This site is optimized with the Yoast SEO plugin v24.5 - https:\/\/yoast.com\/wordpress\/plugins\/seo\/ -->\n<title>Rep\u00fablica Dominicana firma acuerdo para promover la resiliencia clim\u00e1tica | El Nuevo Norte<\/title>\n<meta name=\"robots\" content=\"index, follow, max-snippet:-1, max-image-preview:large, max-video-preview:-1\" \/>\n<link rel=\"canonical\" href=\"https:\/\/infoelnuevonorte.com\/?p=5946\" \/>\n<meta property=\"og:locale\" content=\"es_ES\" \/>\n<meta property=\"og:type\" content=\"article\" \/>\n<meta property=\"og:title\" content=\"Rep\u00fablica Dominicana firma acuerdo para promover la resiliencia clim\u00e1tica | El Nuevo Norte\" \/>\n<meta property=\"og:description\" content=\"El Banco Centroamericano de Integraci\u00f3n Econ\u00f3mica (BCIE) y la Organizaci\u00f3n de las Naciones Unidas para la Alimentaci\u00f3n y la Agricultura (FAO) firmaron este mi\u00e9rcoles un acuerdo para promover la resiliencia clim\u00e1tica en Costa Rica, El Salvador, Guatemala, Honduras, Nicaragua, Panam\u00e1 y Rep\u00fablica Dominicana. El presidente saliente del BCIE, Dante Mossi, y el subdirector general y [&hellip;]\" \/>\n<meta property=\"og:url\" content=\"https:\/\/infoelnuevonorte.com\/?p=5946\" \/>\n<meta property=\"og:site_name\" content=\"El Nuevo Norte\" \/>\n<meta property=\"article:publisher\" content=\"https:\/\/www.facebook.com\/infoenn\" \/>\n<meta property=\"article:published_time\" content=\"2023-11-30T09:37:56+00:00\" \/>\n<meta property=\"article:modified_time\" content=\"2023-11-30T09:37:58+00:00\" \/>\n<meta property=\"og:image\" content=\"https:\/\/infoelnuevonorte.com\/wp-content\/uploads\/2023\/11\/empresas-resiliencia-climatica.png\" \/>\n\t<meta property=\"og:image:width\" content=\"763\" \/>\n\t<meta property=\"og:image:height\" content=\"505\" \/>\n\t<meta property=\"og:image:type\" content=\"image\/png\" \/>\n<meta name=\"author\" content=\"InfoEnn\" \/>\n<meta name=\"twitter:card\" content=\"summary_large_image\" \/>\n<meta name=\"twitter:creator\" content=\"@Elnuevo_norte\" \/>\n<meta name=\"twitter:site\" content=\"@Elnuevo_norte\" \/>\n<meta name=\"twitter:label1\" content=\"Written by\" \/>\n\t<meta name=\"twitter:data1\" content=\"InfoEnn\" \/>\n\t<meta name=\"twitter:label2\" content=\"Est. reading time\" \/>\n\t<meta name=\"twitter:data2\" content=\"3 minutos\" \/>\n<script type=\"application\/ld+json\" class=\"yoast-schema-graph\">{\"@context\":\"https:\/\/schema.org\",\"@graph\":[{\"@type\":\"Article\",\"@id\":\"https:\/\/infoelnuevonorte.com\/?p=5946#article\",\"isPartOf\":{\"@id\":\"https:\/\/infoelnuevonorte.com\/?p=5946\"},\"author\":{\"name\":\"InfoEnn\",\"@id\":\"https:\/\/infoelnuevonorte.com\/#\/schema\/person\/fd4f6d90afe41260818b4ea94ad8ab84\"},\"headline\":\"Rep\u00fablica Dominicana firma acuerdo para promover la resiliencia clim\u00e1tica\",\"datePublished\":\"2023-11-30T09:37:56+00:00\",\"dateModified\":\"2023-11-30T09:37:58+00:00\",\"mainEntityOfPage\":{\"@id\":\"https:\/\/infoelnuevonorte.com\/?p=5946\"},\"wordCount\":656,\"publisher\":{\"@id\":\"https:\/\/infoelnuevonorte.com\/#organization\"},\"articleSection\":[\"Actualidad |\",\"Nacionales\"],\"inLanguage\":\"es-DO\"},{\"@type\":\"WebPage\",\"@id\":\"https:\/\/infoelnuevonorte.com\/?p=5946\",\"url\":\"https:\/\/infoelnuevonorte.com\/?p=5946\",\"name\":\"Rep\u00fablica Dominicana firma acuerdo para promover la resiliencia clim\u00e1tica | El Nuevo Norte\",\"isPartOf\":{\"@id\":\"https:\/\/infoelnuevonorte.com\/#website\"},\"datePublished\":\"2023-11-30T09:37:56+00:00\",\"dateModified\":\"2023-11-30T09:37:58+00:00\",\"breadcrumb\":{\"@id\":\"https:\/\/infoelnuevonorte.com\/?p=5946#breadcrumb\"},\"inLanguage\":\"es-DO\",\"potentialAction\":[{\"@type\":\"ReadAction\",\"target\":[\"https:\/\/infoelnuevonorte.com\/?p=5946\"]}]},{\"@type\":\"BreadcrumbList\",\"@id\":\"https:\/\/infoelnuevonorte.com\/?p=5946#breadcrumb\",\"itemListElement\":[{\"@type\":\"ListItem\",\"position\":1,\"name\":\"Home\",\"item\":\"https:\/\/infoelnuevonorte.com\/\"},{\"@type\":\"ListItem\",\"position\":2,\"name\":\"Rep\u00fablica Dominicana firma acuerdo para promover la resiliencia clim\u00e1tica\"}]},{\"@type\":\"WebSite\",\"@id\":\"https:\/\/infoelnuevonorte.com\/#website\",\"url\":\"https:\/\/infoelnuevonorte.com\/\",\"name\":\"InfoEnn\",\"description\":\"Tu Voz, tu Verdad, tu Diario!!!\",\"publisher\":{\"@id\":\"https:\/\/infoelnuevonorte.com\/#organization\"},\"alternateName\":\"El Nuevo Norte\",\"potentialAction\":[{\"@type\":\"SearchAction\",\"target\":{\"@type\":\"EntryPoint\",\"urlTemplate\":\"https:\/\/infoelnuevonorte.com\/?s={search_term_string}\"},\"query-input\":{\"@type\":\"PropertyValueSpecification\",\"valueRequired\":true,\"valueName\":\"search_term_string\"}}],\"inLanguage\":\"es-DO\"},{\"@type\":\"Organization\",\"@id\":\"https:\/\/infoelnuevonorte.com\/#organization\",\"name\":\"Info El Nuevo Norte\",\"alternateName\":\"El Nuevo Norte\",\"url\":\"https:\/\/infoelnuevonorte.com\/\",\"logo\":{\"@type\":\"ImageObject\",\"inLanguage\":\"es-DO\",\"@id\":\"https:\/\/infoelnuevonorte.com\/#\/schema\/logo\/image\/\",\"url\":\"https:\/\/infoelnuevonorte.com\/wp-content\/uploads\/2026\/02\/Logo-Info-enn-3d-20ani.jpeg\",\"contentUrl\":\"https:\/\/infoelnuevonorte.com\/wp-content\/uploads\/2026\/02\/Logo-Info-enn-3d-20ani.jpeg\",\"width\":2046,\"height\":736,\"caption\":\"Info El Nuevo Norte\"},\"image\":{\"@id\":\"https:\/\/infoelnuevonorte.com\/#\/schema\/logo\/image\/\"},\"sameAs\":[\"https:\/\/www.facebook.com\/infoenn\",\"https:\/\/x.com\/Elnuevo_norte\",\"https:\/\/www.instagram.com\/infoenn\",\"https:\/\/www.facebook.com\/ENNRD\"]},{\"@type\":\"Person\",\"@id\":\"https:\/\/infoelnuevonorte.com\/#\/schema\/person\/fd4f6d90afe41260818b4ea94ad8ab84\",\"name\":\"InfoEnn\",\"image\":{\"@type\":\"ImageObject\",\"inLanguage\":\"es-DO\",\"@id\":\"https:\/\/infoelnuevonorte.com\/#\/schema\/person\/image\/\",\"url\":\"https:\/\/secure.gravatar.com\/avatar\/d4d760a41a48ba9db0a82bfb63bb0783?s=96&d=robohash&r=g\",\"contentUrl\":\"https:\/\/secure.gravatar.com\/avatar\/d4d760a41a48ba9db0a82bfb63bb0783?s=96&d=robohash&r=g\",\"caption\":\"InfoEnn\"},\"sameAs\":[\"https:\/\/infoelnuevonorte.com\"],\"url\":\"https:\/\/infoelnuevonorte.com\/?author=1\"}]}<\/script>\n<!-- \/ Yoast SEO plugin. -->","yoast_head_json":{"title":"Rep\u00fablica Dominicana firma acuerdo para promover la resiliencia clim\u00e1tica | El Nuevo Norte","robots":{"index":"index","follow":"follow","max-snippet":"max-snippet:-1","max-image-preview":"max-image-preview:large","max-video-preview":"max-video-preview:-1"},"canonical":"https:\/\/infoelnuevonorte.com\/?p=5946","og_locale":"es_ES","og_type":"article","og_title":"Rep\u00fablica Dominicana firma acuerdo para promover la resiliencia clim\u00e1tica | El Nuevo Norte","og_description":"El Banco Centroamericano de Integraci\u00f3n Econ\u00f3mica (BCIE) y la Organizaci\u00f3n de las Naciones Unidas para la Alimentaci\u00f3n y la Agricultura (FAO) firmaron este mi\u00e9rcoles un acuerdo para promover la resiliencia clim\u00e1tica en Costa Rica, El Salvador, Guatemala, Honduras, Nicaragua, Panam\u00e1 y Rep\u00fablica Dominicana. El presidente saliente del BCIE, Dante Mossi, y el subdirector general y [&hellip;]","og_url":"https:\/\/infoelnuevonorte.com\/?p=5946","og_site_name":"El Nuevo Norte","article_publisher":"https:\/\/www.facebook.com\/infoenn","article_published_time":"2023-11-30T09:37:56+00:00","article_modified_time":"2023-11-30T09:37:58+00:00","og_image":[{"width":763,"height":505,"url":"https:\/\/infoelnuevonorte.com\/wp-content\/uploads\/2023\/11\/empresas-resiliencia-climatica.png","type":"image\/png"}],"author":"InfoEnn","twitter_card":"summary_large_image","twitter_creator":"@Elnuevo_norte","twitter_site":"@Elnuevo_norte","twitter_misc":{"Written by":"InfoEnn","Est. reading time":"3 minutos"},"schema":{"@context":"https:\/\/schema.org","@graph":[{"@type":"Article","@id":"https:\/\/infoelnuevonorte.com\/?p=5946#article","isPartOf":{"@id":"https:\/\/infoelnuevonorte.com\/?p=5946"},"author":{"name":"InfoEnn","@id":"https:\/\/infoelnuevonorte.com\/#\/schema\/person\/fd4f6d90afe41260818b4ea94ad8ab84"},"headline":"Rep\u00fablica Dominicana firma acuerdo para promover la resiliencia clim\u00e1tica","datePublished":"2023-11-30T09:37:56+00:00","dateModified":"2023-11-30T09:37:58+00:00","mainEntityOfPage":{"@id":"https:\/\/infoelnuevonorte.com\/?p=5946"},"wordCount":656,"publisher":{"@id":"https:\/\/infoelnuevonorte.com\/#organization"},"articleSection":["Actualidad |","Nacionales"],"inLanguage":"es-DO"},{"@type":"WebPage","@id":"https:\/\/infoelnuevonorte.com\/?p=5946","url":"https:\/\/infoelnuevonorte.com\/?p=5946","name":"Rep\u00fablica Dominicana firma acuerdo para promover la resiliencia clim\u00e1tica | El Nuevo Norte","isPartOf":{"@id":"https:\/\/infoelnuevonorte.com\/#website"},"datePublished":"2023-11-30T09:37:56+00:00","dateModified":"2023-11-30T09:37:58+00:00","breadcrumb":{"@id":"https:\/\/infoelnuevonorte.com\/?p=5946#breadcrumb"},"inLanguage":"es-DO","potentialAction":[{"@type":"ReadAction","target":["https:\/\/infoelnuevonorte.com\/?p=5946"]}]},{"@type":"BreadcrumbList","@id":"https:\/\/infoelnuevonorte.com\/?p=5946#breadcrumb","itemListElement":[{"@type":"ListItem","position":1,"name":"Home","item":"https:\/\/infoelnuevonorte.com\/"},{"@type":"ListItem","position":2,"name":"Rep\u00fablica Dominicana firma acuerdo para promover la resiliencia clim\u00e1tica"}]},{"@type":"WebSite","@id":"https:\/\/infoelnuevonorte.com\/#website","url":"https:\/\/infoelnuevonorte.com\/","name":"InfoEnn","description":"Tu Voz, tu Verdad, tu Diario!!!","publisher":{"@id":"https:\/\/infoelnuevonorte.com\/#organization"},"alternateName":"El Nuevo Norte","potentialAction":[{"@type":"SearchAction","target":{"@type":"EntryPoint","urlTemplate":"https:\/\/infoelnuevonorte.com\/?s={search_term_string}"},"query-input":{"@type":"PropertyValueSpecification","valueRequired":true,"valueName":"search_term_string"}}],"inLanguage":"es-DO"},{"@type":"Organization","@id":"https:\/\/infoelnuevonorte.com\/#organization","name":"Info El Nuevo Norte","alternateName":"El Nuevo Norte","url":"https:\/\/infoelnuevonorte.com\/","logo":{"@type":"ImageObject","inLanguage":"es-DO","@id":"https:\/\/infoelnuevonorte.com\/#\/schema\/logo\/image\/","url":"https:\/\/infoelnuevonorte.com\/wp-content\/uploads\/2026\/02\/Logo-Info-enn-3d-20ani.jpeg","contentUrl":"https:\/\/infoelnuevonorte.com\/wp-content\/uploads\/2026\/02\/Logo-Info-enn-3d-20ani.jpeg","width":2046,"height":736,"caption":"Info El Nuevo Norte"},"image":{"@id":"https:\/\/infoelnuevonorte.com\/#\/schema\/logo\/image\/"},"sameAs":["https:\/\/www.facebook.com\/infoenn","https:\/\/x.com\/Elnuevo_norte","https:\/\/www.instagram.com\/infoenn","https:\/\/www.facebook.com\/ENNRD"]},{"@type":"Person","@id":"https:\/\/infoelnuevonorte.com\/#\/schema\/person\/fd4f6d90afe41260818b4ea94ad8ab84","name":"InfoEnn","image":{"@type":"ImageObject","inLanguage":"es-DO","@id":"https:\/\/infoelnuevonorte.com\/#\/schema\/person\/image\/","url":"https:\/\/secure.gravatar.com\/avatar\/d4d760a41a48ba9db0a82bfb63bb0783?s=96&d=robohash&r=g","contentUrl":"https:\/\/secure.gravatar.com\/avatar\/d4d760a41a48ba9db0a82bfb63bb0783?s=96&d=robohash&r=g","caption":"InfoEnn"},"sameAs":["https:\/\/infoelnuevonorte.com"],"url":"https:\/\/infoelnuevonorte.com\/?author=1"}]}},"_links":{"self":[{"href":"https:\/\/infoelnuevonorte.com\/index.php?rest_route=\/wp\/v2\/posts\/5946"}],"collection":[{"href":"https:\/\/infoelnuevonorte.com\/index.php?rest_route=\/wp\/v2\/posts"}],"about":[{"href":"https:\/\/infoelnuevonorte.com\/index.php?rest_route=\/wp\/v2\/types\/post"}],"author":[{"embeddable":true,"href":"https:\/\/infoelnuevonorte.com\/index.php?rest_route=\/wp\/v2\/users\/1"}],"replies":[{"embeddable":true,"href":"https:\/\/infoelnuevonorte.com\/index.php?rest_route=%2Fwp%2Fv2%2Fcomments&post=5946"}],"version-history":[{"count":0,"href":"https:\/\/infoelnuevonorte.com\/index.php?rest_route=\/wp\/v2\/posts\/5946\/revisions"}],"wp:attachment":[{"href":"https:\/\/infoelnuevonorte.com\/index.php?rest_route=%2Fwp%2Fv2%2Fmedia&parent=5946"}],"wp:term":[{"taxonomy":"category","embeddable":true,"href":"https:\/\/infoelnuevonorte.com\/index.php?rest_route=%2Fwp%2Fv2%2Fcategories&post=5946"},{"taxonomy":"post_tag","embeddable":true,"href":"https:\/\/infoelnuevonorte.com\/index.php?rest_route=%2Fwp%2Fv2%2Ftags&post=5946"}],"curies":[{"name":"wp","href":"https:\/\/api.w.org\/{rel}","templated":true}]}}