{"id":62129,"date":"2024-11-06T14:18:10","date_gmt":"2024-11-06T18:18:10","guid":{"rendered":"https:\/\/infoelnuevonorte.com\/?p=62129"},"modified":"2024-11-06T14:18:11","modified_gmt":"2024-11-06T18:18:11","slug":"este-jueves-se-inaugura-la-feria-internacional-del-libro-2024","status":"publish","type":"post","link":"https:\/\/infoelnuevonorte.com\/?p=62129","title":{"rendered":"Este jueves se inaugura la Feria Internacional del Libro 2024"},"content":{"rendered":"\n<p><a href=\"https:\/\/deultimominuto.net\/category\/estilo\/\"><\/a><\/p>\n\n\n<div class=\"td_block_wrap tdb_single_content tdi_370 td-pb-border-top td_block_template_1 td-post-content tagdiv-type\" data-td-block-uid=\"tdi_370\">\n<div class=\"tdb-block-inner td-fix-index\">\n<!--[if lt IE 9]><script>document.createElement('audio');<\/script><![endif]-->\n<audio class=\"wp-audio-shortcode\" id=\"audio-62129-1\" preload=\"none\" style=\"width: 100%;\" controls=\"controls\"><source type=\"audio\/mpeg\" src=\"https:\/\/infoelnuevonorte.com\/wp-content\/uploads\/2024\/11\/ttsmaker-vip-file-2024-11-6-14-16-27.mp3?_=1\" \/><a href=\"https:\/\/infoelnuevonorte.com\/wp-content\/uploads\/2024\/11\/ttsmaker-vip-file-2024-11-6-14-16-27.mp3\">https:\/\/infoelnuevonorte.com\/wp-content\/uploads\/2024\/11\/ttsmaker-vip-file-2024-11-6-14-16-27.mp3<\/a><\/audio>\n<p style=\"text-align: justify\"><strong>Santo Domingo.\u2013<\/strong>\u00a0El Ministerio de Cultura inform\u00f3 que se ultiman los detalles para la inauguraci\u00f3n este jueves 7 de la Feria Internacional del Libro Santo Domingo (FILSD 2024), acto que tendr\u00e1 lugar a las 7:00 de la noche en el Teatro Nacional Eduardo Brito.<\/p>\n<p style=\"text-align: justify\">La instituci\u00f3n destac\u00f3 que el montaje del evento, que se celebrar\u00e1 hasta el 17 de noviembre, est\u00e1 avanzado en casi su totalidad, con el fin de recibir la asistencia entusiasta de miles de visitantes a esta fiesta del libro, que en esta edici\u00f3n tiene como como autor homenajeado al escritor Mateo Morrison y como invitado de honor a Washington Heights.<\/p>\n<h3 class=\"wp-block-heading\" style=\"text-align: justify\"><strong>Leer m\u00e1s: <a href=\"https:\/\/infoelnuevonorte.com\/?p=56730\">Escritores de 18 pa\u00edses estar\u00e1n presentes en la Feria del Libro 2024<\/a><\/strong><\/h3>\n<p style=\"text-align: justify\">En la Plaza de la Cultura Juan Pablo Duarte se observa personal de limpieza, obreros, electricistas y jardineros adelantando las labores de acondicionamiento de los quince pabellones y salas que concentrar\u00e1n la agenda literaria y cultural de la FILSD 2024.<\/p>\n<p style=\"text-align: justify\">Con el fin de velar por la seguridad de los asistentes, el MINC desplegar\u00e1 un amplio dispositivo de seguridad compuesto por alrededor de 450 efectivos de distintas instituciones militares, policiales, de socorro y primeros auxilios.<\/p>\n<p style=\"text-align: justify\">Con el lema \u201cLos libros conectan\u201d, el evento cultural contar\u00e1 con la participaci\u00f3n de representantes de 242 sellos editoriales y decenas de distribuidores locales, as\u00ed como m\u00e1s de 500 actividades, entre las que figuran conferencias, puestas en circulaci\u00f3n de libros, exposiciones, conversatorios, proyecciones de cortos y largometrajes, talleres, recitales po\u00e9ticos, coloquios, obras de teatro y cuentacuentos.<\/p>\n<p style=\"text-align: justify\">M\u00e1s de una veintena de renombrados escritores de la comunidad dominicana en el extranjero participar\u00e1n en el programa de actividades de la feria, as\u00ed como un selecto grupo de escritores de 18 pa\u00edses, entre los que se encuentran laureados novelistas, ensayistas, cuentistas, poetas y autores pertenecientes a otros g\u00e9neros.<\/p>\n<p style=\"text-align: justify\">Una de las novedades que presentar\u00e1 la FILSD 2024 ser\u00e1 la \u201cFeria fuera de casa\u201d, consistente en una serie de actividades con escritores nacionales e internacionales fuera del recinto ferial.<\/p>\n<p style=\"text-align: justify\">En esta versi\u00f3n del evento \u201cMarca Pa\u00eds\u201d vuelve el Pabell\u00f3n de la Imaginaci\u00f3n, un innovador punto de encuentro donde los visitantes pueden adentrarse en el fascinante universo de la tecnolog\u00eda; y del C\u00f3mic, en el cual participar\u00e1n destacados estudios dedicados a difundir este g\u00e9nero.<\/p>\n<p style=\"text-align: justify\">El p\u00fablico asistente tambi\u00e9n podr\u00e1 visitar el Pabell\u00f3n de Editoriales y el Paseo de la Lectura, donde 47 librer\u00edas ofrecer\u00e1n una atractiva variedad de libros. Por su parte, Washington Heights y Mateo Morrison contar\u00e1n con sendos pabellones.<\/p>\n<p style=\"text-align: justify\">De igual modo, este a\u00f1o vuelve el Pabell\u00f3n Infantil con una programaci\u00f3n especial para los m\u00e1s peque\u00f1os.<\/p>\n<\/div>\n<\/div>\n<div class=\"td_block_wrap tdb_single_tags tdi_371 td-pb-border-top td_block_template_1\" style=\"text-align: justify\" data-td-block-uid=\"tdi_371\">\u00a0<\/div>","protected":false},"excerpt":{"rendered":"<p>Santo Domingo.\u2013\u00a0El Ministerio de Cultura inform\u00f3 que se ultiman los detalles para la inauguraci\u00f3n este jueves 7 de la Feria Internacional del Libro Santo Domingo (FILSD 2024), acto que tendr\u00e1 lugar a las 7:00 de la noche en el Teatro Nacional Eduardo Brito. La instituci\u00f3n destac\u00f3 que el montaje del evento, que se celebrar\u00e1 hasta [&hellip;]<\/p>\n","protected":false},"author":2,"featured_media":0,"comment_status":"closed","ping_status":"open","sticky":false,"template":"","format":"standard","meta":{"footnotes":""},"categories":[17,11],"tags":[],"yoast_head":"<!-- This site is optimized with the Yoast SEO plugin v24.5 - https:\/\/yoast.com\/wordpress\/plugins\/seo\/ -->\n<title>Este jueves se inaugura la Feria Internacional del Libro 2024 | El Nuevo Norte<\/title>\n<meta name=\"robots\" content=\"index, follow, max-snippet:-1, max-image-preview:large, max-video-preview:-1\" \/>\n<link rel=\"canonical\" href=\"https:\/\/infoelnuevonorte.com\/?p=62129\" \/>\n<meta property=\"og:locale\" content=\"es_ES\" \/>\n<meta property=\"og:type\" content=\"article\" \/>\n<meta property=\"og:title\" content=\"Este jueves se inaugura la Feria Internacional del Libro 2024 | El Nuevo Norte\" \/>\n<meta property=\"og:description\" content=\"Santo Domingo.\u2013\u00a0El Ministerio de Cultura inform\u00f3 que se ultiman los detalles para la inauguraci\u00f3n este jueves 7 de la Feria Internacional del Libro Santo Domingo (FILSD 2024), acto que tendr\u00e1 lugar a las 7:00 de la noche en el Teatro Nacional Eduardo Brito. La instituci\u00f3n destac\u00f3 que el montaje del evento, que se celebrar\u00e1 hasta [&hellip;]\" \/>\n<meta property=\"og:url\" content=\"https:\/\/infoelnuevonorte.com\/?p=62129\" \/>\n<meta property=\"og:site_name\" content=\"El Nuevo Norte\" \/>\n<meta property=\"article:publisher\" content=\"https:\/\/www.facebook.com\/infoenn\" \/>\n<meta property=\"article:published_time\" content=\"2024-11-06T18:18:10+00:00\" \/>\n<meta property=\"article:modified_time\" content=\"2024-11-06T18:18:11+00:00\" \/>\n<meta property=\"og:image\" content=\"https:\/\/infoelnuevonorte.com\/wp-content\/uploads\/2024\/11\/descarga-2024-11-06T141542.551-png.webp\" \/>\n\t<meta property=\"og:image:width\" content=\"1030\" \/>\n\t<meta property=\"og:image:height\" content=\"687\" \/>\n\t<meta property=\"og:image:type\" content=\"image\/png\" \/>\n<meta name=\"author\" content=\"T. R.\" \/>\n<meta name=\"twitter:card\" content=\"summary_large_image\" \/>\n<meta name=\"twitter:creator\" content=\"@Elnuevo_norte\" \/>\n<meta name=\"twitter:site\" content=\"@Elnuevo_norte\" \/>\n<meta name=\"twitter:label1\" content=\"Written by\" \/>\n\t<meta name=\"twitter:data1\" content=\"T. R.\" \/>\n\t<meta name=\"twitter:label2\" content=\"Est. reading time\" \/>\n\t<meta name=\"twitter:data2\" content=\"3 minutos\" \/>\n<script type=\"application\/ld+json\" class=\"yoast-schema-graph\">{\"@context\":\"https:\/\/schema.org\",\"@graph\":[{\"@type\":\"Article\",\"@id\":\"https:\/\/infoelnuevonorte.com\/?p=62129#article\",\"isPartOf\":{\"@id\":\"https:\/\/infoelnuevonorte.com\/?p=62129\"},\"author\":{\"name\":\"T. R.\",\"@id\":\"https:\/\/infoelnuevonorte.com\/#\/schema\/person\/3accb35eb55f55e96c492b52d085a403\"},\"headline\":\"Este jueves se inaugura la Feria Internacional del Libro 2024\",\"datePublished\":\"2024-11-06T18:18:10+00:00\",\"dateModified\":\"2024-11-06T18:18:11+00:00\",\"mainEntityOfPage\":{\"@id\":\"https:\/\/infoelnuevonorte.com\/?p=62129\"},\"wordCount\":471,\"publisher\":{\"@id\":\"https:\/\/infoelnuevonorte.com\/#organization\"},\"articleSection\":[\"Cultura\",\"Entretenimiento\"],\"inLanguage\":\"es-DO\"},{\"@type\":\"WebPage\",\"@id\":\"https:\/\/infoelnuevonorte.com\/?p=62129\",\"url\":\"https:\/\/infoelnuevonorte.com\/?p=62129\",\"name\":\"Este jueves se inaugura la Feria Internacional del Libro 2024 | El Nuevo Norte\",\"isPartOf\":{\"@id\":\"https:\/\/infoelnuevonorte.com\/#website\"},\"datePublished\":\"2024-11-06T18:18:10+00:00\",\"dateModified\":\"2024-11-06T18:18:11+00:00\",\"breadcrumb\":{\"@id\":\"https:\/\/infoelnuevonorte.com\/?p=62129#breadcrumb\"},\"inLanguage\":\"es-DO\",\"potentialAction\":[{\"@type\":\"ReadAction\",\"target\":[\"https:\/\/infoelnuevonorte.com\/?p=62129\"]}]},{\"@type\":\"BreadcrumbList\",\"@id\":\"https:\/\/infoelnuevonorte.com\/?p=62129#breadcrumb\",\"itemListElement\":[{\"@type\":\"ListItem\",\"position\":1,\"name\":\"Home\",\"item\":\"https:\/\/infoelnuevonorte.com\/\"},{\"@type\":\"ListItem\",\"position\":2,\"name\":\"Este jueves se inaugura la Feria Internacional del Libro 2024\"}]},{\"@type\":\"WebSite\",\"@id\":\"https:\/\/infoelnuevonorte.com\/#website\",\"url\":\"https:\/\/infoelnuevonorte.com\/\",\"name\":\"InfoEnn\",\"description\":\"Tu Voz, tu Verdad, tu Diario!!!\",\"publisher\":{\"@id\":\"https:\/\/infoelnuevonorte.com\/#organization\"},\"alternateName\":\"El Nuevo Norte\",\"potentialAction\":[{\"@type\":\"SearchAction\",\"target\":{\"@type\":\"EntryPoint\",\"urlTemplate\":\"https:\/\/infoelnuevonorte.com\/?s={search_term_string}\"},\"query-input\":{\"@type\":\"PropertyValueSpecification\",\"valueRequired\":true,\"valueName\":\"search_term_string\"}}],\"inLanguage\":\"es-DO\"},{\"@type\":\"Organization\",\"@id\":\"https:\/\/infoelnuevonorte.com\/#organization\",\"name\":\"Info El Nuevo Norte\",\"alternateName\":\"El Nuevo Norte\",\"url\":\"https:\/\/infoelnuevonorte.com\/\",\"logo\":{\"@type\":\"ImageObject\",\"inLanguage\":\"es-DO\",\"@id\":\"https:\/\/infoelnuevonorte.com\/#\/schema\/logo\/image\/\",\"url\":\"https:\/\/infoelnuevonorte.com\/wp-content\/uploads\/2026\/02\/Logo-Info-enn-3d-20ani.jpeg\",\"contentUrl\":\"https:\/\/infoelnuevonorte.com\/wp-content\/uploads\/2026\/02\/Logo-Info-enn-3d-20ani.jpeg\",\"width\":2046,\"height\":736,\"caption\":\"Info El Nuevo Norte\"},\"image\":{\"@id\":\"https:\/\/infoelnuevonorte.com\/#\/schema\/logo\/image\/\"},\"sameAs\":[\"https:\/\/www.facebook.com\/infoenn\",\"https:\/\/x.com\/Elnuevo_norte\",\"https:\/\/www.instagram.com\/infoenn\",\"https:\/\/www.facebook.com\/ENNRD\"]},{\"@type\":\"Person\",\"@id\":\"https:\/\/infoelnuevonorte.com\/#\/schema\/person\/3accb35eb55f55e96c492b52d085a403\",\"name\":\"T. R.\",\"image\":{\"@type\":\"ImageObject\",\"inLanguage\":\"es-DO\",\"@id\":\"https:\/\/infoelnuevonorte.com\/#\/schema\/person\/image\/\",\"url\":\"https:\/\/secure.gravatar.com\/avatar\/40543a038bda97abdb765b1662e9677d?s=96&d=robohash&r=g\",\"contentUrl\":\"https:\/\/secure.gravatar.com\/avatar\/40543a038bda97abdb765b1662e9677d?s=96&d=robohash&r=g\",\"caption\":\"T. R.\"},\"url\":\"https:\/\/infoelnuevonorte.com\/?author=2\"}]}<\/script>\n<!-- \/ Yoast SEO plugin. -->","yoast_head_json":{"title":"Este jueves se inaugura la Feria Internacional del Libro 2024 | El Nuevo Norte","robots":{"index":"index","follow":"follow","max-snippet":"max-snippet:-1","max-image-preview":"max-image-preview:large","max-video-preview":"max-video-preview:-1"},"canonical":"https:\/\/infoelnuevonorte.com\/?p=62129","og_locale":"es_ES","og_type":"article","og_title":"Este jueves se inaugura la Feria Internacional del Libro 2024 | El Nuevo Norte","og_description":"Santo Domingo.\u2013\u00a0El Ministerio de Cultura inform\u00f3 que se ultiman los detalles para la inauguraci\u00f3n este jueves 7 de la Feria Internacional del Libro Santo Domingo (FILSD 2024), acto que tendr\u00e1 lugar a las 7:00 de la noche en el Teatro Nacional Eduardo Brito. La instituci\u00f3n destac\u00f3 que el montaje del evento, que se celebrar\u00e1 hasta [&hellip;]","og_url":"https:\/\/infoelnuevonorte.com\/?p=62129","og_site_name":"El Nuevo Norte","article_publisher":"https:\/\/www.facebook.com\/infoenn","article_published_time":"2024-11-06T18:18:10+00:00","article_modified_time":"2024-11-06T18:18:11+00:00","og_image":[{"width":1030,"height":687,"url":"https:\/\/infoelnuevonorte.com\/wp-content\/uploads\/2024\/11\/descarga-2024-11-06T141542.551-png.webp","type":"image\/png"}],"author":"T. R.","twitter_card":"summary_large_image","twitter_creator":"@Elnuevo_norte","twitter_site":"@Elnuevo_norte","twitter_misc":{"Written by":"T. R.","Est. reading time":"3 minutos"},"schema":{"@context":"https:\/\/schema.org","@graph":[{"@type":"Article","@id":"https:\/\/infoelnuevonorte.com\/?p=62129#article","isPartOf":{"@id":"https:\/\/infoelnuevonorte.com\/?p=62129"},"author":{"name":"T. R.","@id":"https:\/\/infoelnuevonorte.com\/#\/schema\/person\/3accb35eb55f55e96c492b52d085a403"},"headline":"Este jueves se inaugura la Feria Internacional del Libro 2024","datePublished":"2024-11-06T18:18:10+00:00","dateModified":"2024-11-06T18:18:11+00:00","mainEntityOfPage":{"@id":"https:\/\/infoelnuevonorte.com\/?p=62129"},"wordCount":471,"publisher":{"@id":"https:\/\/infoelnuevonorte.com\/#organization"},"articleSection":["Cultura","Entretenimiento"],"inLanguage":"es-DO"},{"@type":"WebPage","@id":"https:\/\/infoelnuevonorte.com\/?p=62129","url":"https:\/\/infoelnuevonorte.com\/?p=62129","name":"Este jueves se inaugura la Feria Internacional del Libro 2024 | El Nuevo Norte","isPartOf":{"@id":"https:\/\/infoelnuevonorte.com\/#website"},"datePublished":"2024-11-06T18:18:10+00:00","dateModified":"2024-11-06T18:18:11+00:00","breadcrumb":{"@id":"https:\/\/infoelnuevonorte.com\/?p=62129#breadcrumb"},"inLanguage":"es-DO","potentialAction":[{"@type":"ReadAction","target":["https:\/\/infoelnuevonorte.com\/?p=62129"]}]},{"@type":"BreadcrumbList","@id":"https:\/\/infoelnuevonorte.com\/?p=62129#breadcrumb","itemListElement":[{"@type":"ListItem","position":1,"name":"Home","item":"https:\/\/infoelnuevonorte.com\/"},{"@type":"ListItem","position":2,"name":"Este jueves se inaugura la Feria Internacional del Libro 2024"}]},{"@type":"WebSite","@id":"https:\/\/infoelnuevonorte.com\/#website","url":"https:\/\/infoelnuevonorte.com\/","name":"InfoEnn","description":"Tu Voz, tu Verdad, tu Diario!!!","publisher":{"@id":"https:\/\/infoelnuevonorte.com\/#organization"},"alternateName":"El Nuevo Norte","potentialAction":[{"@type":"SearchAction","target":{"@type":"EntryPoint","urlTemplate":"https:\/\/infoelnuevonorte.com\/?s={search_term_string}"},"query-input":{"@type":"PropertyValueSpecification","valueRequired":true,"valueName":"search_term_string"}}],"inLanguage":"es-DO"},{"@type":"Organization","@id":"https:\/\/infoelnuevonorte.com\/#organization","name":"Info El Nuevo Norte","alternateName":"El Nuevo Norte","url":"https:\/\/infoelnuevonorte.com\/","logo":{"@type":"ImageObject","inLanguage":"es-DO","@id":"https:\/\/infoelnuevonorte.com\/#\/schema\/logo\/image\/","url":"https:\/\/infoelnuevonorte.com\/wp-content\/uploads\/2026\/02\/Logo-Info-enn-3d-20ani.jpeg","contentUrl":"https:\/\/infoelnuevonorte.com\/wp-content\/uploads\/2026\/02\/Logo-Info-enn-3d-20ani.jpeg","width":2046,"height":736,"caption":"Info El Nuevo Norte"},"image":{"@id":"https:\/\/infoelnuevonorte.com\/#\/schema\/logo\/image\/"},"sameAs":["https:\/\/www.facebook.com\/infoenn","https:\/\/x.com\/Elnuevo_norte","https:\/\/www.instagram.com\/infoenn","https:\/\/www.facebook.com\/ENNRD"]},{"@type":"Person","@id":"https:\/\/infoelnuevonorte.com\/#\/schema\/person\/3accb35eb55f55e96c492b52d085a403","name":"T. R.","image":{"@type":"ImageObject","inLanguage":"es-DO","@id":"https:\/\/infoelnuevonorte.com\/#\/schema\/person\/image\/","url":"https:\/\/secure.gravatar.com\/avatar\/40543a038bda97abdb765b1662e9677d?s=96&d=robohash&r=g","contentUrl":"https:\/\/secure.gravatar.com\/avatar\/40543a038bda97abdb765b1662e9677d?s=96&d=robohash&r=g","caption":"T. R."},"url":"https:\/\/infoelnuevonorte.com\/?author=2"}]}},"_links":{"self":[{"href":"https:\/\/infoelnuevonorte.com\/index.php?rest_route=\/wp\/v2\/posts\/62129"}],"collection":[{"href":"https:\/\/infoelnuevonorte.com\/index.php?rest_route=\/wp\/v2\/posts"}],"about":[{"href":"https:\/\/infoelnuevonorte.com\/index.php?rest_route=\/wp\/v2\/types\/post"}],"author":[{"embeddable":true,"href":"https:\/\/infoelnuevonorte.com\/index.php?rest_route=\/wp\/v2\/users\/2"}],"replies":[{"embeddable":true,"href":"https:\/\/infoelnuevonorte.com\/index.php?rest_route=%2Fwp%2Fv2%2Fcomments&post=62129"}],"version-history":[{"count":0,"href":"https:\/\/infoelnuevonorte.com\/index.php?rest_route=\/wp\/v2\/posts\/62129\/revisions"}],"wp:attachment":[{"href":"https:\/\/infoelnuevonorte.com\/index.php?rest_route=%2Fwp%2Fv2%2Fmedia&parent=62129"}],"wp:term":[{"taxonomy":"category","embeddable":true,"href":"https:\/\/infoelnuevonorte.com\/index.php?rest_route=%2Fwp%2Fv2%2Fcategories&post=62129"},{"taxonomy":"post_tag","embeddable":true,"href":"https:\/\/infoelnuevonorte.com\/index.php?rest_route=%2Fwp%2Fv2%2Ftags&post=62129"}],"curies":[{"name":"wp","href":"https:\/\/api.w.org\/{rel}","templated":true}]}}