{"id":6367,"date":"2023-12-06T07:12:15","date_gmt":"2023-12-06T11:12:15","guid":{"rendered":"https:\/\/infoelnuevonorte.com\/?p=6367"},"modified":"2023-12-06T07:12:18","modified_gmt":"2023-12-06T11:12:18","slug":"legisladores-critican-escogencia-de-tony-adames-para-alcaldia-lr","status":"publish","type":"post","link":"https:\/\/infoelnuevonorte.com\/?p=6367","title":{"rendered":"Legisladores critican escogencia de Tony Adames para alcald\u00eda LR"},"content":{"rendered":"<p style=\"text-align: justify;\"><strong>Legisladores<\/strong> de distintos<strong> partidos<\/strong> se pronunciaron ante el rompimiento de la alianza a nivel municipal del Partido Revolucionario Moderno con el Partido Reformista Social Cristiano, por este \u00faltimo escoger como candidato a la alcald\u00eda de La Romana al suspendido alcalde Juan Antonio Adames <strong>(Tony Adames<\/strong>).<\/p>\n<p style=\"text-align: justify;\">Al ser cuestionados por este medio en el Congreso Nacional, los diputados del Partido de la Liberaci\u00f3n Dominicana (PLD), Fuerza del Pueblo (FP) y PRM expresaron que apelan a la voluntad del pueblo para que elija de manera democr\u00e1tica y no posicionen a una persona condenada.<\/p>\n<p style=\"text-align: justify;\">Mientras que el PRSC defiende la candidatura del suspendido edil y agreg\u00f3 que esto no afecta al partido.<\/p>\n<p style=\"text-align: justify;\">Tony Adames tambi\u00e9n tiene pendiente un juicio de fondo de una acusaci\u00f3n en su contra por corrupci\u00f3n, por desfalco de 200 millones de pesos en el ayuntamiento de La Romana, en su gesti\u00f3n 2010-2016.<\/p>\n<p style=\"text-align: justify;\">El vocero del Bloque de Diputados PLD, Luis Henr\u00edquez, expres\u00f3 que apela a la voluntad del \u201csoberano pueblo La Romana para que en las urnas de manera democr\u00e1tica elijan al alcalde de su organizaci\u00f3n pol\u00edtica.<\/p>\n<p style=\"text-align: justify;\">En ese sentido, El diputado PRM-LR, Eugenio Cede\u00f1o sostuvo que el pueblo romanense no va a permitir que Tony se posicione como alcalde una vez m\u00e1s.<\/p>\n<p style=\"text-align: justify;\">Asimismo, el legislador PRM-SD, Carlos S\u00e1nchez, consider\u00f3 que deber\u00eda analizarse el por qu\u00e9 la escogencia del candidato que tiene una condena y proceso judicial abierto.<\/p>\n<p style=\"text-align: justify;\">En tanto que, el legislador Reformista, M\u00e1ximo Castro Silverio, indic\u00f3 que con el rompimiento de este acuerdo \u201cse pone en juego la victoria de una alianza que esta en condiciones de ganar las elecciones La Romana\u201d.<\/p>\n<p style=\"text-align: justify;\"><strong>Adames,<\/strong>\u00a0es oficialmente candidato a s\u00edndico por el Partido Reformista Social Cristiano, pero podr\u00eda llevar s<strong>u campa\u00f1a desde la c\u00e1rcel,<\/strong>\u00a0si la Suprema Corte de Justicia le falla en contra el recurso de suspensi\u00f3n de la condena de dos a\u00f1os de c\u00e1rcel en su contra.<\/p>\n<p style=\"text-align: justify;\"><strong>La SCJ debe fallar el pr\u00f3ximo jueves el recurso<\/strong>, en el sentido de acoger o rechazar la petici\u00f3n de Tony Adames<strong>. Si la acoge y lo deja en libertad, entonces el tribunal estar\u00eda negando su propia condena<\/strong>\u00a0que ratific\u00f3 en diciembre del 2022.<\/p>\n<p style=\"text-align: justify;\">En el caso de no acogerlo y decide mantenerlo en prisi\u00f3n,\u00a0<strong>entonces Adames retornar\u00eda a prisi\u00f3n<\/strong>, en el Centro de Correcci\u00f3n y Rehabilitaci\u00f3n Cucama, de La Romana.<\/p>\n<p style=\"text-align: justify;\">El <strong>PRM rompi\u00f3 la alianza municipal con el PRSC<\/strong>\u00a0en La Romana, inmediatamente despu\u00e9s de ser inscrito Tony Adames como candidato a s\u00edndico, pues est\u00e1 en desacuerdo con su propuesta.<\/p>\n","protected":false},"excerpt":{"rendered":"<p>Legisladores de distintos partidos se pronunciaron ante el rompimiento de la alianza a nivel municipal del Partido Revolucionario Moderno con el Partido Reformista Social Cristiano, por este \u00faltimo escoger como candidato a la alcald\u00eda de La Romana al suspendido alcalde Juan Antonio Adames (Tony Adames). Al ser cuestionados por este medio en el Congreso Nacional, [&hellip;]<\/p>\n","protected":false},"author":1,"featured_media":0,"comment_status":"closed","ping_status":"open","sticky":false,"template":"","format":"standard","meta":{"footnotes":""},"categories":[2,8],"tags":[],"yoast_head":"<!-- This site is optimized with the Yoast SEO plugin v24.5 - https:\/\/yoast.com\/wordpress\/plugins\/seo\/ -->\n<title>Legisladores critican escogencia de Tony Adames para alcald\u00eda LR | El Nuevo Norte<\/title>\n<meta name=\"robots\" content=\"index, follow, max-snippet:-1, max-image-preview:large, max-video-preview:-1\" \/>\n<link rel=\"canonical\" href=\"https:\/\/infoelnuevonorte.com\/?p=6367\" \/>\n<meta property=\"og:locale\" content=\"es_ES\" \/>\n<meta property=\"og:type\" content=\"article\" \/>\n<meta property=\"og:title\" content=\"Legisladores critican escogencia de Tony Adames para alcald\u00eda LR | El Nuevo Norte\" \/>\n<meta property=\"og:description\" content=\"Legisladores de distintos partidos se pronunciaron ante el rompimiento de la alianza a nivel municipal del Partido Revolucionario Moderno con el Partido Reformista Social Cristiano, por este \u00faltimo escoger como candidato a la alcald\u00eda de La Romana al suspendido alcalde Juan Antonio Adames (Tony Adames). Al ser cuestionados por este medio en el Congreso Nacional, [&hellip;]\" \/>\n<meta property=\"og:url\" content=\"https:\/\/infoelnuevonorte.com\/?p=6367\" \/>\n<meta property=\"og:site_name\" content=\"El Nuevo Norte\" \/>\n<meta property=\"article:publisher\" content=\"https:\/\/www.facebook.com\/infoenn\" \/>\n<meta property=\"article:published_time\" content=\"2023-12-06T11:12:15+00:00\" \/>\n<meta property=\"article:modified_time\" content=\"2023-12-06T11:12:18+00:00\" \/>\n<meta property=\"og:image\" content=\"https:\/\/infoelnuevonorte.com\/wp-content\/uploads\/2023\/12\/image18.png\" \/>\n\t<meta property=\"og:image:width\" content=\"1124\" \/>\n\t<meta property=\"og:image:height\" content=\"694\" \/>\n\t<meta property=\"og:image:type\" content=\"image\/png\" \/>\n<meta name=\"author\" content=\"InfoEnn\" \/>\n<meta name=\"twitter:card\" content=\"summary_large_image\" \/>\n<meta name=\"twitter:creator\" content=\"@Elnuevo_norte\" \/>\n<meta name=\"twitter:site\" content=\"@Elnuevo_norte\" \/>\n<meta name=\"twitter:label1\" content=\"Written by\" \/>\n\t<meta name=\"twitter:data1\" content=\"InfoEnn\" \/>\n\t<meta name=\"twitter:label2\" content=\"Est. reading time\" \/>\n\t<meta name=\"twitter:data2\" content=\"2 minutos\" \/>\n<script type=\"application\/ld+json\" class=\"yoast-schema-graph\">{\"@context\":\"https:\/\/schema.org\",\"@graph\":[{\"@type\":\"Article\",\"@id\":\"https:\/\/infoelnuevonorte.com\/?p=6367#article\",\"isPartOf\":{\"@id\":\"https:\/\/infoelnuevonorte.com\/?p=6367\"},\"author\":{\"name\":\"InfoEnn\",\"@id\":\"https:\/\/infoelnuevonorte.com\/#\/schema\/person\/fd4f6d90afe41260818b4ea94ad8ab84\"},\"headline\":\"Legisladores critican escogencia de Tony Adames para alcald\u00eda LR\",\"datePublished\":\"2023-12-06T11:12:15+00:00\",\"dateModified\":\"2023-12-06T11:12:18+00:00\",\"mainEntityOfPage\":{\"@id\":\"https:\/\/infoelnuevonorte.com\/?p=6367\"},\"wordCount\":451,\"publisher\":{\"@id\":\"https:\/\/infoelnuevonorte.com\/#organization\"},\"articleSection\":[\"Actualidad |\",\"Nacionales\"],\"inLanguage\":\"es-DO\"},{\"@type\":\"WebPage\",\"@id\":\"https:\/\/infoelnuevonorte.com\/?p=6367\",\"url\":\"https:\/\/infoelnuevonorte.com\/?p=6367\",\"name\":\"Legisladores critican escogencia de Tony Adames para alcald\u00eda LR | El Nuevo Norte\",\"isPartOf\":{\"@id\":\"https:\/\/infoelnuevonorte.com\/#website\"},\"datePublished\":\"2023-12-06T11:12:15+00:00\",\"dateModified\":\"2023-12-06T11:12:18+00:00\",\"breadcrumb\":{\"@id\":\"https:\/\/infoelnuevonorte.com\/?p=6367#breadcrumb\"},\"inLanguage\":\"es-DO\",\"potentialAction\":[{\"@type\":\"ReadAction\",\"target\":[\"https:\/\/infoelnuevonorte.com\/?p=6367\"]}]},{\"@type\":\"BreadcrumbList\",\"@id\":\"https:\/\/infoelnuevonorte.com\/?p=6367#breadcrumb\",\"itemListElement\":[{\"@type\":\"ListItem\",\"position\":1,\"name\":\"Home\",\"item\":\"https:\/\/infoelnuevonorte.com\/\"},{\"@type\":\"ListItem\",\"position\":2,\"name\":\"Legisladores critican escogencia de Tony Adames para alcald\u00eda LR\"}]},{\"@type\":\"WebSite\",\"@id\":\"https:\/\/infoelnuevonorte.com\/#website\",\"url\":\"https:\/\/infoelnuevonorte.com\/\",\"name\":\"InfoEnn\",\"description\":\"Tu Voz, tu Verdad, tu Diario!!!\",\"publisher\":{\"@id\":\"https:\/\/infoelnuevonorte.com\/#organization\"},\"alternateName\":\"El Nuevo Norte\",\"potentialAction\":[{\"@type\":\"SearchAction\",\"target\":{\"@type\":\"EntryPoint\",\"urlTemplate\":\"https:\/\/infoelnuevonorte.com\/?s={search_term_string}\"},\"query-input\":{\"@type\":\"PropertyValueSpecification\",\"valueRequired\":true,\"valueName\":\"search_term_string\"}}],\"inLanguage\":\"es-DO\"},{\"@type\":\"Organization\",\"@id\":\"https:\/\/infoelnuevonorte.com\/#organization\",\"name\":\"Info El Nuevo Norte\",\"alternateName\":\"El Nuevo Norte\",\"url\":\"https:\/\/infoelnuevonorte.com\/\",\"logo\":{\"@type\":\"ImageObject\",\"inLanguage\":\"es-DO\",\"@id\":\"https:\/\/infoelnuevonorte.com\/#\/schema\/logo\/image\/\",\"url\":\"https:\/\/infoelnuevonorte.com\/wp-content\/uploads\/2026\/02\/Logo-Info-enn-3d-20ani.jpeg\",\"contentUrl\":\"https:\/\/infoelnuevonorte.com\/wp-content\/uploads\/2026\/02\/Logo-Info-enn-3d-20ani.jpeg\",\"width\":2046,\"height\":736,\"caption\":\"Info El Nuevo Norte\"},\"image\":{\"@id\":\"https:\/\/infoelnuevonorte.com\/#\/schema\/logo\/image\/\"},\"sameAs\":[\"https:\/\/www.facebook.com\/infoenn\",\"https:\/\/x.com\/Elnuevo_norte\",\"https:\/\/www.instagram.com\/infoenn\",\"https:\/\/www.facebook.com\/ENNRD\"]},{\"@type\":\"Person\",\"@id\":\"https:\/\/infoelnuevonorte.com\/#\/schema\/person\/fd4f6d90afe41260818b4ea94ad8ab84\",\"name\":\"InfoEnn\",\"image\":{\"@type\":\"ImageObject\",\"inLanguage\":\"es-DO\",\"@id\":\"https:\/\/infoelnuevonorte.com\/#\/schema\/person\/image\/\",\"url\":\"https:\/\/secure.gravatar.com\/avatar\/d4d760a41a48ba9db0a82bfb63bb0783?s=96&d=robohash&r=g\",\"contentUrl\":\"https:\/\/secure.gravatar.com\/avatar\/d4d760a41a48ba9db0a82bfb63bb0783?s=96&d=robohash&r=g\",\"caption\":\"InfoEnn\"},\"sameAs\":[\"https:\/\/infoelnuevonorte.com\"],\"url\":\"https:\/\/infoelnuevonorte.com\/?author=1\"}]}<\/script>\n<!-- \/ Yoast SEO plugin. -->","yoast_head_json":{"title":"Legisladores critican escogencia de Tony Adames para alcald\u00eda LR | El Nuevo Norte","robots":{"index":"index","follow":"follow","max-snippet":"max-snippet:-1","max-image-preview":"max-image-preview:large","max-video-preview":"max-video-preview:-1"},"canonical":"https:\/\/infoelnuevonorte.com\/?p=6367","og_locale":"es_ES","og_type":"article","og_title":"Legisladores critican escogencia de Tony Adames para alcald\u00eda LR | El Nuevo Norte","og_description":"Legisladores de distintos partidos se pronunciaron ante el rompimiento de la alianza a nivel municipal del Partido Revolucionario Moderno con el Partido Reformista Social Cristiano, por este \u00faltimo escoger como candidato a la alcald\u00eda de La Romana al suspendido alcalde Juan Antonio Adames (Tony Adames). Al ser cuestionados por este medio en el Congreso Nacional, [&hellip;]","og_url":"https:\/\/infoelnuevonorte.com\/?p=6367","og_site_name":"El Nuevo Norte","article_publisher":"https:\/\/www.facebook.com\/infoenn","article_published_time":"2023-12-06T11:12:15+00:00","article_modified_time":"2023-12-06T11:12:18+00:00","og_image":[{"width":1124,"height":694,"url":"https:\/\/infoelnuevonorte.com\/wp-content\/uploads\/2023\/12\/image18.png","type":"image\/png"}],"author":"InfoEnn","twitter_card":"summary_large_image","twitter_creator":"@Elnuevo_norte","twitter_site":"@Elnuevo_norte","twitter_misc":{"Written by":"InfoEnn","Est. reading time":"2 minutos"},"schema":{"@context":"https:\/\/schema.org","@graph":[{"@type":"Article","@id":"https:\/\/infoelnuevonorte.com\/?p=6367#article","isPartOf":{"@id":"https:\/\/infoelnuevonorte.com\/?p=6367"},"author":{"name":"InfoEnn","@id":"https:\/\/infoelnuevonorte.com\/#\/schema\/person\/fd4f6d90afe41260818b4ea94ad8ab84"},"headline":"Legisladores critican escogencia de Tony Adames para alcald\u00eda LR","datePublished":"2023-12-06T11:12:15+00:00","dateModified":"2023-12-06T11:12:18+00:00","mainEntityOfPage":{"@id":"https:\/\/infoelnuevonorte.com\/?p=6367"},"wordCount":451,"publisher":{"@id":"https:\/\/infoelnuevonorte.com\/#organization"},"articleSection":["Actualidad |","Nacionales"],"inLanguage":"es-DO"},{"@type":"WebPage","@id":"https:\/\/infoelnuevonorte.com\/?p=6367","url":"https:\/\/infoelnuevonorte.com\/?p=6367","name":"Legisladores critican escogencia de Tony Adames para alcald\u00eda LR | El Nuevo Norte","isPartOf":{"@id":"https:\/\/infoelnuevonorte.com\/#website"},"datePublished":"2023-12-06T11:12:15+00:00","dateModified":"2023-12-06T11:12:18+00:00","breadcrumb":{"@id":"https:\/\/infoelnuevonorte.com\/?p=6367#breadcrumb"},"inLanguage":"es-DO","potentialAction":[{"@type":"ReadAction","target":["https:\/\/infoelnuevonorte.com\/?p=6367"]}]},{"@type":"BreadcrumbList","@id":"https:\/\/infoelnuevonorte.com\/?p=6367#breadcrumb","itemListElement":[{"@type":"ListItem","position":1,"name":"Home","item":"https:\/\/infoelnuevonorte.com\/"},{"@type":"ListItem","position":2,"name":"Legisladores critican escogencia de Tony Adames para alcald\u00eda LR"}]},{"@type":"WebSite","@id":"https:\/\/infoelnuevonorte.com\/#website","url":"https:\/\/infoelnuevonorte.com\/","name":"InfoEnn","description":"Tu Voz, tu Verdad, tu Diario!!!","publisher":{"@id":"https:\/\/infoelnuevonorte.com\/#organization"},"alternateName":"El Nuevo Norte","potentialAction":[{"@type":"SearchAction","target":{"@type":"EntryPoint","urlTemplate":"https:\/\/infoelnuevonorte.com\/?s={search_term_string}"},"query-input":{"@type":"PropertyValueSpecification","valueRequired":true,"valueName":"search_term_string"}}],"inLanguage":"es-DO"},{"@type":"Organization","@id":"https:\/\/infoelnuevonorte.com\/#organization","name":"Info El Nuevo Norte","alternateName":"El Nuevo Norte","url":"https:\/\/infoelnuevonorte.com\/","logo":{"@type":"ImageObject","inLanguage":"es-DO","@id":"https:\/\/infoelnuevonorte.com\/#\/schema\/logo\/image\/","url":"https:\/\/infoelnuevonorte.com\/wp-content\/uploads\/2026\/02\/Logo-Info-enn-3d-20ani.jpeg","contentUrl":"https:\/\/infoelnuevonorte.com\/wp-content\/uploads\/2026\/02\/Logo-Info-enn-3d-20ani.jpeg","width":2046,"height":736,"caption":"Info El Nuevo Norte"},"image":{"@id":"https:\/\/infoelnuevonorte.com\/#\/schema\/logo\/image\/"},"sameAs":["https:\/\/www.facebook.com\/infoenn","https:\/\/x.com\/Elnuevo_norte","https:\/\/www.instagram.com\/infoenn","https:\/\/www.facebook.com\/ENNRD"]},{"@type":"Person","@id":"https:\/\/infoelnuevonorte.com\/#\/schema\/person\/fd4f6d90afe41260818b4ea94ad8ab84","name":"InfoEnn","image":{"@type":"ImageObject","inLanguage":"es-DO","@id":"https:\/\/infoelnuevonorte.com\/#\/schema\/person\/image\/","url":"https:\/\/secure.gravatar.com\/avatar\/d4d760a41a48ba9db0a82bfb63bb0783?s=96&d=robohash&r=g","contentUrl":"https:\/\/secure.gravatar.com\/avatar\/d4d760a41a48ba9db0a82bfb63bb0783?s=96&d=robohash&r=g","caption":"InfoEnn"},"sameAs":["https:\/\/infoelnuevonorte.com"],"url":"https:\/\/infoelnuevonorte.com\/?author=1"}]}},"_links":{"self":[{"href":"https:\/\/infoelnuevonorte.com\/index.php?rest_route=\/wp\/v2\/posts\/6367"}],"collection":[{"href":"https:\/\/infoelnuevonorte.com\/index.php?rest_route=\/wp\/v2\/posts"}],"about":[{"href":"https:\/\/infoelnuevonorte.com\/index.php?rest_route=\/wp\/v2\/types\/post"}],"author":[{"embeddable":true,"href":"https:\/\/infoelnuevonorte.com\/index.php?rest_route=\/wp\/v2\/users\/1"}],"replies":[{"embeddable":true,"href":"https:\/\/infoelnuevonorte.com\/index.php?rest_route=%2Fwp%2Fv2%2Fcomments&post=6367"}],"version-history":[{"count":0,"href":"https:\/\/infoelnuevonorte.com\/index.php?rest_route=\/wp\/v2\/posts\/6367\/revisions"}],"wp:attachment":[{"href":"https:\/\/infoelnuevonorte.com\/index.php?rest_route=%2Fwp%2Fv2%2Fmedia&parent=6367"}],"wp:term":[{"taxonomy":"category","embeddable":true,"href":"https:\/\/infoelnuevonorte.com\/index.php?rest_route=%2Fwp%2Fv2%2Fcategories&post=6367"},{"taxonomy":"post_tag","embeddable":true,"href":"https:\/\/infoelnuevonorte.com\/index.php?rest_route=%2Fwp%2Fv2%2Ftags&post=6367"}],"curies":[{"name":"wp","href":"https:\/\/api.w.org\/{rel}","templated":true}]}}