{"id":6411,"date":"2023-12-06T10:21:27","date_gmt":"2023-12-06T14:21:27","guid":{"rendered":"https:\/\/infoelnuevonorte.com\/?p=6411"},"modified":"2023-12-06T10:21:29","modified_gmt":"2023-12-06T14:21:29","slug":"tribunal-constitucional-de-peru-ordena-la-liberacion-del-expresidente-alberto-fujimori","status":"publish","type":"post","link":"https:\/\/infoelnuevonorte.com\/?p=6411","title":{"rendered":"Tribunal Constitucional de Per\u00fa ordena la liberaci\u00f3n del expresidente Alberto Fujimori"},"content":{"rendered":"<div class=\"nota\">\n<p style=\"text-align: justify;\"><strong>\"Hay que tener un poco de compasi\u00f3n\", asever\u00f3 un exmagistrado en una de las primeras reacciones a esta decisi\u00f3n.<\/strong><\/p>\n<p style=\"text-align: justify;\">P<strong>ERU<\/strong>.- El Tribunal Constitucional (TC) de Per\u00fa dispuso este martes la libertad inmediata del expresidente peruano Alberto Fujimori, que fue condenado a 25 a\u00f1os de c\u00e1rcel por\u00a0<strong>cr\u00edmenes de lesa humanidad<\/strong>.<\/p>\n<p style=\"text-align: justify;\">Tres magistrados del TC, entre ellos su presidente Francisco Morales, firmaron el documento en que se ordena al Instituto Nacional Penitenciario del Per\u00fa (INPE) y al director del penal de\u00a0Barbadillo, en Lima, a que \"en el d\u00eda, dispongan la inmediata libertad del favorecido, bajo su responsabilidad\".\u00a0-tribunal-peru-ordenar-liberar-alberto-fujimori<\/p>\n<p style=\"text-align: justify;\">El m\u00e1ximo tribunal peruano\u00a0<strong>valor\u00f3 la edad avanzada y la salud deteriorada<\/strong>\u00a0de Fujimori, una de las principales banderas de la derecha para solicitar su liberaci\u00f3n.<\/p>\n<p style=\"text-align: justify;\">La semana pasada el juez de la Corte de Ica, Fernando Vicente Fern\u00e1ndez Tapia,\u00a0orden\u00f3\u00a0que Fujimori siguiese en prisi\u00f3n, empero\u00a0<strong>devolvi\u00f3 el expediente al TC<\/strong>\u00a0para que tomara la decisi\u00f3n definitiva.<\/p>\n<p style=\"text-align: justify;\">En Per\u00fa se rumoreaba que el exmandatario (1990-2000) ser\u00eda excarcelado luego de la pol\u00e9mica resoluci\u00f3n\u00a0emanada\u00a0del TC a finales de noviembre, en la que\u00a0<strong>dejaba la posible salida de Fujimori en manos de Fern\u00e1ndez Tapia<\/strong>, pese a la medida de la Corte Interamericana de Derechos Humanos (Corte IDH).<\/p>\n<h3 style=\"text-align: justify;\">Historial<\/h3>\n<p style=\"text-align: justify;\">En marzo de 2022, el TC\u00a0declar\u00f3\u00a0fundada la demanda de 'habeas corpus' interpuesta a favor del exmandatario, con el cual se ped\u00eda la nulidad de una medida judicial que\u00a0suspendi\u00f3<strong>\u00a0<\/strong>el\u00a0<strong>indulto<\/strong>\u00a0otorgado\u00a0por el expresidente,\u00a0<strong>Pedro Pablo Kuczynski<\/strong>,\u00a0en 2017.<\/p>\n<p style=\"text-align: justify;\">Sin embargo, a finales de marzo de\u00a0ese a\u00f1o, la Corte IDH\u00a0<strong>inst\u00f3\u00a0al Estado peruano a \"abstenerse\" de liberar al exmandatario<\/strong>.<\/p>\n<h3 style=\"text-align: justify;\">Fecha de salida<\/h3>\n<p style=\"text-align: justify;\">El abogado del expresidente, Elio Riera,\u00a0aclar\u00f3\u00a0que posiblemente este mi\u00e9rcoles 6 de diciembre salga en libertad su representado.<\/p>\n<p style=\"text-align: justify;\">\"Como los tr\u00e1mites administrativos del INPE normalmente son hasta mediod\u00eda, este oficio si bien ha sido notificado al INPE, tiene que ser puesto de conocimiento a la regi\u00f3n. Lo m\u00e1s probable es que [la liberaci\u00f3n] sea el d\u00eda de ma\u00f1ana\", afirm\u00f3.tribunal-peru-ordenar-liberar-alberto-fujimo<\/p>\n<p style=\"text-align: justify;\">En declaraci\u00f3n a medios locales, apunt\u00f3 que\u00a0<strong>Fujimori est\u00e1 \"cl\u00ednicamente estable\"<\/strong>\u00a0y celebr\u00f3 este pronunciamiento. \"Nos guste o no nos guste, el TC ya resolvi\u00f3, la Corte IDH no puede decir a qui\u00e9n se libera y a qui\u00e9n no\".<\/p>\n<p style=\"text-align: justify;\">Keiko Fujimori, hija del hoy presidiario, conf\u00eda en que las autoridades expidan la orden de liberaci\u00f3n de su padre\u00a0<strong>en la ma\u00f1ana del mi\u00e9rcoles<\/strong>. \"Esperemos que ma\u00f1ana temprano se pueda subsanar este error para proceder a ejecutar la libertad\", dijo a la prensa.<\/p>\n<h3 style=\"text-align: justify;\">M\u00e1s reacciones<\/h3>\n<p style=\"text-align: justify;\">-tribunal-peru-ordenar-liberar-alberto-fujimori<\/p>\n<p style=\"text-align: justify;\">En cambio, el vocero del partido fujimorista Fuerza Popular, Miguel Torres,\u00a0asegur\u00f3\u00a0que este martes se producir\u00e1 la excarcelaci\u00f3n de la persona que\u00a0<strong>\"liber\u00f3 al Per\u00fa del terrorismo\"<\/strong>.<\/p>\n<p style=\"text-align: justify;\">\"Hoy d\u00eda se libera a la persona que nos rescat\u00f3 de un desastre econ\u00f3mico nunca antes visto (\u2026). Por un tema de derecho y de humanidad, corresponde que el expresidente Alberto Fujimori ya est\u00e9 en libertad\", dijo a la emisora local Exitosa.-tribunal-peru-ordenar-liberar-alberto-fujimor<\/p>\n<p style=\"text-align: justify;\">Ernesto Blume, exmagistrado del TC,\u00a0salud\u00f3\u00a0la medida e indic\u00f3 que \"ese indulto ha sido revisado, convalidado por el propio Tribunal\".<\/p>\n<p style=\"text-align: justify;\">Entrevistado por el canal estatal TVPer\u00fa Noticias, rest\u00f3 importancia a las v\u00edctimas de Barrios Altos y La Cantuta, las\u00a0masacres\u00a0por las que fue sentenciado Fujimori.-tribunal-peru-ordenar-liberar-alberto-fujimor<\/p>\n<p style=\"text-align: justify;\">\"<strong>Hay que tener un poco de compasi\u00f3n<\/strong>\u00a0y no dejarse mover por pensamientos negativos\", afirm\u00f3 Blume, quien tambi\u00e9n consider\u00f3 como \"extralimitada\" la acci\u00f3n de la Corte IDH.<\/p>\n<p style=\"text-align: justify;\">Blume asever\u00f3 que \"la\u00a0<strong>Corte cometi\u00f3 un error al inmiscuirse<\/strong>\u00a0en un indulto y pretender que no se cumpla la sentencia del TC\".-tribunal-peru-ordenar-liberar-alberto-fujimori<\/p>\n<p style=\"text-align: justify;\">Por su parte, el abogado Carlos Rivera opin\u00f3 que Blume desconoce el derecho internacional y record\u00f3 que hay tratados firmados por Per\u00fa en la que se somete a las sentencias del Sistema Interamericano de los Derechos Humanos.<\/p>\n<p style=\"text-align: justify;\">Sostuvo que con esta resoluci\u00f3n la naci\u00f3n andina \"entra a un momento de desconocimiento,\u00a0<strong>desacato de las sentencias internacionales<\/strong>\".<\/p>\n<p style=\"text-align: justify;\">\"Viola la resoluci\u00f3n de la Corte IDH e insulta la memoria de las v\u00edctimas de la dictadura fujimorista.\u00a0<strong>INPE no debe acatar esta orden<\/strong>\",\u00a0manifest\u00f3, por su parte, la congresista Sigrid Baz\u00e1n, de la bancada de Cambio Democr\u00e1tico-Juntos por el Per\u00fa.<\/p>\n<p style=\"text-align: justify;\">En la red social X, exhort\u00f3 al Sistema Interamericano a pronunciarse \"con urgencia para impedir este atentado contra los derechos de las v\u00edctimas de la dictadura de Fujimori\".<\/p>\n<p style=\"text-align: justify;\">Desde el Congreso de la Rep\u00fablica tambi\u00e9n se pronunci\u00f3 en contra la bancada del partido izquierdista Per\u00fa Libre y anunci\u00f3 que solicitar\u00e1 que los\u00a0<strong>miembros del TC sean citados prontamente<\/strong>\u00a0ante las respectivas Comisiones del Parlamento.<\/p>\n<p style=\"text-align: justify;\">\"La liberaci\u00f3n del genocida Alberto Fujimori,\u00a0<strong>ser\u00eda un execrable precedente en el pa\u00eds<\/strong>\",\u00a0asegur\u00f3\u00a0en un comunicado. \"Esta decisi\u00f3n quebrar\u00eda a\u00fan m\u00e1s, el precario sistema de justicia que tiene el pa\u00eds\", a\u00f1adi\u00f3.<\/p>\n<p style=\"text-align: justify;\">En el \u00e1mbito internacional, la directora de la Divisi\u00f3n de las Am\u00e9ricas de Human Rights Watch, Juanita Goebertus,\u00a0manifest\u00f3\u00a0que \"la liberaci\u00f3n de Alberto Fujimori violar\u00eda las \u00f3rdenes de la Corte Interamericana de Derechos Humanos\".<\/p>\n<p style=\"text-align: justify;\">\"El Estado tiene la obligaci\u00f3n de cumplirlas\", se\u00f1al\u00f3 Goebertus en la red social X, en la que record\u00f3 que el Instituto Nacional Penitenciario del Per\u00fa (INPE), \"que depende del Ministerio de Justicia,\u00a0<strong>no debe liberarlo<\/strong>\".<\/p>\n<\/div>\n","protected":false},"excerpt":{"rendered":"<p>\"Hay que tener un poco de compasi\u00f3n\", asever\u00f3 un exmagistrado en una de las primeras reacciones a esta decisi\u00f3n. PERU.- El Tribunal Constitucional (TC) de Per\u00fa dispuso este martes la libertad inmediata del expresidente peruano Alberto Fujimori, que fue condenado a 25 a\u00f1os de c\u00e1rcel por\u00a0cr\u00edmenes de lesa humanidad. Tres magistrados del TC, entre ellos [&hellip;]<\/p>\n","protected":false},"author":1,"featured_media":0,"comment_status":"closed","ping_status":"open","sticky":false,"template":"","format":"standard","meta":{"footnotes":""},"categories":[2,9],"tags":[],"yoast_head":"<!-- This site is optimized with the Yoast SEO plugin v24.5 - https:\/\/yoast.com\/wordpress\/plugins\/seo\/ -->\n<title>Tribunal Constitucional de Per\u00fa ordena la liberaci\u00f3n del expresidente Alberto Fujimori | El Nuevo Norte<\/title>\n<meta name=\"robots\" content=\"index, follow, max-snippet:-1, max-image-preview:large, max-video-preview:-1\" \/>\n<link rel=\"canonical\" href=\"https:\/\/infoelnuevonorte.com\/?p=6411\" \/>\n<meta property=\"og:locale\" content=\"es_ES\" \/>\n<meta property=\"og:type\" content=\"article\" \/>\n<meta property=\"og:title\" content=\"Tribunal Constitucional de Per\u00fa ordena la liberaci\u00f3n del expresidente Alberto Fujimori | El Nuevo Norte\" \/>\n<meta property=\"og:description\" content=\"&quot;Hay que tener un poco de compasi\u00f3n&quot;, asever\u00f3 un exmagistrado en una de las primeras reacciones a esta decisi\u00f3n. PERU.- El Tribunal Constitucional (TC) de Per\u00fa dispuso este martes la libertad inmediata del expresidente peruano Alberto Fujimori, que fue condenado a 25 a\u00f1os de c\u00e1rcel por\u00a0cr\u00edmenes de lesa humanidad. Tres magistrados del TC, entre ellos [&hellip;]\" \/>\n<meta property=\"og:url\" content=\"https:\/\/infoelnuevonorte.com\/?p=6411\" \/>\n<meta property=\"og:site_name\" content=\"El Nuevo Norte\" \/>\n<meta property=\"article:publisher\" content=\"https:\/\/www.facebook.com\/infoenn\" \/>\n<meta property=\"article:published_time\" content=\"2023-12-06T14:21:27+00:00\" \/>\n<meta property=\"article:modified_time\" content=\"2023-12-06T14:21:29+00:00\" \/>\n<meta property=\"og:image\" content=\"https:\/\/infoelnuevonorte.com\/wp-content\/uploads\/2023\/12\/ta-feo-ya-650x400-1-jpg.webp\" \/>\n\t<meta property=\"og:image:width\" content=\"650\" \/>\n\t<meta property=\"og:image:height\" content=\"400\" \/>\n\t<meta property=\"og:image:type\" content=\"image\/jpeg\" \/>\n<meta name=\"author\" content=\"InfoEnn\" \/>\n<meta name=\"twitter:card\" content=\"summary_large_image\" \/>\n<meta name=\"twitter:creator\" content=\"@Elnuevo_norte\" \/>\n<meta name=\"twitter:site\" content=\"@Elnuevo_norte\" \/>\n<meta name=\"twitter:label1\" content=\"Written by\" \/>\n\t<meta name=\"twitter:data1\" content=\"InfoEnn\" \/>\n\t<meta name=\"twitter:label2\" content=\"Est. reading time\" \/>\n\t<meta name=\"twitter:data2\" content=\"4 minutos\" \/>\n<script type=\"application\/ld+json\" class=\"yoast-schema-graph\">{\"@context\":\"https:\/\/schema.org\",\"@graph\":[{\"@type\":\"Article\",\"@id\":\"https:\/\/infoelnuevonorte.com\/?p=6411#article\",\"isPartOf\":{\"@id\":\"https:\/\/infoelnuevonorte.com\/?p=6411\"},\"author\":{\"name\":\"InfoEnn\",\"@id\":\"https:\/\/infoelnuevonorte.com\/#\/schema\/person\/fd4f6d90afe41260818b4ea94ad8ab84\"},\"headline\":\"Tribunal Constitucional de Per\u00fa ordena la liberaci\u00f3n del expresidente Alberto Fujimori\",\"datePublished\":\"2023-12-06T14:21:27+00:00\",\"dateModified\":\"2023-12-06T14:21:29+00:00\",\"mainEntityOfPage\":{\"@id\":\"https:\/\/infoelnuevonorte.com\/?p=6411\"},\"wordCount\":926,\"publisher\":{\"@id\":\"https:\/\/infoelnuevonorte.com\/#organization\"},\"articleSection\":[\"Actualidad |\",\"Mundiales\"],\"inLanguage\":\"es-DO\"},{\"@type\":\"WebPage\",\"@id\":\"https:\/\/infoelnuevonorte.com\/?p=6411\",\"url\":\"https:\/\/infoelnuevonorte.com\/?p=6411\",\"name\":\"Tribunal Constitucional de Per\u00fa ordena la liberaci\u00f3n del expresidente Alberto Fujimori | El Nuevo Norte\",\"isPartOf\":{\"@id\":\"https:\/\/infoelnuevonorte.com\/#website\"},\"datePublished\":\"2023-12-06T14:21:27+00:00\",\"dateModified\":\"2023-12-06T14:21:29+00:00\",\"breadcrumb\":{\"@id\":\"https:\/\/infoelnuevonorte.com\/?p=6411#breadcrumb\"},\"inLanguage\":\"es-DO\",\"potentialAction\":[{\"@type\":\"ReadAction\",\"target\":[\"https:\/\/infoelnuevonorte.com\/?p=6411\"]}]},{\"@type\":\"BreadcrumbList\",\"@id\":\"https:\/\/infoelnuevonorte.com\/?p=6411#breadcrumb\",\"itemListElement\":[{\"@type\":\"ListItem\",\"position\":1,\"name\":\"Home\",\"item\":\"https:\/\/infoelnuevonorte.com\/\"},{\"@type\":\"ListItem\",\"position\":2,\"name\":\"Tribunal Constitucional de Per\u00fa ordena la liberaci\u00f3n del expresidente Alberto Fujimori\"}]},{\"@type\":\"WebSite\",\"@id\":\"https:\/\/infoelnuevonorte.com\/#website\",\"url\":\"https:\/\/infoelnuevonorte.com\/\",\"name\":\"InfoEnn\",\"description\":\"Tu Voz, tu Verdad, tu Diario!!!\",\"publisher\":{\"@id\":\"https:\/\/infoelnuevonorte.com\/#organization\"},\"alternateName\":\"El Nuevo Norte\",\"potentialAction\":[{\"@type\":\"SearchAction\",\"target\":{\"@type\":\"EntryPoint\",\"urlTemplate\":\"https:\/\/infoelnuevonorte.com\/?s={search_term_string}\"},\"query-input\":{\"@type\":\"PropertyValueSpecification\",\"valueRequired\":true,\"valueName\":\"search_term_string\"}}],\"inLanguage\":\"es-DO\"},{\"@type\":\"Organization\",\"@id\":\"https:\/\/infoelnuevonorte.com\/#organization\",\"name\":\"Info El Nuevo Norte\",\"alternateName\":\"El Nuevo Norte\",\"url\":\"https:\/\/infoelnuevonorte.com\/\",\"logo\":{\"@type\":\"ImageObject\",\"inLanguage\":\"es-DO\",\"@id\":\"https:\/\/infoelnuevonorte.com\/#\/schema\/logo\/image\/\",\"url\":\"https:\/\/infoelnuevonorte.com\/wp-content\/uploads\/2026\/02\/Logo-Info-enn-3d-20ani.jpeg\",\"contentUrl\":\"https:\/\/infoelnuevonorte.com\/wp-content\/uploads\/2026\/02\/Logo-Info-enn-3d-20ani.jpeg\",\"width\":2046,\"height\":736,\"caption\":\"Info El Nuevo Norte\"},\"image\":{\"@id\":\"https:\/\/infoelnuevonorte.com\/#\/schema\/logo\/image\/\"},\"sameAs\":[\"https:\/\/www.facebook.com\/infoenn\",\"https:\/\/x.com\/Elnuevo_norte\",\"https:\/\/www.instagram.com\/infoenn\",\"https:\/\/www.facebook.com\/ENNRD\"]},{\"@type\":\"Person\",\"@id\":\"https:\/\/infoelnuevonorte.com\/#\/schema\/person\/fd4f6d90afe41260818b4ea94ad8ab84\",\"name\":\"InfoEnn\",\"image\":{\"@type\":\"ImageObject\",\"inLanguage\":\"es-DO\",\"@id\":\"https:\/\/infoelnuevonorte.com\/#\/schema\/person\/image\/\",\"url\":\"https:\/\/secure.gravatar.com\/avatar\/d4d760a41a48ba9db0a82bfb63bb0783?s=96&d=robohash&r=g\",\"contentUrl\":\"https:\/\/secure.gravatar.com\/avatar\/d4d760a41a48ba9db0a82bfb63bb0783?s=96&d=robohash&r=g\",\"caption\":\"InfoEnn\"},\"sameAs\":[\"https:\/\/infoelnuevonorte.com\"],\"url\":\"https:\/\/infoelnuevonorte.com\/?author=1\"}]}<\/script>\n<!-- \/ Yoast SEO plugin. -->","yoast_head_json":{"title":"Tribunal Constitucional de Per\u00fa ordena la liberaci\u00f3n del expresidente Alberto Fujimori | El Nuevo Norte","robots":{"index":"index","follow":"follow","max-snippet":"max-snippet:-1","max-image-preview":"max-image-preview:large","max-video-preview":"max-video-preview:-1"},"canonical":"https:\/\/infoelnuevonorte.com\/?p=6411","og_locale":"es_ES","og_type":"article","og_title":"Tribunal Constitucional de Per\u00fa ordena la liberaci\u00f3n del expresidente Alberto Fujimori | El Nuevo Norte","og_description":"\"Hay que tener un poco de compasi\u00f3n\", asever\u00f3 un exmagistrado en una de las primeras reacciones a esta decisi\u00f3n. PERU.- El Tribunal Constitucional (TC) de Per\u00fa dispuso este martes la libertad inmediata del expresidente peruano Alberto Fujimori, que fue condenado a 25 a\u00f1os de c\u00e1rcel por\u00a0cr\u00edmenes de lesa humanidad. Tres magistrados del TC, entre ellos [&hellip;]","og_url":"https:\/\/infoelnuevonorte.com\/?p=6411","og_site_name":"El Nuevo Norte","article_publisher":"https:\/\/www.facebook.com\/infoenn","article_published_time":"2023-12-06T14:21:27+00:00","article_modified_time":"2023-12-06T14:21:29+00:00","og_image":[{"width":650,"height":400,"url":"https:\/\/infoelnuevonorte.com\/wp-content\/uploads\/2023\/12\/ta-feo-ya-650x400-1-jpg.webp","type":"image\/jpeg"}],"author":"InfoEnn","twitter_card":"summary_large_image","twitter_creator":"@Elnuevo_norte","twitter_site":"@Elnuevo_norte","twitter_misc":{"Written by":"InfoEnn","Est. reading time":"4 minutos"},"schema":{"@context":"https:\/\/schema.org","@graph":[{"@type":"Article","@id":"https:\/\/infoelnuevonorte.com\/?p=6411#article","isPartOf":{"@id":"https:\/\/infoelnuevonorte.com\/?p=6411"},"author":{"name":"InfoEnn","@id":"https:\/\/infoelnuevonorte.com\/#\/schema\/person\/fd4f6d90afe41260818b4ea94ad8ab84"},"headline":"Tribunal Constitucional de Per\u00fa ordena la liberaci\u00f3n del expresidente Alberto Fujimori","datePublished":"2023-12-06T14:21:27+00:00","dateModified":"2023-12-06T14:21:29+00:00","mainEntityOfPage":{"@id":"https:\/\/infoelnuevonorte.com\/?p=6411"},"wordCount":926,"publisher":{"@id":"https:\/\/infoelnuevonorte.com\/#organization"},"articleSection":["Actualidad |","Mundiales"],"inLanguage":"es-DO"},{"@type":"WebPage","@id":"https:\/\/infoelnuevonorte.com\/?p=6411","url":"https:\/\/infoelnuevonorte.com\/?p=6411","name":"Tribunal Constitucional de Per\u00fa ordena la liberaci\u00f3n del expresidente Alberto Fujimori | El Nuevo Norte","isPartOf":{"@id":"https:\/\/infoelnuevonorte.com\/#website"},"datePublished":"2023-12-06T14:21:27+00:00","dateModified":"2023-12-06T14:21:29+00:00","breadcrumb":{"@id":"https:\/\/infoelnuevonorte.com\/?p=6411#breadcrumb"},"inLanguage":"es-DO","potentialAction":[{"@type":"ReadAction","target":["https:\/\/infoelnuevonorte.com\/?p=6411"]}]},{"@type":"BreadcrumbList","@id":"https:\/\/infoelnuevonorte.com\/?p=6411#breadcrumb","itemListElement":[{"@type":"ListItem","position":1,"name":"Home","item":"https:\/\/infoelnuevonorte.com\/"},{"@type":"ListItem","position":2,"name":"Tribunal Constitucional de Per\u00fa ordena la liberaci\u00f3n del expresidente Alberto Fujimori"}]},{"@type":"WebSite","@id":"https:\/\/infoelnuevonorte.com\/#website","url":"https:\/\/infoelnuevonorte.com\/","name":"InfoEnn","description":"Tu Voz, tu Verdad, tu Diario!!!","publisher":{"@id":"https:\/\/infoelnuevonorte.com\/#organization"},"alternateName":"El Nuevo Norte","potentialAction":[{"@type":"SearchAction","target":{"@type":"EntryPoint","urlTemplate":"https:\/\/infoelnuevonorte.com\/?s={search_term_string}"},"query-input":{"@type":"PropertyValueSpecification","valueRequired":true,"valueName":"search_term_string"}}],"inLanguage":"es-DO"},{"@type":"Organization","@id":"https:\/\/infoelnuevonorte.com\/#organization","name":"Info El Nuevo Norte","alternateName":"El Nuevo Norte","url":"https:\/\/infoelnuevonorte.com\/","logo":{"@type":"ImageObject","inLanguage":"es-DO","@id":"https:\/\/infoelnuevonorte.com\/#\/schema\/logo\/image\/","url":"https:\/\/infoelnuevonorte.com\/wp-content\/uploads\/2026\/02\/Logo-Info-enn-3d-20ani.jpeg","contentUrl":"https:\/\/infoelnuevonorte.com\/wp-content\/uploads\/2026\/02\/Logo-Info-enn-3d-20ani.jpeg","width":2046,"height":736,"caption":"Info El Nuevo Norte"},"image":{"@id":"https:\/\/infoelnuevonorte.com\/#\/schema\/logo\/image\/"},"sameAs":["https:\/\/www.facebook.com\/infoenn","https:\/\/x.com\/Elnuevo_norte","https:\/\/www.instagram.com\/infoenn","https:\/\/www.facebook.com\/ENNRD"]},{"@type":"Person","@id":"https:\/\/infoelnuevonorte.com\/#\/schema\/person\/fd4f6d90afe41260818b4ea94ad8ab84","name":"InfoEnn","image":{"@type":"ImageObject","inLanguage":"es-DO","@id":"https:\/\/infoelnuevonorte.com\/#\/schema\/person\/image\/","url":"https:\/\/secure.gravatar.com\/avatar\/d4d760a41a48ba9db0a82bfb63bb0783?s=96&d=robohash&r=g","contentUrl":"https:\/\/secure.gravatar.com\/avatar\/d4d760a41a48ba9db0a82bfb63bb0783?s=96&d=robohash&r=g","caption":"InfoEnn"},"sameAs":["https:\/\/infoelnuevonorte.com"],"url":"https:\/\/infoelnuevonorte.com\/?author=1"}]}},"_links":{"self":[{"href":"https:\/\/infoelnuevonorte.com\/index.php?rest_route=\/wp\/v2\/posts\/6411"}],"collection":[{"href":"https:\/\/infoelnuevonorte.com\/index.php?rest_route=\/wp\/v2\/posts"}],"about":[{"href":"https:\/\/infoelnuevonorte.com\/index.php?rest_route=\/wp\/v2\/types\/post"}],"author":[{"embeddable":true,"href":"https:\/\/infoelnuevonorte.com\/index.php?rest_route=\/wp\/v2\/users\/1"}],"replies":[{"embeddable":true,"href":"https:\/\/infoelnuevonorte.com\/index.php?rest_route=%2Fwp%2Fv2%2Fcomments&post=6411"}],"version-history":[{"count":0,"href":"https:\/\/infoelnuevonorte.com\/index.php?rest_route=\/wp\/v2\/posts\/6411\/revisions"}],"wp:attachment":[{"href":"https:\/\/infoelnuevonorte.com\/index.php?rest_route=%2Fwp%2Fv2%2Fmedia&parent=6411"}],"wp:term":[{"taxonomy":"category","embeddable":true,"href":"https:\/\/infoelnuevonorte.com\/index.php?rest_route=%2Fwp%2Fv2%2Fcategories&post=6411"},{"taxonomy":"post_tag","embeddable":true,"href":"https:\/\/infoelnuevonorte.com\/index.php?rest_route=%2Fwp%2Fv2%2Ftags&post=6411"}],"curies":[{"name":"wp","href":"https:\/\/api.w.org\/{rel}","templated":true}]}}