{"id":6472,"date":"2023-12-07T06:49:45","date_gmt":"2023-12-07T10:49:45","guid":{"rendered":"https:\/\/infoelnuevonorte.com\/?p=6472"},"modified":"2023-12-07T06:49:50","modified_gmt":"2023-12-07T10:49:50","slug":"la-armada-colombiana-rescata-a-dos-dominicanos-que-estaban-a-la-deriva-en-la-guajira","status":"publish","type":"post","link":"https:\/\/infoelnuevonorte.com\/?p=6472","title":{"rendered":"La Armada colombiana rescata a dos dominicanos que estaban a la deriva en La Guajira"},"content":{"rendered":"<p style=\"text-align: justify;\">Las Unidades de Guardacostas de la Armada de Colombia rescataron a dos dominicanos que se encontraban a la deriva en un barco tipo langostera en aguas del departamento de La Guajira, en el extremo norte del pa\u00eds, inform\u00f3 este mi\u00e9rcoles la instituci\u00f3n.<\/p>\n<p style=\"text-align: justify;\">Los dos hombres se vieron afectados por \u201ccondiciones meteorol\u00f3gicas adversas\u201d y presentaban serios signos de deshidrataci\u00f3n.<\/p>\n<p style=\"text-align: justify;\">Fueron rescatados a 31 millas n\u00e1uticas de la costa de La Guajira por una Unidad de Reacci\u00f3n R\u00e1pida (URR) del Puesto de Guardacostas Avanzado de Ballenas tras dos horas de b\u00fasqueda.<\/p>\n<p style=\"text-align: justify;\">Una vez a salvo, fueron trasladados al muelle de Riohacha, capital del departamento, donde personal m\u00e9dico los recibi\u00f3, los condujo al centro de salud m\u00e1s cercano y los puso a disposici\u00f3n de Migraci\u00f3n Colombia.<\/p>\n<p style=\"text-align: justify;\">El aviso de la emergencia lleg\u00f3 a trav\u00e9s de una llamada de una persona al Sistema de Control de Tr\u00e1fico y Vigilancia Mar\u00edtima que inform\u00f3 sobre la \u201czozobra de una lancha tipo langostera con dos personas a bordo, quedando a la deriva en aguas del mar Caribe\u201d.<\/p>\n<p style=\"text-align: justify;\">Las autoridades no informaron de la raz\u00f3n de su presencia en aguas colombianas, pero ya iniciaron una investigaci\u00f3n para determinar si su viaje estaba relacionado con actividades ilegales o simplemente se dirig\u00edan hacia Centroam\u00e9rica para seguir la ruta de migraci\u00f3n con destino a Estados Unidos.<\/p>\n","protected":false},"excerpt":{"rendered":"<p>Las Unidades de Guardacostas de la Armada de Colombia rescataron a dos dominicanos que se encontraban a la deriva en un barco tipo langostera en aguas del departamento de La Guajira, en el extremo norte del pa\u00eds, inform\u00f3 este mi\u00e9rcoles la instituci\u00f3n. Los dos hombres se vieron afectados por \u201ccondiciones meteorol\u00f3gicas adversas\u201d y presentaban serios [&hellip;]<\/p>\n","protected":false},"author":1,"featured_media":0,"comment_status":"closed","ping_status":"open","sticky":false,"template":"","format":"standard","meta":{"footnotes":""},"categories":[2,8],"tags":[],"yoast_head":"<!-- This site is optimized with the Yoast SEO plugin v24.5 - https:\/\/yoast.com\/wordpress\/plugins\/seo\/ -->\n<title>La Armada colombiana rescata a dos dominicanos que estaban a la deriva en La Guajira | El Nuevo Norte<\/title>\n<meta name=\"robots\" content=\"index, follow, max-snippet:-1, max-image-preview:large, max-video-preview:-1\" \/>\n<link rel=\"canonical\" href=\"https:\/\/infoelnuevonorte.com\/?p=6472\" \/>\n<meta property=\"og:locale\" content=\"es_ES\" \/>\n<meta property=\"og:type\" content=\"article\" \/>\n<meta property=\"og:title\" content=\"La Armada colombiana rescata a dos dominicanos que estaban a la deriva en La Guajira | El Nuevo Norte\" \/>\n<meta property=\"og:description\" content=\"Las Unidades de Guardacostas de la Armada de Colombia rescataron a dos dominicanos que se encontraban a la deriva en un barco tipo langostera en aguas del departamento de La Guajira, en el extremo norte del pa\u00eds, inform\u00f3 este mi\u00e9rcoles la instituci\u00f3n. Los dos hombres se vieron afectados por \u201ccondiciones meteorol\u00f3gicas adversas\u201d y presentaban serios [&hellip;]\" \/>\n<meta property=\"og:url\" content=\"https:\/\/infoelnuevonorte.com\/?p=6472\" \/>\n<meta property=\"og:site_name\" content=\"El Nuevo Norte\" \/>\n<meta property=\"article:publisher\" content=\"https:\/\/www.facebook.com\/infoenn\" \/>\n<meta property=\"article:published_time\" content=\"2023-12-07T10:49:45+00:00\" \/>\n<meta property=\"article:modified_time\" content=\"2023-12-07T10:49:50+00:00\" \/>\n<meta property=\"og:image\" content=\"https:\/\/infoelnuevonorte.com\/wp-content\/uploads\/2023\/12\/7W3MRZC3YNGQ7LXTDQZMJO3YM4-1140x570-1.png\" \/>\n\t<meta property=\"og:image:width\" content=\"1140\" \/>\n\t<meta property=\"og:image:height\" content=\"570\" \/>\n\t<meta property=\"og:image:type\" content=\"image\/png\" \/>\n<meta name=\"author\" content=\"InfoEnn\" \/>\n<meta name=\"twitter:card\" content=\"summary_large_image\" \/>\n<meta name=\"twitter:creator\" content=\"@Elnuevo_norte\" \/>\n<meta name=\"twitter:site\" content=\"@Elnuevo_norte\" \/>\n<meta name=\"twitter:label1\" content=\"Written by\" \/>\n\t<meta name=\"twitter:data1\" content=\"InfoEnn\" \/>\n\t<meta name=\"twitter:label2\" content=\"Est. reading time\" \/>\n\t<meta name=\"twitter:data2\" content=\"1 minuto\" \/>\n<script type=\"application\/ld+json\" class=\"yoast-schema-graph\">{\"@context\":\"https:\/\/schema.org\",\"@graph\":[{\"@type\":\"Article\",\"@id\":\"https:\/\/infoelnuevonorte.com\/?p=6472#article\",\"isPartOf\":{\"@id\":\"https:\/\/infoelnuevonorte.com\/?p=6472\"},\"author\":{\"name\":\"InfoEnn\",\"@id\":\"https:\/\/infoelnuevonorte.com\/#\/schema\/person\/fd4f6d90afe41260818b4ea94ad8ab84\"},\"headline\":\"La Armada colombiana rescata a dos dominicanos que estaban a la deriva en La Guajira\",\"datePublished\":\"2023-12-07T10:49:45+00:00\",\"dateModified\":\"2023-12-07T10:49:50+00:00\",\"mainEntityOfPage\":{\"@id\":\"https:\/\/infoelnuevonorte.com\/?p=6472\"},\"wordCount\":250,\"publisher\":{\"@id\":\"https:\/\/infoelnuevonorte.com\/#organization\"},\"articleSection\":[\"Actualidad |\",\"Nacionales\"],\"inLanguage\":\"es-DO\"},{\"@type\":\"WebPage\",\"@id\":\"https:\/\/infoelnuevonorte.com\/?p=6472\",\"url\":\"https:\/\/infoelnuevonorte.com\/?p=6472\",\"name\":\"La Armada colombiana rescata a dos dominicanos que estaban a la deriva en La Guajira | El Nuevo Norte\",\"isPartOf\":{\"@id\":\"https:\/\/infoelnuevonorte.com\/#website\"},\"datePublished\":\"2023-12-07T10:49:45+00:00\",\"dateModified\":\"2023-12-07T10:49:50+00:00\",\"breadcrumb\":{\"@id\":\"https:\/\/infoelnuevonorte.com\/?p=6472#breadcrumb\"},\"inLanguage\":\"es-DO\",\"potentialAction\":[{\"@type\":\"ReadAction\",\"target\":[\"https:\/\/infoelnuevonorte.com\/?p=6472\"]}]},{\"@type\":\"BreadcrumbList\",\"@id\":\"https:\/\/infoelnuevonorte.com\/?p=6472#breadcrumb\",\"itemListElement\":[{\"@type\":\"ListItem\",\"position\":1,\"name\":\"Home\",\"item\":\"https:\/\/infoelnuevonorte.com\/\"},{\"@type\":\"ListItem\",\"position\":2,\"name\":\"La Armada colombiana rescata a dos dominicanos que estaban a la deriva en La Guajira\"}]},{\"@type\":\"WebSite\",\"@id\":\"https:\/\/infoelnuevonorte.com\/#website\",\"url\":\"https:\/\/infoelnuevonorte.com\/\",\"name\":\"InfoEnn\",\"description\":\"Tu Voz, tu Verdad, tu Diario!!!\",\"publisher\":{\"@id\":\"https:\/\/infoelnuevonorte.com\/#organization\"},\"alternateName\":\"El Nuevo Norte\",\"potentialAction\":[{\"@type\":\"SearchAction\",\"target\":{\"@type\":\"EntryPoint\",\"urlTemplate\":\"https:\/\/infoelnuevonorte.com\/?s={search_term_string}\"},\"query-input\":{\"@type\":\"PropertyValueSpecification\",\"valueRequired\":true,\"valueName\":\"search_term_string\"}}],\"inLanguage\":\"es-DO\"},{\"@type\":\"Organization\",\"@id\":\"https:\/\/infoelnuevonorte.com\/#organization\",\"name\":\"Info El Nuevo Norte\",\"alternateName\":\"El Nuevo Norte\",\"url\":\"https:\/\/infoelnuevonorte.com\/\",\"logo\":{\"@type\":\"ImageObject\",\"inLanguage\":\"es-DO\",\"@id\":\"https:\/\/infoelnuevonorte.com\/#\/schema\/logo\/image\/\",\"url\":\"https:\/\/infoelnuevonorte.com\/wp-content\/uploads\/2026\/02\/Logo-Info-enn-3d-20ani.jpeg\",\"contentUrl\":\"https:\/\/infoelnuevonorte.com\/wp-content\/uploads\/2026\/02\/Logo-Info-enn-3d-20ani.jpeg\",\"width\":2046,\"height\":736,\"caption\":\"Info El Nuevo Norte\"},\"image\":{\"@id\":\"https:\/\/infoelnuevonorte.com\/#\/schema\/logo\/image\/\"},\"sameAs\":[\"https:\/\/www.facebook.com\/infoenn\",\"https:\/\/x.com\/Elnuevo_norte\",\"https:\/\/www.instagram.com\/infoenn\",\"https:\/\/www.facebook.com\/ENNRD\"]},{\"@type\":\"Person\",\"@id\":\"https:\/\/infoelnuevonorte.com\/#\/schema\/person\/fd4f6d90afe41260818b4ea94ad8ab84\",\"name\":\"InfoEnn\",\"image\":{\"@type\":\"ImageObject\",\"inLanguage\":\"es-DO\",\"@id\":\"https:\/\/infoelnuevonorte.com\/#\/schema\/person\/image\/\",\"url\":\"https:\/\/secure.gravatar.com\/avatar\/d4d760a41a48ba9db0a82bfb63bb0783?s=96&d=robohash&r=g\",\"contentUrl\":\"https:\/\/secure.gravatar.com\/avatar\/d4d760a41a48ba9db0a82bfb63bb0783?s=96&d=robohash&r=g\",\"caption\":\"InfoEnn\"},\"sameAs\":[\"https:\/\/infoelnuevonorte.com\"],\"url\":\"https:\/\/infoelnuevonorte.com\/?author=1\"}]}<\/script>\n<!-- \/ Yoast SEO plugin. -->","yoast_head_json":{"title":"La Armada colombiana rescata a dos dominicanos que estaban a la deriva en La Guajira | El Nuevo Norte","robots":{"index":"index","follow":"follow","max-snippet":"max-snippet:-1","max-image-preview":"max-image-preview:large","max-video-preview":"max-video-preview:-1"},"canonical":"https:\/\/infoelnuevonorte.com\/?p=6472","og_locale":"es_ES","og_type":"article","og_title":"La Armada colombiana rescata a dos dominicanos que estaban a la deriva en La Guajira | El Nuevo Norte","og_description":"Las Unidades de Guardacostas de la Armada de Colombia rescataron a dos dominicanos que se encontraban a la deriva en un barco tipo langostera en aguas del departamento de La Guajira, en el extremo norte del pa\u00eds, inform\u00f3 este mi\u00e9rcoles la instituci\u00f3n. Los dos hombres se vieron afectados por \u201ccondiciones meteorol\u00f3gicas adversas\u201d y presentaban serios [&hellip;]","og_url":"https:\/\/infoelnuevonorte.com\/?p=6472","og_site_name":"El Nuevo Norte","article_publisher":"https:\/\/www.facebook.com\/infoenn","article_published_time":"2023-12-07T10:49:45+00:00","article_modified_time":"2023-12-07T10:49:50+00:00","og_image":[{"width":1140,"height":570,"url":"https:\/\/infoelnuevonorte.com\/wp-content\/uploads\/2023\/12\/7W3MRZC3YNGQ7LXTDQZMJO3YM4-1140x570-1.png","type":"image\/png"}],"author":"InfoEnn","twitter_card":"summary_large_image","twitter_creator":"@Elnuevo_norte","twitter_site":"@Elnuevo_norte","twitter_misc":{"Written by":"InfoEnn","Est. reading time":"1 minuto"},"schema":{"@context":"https:\/\/schema.org","@graph":[{"@type":"Article","@id":"https:\/\/infoelnuevonorte.com\/?p=6472#article","isPartOf":{"@id":"https:\/\/infoelnuevonorte.com\/?p=6472"},"author":{"name":"InfoEnn","@id":"https:\/\/infoelnuevonorte.com\/#\/schema\/person\/fd4f6d90afe41260818b4ea94ad8ab84"},"headline":"La Armada colombiana rescata a dos dominicanos que estaban a la deriva en La Guajira","datePublished":"2023-12-07T10:49:45+00:00","dateModified":"2023-12-07T10:49:50+00:00","mainEntityOfPage":{"@id":"https:\/\/infoelnuevonorte.com\/?p=6472"},"wordCount":250,"publisher":{"@id":"https:\/\/infoelnuevonorte.com\/#organization"},"articleSection":["Actualidad |","Nacionales"],"inLanguage":"es-DO"},{"@type":"WebPage","@id":"https:\/\/infoelnuevonorte.com\/?p=6472","url":"https:\/\/infoelnuevonorte.com\/?p=6472","name":"La Armada colombiana rescata a dos dominicanos que estaban a la deriva en La Guajira | El Nuevo Norte","isPartOf":{"@id":"https:\/\/infoelnuevonorte.com\/#website"},"datePublished":"2023-12-07T10:49:45+00:00","dateModified":"2023-12-07T10:49:50+00:00","breadcrumb":{"@id":"https:\/\/infoelnuevonorte.com\/?p=6472#breadcrumb"},"inLanguage":"es-DO","potentialAction":[{"@type":"ReadAction","target":["https:\/\/infoelnuevonorte.com\/?p=6472"]}]},{"@type":"BreadcrumbList","@id":"https:\/\/infoelnuevonorte.com\/?p=6472#breadcrumb","itemListElement":[{"@type":"ListItem","position":1,"name":"Home","item":"https:\/\/infoelnuevonorte.com\/"},{"@type":"ListItem","position":2,"name":"La Armada colombiana rescata a dos dominicanos que estaban a la deriva en La Guajira"}]},{"@type":"WebSite","@id":"https:\/\/infoelnuevonorte.com\/#website","url":"https:\/\/infoelnuevonorte.com\/","name":"InfoEnn","description":"Tu Voz, tu Verdad, tu Diario!!!","publisher":{"@id":"https:\/\/infoelnuevonorte.com\/#organization"},"alternateName":"El Nuevo Norte","potentialAction":[{"@type":"SearchAction","target":{"@type":"EntryPoint","urlTemplate":"https:\/\/infoelnuevonorte.com\/?s={search_term_string}"},"query-input":{"@type":"PropertyValueSpecification","valueRequired":true,"valueName":"search_term_string"}}],"inLanguage":"es-DO"},{"@type":"Organization","@id":"https:\/\/infoelnuevonorte.com\/#organization","name":"Info El Nuevo Norte","alternateName":"El Nuevo Norte","url":"https:\/\/infoelnuevonorte.com\/","logo":{"@type":"ImageObject","inLanguage":"es-DO","@id":"https:\/\/infoelnuevonorte.com\/#\/schema\/logo\/image\/","url":"https:\/\/infoelnuevonorte.com\/wp-content\/uploads\/2026\/02\/Logo-Info-enn-3d-20ani.jpeg","contentUrl":"https:\/\/infoelnuevonorte.com\/wp-content\/uploads\/2026\/02\/Logo-Info-enn-3d-20ani.jpeg","width":2046,"height":736,"caption":"Info El Nuevo Norte"},"image":{"@id":"https:\/\/infoelnuevonorte.com\/#\/schema\/logo\/image\/"},"sameAs":["https:\/\/www.facebook.com\/infoenn","https:\/\/x.com\/Elnuevo_norte","https:\/\/www.instagram.com\/infoenn","https:\/\/www.facebook.com\/ENNRD"]},{"@type":"Person","@id":"https:\/\/infoelnuevonorte.com\/#\/schema\/person\/fd4f6d90afe41260818b4ea94ad8ab84","name":"InfoEnn","image":{"@type":"ImageObject","inLanguage":"es-DO","@id":"https:\/\/infoelnuevonorte.com\/#\/schema\/person\/image\/","url":"https:\/\/secure.gravatar.com\/avatar\/d4d760a41a48ba9db0a82bfb63bb0783?s=96&d=robohash&r=g","contentUrl":"https:\/\/secure.gravatar.com\/avatar\/d4d760a41a48ba9db0a82bfb63bb0783?s=96&d=robohash&r=g","caption":"InfoEnn"},"sameAs":["https:\/\/infoelnuevonorte.com"],"url":"https:\/\/infoelnuevonorte.com\/?author=1"}]}},"_links":{"self":[{"href":"https:\/\/infoelnuevonorte.com\/index.php?rest_route=\/wp\/v2\/posts\/6472"}],"collection":[{"href":"https:\/\/infoelnuevonorte.com\/index.php?rest_route=\/wp\/v2\/posts"}],"about":[{"href":"https:\/\/infoelnuevonorte.com\/index.php?rest_route=\/wp\/v2\/types\/post"}],"author":[{"embeddable":true,"href":"https:\/\/infoelnuevonorte.com\/index.php?rest_route=\/wp\/v2\/users\/1"}],"replies":[{"embeddable":true,"href":"https:\/\/infoelnuevonorte.com\/index.php?rest_route=%2Fwp%2Fv2%2Fcomments&post=6472"}],"version-history":[{"count":0,"href":"https:\/\/infoelnuevonorte.com\/index.php?rest_route=\/wp\/v2\/posts\/6472\/revisions"}],"wp:attachment":[{"href":"https:\/\/infoelnuevonorte.com\/index.php?rest_route=%2Fwp%2Fv2%2Fmedia&parent=6472"}],"wp:term":[{"taxonomy":"category","embeddable":true,"href":"https:\/\/infoelnuevonorte.com\/index.php?rest_route=%2Fwp%2Fv2%2Fcategories&post=6472"},{"taxonomy":"post_tag","embeddable":true,"href":"https:\/\/infoelnuevonorte.com\/index.php?rest_route=%2Fwp%2Fv2%2Ftags&post=6472"}],"curies":[{"name":"wp","href":"https:\/\/api.w.org\/{rel}","templated":true}]}}