{"id":6484,"date":"2023-12-07T07:03:15","date_gmt":"2023-12-07T11:03:15","guid":{"rendered":"https:\/\/infoelnuevonorte.com\/?p=6484"},"modified":"2023-12-07T07:03:17","modified_gmt":"2023-12-07T11:03:17","slug":"tres-heridos-al-chocar-ambulancia-con-un-camion-en-la-carretera-de-san-francisco","status":"publish","type":"post","link":"https:\/\/infoelnuevonorte.com\/?p=6484","title":{"rendered":"Tres heridos al chocar ambulancia con un cami\u00f3n en la carretera de San Francisco"},"content":{"rendered":"<p style=\"text-align: justify;\"><strong>San Francisco.- <\/strong>Tres personas, incluyendo una ni\u00f1a de nueve a\u00f1os, resultaron heridas este mi\u00e9rcoles tras <strong>chocar una ambulancia<\/strong> contra un cami\u00f3n de carga en la carretera <strong>San Francisco \u2013 Nagua.<\/strong><\/p>\n<p style=\"text-align: justify;\">Seg\u00fan el informe preliminar, el cami\u00f3n estaba estacionado cuando la ambulancia se estrell\u00f3 contra este, en la comunidad Montenegro, pr\u00f3ximo al<strong> municipio de Pimentel.<\/strong><\/p>\n<p style=\"text-align: justify;\">Los tres lesionados ocupaban la ambulancia y se dirig\u00edan hacia Santiago. Fueron identificados como Africa Grullart, la menor Nairoby Brito y el chofer solo como William.<\/p>\n<p style=\"text-align: justify;\"><strong>Se conoci\u00f3 que el chofer se encuentra en estado delicado de salud.<\/strong><\/p>\n<p style=\"text-align: justify;\">Luego de la colisi\u00f3n, un carro marca Hyundai modelo Sonata de color gris con placa A 671693, se vio involucrado en el accidente, pero su conductor sali\u00f3 ileso.<\/p>\n","protected":false},"excerpt":{"rendered":"<p>San Francisco.- Tres personas, incluyendo una ni\u00f1a de nueve a\u00f1os, resultaron heridas este mi\u00e9rcoles tras chocar una ambulancia contra un cami\u00f3n de carga en la carretera San Francisco \u2013 Nagua. Seg\u00fan el informe preliminar, el cami\u00f3n estaba estacionado cuando la ambulancia se estrell\u00f3 contra este, en la comunidad Montenegro, pr\u00f3ximo al municipio de Pimentel. Los [&hellip;]<\/p>\n","protected":false},"author":1,"featured_media":0,"comment_status":"closed","ping_status":"open","sticky":false,"template":"","format":"standard","meta":{"footnotes":""},"categories":[2,8],"tags":[],"yoast_head":"<!-- This site is optimized with the Yoast SEO plugin v24.5 - https:\/\/yoast.com\/wordpress\/plugins\/seo\/ -->\n<title>Tres heridos al chocar ambulancia con un cami\u00f3n en la carretera de San Francisco | El Nuevo Norte<\/title>\n<meta name=\"robots\" content=\"index, follow, max-snippet:-1, max-image-preview:large, max-video-preview:-1\" \/>\n<link rel=\"canonical\" href=\"https:\/\/infoelnuevonorte.com\/?p=6484\" \/>\n<meta property=\"og:locale\" content=\"es_ES\" \/>\n<meta property=\"og:type\" content=\"article\" \/>\n<meta property=\"og:title\" content=\"Tres heridos al chocar ambulancia con un cami\u00f3n en la carretera de San Francisco | El Nuevo Norte\" \/>\n<meta property=\"og:description\" content=\"San Francisco.- Tres personas, incluyendo una ni\u00f1a de nueve a\u00f1os, resultaron heridas este mi\u00e9rcoles tras chocar una ambulancia contra un cami\u00f3n de carga en la carretera San Francisco \u2013 Nagua. Seg\u00fan el informe preliminar, el cami\u00f3n estaba estacionado cuando la ambulancia se estrell\u00f3 contra este, en la comunidad Montenegro, pr\u00f3ximo al municipio de Pimentel. Los [&hellip;]\" \/>\n<meta property=\"og:url\" content=\"https:\/\/infoelnuevonorte.com\/?p=6484\" \/>\n<meta property=\"og:site_name\" content=\"El Nuevo Norte\" \/>\n<meta property=\"article:publisher\" content=\"https:\/\/www.facebook.com\/infoenn\" \/>\n<meta property=\"article:published_time\" content=\"2023-12-07T11:03:15+00:00\" \/>\n<meta property=\"article:modified_time\" content=\"2023-12-07T11:03:17+00:00\" \/>\n<meta property=\"og:image\" content=\"https:\/\/infoelnuevonorte.com\/wp-content\/uploads\/2023\/12\/choque-750x375-1.png\" \/>\n\t<meta property=\"og:image:width\" content=\"750\" \/>\n\t<meta property=\"og:image:height\" content=\"375\" \/>\n\t<meta property=\"og:image:type\" content=\"image\/png\" \/>\n<meta name=\"author\" content=\"InfoEnn\" \/>\n<meta name=\"twitter:card\" content=\"summary_large_image\" \/>\n<meta name=\"twitter:creator\" content=\"@Elnuevo_norte\" \/>\n<meta name=\"twitter:site\" content=\"@Elnuevo_norte\" \/>\n<meta name=\"twitter:label1\" content=\"Written by\" \/>\n\t<meta name=\"twitter:data1\" content=\"InfoEnn\" \/>\n\t<meta name=\"twitter:label2\" content=\"Est. reading time\" \/>\n\t<meta name=\"twitter:data2\" content=\"1 minuto\" \/>\n<script type=\"application\/ld+json\" class=\"yoast-schema-graph\">{\"@context\":\"https:\/\/schema.org\",\"@graph\":[{\"@type\":\"Article\",\"@id\":\"https:\/\/infoelnuevonorte.com\/?p=6484#article\",\"isPartOf\":{\"@id\":\"https:\/\/infoelnuevonorte.com\/?p=6484\"},\"author\":{\"name\":\"InfoEnn\",\"@id\":\"https:\/\/infoelnuevonorte.com\/#\/schema\/person\/fd4f6d90afe41260818b4ea94ad8ab84\"},\"headline\":\"Tres heridos al chocar ambulancia con un cami\u00f3n en la carretera de San Francisco\",\"datePublished\":\"2023-12-07T11:03:15+00:00\",\"dateModified\":\"2023-12-07T11:03:17+00:00\",\"mainEntityOfPage\":{\"@id\":\"https:\/\/infoelnuevonorte.com\/?p=6484\"},\"wordCount\":143,\"publisher\":{\"@id\":\"https:\/\/infoelnuevonorte.com\/#organization\"},\"articleSection\":[\"Actualidad |\",\"Nacionales\"],\"inLanguage\":\"es-DO\"},{\"@type\":\"WebPage\",\"@id\":\"https:\/\/infoelnuevonorte.com\/?p=6484\",\"url\":\"https:\/\/infoelnuevonorte.com\/?p=6484\",\"name\":\"Tres heridos al chocar ambulancia con un cami\u00f3n en la carretera de San Francisco | El Nuevo Norte\",\"isPartOf\":{\"@id\":\"https:\/\/infoelnuevonorte.com\/#website\"},\"datePublished\":\"2023-12-07T11:03:15+00:00\",\"dateModified\":\"2023-12-07T11:03:17+00:00\",\"breadcrumb\":{\"@id\":\"https:\/\/infoelnuevonorte.com\/?p=6484#breadcrumb\"},\"inLanguage\":\"es-DO\",\"potentialAction\":[{\"@type\":\"ReadAction\",\"target\":[\"https:\/\/infoelnuevonorte.com\/?p=6484\"]}]},{\"@type\":\"BreadcrumbList\",\"@id\":\"https:\/\/infoelnuevonorte.com\/?p=6484#breadcrumb\",\"itemListElement\":[{\"@type\":\"ListItem\",\"position\":1,\"name\":\"Home\",\"item\":\"https:\/\/infoelnuevonorte.com\/\"},{\"@type\":\"ListItem\",\"position\":2,\"name\":\"Tres heridos al chocar ambulancia con un cami\u00f3n en la carretera de San Francisco\"}]},{\"@type\":\"WebSite\",\"@id\":\"https:\/\/infoelnuevonorte.com\/#website\",\"url\":\"https:\/\/infoelnuevonorte.com\/\",\"name\":\"InfoEnn\",\"description\":\"Tu Voz, tu Verdad, tu Diario!!!\",\"publisher\":{\"@id\":\"https:\/\/infoelnuevonorte.com\/#organization\"},\"alternateName\":\"El Nuevo Norte\",\"potentialAction\":[{\"@type\":\"SearchAction\",\"target\":{\"@type\":\"EntryPoint\",\"urlTemplate\":\"https:\/\/infoelnuevonorte.com\/?s={search_term_string}\"},\"query-input\":{\"@type\":\"PropertyValueSpecification\",\"valueRequired\":true,\"valueName\":\"search_term_string\"}}],\"inLanguage\":\"es-DO\"},{\"@type\":\"Organization\",\"@id\":\"https:\/\/infoelnuevonorte.com\/#organization\",\"name\":\"Info El Nuevo Norte\",\"alternateName\":\"El Nuevo Norte\",\"url\":\"https:\/\/infoelnuevonorte.com\/\",\"logo\":{\"@type\":\"ImageObject\",\"inLanguage\":\"es-DO\",\"@id\":\"https:\/\/infoelnuevonorte.com\/#\/schema\/logo\/image\/\",\"url\":\"https:\/\/infoelnuevonorte.com\/wp-content\/uploads\/2026\/02\/Logo-Info-enn-3d-20ani.jpeg\",\"contentUrl\":\"https:\/\/infoelnuevonorte.com\/wp-content\/uploads\/2026\/02\/Logo-Info-enn-3d-20ani.jpeg\",\"width\":2046,\"height\":736,\"caption\":\"Info El Nuevo Norte\"},\"image\":{\"@id\":\"https:\/\/infoelnuevonorte.com\/#\/schema\/logo\/image\/\"},\"sameAs\":[\"https:\/\/www.facebook.com\/infoenn\",\"https:\/\/x.com\/Elnuevo_norte\",\"https:\/\/www.instagram.com\/infoenn\",\"https:\/\/www.facebook.com\/ENNRD\"]},{\"@type\":\"Person\",\"@id\":\"https:\/\/infoelnuevonorte.com\/#\/schema\/person\/fd4f6d90afe41260818b4ea94ad8ab84\",\"name\":\"InfoEnn\",\"image\":{\"@type\":\"ImageObject\",\"inLanguage\":\"es-DO\",\"@id\":\"https:\/\/infoelnuevonorte.com\/#\/schema\/person\/image\/\",\"url\":\"https:\/\/secure.gravatar.com\/avatar\/d4d760a41a48ba9db0a82bfb63bb0783?s=96&d=robohash&r=g\",\"contentUrl\":\"https:\/\/secure.gravatar.com\/avatar\/d4d760a41a48ba9db0a82bfb63bb0783?s=96&d=robohash&r=g\",\"caption\":\"InfoEnn\"},\"sameAs\":[\"https:\/\/infoelnuevonorte.com\"],\"url\":\"https:\/\/infoelnuevonorte.com\/?author=1\"}]}<\/script>\n<!-- \/ Yoast SEO plugin. -->","yoast_head_json":{"title":"Tres heridos al chocar ambulancia con un cami\u00f3n en la carretera de San Francisco | El Nuevo Norte","robots":{"index":"index","follow":"follow","max-snippet":"max-snippet:-1","max-image-preview":"max-image-preview:large","max-video-preview":"max-video-preview:-1"},"canonical":"https:\/\/infoelnuevonorte.com\/?p=6484","og_locale":"es_ES","og_type":"article","og_title":"Tres heridos al chocar ambulancia con un cami\u00f3n en la carretera de San Francisco | El Nuevo Norte","og_description":"San Francisco.- Tres personas, incluyendo una ni\u00f1a de nueve a\u00f1os, resultaron heridas este mi\u00e9rcoles tras chocar una ambulancia contra un cami\u00f3n de carga en la carretera San Francisco \u2013 Nagua. Seg\u00fan el informe preliminar, el cami\u00f3n estaba estacionado cuando la ambulancia se estrell\u00f3 contra este, en la comunidad Montenegro, pr\u00f3ximo al municipio de Pimentel. Los [&hellip;]","og_url":"https:\/\/infoelnuevonorte.com\/?p=6484","og_site_name":"El Nuevo Norte","article_publisher":"https:\/\/www.facebook.com\/infoenn","article_published_time":"2023-12-07T11:03:15+00:00","article_modified_time":"2023-12-07T11:03:17+00:00","og_image":[{"width":750,"height":375,"url":"https:\/\/infoelnuevonorte.com\/wp-content\/uploads\/2023\/12\/choque-750x375-1.png","type":"image\/png"}],"author":"InfoEnn","twitter_card":"summary_large_image","twitter_creator":"@Elnuevo_norte","twitter_site":"@Elnuevo_norte","twitter_misc":{"Written by":"InfoEnn","Est. reading time":"1 minuto"},"schema":{"@context":"https:\/\/schema.org","@graph":[{"@type":"Article","@id":"https:\/\/infoelnuevonorte.com\/?p=6484#article","isPartOf":{"@id":"https:\/\/infoelnuevonorte.com\/?p=6484"},"author":{"name":"InfoEnn","@id":"https:\/\/infoelnuevonorte.com\/#\/schema\/person\/fd4f6d90afe41260818b4ea94ad8ab84"},"headline":"Tres heridos al chocar ambulancia con un cami\u00f3n en la carretera de San Francisco","datePublished":"2023-12-07T11:03:15+00:00","dateModified":"2023-12-07T11:03:17+00:00","mainEntityOfPage":{"@id":"https:\/\/infoelnuevonorte.com\/?p=6484"},"wordCount":143,"publisher":{"@id":"https:\/\/infoelnuevonorte.com\/#organization"},"articleSection":["Actualidad |","Nacionales"],"inLanguage":"es-DO"},{"@type":"WebPage","@id":"https:\/\/infoelnuevonorte.com\/?p=6484","url":"https:\/\/infoelnuevonorte.com\/?p=6484","name":"Tres heridos al chocar ambulancia con un cami\u00f3n en la carretera de San Francisco | El Nuevo Norte","isPartOf":{"@id":"https:\/\/infoelnuevonorte.com\/#website"},"datePublished":"2023-12-07T11:03:15+00:00","dateModified":"2023-12-07T11:03:17+00:00","breadcrumb":{"@id":"https:\/\/infoelnuevonorte.com\/?p=6484#breadcrumb"},"inLanguage":"es-DO","potentialAction":[{"@type":"ReadAction","target":["https:\/\/infoelnuevonorte.com\/?p=6484"]}]},{"@type":"BreadcrumbList","@id":"https:\/\/infoelnuevonorte.com\/?p=6484#breadcrumb","itemListElement":[{"@type":"ListItem","position":1,"name":"Home","item":"https:\/\/infoelnuevonorte.com\/"},{"@type":"ListItem","position":2,"name":"Tres heridos al chocar ambulancia con un cami\u00f3n en la carretera de San Francisco"}]},{"@type":"WebSite","@id":"https:\/\/infoelnuevonorte.com\/#website","url":"https:\/\/infoelnuevonorte.com\/","name":"InfoEnn","description":"Tu Voz, tu Verdad, tu Diario!!!","publisher":{"@id":"https:\/\/infoelnuevonorte.com\/#organization"},"alternateName":"El Nuevo Norte","potentialAction":[{"@type":"SearchAction","target":{"@type":"EntryPoint","urlTemplate":"https:\/\/infoelnuevonorte.com\/?s={search_term_string}"},"query-input":{"@type":"PropertyValueSpecification","valueRequired":true,"valueName":"search_term_string"}}],"inLanguage":"es-DO"},{"@type":"Organization","@id":"https:\/\/infoelnuevonorte.com\/#organization","name":"Info El Nuevo Norte","alternateName":"El Nuevo Norte","url":"https:\/\/infoelnuevonorte.com\/","logo":{"@type":"ImageObject","inLanguage":"es-DO","@id":"https:\/\/infoelnuevonorte.com\/#\/schema\/logo\/image\/","url":"https:\/\/infoelnuevonorte.com\/wp-content\/uploads\/2026\/02\/Logo-Info-enn-3d-20ani.jpeg","contentUrl":"https:\/\/infoelnuevonorte.com\/wp-content\/uploads\/2026\/02\/Logo-Info-enn-3d-20ani.jpeg","width":2046,"height":736,"caption":"Info El Nuevo Norte"},"image":{"@id":"https:\/\/infoelnuevonorte.com\/#\/schema\/logo\/image\/"},"sameAs":["https:\/\/www.facebook.com\/infoenn","https:\/\/x.com\/Elnuevo_norte","https:\/\/www.instagram.com\/infoenn","https:\/\/www.facebook.com\/ENNRD"]},{"@type":"Person","@id":"https:\/\/infoelnuevonorte.com\/#\/schema\/person\/fd4f6d90afe41260818b4ea94ad8ab84","name":"InfoEnn","image":{"@type":"ImageObject","inLanguage":"es-DO","@id":"https:\/\/infoelnuevonorte.com\/#\/schema\/person\/image\/","url":"https:\/\/secure.gravatar.com\/avatar\/d4d760a41a48ba9db0a82bfb63bb0783?s=96&d=robohash&r=g","contentUrl":"https:\/\/secure.gravatar.com\/avatar\/d4d760a41a48ba9db0a82bfb63bb0783?s=96&d=robohash&r=g","caption":"InfoEnn"},"sameAs":["https:\/\/infoelnuevonorte.com"],"url":"https:\/\/infoelnuevonorte.com\/?author=1"}]}},"_links":{"self":[{"href":"https:\/\/infoelnuevonorte.com\/index.php?rest_route=\/wp\/v2\/posts\/6484"}],"collection":[{"href":"https:\/\/infoelnuevonorte.com\/index.php?rest_route=\/wp\/v2\/posts"}],"about":[{"href":"https:\/\/infoelnuevonorte.com\/index.php?rest_route=\/wp\/v2\/types\/post"}],"author":[{"embeddable":true,"href":"https:\/\/infoelnuevonorte.com\/index.php?rest_route=\/wp\/v2\/users\/1"}],"replies":[{"embeddable":true,"href":"https:\/\/infoelnuevonorte.com\/index.php?rest_route=%2Fwp%2Fv2%2Fcomments&post=6484"}],"version-history":[{"count":0,"href":"https:\/\/infoelnuevonorte.com\/index.php?rest_route=\/wp\/v2\/posts\/6484\/revisions"}],"wp:attachment":[{"href":"https:\/\/infoelnuevonorte.com\/index.php?rest_route=%2Fwp%2Fv2%2Fmedia&parent=6484"}],"wp:term":[{"taxonomy":"category","embeddable":true,"href":"https:\/\/infoelnuevonorte.com\/index.php?rest_route=%2Fwp%2Fv2%2Fcategories&post=6484"},{"taxonomy":"post_tag","embeddable":true,"href":"https:\/\/infoelnuevonorte.com\/index.php?rest_route=%2Fwp%2Fv2%2Ftags&post=6484"}],"curies":[{"name":"wp","href":"https:\/\/api.w.org\/{rel}","templated":true}]}}