{"id":64980,"date":"2024-11-21T08:11:25","date_gmt":"2024-11-21T12:11:25","guid":{"rendered":"https:\/\/infoelnuevonorte.com\/?p=64980"},"modified":"2024-11-22T08:55:08","modified_gmt":"2024-11-22T12:55:08","slug":"21-de-noviembre-dia-mundial-de-la-television","status":"publish","type":"post","link":"https:\/\/infoelnuevonorte.com\/?p=64980","title":{"rendered":"21 de noviembre: D\u00eda Mundial de la Televisi\u00f3n"},"content":{"rendered":"\n<p><a href=\"https:\/\/deultimominuto.net\/category\/estilo\/\"><\/a><\/p>\n\n\n<div class=\"td_block_wrap tdb_single_content tdi_378 td-pb-border-top td_block_template_1 td-post-content tagdiv-type\" data-td-block-uid=\"tdi_378\">\n<div class=\"tdb-block-inner td-fix-index\">\n<!--[if lt IE 9]><script>document.createElement('audio');<\/script><![endif]-->\n<audio class=\"wp-audio-shortcode\" id=\"audio-64980-1\" preload=\"none\" style=\"width: 100%;\" controls=\"controls\"><source type=\"audio\/mpeg\" src=\"https:\/\/infoelnuevonorte.com\/wp-content\/uploads\/2024\/11\/ttsmaker-vip-file-2024-11-21-8-10-56.mp3?_=1\" \/><a href=\"https:\/\/infoelnuevonorte.com\/wp-content\/uploads\/2024\/11\/ttsmaker-vip-file-2024-11-21-8-10-56.mp3\">https:\/\/infoelnuevonorte.com\/wp-content\/uploads\/2024\/11\/ttsmaker-vip-file-2024-11-21-8-10-56.mp3<\/a><\/audio>\n<p style=\"text-align: justify\"><strong>Redacci\u00f3n.-<\/strong>\u00a0Hoy\u00a0<strong>21 de noviembre de 2024<\/strong>\u00a0se celebra el\u00a0<strong>D\u00eda Mundial de la Televisi\u00f3n,<\/strong>\u00a0una fecha impulsada por la<strong>\u00a0ONU<\/strong>\u00a0desde el a\u00f1o 1996 y que busca propiciar el uso responsable de la televisi\u00f3n como uno de los principales canales de difusi\u00f3n de informaci\u00f3n p\u00fablica.\u00a0\u00a0\u00a0<\/p>\n<p style=\"text-align: justify\"><strong>Historia de la televisi\u00f3n<\/strong><\/p>\n<p style=\"text-align: justify\">El d\u00eda de la televisi\u00f3n se instaur\u00f3 en 1996 pero el origen de este aparato se remonta unas cuantas d\u00e9cadas atr\u00e1s.<\/p>\n<p style=\"text-align: justify\">Posterior a otros grandes inventos tecnol\u00f3gicos que vinieron a revolucionar la sociedad (como el tel\u00e9fono, la radio o la fotograf\u00eda, cuyo d\u00eda se conmemora el 19 de agosto), los or\u00edgenes de la televisi\u00f3n los encontramos a finales del siglo XIX.<\/p>\n<p style=\"text-align: justify\">En 1884 Paul Gottlieb Nipkow se convirti\u00f3 en uno de los pioneros de la televisi\u00f3n con la invenci\u00f3n del disco de Nipkow, un aparato consistente en un disco y una fuente de luz con una serie de agujeros cuadrangulares en espiral.<\/p>\n<p style=\"text-align: justify\"><strong>1925: primera emisi\u00f3n televisiva de la historia<\/strong><\/p>\n<p style=\"text-align: justify\">Sobre la base de las investigaciones de este ingeniero alem\u00e1n, el escoc\u00e9s John Logie Baird consigui\u00f3 sincronizar dos discos de Nipkow sobre un solo eje, naciendo as\u00ed la televisi\u00f3n electromec\u00e1nica. Con uno de los discos como emisor y el otro como receptor, el 2 de octubre de 1925 la cabeza de un mu\u00f1eco se convirti\u00f3 en la primera emisi\u00f3n televisiva de la historia, aunque su difusi\u00f3n se limit\u00f3 a la de un laboratorio de Londres.<\/p>\n<p style=\"text-align: justify\">El propio Baird fue tambi\u00e9n el responsable en 1926 de la creaci\u00f3n del primer aparato de recepci\u00f3n televisiva.<\/p>\n<p style=\"text-align: justify\">Otro avance vino del ingeniero estadounidense de origen ruso Vladimir Zvorykin, quien invent\u00f3 el iconoscopio -predecesor de las c\u00e1maras de televisi\u00f3n-, lo que permiti\u00f3 la aparici\u00f3n de la televisi\u00f3n el\u00e9ctrica. Un avance que unido al sistema de tubos de rayos cat\u00f3dicos (CRT) permiti\u00f3 mejorar la resoluci\u00f3n y la velocidad de las emisiones. Unos avances patentados por el presidente de RCA, David Sarnoff.<\/p>\n<p style=\"text-align: justify\">Unos avances que chocaron legalmente con la presentaci\u00f3n en 1927 del primer televisor totalmente electr\u00f3nico por parte del ingeniero estadounidense Philo Farnsworth, en lo que fue una dura lucha por la patente que se prolong\u00f3 en el tiempo al disputarse la autor\u00eda de la televisi\u00f3n electr\u00f3nica contra la patente de RCA que cit\u00e1bamos en el p\u00e1rrafo anterior.<\/p>\n<p style=\"text-align: justify\"><strong>Televisi\u00f3n en color<\/strong><\/p>\n<p style=\"text-align: justify\">Aunque hablar sobre la televisi\u00f3n en color podr\u00eda dar para mucho m\u00e1s, habr\u00eda que apuntar que en 1928 alguien de quien ya hemos hablado anteriormente, John Logie Baird, hizo la primera demostraci\u00f3n de televisi\u00f3n en color.<\/p>\n<p style=\"text-align: justify\">Sin embargo, y al haberse tratado simplemente de una prueba, la Organizaci\u00f3n Mundial de la Propiedad Intelectual (OMPI) reconoce al mejicano Guillermo Gonz\u00e1lez Camarena como el inventor de la televisi\u00f3n en color en 1940. De hecho, en su honor M\u00e9xico celebra el 17 de febrero el D\u00eda del Inventor, al ser esta la fecha de nacimiento de Camarena en el a\u00f1o 1917.<\/p>\n<\/div>\n<\/div>\n<div class=\"td_block_wrap tdb_single_tags tdi_379 td-pb-border-top td_block_template_1\" style=\"text-align: justify\" data-td-block-uid=\"tdi_379\">\u00a0<\/div>","protected":false},"excerpt":{"rendered":"<p>Redacci\u00f3n.-\u00a0Hoy\u00a021 de noviembre de 2024\u00a0se celebra el\u00a0D\u00eda Mundial de la Televisi\u00f3n,\u00a0una fecha impulsada por la\u00a0ONU\u00a0desde el a\u00f1o 1996 y que busca propiciar el uso responsable de la televisi\u00f3n como uno de los principales canales de difusi\u00f3n de informaci\u00f3n p\u00fablica.\u00a0\u00a0\u00a0 Historia de la televisi\u00f3n El d\u00eda de la televisi\u00f3n se instaur\u00f3 en 1996 pero el origen [&hellip;]<\/p>\n","protected":false},"author":2,"featured_media":0,"comment_status":"closed","ping_status":"open","sticky":false,"template":"","format":"standard","meta":{"footnotes":""},"categories":[744],"tags":[],"yoast_head":"<!-- This site is optimized with the Yoast SEO plugin v24.5 - https:\/\/yoast.com\/wordpress\/plugins\/seo\/ -->\n<title>21 de noviembre: D\u00eda Mundial de la Televisi\u00f3n | El Nuevo Norte<\/title>\n<meta name=\"robots\" content=\"index, follow, max-snippet:-1, max-image-preview:large, max-video-preview:-1\" \/>\n<link rel=\"canonical\" href=\"https:\/\/infoelnuevonorte.com\/?p=64980\" \/>\n<meta property=\"og:locale\" content=\"es_ES\" \/>\n<meta property=\"og:type\" content=\"article\" \/>\n<meta property=\"og:title\" content=\"21 de noviembre: D\u00eda Mundial de la Televisi\u00f3n | El Nuevo Norte\" \/>\n<meta property=\"og:description\" content=\"Redacci\u00f3n.-\u00a0Hoy\u00a021 de noviembre de 2024\u00a0se celebra el\u00a0D\u00eda Mundial de la Televisi\u00f3n,\u00a0una fecha impulsada por la\u00a0ONU\u00a0desde el a\u00f1o 1996 y que busca propiciar el uso responsable de la televisi\u00f3n como uno de los principales canales de difusi\u00f3n de informaci\u00f3n p\u00fablica.\u00a0\u00a0\u00a0 Historia de la televisi\u00f3n El d\u00eda de la televisi\u00f3n se instaur\u00f3 en 1996 pero el origen [&hellip;]\" \/>\n<meta property=\"og:url\" content=\"https:\/\/infoelnuevonorte.com\/?p=64980\" \/>\n<meta property=\"og:site_name\" content=\"El Nuevo Norte\" \/>\n<meta property=\"article:publisher\" content=\"https:\/\/www.facebook.com\/infoenn\" \/>\n<meta property=\"article:published_time\" content=\"2024-11-21T12:11:25+00:00\" \/>\n<meta property=\"article:modified_time\" content=\"2024-11-22T12:55:08+00:00\" \/>\n<meta property=\"og:image\" content=\"https:\/\/infoelnuevonorte.com\/wp-content\/uploads\/2024\/11\/descarga-2024-11-21T081003.803.png\" \/>\n\t<meta property=\"og:image:width\" content=\"767\" \/>\n\t<meta property=\"og:image:height\" content=\"430\" \/>\n\t<meta property=\"og:image:type\" content=\"image\/png\" \/>\n<meta name=\"author\" content=\"T. R.\" \/>\n<meta name=\"twitter:card\" content=\"summary_large_image\" \/>\n<meta name=\"twitter:creator\" content=\"@Elnuevo_norte\" \/>\n<meta name=\"twitter:site\" content=\"@Elnuevo_norte\" \/>\n<meta name=\"twitter:label1\" content=\"Written by\" \/>\n\t<meta name=\"twitter:data1\" content=\"T. R.\" \/>\n\t<meta name=\"twitter:label2\" content=\"Est. reading time\" \/>\n\t<meta name=\"twitter:data2\" content=\"3 minutos\" \/>\n<script type=\"application\/ld+json\" class=\"yoast-schema-graph\">{\"@context\":\"https:\/\/schema.org\",\"@graph\":[{\"@type\":\"Article\",\"@id\":\"https:\/\/infoelnuevonorte.com\/?p=64980#article\",\"isPartOf\":{\"@id\":\"https:\/\/infoelnuevonorte.com\/?p=64980\"},\"author\":{\"name\":\"T. R.\",\"@id\":\"https:\/\/infoelnuevonorte.com\/#\/schema\/person\/3accb35eb55f55e96c492b52d085a403\"},\"headline\":\"21 de noviembre: D\u00eda Mundial de la Televisi\u00f3n\",\"datePublished\":\"2024-11-21T12:11:25+00:00\",\"dateModified\":\"2024-11-22T12:55:08+00:00\",\"mainEntityOfPage\":{\"@id\":\"https:\/\/infoelnuevonorte.com\/?p=64980\"},\"wordCount\":541,\"publisher\":{\"@id\":\"https:\/\/infoelnuevonorte.com\/#organization\"},\"articleSection\":[\"Celebraciones\"],\"inLanguage\":\"es-DO\"},{\"@type\":\"WebPage\",\"@id\":\"https:\/\/infoelnuevonorte.com\/?p=64980\",\"url\":\"https:\/\/infoelnuevonorte.com\/?p=64980\",\"name\":\"21 de noviembre: D\u00eda Mundial de la Televisi\u00f3n | El Nuevo Norte\",\"isPartOf\":{\"@id\":\"https:\/\/infoelnuevonorte.com\/#website\"},\"datePublished\":\"2024-11-21T12:11:25+00:00\",\"dateModified\":\"2024-11-22T12:55:08+00:00\",\"breadcrumb\":{\"@id\":\"https:\/\/infoelnuevonorte.com\/?p=64980#breadcrumb\"},\"inLanguage\":\"es-DO\",\"potentialAction\":[{\"@type\":\"ReadAction\",\"target\":[\"https:\/\/infoelnuevonorte.com\/?p=64980\"]}]},{\"@type\":\"BreadcrumbList\",\"@id\":\"https:\/\/infoelnuevonorte.com\/?p=64980#breadcrumb\",\"itemListElement\":[{\"@type\":\"ListItem\",\"position\":1,\"name\":\"Home\",\"item\":\"https:\/\/infoelnuevonorte.com\/\"},{\"@type\":\"ListItem\",\"position\":2,\"name\":\"21 de noviembre: D\u00eda Mundial de la Televisi\u00f3n\"}]},{\"@type\":\"WebSite\",\"@id\":\"https:\/\/infoelnuevonorte.com\/#website\",\"url\":\"https:\/\/infoelnuevonorte.com\/\",\"name\":\"InfoEnn\",\"description\":\"Tu Voz, tu Verdad, tu Diario!!!\",\"publisher\":{\"@id\":\"https:\/\/infoelnuevonorte.com\/#organization\"},\"alternateName\":\"El Nuevo Norte\",\"potentialAction\":[{\"@type\":\"SearchAction\",\"target\":{\"@type\":\"EntryPoint\",\"urlTemplate\":\"https:\/\/infoelnuevonorte.com\/?s={search_term_string}\"},\"query-input\":{\"@type\":\"PropertyValueSpecification\",\"valueRequired\":true,\"valueName\":\"search_term_string\"}}],\"inLanguage\":\"es-DO\"},{\"@type\":\"Organization\",\"@id\":\"https:\/\/infoelnuevonorte.com\/#organization\",\"name\":\"Info El Nuevo Norte\",\"alternateName\":\"El Nuevo Norte\",\"url\":\"https:\/\/infoelnuevonorte.com\/\",\"logo\":{\"@type\":\"ImageObject\",\"inLanguage\":\"es-DO\",\"@id\":\"https:\/\/infoelnuevonorte.com\/#\/schema\/logo\/image\/\",\"url\":\"https:\/\/infoelnuevonorte.com\/wp-content\/uploads\/2026\/02\/Logo-Info-enn-3d-20ani.jpeg\",\"contentUrl\":\"https:\/\/infoelnuevonorte.com\/wp-content\/uploads\/2026\/02\/Logo-Info-enn-3d-20ani.jpeg\",\"width\":2046,\"height\":736,\"caption\":\"Info El Nuevo Norte\"},\"image\":{\"@id\":\"https:\/\/infoelnuevonorte.com\/#\/schema\/logo\/image\/\"},\"sameAs\":[\"https:\/\/www.facebook.com\/infoenn\",\"https:\/\/x.com\/Elnuevo_norte\",\"https:\/\/www.instagram.com\/infoenn\",\"https:\/\/www.facebook.com\/ENNRD\"]},{\"@type\":\"Person\",\"@id\":\"https:\/\/infoelnuevonorte.com\/#\/schema\/person\/3accb35eb55f55e96c492b52d085a403\",\"name\":\"T. R.\",\"image\":{\"@type\":\"ImageObject\",\"inLanguage\":\"es-DO\",\"@id\":\"https:\/\/infoelnuevonorte.com\/#\/schema\/person\/image\/\",\"url\":\"https:\/\/secure.gravatar.com\/avatar\/40543a038bda97abdb765b1662e9677d?s=96&d=robohash&r=g\",\"contentUrl\":\"https:\/\/secure.gravatar.com\/avatar\/40543a038bda97abdb765b1662e9677d?s=96&d=robohash&r=g\",\"caption\":\"T. R.\"},\"url\":\"https:\/\/infoelnuevonorte.com\/?author=2\"}]}<\/script>\n<!-- \/ Yoast SEO plugin. -->","yoast_head_json":{"title":"21 de noviembre: D\u00eda Mundial de la Televisi\u00f3n | El Nuevo Norte","robots":{"index":"index","follow":"follow","max-snippet":"max-snippet:-1","max-image-preview":"max-image-preview:large","max-video-preview":"max-video-preview:-1"},"canonical":"https:\/\/infoelnuevonorte.com\/?p=64980","og_locale":"es_ES","og_type":"article","og_title":"21 de noviembre: D\u00eda Mundial de la Televisi\u00f3n | El Nuevo Norte","og_description":"Redacci\u00f3n.-\u00a0Hoy\u00a021 de noviembre de 2024\u00a0se celebra el\u00a0D\u00eda Mundial de la Televisi\u00f3n,\u00a0una fecha impulsada por la\u00a0ONU\u00a0desde el a\u00f1o 1996 y que busca propiciar el uso responsable de la televisi\u00f3n como uno de los principales canales de difusi\u00f3n de informaci\u00f3n p\u00fablica.\u00a0\u00a0\u00a0 Historia de la televisi\u00f3n El d\u00eda de la televisi\u00f3n se instaur\u00f3 en 1996 pero el origen [&hellip;]","og_url":"https:\/\/infoelnuevonorte.com\/?p=64980","og_site_name":"El Nuevo Norte","article_publisher":"https:\/\/www.facebook.com\/infoenn","article_published_time":"2024-11-21T12:11:25+00:00","article_modified_time":"2024-11-22T12:55:08+00:00","og_image":[{"width":767,"height":430,"url":"https:\/\/infoelnuevonorte.com\/wp-content\/uploads\/2024\/11\/descarga-2024-11-21T081003.803.png","type":"image\/png"}],"author":"T. R.","twitter_card":"summary_large_image","twitter_creator":"@Elnuevo_norte","twitter_site":"@Elnuevo_norte","twitter_misc":{"Written by":"T. R.","Est. reading time":"3 minutos"},"schema":{"@context":"https:\/\/schema.org","@graph":[{"@type":"Article","@id":"https:\/\/infoelnuevonorte.com\/?p=64980#article","isPartOf":{"@id":"https:\/\/infoelnuevonorte.com\/?p=64980"},"author":{"name":"T. R.","@id":"https:\/\/infoelnuevonorte.com\/#\/schema\/person\/3accb35eb55f55e96c492b52d085a403"},"headline":"21 de noviembre: D\u00eda Mundial de la Televisi\u00f3n","datePublished":"2024-11-21T12:11:25+00:00","dateModified":"2024-11-22T12:55:08+00:00","mainEntityOfPage":{"@id":"https:\/\/infoelnuevonorte.com\/?p=64980"},"wordCount":541,"publisher":{"@id":"https:\/\/infoelnuevonorte.com\/#organization"},"articleSection":["Celebraciones"],"inLanguage":"es-DO"},{"@type":"WebPage","@id":"https:\/\/infoelnuevonorte.com\/?p=64980","url":"https:\/\/infoelnuevonorte.com\/?p=64980","name":"21 de noviembre: D\u00eda Mundial de la Televisi\u00f3n | El Nuevo Norte","isPartOf":{"@id":"https:\/\/infoelnuevonorte.com\/#website"},"datePublished":"2024-11-21T12:11:25+00:00","dateModified":"2024-11-22T12:55:08+00:00","breadcrumb":{"@id":"https:\/\/infoelnuevonorte.com\/?p=64980#breadcrumb"},"inLanguage":"es-DO","potentialAction":[{"@type":"ReadAction","target":["https:\/\/infoelnuevonorte.com\/?p=64980"]}]},{"@type":"BreadcrumbList","@id":"https:\/\/infoelnuevonorte.com\/?p=64980#breadcrumb","itemListElement":[{"@type":"ListItem","position":1,"name":"Home","item":"https:\/\/infoelnuevonorte.com\/"},{"@type":"ListItem","position":2,"name":"21 de noviembre: D\u00eda Mundial de la Televisi\u00f3n"}]},{"@type":"WebSite","@id":"https:\/\/infoelnuevonorte.com\/#website","url":"https:\/\/infoelnuevonorte.com\/","name":"InfoEnn","description":"Tu Voz, tu Verdad, tu Diario!!!","publisher":{"@id":"https:\/\/infoelnuevonorte.com\/#organization"},"alternateName":"El Nuevo Norte","potentialAction":[{"@type":"SearchAction","target":{"@type":"EntryPoint","urlTemplate":"https:\/\/infoelnuevonorte.com\/?s={search_term_string}"},"query-input":{"@type":"PropertyValueSpecification","valueRequired":true,"valueName":"search_term_string"}}],"inLanguage":"es-DO"},{"@type":"Organization","@id":"https:\/\/infoelnuevonorte.com\/#organization","name":"Info El Nuevo Norte","alternateName":"El Nuevo Norte","url":"https:\/\/infoelnuevonorte.com\/","logo":{"@type":"ImageObject","inLanguage":"es-DO","@id":"https:\/\/infoelnuevonorte.com\/#\/schema\/logo\/image\/","url":"https:\/\/infoelnuevonorte.com\/wp-content\/uploads\/2026\/02\/Logo-Info-enn-3d-20ani.jpeg","contentUrl":"https:\/\/infoelnuevonorte.com\/wp-content\/uploads\/2026\/02\/Logo-Info-enn-3d-20ani.jpeg","width":2046,"height":736,"caption":"Info El Nuevo Norte"},"image":{"@id":"https:\/\/infoelnuevonorte.com\/#\/schema\/logo\/image\/"},"sameAs":["https:\/\/www.facebook.com\/infoenn","https:\/\/x.com\/Elnuevo_norte","https:\/\/www.instagram.com\/infoenn","https:\/\/www.facebook.com\/ENNRD"]},{"@type":"Person","@id":"https:\/\/infoelnuevonorte.com\/#\/schema\/person\/3accb35eb55f55e96c492b52d085a403","name":"T. R.","image":{"@type":"ImageObject","inLanguage":"es-DO","@id":"https:\/\/infoelnuevonorte.com\/#\/schema\/person\/image\/","url":"https:\/\/secure.gravatar.com\/avatar\/40543a038bda97abdb765b1662e9677d?s=96&d=robohash&r=g","contentUrl":"https:\/\/secure.gravatar.com\/avatar\/40543a038bda97abdb765b1662e9677d?s=96&d=robohash&r=g","caption":"T. R."},"url":"https:\/\/infoelnuevonorte.com\/?author=2"}]}},"_links":{"self":[{"href":"https:\/\/infoelnuevonorte.com\/index.php?rest_route=\/wp\/v2\/posts\/64980"}],"collection":[{"href":"https:\/\/infoelnuevonorte.com\/index.php?rest_route=\/wp\/v2\/posts"}],"about":[{"href":"https:\/\/infoelnuevonorte.com\/index.php?rest_route=\/wp\/v2\/types\/post"}],"author":[{"embeddable":true,"href":"https:\/\/infoelnuevonorte.com\/index.php?rest_route=\/wp\/v2\/users\/2"}],"replies":[{"embeddable":true,"href":"https:\/\/infoelnuevonorte.com\/index.php?rest_route=%2Fwp%2Fv2%2Fcomments&post=64980"}],"version-history":[{"count":1,"href":"https:\/\/infoelnuevonorte.com\/index.php?rest_route=\/wp\/v2\/posts\/64980\/revisions"}],"predecessor-version":[{"id":64983,"href":"https:\/\/infoelnuevonorte.com\/index.php?rest_route=\/wp\/v2\/posts\/64980\/revisions\/64983"}],"wp:attachment":[{"href":"https:\/\/infoelnuevonorte.com\/index.php?rest_route=%2Fwp%2Fv2%2Fmedia&parent=64980"}],"wp:term":[{"taxonomy":"category","embeddable":true,"href":"https:\/\/infoelnuevonorte.com\/index.php?rest_route=%2Fwp%2Fv2%2Fcategories&post=64980"},{"taxonomy":"post_tag","embeddable":true,"href":"https:\/\/infoelnuevonorte.com\/index.php?rest_route=%2Fwp%2Fv2%2Ftags&post=64980"}],"curies":[{"name":"wp","href":"https:\/\/api.w.org\/{rel}","templated":true}]}}