{"id":6551,"date":"2023-12-08T06:28:40","date_gmt":"2023-12-08T10:28:40","guid":{"rendered":"https:\/\/infoelnuevonorte.com\/?p=6551"},"modified":"2023-12-08T06:28:42","modified_gmt":"2023-12-08T10:28:42","slug":"zona-franca-puerto-plata-celebra-coctel-por-motivo-de-navidad-y-presenta-informe-de-gestion-2023","status":"publish","type":"post","link":"https:\/\/infoelnuevonorte.com\/?p=6551","title":{"rendered":"Zona Franca Puerto Plata celebra c\u00f3ctel por motivo de Navidad y presenta informe de gesti\u00f3n 2023"},"content":{"rendered":"<p style=\"text-align: justify;\"><strong>Puerto Plata, RD.-<\/strong> Por motivo de ser una \u00e9poca de festividades, los directivos de la Corporaci\u00f3n Zona Industrial de Puerto Plata (CZIPP) celebraron un c\u00f3ctel navide\u00f1o para compartir los logros alcanzados durante este a\u00f1o 2023.<\/p>\n<p style=\"text-align: justify;\">El encuentro fue propicio para presentar las memorias de gesti\u00f3n de la directiva, presidida por Mileyka Brugal, las cuales tambi\u00e9n fueron difundidas como una forma de rendici\u00f3n de cuentas, tanto a las autoridades, clientes, allegados y medios de comunicaci\u00f3n presentes.<\/p>\n<p style=\"text-align: justify;\">En representaci\u00f3n del consejo de directores. Ana Mar\u00eda Fr\u00edas, expres\u00f3 unas palabras de bienvenida mediante las que afirm\u00f3 que, \u201cZona Franca Industrial de Puerto Plata por m\u00e1s de 40 a\u00f1os, ha buscado proyectar a Puerto Plata como una provincia industrial que cuenta con un desarrollo sostenible en todos los sentidos\u201d.<\/p>\n<p style=\"text-align: justify;\">Dijo que este a\u00f1o hay muchos motivos para agradecer por lo que \u201cla ocasi\u00f3n es propicia para compartir con quienes han hecho de la causa industrial, su causa\u201d.<\/p>\n<p style=\"text-align: justify;\">De su lado, Mileyka Brugal, al dirigir las palabras centrales del acto, expuso el crecimiento obtenido por la instituci\u00f3n durante el a\u00f1o. Indic\u00f3 que, actualmente, este parque industrial cuenta con 12 empresas instaladas, amparadas bajo la Ley 8-90 y otras 2 fuera del sector, que ocupan los 25 espacios habilitados para renta y proporcionan un promedio de 916 empleos directos y otros tantos indirectos.<\/p>\n\n<p style=\"text-align: justify;\">Expres\u00f3 adem\u00e1s, \u201cdimos la bienvenida a 3 nuevas empresas dedicadas al procesamiento de tabaco que rentaron 4 de las naves que se encontraban disponibles, con lo que se completa la disponibilidad del parque, dando apertura a la ampliaci\u00f3n del mismo con la construcci\u00f3n de nuevas naves.<\/p>\n<p style=\"text-align: justify;\">La presidente de Zona Franca Puerto Plata dio a conocer adem\u00e1s, que este a\u00f1o se realiz\u00f3 la ampliaci\u00f3n y mejora del Centro de Entrenamiento del INFOTEP para atender a las necesidades de capacitaci\u00f3n del mercado laboral actual del parque. Se prev\u00e9 la inauguraci\u00f3n de este centro durante el primer trimestre del 2024.<\/p>\n<p style=\"text-align: justify;\">Mileyka Brugal, extendi\u00f3 su agradecimiento a los medios de comunicaci\u00f3n, y destac\u00f3 la presencia de la senadora Ginette Bournigal, del doctor provincial del Ministerio de Industria, Comercio y MiPymes, V\u00edctor Ortega, Francisco V\u00e1squez, encargado de la oficina de Aduanas en Zona Franca Puerto Plata, y del Obispo Julio C\u00e9sar Corniel, quien bendijo el acto.<\/p>\n<p style=\"text-align: justify;\">Adem\u00e1s de Mileyka Brugal y Ana Mar\u00eda Fr\u00edas estuvieron como anfitriones de la velada, los directivos Miguel \u00c1ngel Jim\u00e9nez Mess\u00f3n, Augusto Fern\u00e1ndez, Manuel Cocco, Luis Alfredo Bordas y Jos\u00e9 Daniel Jim\u00e9nez.<\/p>\n","protected":false},"excerpt":{"rendered":"<p>Puerto Plata, RD.- Por motivo de ser una \u00e9poca de festividades, los directivos de la Corporaci\u00f3n Zona Industrial de Puerto Plata (CZIPP) celebraron un c\u00f3ctel navide\u00f1o para compartir los logros alcanzados durante este a\u00f1o 2023. El encuentro fue propicio para presentar las memorias de gesti\u00f3n de la directiva, presidida por Mileyka Brugal, las cuales tambi\u00e9n [&hellip;]<\/p>\n","protected":false},"author":1,"featured_media":0,"comment_status":"closed","ping_status":"open","sticky":false,"template":"","format":"standard","meta":{"footnotes":""},"categories":[2,11,14],"tags":[],"yoast_head":"<!-- This site is optimized with the Yoast SEO plugin v24.5 - https:\/\/yoast.com\/wordpress\/plugins\/seo\/ -->\n<title>Zona Franca Puerto Plata celebra c\u00f3ctel por motivo de Navidad y presenta informe de gesti\u00f3n 2023 | El Nuevo Norte<\/title>\n<meta name=\"robots\" content=\"index, follow, max-snippet:-1, max-image-preview:large, max-video-preview:-1\" \/>\n<link rel=\"canonical\" href=\"https:\/\/infoelnuevonorte.com\/?p=6551\" \/>\n<meta property=\"og:locale\" content=\"es_ES\" \/>\n<meta property=\"og:type\" content=\"article\" \/>\n<meta property=\"og:title\" content=\"Zona Franca Puerto Plata celebra c\u00f3ctel por motivo de Navidad y presenta informe de gesti\u00f3n 2023 | El Nuevo Norte\" \/>\n<meta property=\"og:description\" content=\"Puerto Plata, RD.- Por motivo de ser una \u00e9poca de festividades, los directivos de la Corporaci\u00f3n Zona Industrial de Puerto Plata (CZIPP) celebraron un c\u00f3ctel navide\u00f1o para compartir los logros alcanzados durante este a\u00f1o 2023. El encuentro fue propicio para presentar las memorias de gesti\u00f3n de la directiva, presidida por Mileyka Brugal, las cuales tambi\u00e9n [&hellip;]\" \/>\n<meta property=\"og:url\" content=\"https:\/\/infoelnuevonorte.com\/?p=6551\" \/>\n<meta property=\"og:site_name\" content=\"El Nuevo Norte\" \/>\n<meta property=\"article:publisher\" content=\"https:\/\/www.facebook.com\/infoenn\" \/>\n<meta property=\"article:published_time\" content=\"2023-12-08T10:28:40+00:00\" \/>\n<meta property=\"article:modified_time\" content=\"2023-12-08T10:28:42+00:00\" \/>\n<meta property=\"og:image\" content=\"https:\/\/infoelnuevonorte.com\/wp-content\/uploads\/2023\/12\/WhatsApp-Image-2023-12-07-at-9.21.28-PM-3-jpeg.webp\" \/>\n\t<meta property=\"og:image:width\" content=\"1599\" \/>\n\t<meta property=\"og:image:height\" content=\"1066\" \/>\n\t<meta property=\"og:image:type\" content=\"image\/jpeg\" \/>\n<meta name=\"author\" content=\"InfoEnn\" \/>\n<meta name=\"twitter:card\" content=\"summary_large_image\" \/>\n<meta name=\"twitter:creator\" content=\"@Elnuevo_norte\" \/>\n<meta name=\"twitter:site\" content=\"@Elnuevo_norte\" \/>\n<meta name=\"twitter:label1\" content=\"Written by\" \/>\n\t<meta name=\"twitter:data1\" content=\"InfoEnn\" \/>\n\t<meta name=\"twitter:label2\" content=\"Est. reading time\" \/>\n\t<meta name=\"twitter:data2\" content=\"2 minutos\" \/>\n<script type=\"application\/ld+json\" class=\"yoast-schema-graph\">{\"@context\":\"https:\/\/schema.org\",\"@graph\":[{\"@type\":\"Article\",\"@id\":\"https:\/\/infoelnuevonorte.com\/?p=6551#article\",\"isPartOf\":{\"@id\":\"https:\/\/infoelnuevonorte.com\/?p=6551\"},\"author\":{\"name\":\"InfoEnn\",\"@id\":\"https:\/\/infoelnuevonorte.com\/#\/schema\/person\/fd4f6d90afe41260818b4ea94ad8ab84\"},\"headline\":\"Zona Franca Puerto Plata celebra c\u00f3ctel por motivo de Navidad y presenta informe de gesti\u00f3n 2023\",\"datePublished\":\"2023-12-08T10:28:40+00:00\",\"dateModified\":\"2023-12-08T10:28:42+00:00\",\"mainEntityOfPage\":{\"@id\":\"https:\/\/infoelnuevonorte.com\/?p=6551\"},\"wordCount\":464,\"publisher\":{\"@id\":\"https:\/\/infoelnuevonorte.com\/#organization\"},\"articleSection\":[\"Actualidad |\",\"Entretenimiento\",\"Sociales\"],\"inLanguage\":\"es-DO\"},{\"@type\":\"WebPage\",\"@id\":\"https:\/\/infoelnuevonorte.com\/?p=6551\",\"url\":\"https:\/\/infoelnuevonorte.com\/?p=6551\",\"name\":\"Zona Franca Puerto Plata celebra c\u00f3ctel por motivo de Navidad y presenta informe de gesti\u00f3n 2023 | El Nuevo Norte\",\"isPartOf\":{\"@id\":\"https:\/\/infoelnuevonorte.com\/#website\"},\"datePublished\":\"2023-12-08T10:28:40+00:00\",\"dateModified\":\"2023-12-08T10:28:42+00:00\",\"breadcrumb\":{\"@id\":\"https:\/\/infoelnuevonorte.com\/?p=6551#breadcrumb\"},\"inLanguage\":\"es-DO\",\"potentialAction\":[{\"@type\":\"ReadAction\",\"target\":[\"https:\/\/infoelnuevonorte.com\/?p=6551\"]}]},{\"@type\":\"BreadcrumbList\",\"@id\":\"https:\/\/infoelnuevonorte.com\/?p=6551#breadcrumb\",\"itemListElement\":[{\"@type\":\"ListItem\",\"position\":1,\"name\":\"Home\",\"item\":\"https:\/\/infoelnuevonorte.com\/\"},{\"@type\":\"ListItem\",\"position\":2,\"name\":\"Zona Franca Puerto Plata celebra c\u00f3ctel por motivo de Navidad y presenta informe de gesti\u00f3n 2023\"}]},{\"@type\":\"WebSite\",\"@id\":\"https:\/\/infoelnuevonorte.com\/#website\",\"url\":\"https:\/\/infoelnuevonorte.com\/\",\"name\":\"InfoEnn\",\"description\":\"Tu Voz, tu Verdad, tu Diario!!!\",\"publisher\":{\"@id\":\"https:\/\/infoelnuevonorte.com\/#organization\"},\"alternateName\":\"El Nuevo Norte\",\"potentialAction\":[{\"@type\":\"SearchAction\",\"target\":{\"@type\":\"EntryPoint\",\"urlTemplate\":\"https:\/\/infoelnuevonorte.com\/?s={search_term_string}\"},\"query-input\":{\"@type\":\"PropertyValueSpecification\",\"valueRequired\":true,\"valueName\":\"search_term_string\"}}],\"inLanguage\":\"es-DO\"},{\"@type\":\"Organization\",\"@id\":\"https:\/\/infoelnuevonorte.com\/#organization\",\"name\":\"Info El Nuevo Norte\",\"alternateName\":\"El Nuevo Norte\",\"url\":\"https:\/\/infoelnuevonorte.com\/\",\"logo\":{\"@type\":\"ImageObject\",\"inLanguage\":\"es-DO\",\"@id\":\"https:\/\/infoelnuevonorte.com\/#\/schema\/logo\/image\/\",\"url\":\"https:\/\/infoelnuevonorte.com\/wp-content\/uploads\/2026\/02\/Logo-Info-enn-3d-20ani.jpeg\",\"contentUrl\":\"https:\/\/infoelnuevonorte.com\/wp-content\/uploads\/2026\/02\/Logo-Info-enn-3d-20ani.jpeg\",\"width\":2046,\"height\":736,\"caption\":\"Info El Nuevo Norte\"},\"image\":{\"@id\":\"https:\/\/infoelnuevonorte.com\/#\/schema\/logo\/image\/\"},\"sameAs\":[\"https:\/\/www.facebook.com\/infoenn\",\"https:\/\/x.com\/Elnuevo_norte\",\"https:\/\/www.instagram.com\/infoenn\",\"https:\/\/www.facebook.com\/ENNRD\"]},{\"@type\":\"Person\",\"@id\":\"https:\/\/infoelnuevonorte.com\/#\/schema\/person\/fd4f6d90afe41260818b4ea94ad8ab84\",\"name\":\"InfoEnn\",\"image\":{\"@type\":\"ImageObject\",\"inLanguage\":\"es-DO\",\"@id\":\"https:\/\/infoelnuevonorte.com\/#\/schema\/person\/image\/\",\"url\":\"https:\/\/secure.gravatar.com\/avatar\/d4d760a41a48ba9db0a82bfb63bb0783?s=96&d=robohash&r=g\",\"contentUrl\":\"https:\/\/secure.gravatar.com\/avatar\/d4d760a41a48ba9db0a82bfb63bb0783?s=96&d=robohash&r=g\",\"caption\":\"InfoEnn\"},\"sameAs\":[\"https:\/\/infoelnuevonorte.com\"],\"url\":\"https:\/\/infoelnuevonorte.com\/?author=1\"}]}<\/script>\n<!-- \/ Yoast SEO plugin. -->","yoast_head_json":{"title":"Zona Franca Puerto Plata celebra c\u00f3ctel por motivo de Navidad y presenta informe de gesti\u00f3n 2023 | El Nuevo Norte","robots":{"index":"index","follow":"follow","max-snippet":"max-snippet:-1","max-image-preview":"max-image-preview:large","max-video-preview":"max-video-preview:-1"},"canonical":"https:\/\/infoelnuevonorte.com\/?p=6551","og_locale":"es_ES","og_type":"article","og_title":"Zona Franca Puerto Plata celebra c\u00f3ctel por motivo de Navidad y presenta informe de gesti\u00f3n 2023 | El Nuevo Norte","og_description":"Puerto Plata, RD.- Por motivo de ser una \u00e9poca de festividades, los directivos de la Corporaci\u00f3n Zona Industrial de Puerto Plata (CZIPP) celebraron un c\u00f3ctel navide\u00f1o para compartir los logros alcanzados durante este a\u00f1o 2023. El encuentro fue propicio para presentar las memorias de gesti\u00f3n de la directiva, presidida por Mileyka Brugal, las cuales tambi\u00e9n [&hellip;]","og_url":"https:\/\/infoelnuevonorte.com\/?p=6551","og_site_name":"El Nuevo Norte","article_publisher":"https:\/\/www.facebook.com\/infoenn","article_published_time":"2023-12-08T10:28:40+00:00","article_modified_time":"2023-12-08T10:28:42+00:00","og_image":[{"width":1599,"height":1066,"url":"https:\/\/infoelnuevonorte.com\/wp-content\/uploads\/2023\/12\/WhatsApp-Image-2023-12-07-at-9.21.28-PM-3-jpeg.webp","type":"image\/jpeg"}],"author":"InfoEnn","twitter_card":"summary_large_image","twitter_creator":"@Elnuevo_norte","twitter_site":"@Elnuevo_norte","twitter_misc":{"Written by":"InfoEnn","Est. reading time":"2 minutos"},"schema":{"@context":"https:\/\/schema.org","@graph":[{"@type":"Article","@id":"https:\/\/infoelnuevonorte.com\/?p=6551#article","isPartOf":{"@id":"https:\/\/infoelnuevonorte.com\/?p=6551"},"author":{"name":"InfoEnn","@id":"https:\/\/infoelnuevonorte.com\/#\/schema\/person\/fd4f6d90afe41260818b4ea94ad8ab84"},"headline":"Zona Franca Puerto Plata celebra c\u00f3ctel por motivo de Navidad y presenta informe de gesti\u00f3n 2023","datePublished":"2023-12-08T10:28:40+00:00","dateModified":"2023-12-08T10:28:42+00:00","mainEntityOfPage":{"@id":"https:\/\/infoelnuevonorte.com\/?p=6551"},"wordCount":464,"publisher":{"@id":"https:\/\/infoelnuevonorte.com\/#organization"},"articleSection":["Actualidad |","Entretenimiento","Sociales"],"inLanguage":"es-DO"},{"@type":"WebPage","@id":"https:\/\/infoelnuevonorte.com\/?p=6551","url":"https:\/\/infoelnuevonorte.com\/?p=6551","name":"Zona Franca Puerto Plata celebra c\u00f3ctel por motivo de Navidad y presenta informe de gesti\u00f3n 2023 | El Nuevo Norte","isPartOf":{"@id":"https:\/\/infoelnuevonorte.com\/#website"},"datePublished":"2023-12-08T10:28:40+00:00","dateModified":"2023-12-08T10:28:42+00:00","breadcrumb":{"@id":"https:\/\/infoelnuevonorte.com\/?p=6551#breadcrumb"},"inLanguage":"es-DO","potentialAction":[{"@type":"ReadAction","target":["https:\/\/infoelnuevonorte.com\/?p=6551"]}]},{"@type":"BreadcrumbList","@id":"https:\/\/infoelnuevonorte.com\/?p=6551#breadcrumb","itemListElement":[{"@type":"ListItem","position":1,"name":"Home","item":"https:\/\/infoelnuevonorte.com\/"},{"@type":"ListItem","position":2,"name":"Zona Franca Puerto Plata celebra c\u00f3ctel por motivo de Navidad y presenta informe de gesti\u00f3n 2023"}]},{"@type":"WebSite","@id":"https:\/\/infoelnuevonorte.com\/#website","url":"https:\/\/infoelnuevonorte.com\/","name":"InfoEnn","description":"Tu Voz, tu Verdad, tu Diario!!!","publisher":{"@id":"https:\/\/infoelnuevonorte.com\/#organization"},"alternateName":"El Nuevo Norte","potentialAction":[{"@type":"SearchAction","target":{"@type":"EntryPoint","urlTemplate":"https:\/\/infoelnuevonorte.com\/?s={search_term_string}"},"query-input":{"@type":"PropertyValueSpecification","valueRequired":true,"valueName":"search_term_string"}}],"inLanguage":"es-DO"},{"@type":"Organization","@id":"https:\/\/infoelnuevonorte.com\/#organization","name":"Info El Nuevo Norte","alternateName":"El Nuevo Norte","url":"https:\/\/infoelnuevonorte.com\/","logo":{"@type":"ImageObject","inLanguage":"es-DO","@id":"https:\/\/infoelnuevonorte.com\/#\/schema\/logo\/image\/","url":"https:\/\/infoelnuevonorte.com\/wp-content\/uploads\/2026\/02\/Logo-Info-enn-3d-20ani.jpeg","contentUrl":"https:\/\/infoelnuevonorte.com\/wp-content\/uploads\/2026\/02\/Logo-Info-enn-3d-20ani.jpeg","width":2046,"height":736,"caption":"Info El Nuevo Norte"},"image":{"@id":"https:\/\/infoelnuevonorte.com\/#\/schema\/logo\/image\/"},"sameAs":["https:\/\/www.facebook.com\/infoenn","https:\/\/x.com\/Elnuevo_norte","https:\/\/www.instagram.com\/infoenn","https:\/\/www.facebook.com\/ENNRD"]},{"@type":"Person","@id":"https:\/\/infoelnuevonorte.com\/#\/schema\/person\/fd4f6d90afe41260818b4ea94ad8ab84","name":"InfoEnn","image":{"@type":"ImageObject","inLanguage":"es-DO","@id":"https:\/\/infoelnuevonorte.com\/#\/schema\/person\/image\/","url":"https:\/\/secure.gravatar.com\/avatar\/d4d760a41a48ba9db0a82bfb63bb0783?s=96&d=robohash&r=g","contentUrl":"https:\/\/secure.gravatar.com\/avatar\/d4d760a41a48ba9db0a82bfb63bb0783?s=96&d=robohash&r=g","caption":"InfoEnn"},"sameAs":["https:\/\/infoelnuevonorte.com"],"url":"https:\/\/infoelnuevonorte.com\/?author=1"}]}},"_links":{"self":[{"href":"https:\/\/infoelnuevonorte.com\/index.php?rest_route=\/wp\/v2\/posts\/6551"}],"collection":[{"href":"https:\/\/infoelnuevonorte.com\/index.php?rest_route=\/wp\/v2\/posts"}],"about":[{"href":"https:\/\/infoelnuevonorte.com\/index.php?rest_route=\/wp\/v2\/types\/post"}],"author":[{"embeddable":true,"href":"https:\/\/infoelnuevonorte.com\/index.php?rest_route=\/wp\/v2\/users\/1"}],"replies":[{"embeddable":true,"href":"https:\/\/infoelnuevonorte.com\/index.php?rest_route=%2Fwp%2Fv2%2Fcomments&post=6551"}],"version-history":[{"count":0,"href":"https:\/\/infoelnuevonorte.com\/index.php?rest_route=\/wp\/v2\/posts\/6551\/revisions"}],"wp:attachment":[{"href":"https:\/\/infoelnuevonorte.com\/index.php?rest_route=%2Fwp%2Fv2%2Fmedia&parent=6551"}],"wp:term":[{"taxonomy":"category","embeddable":true,"href":"https:\/\/infoelnuevonorte.com\/index.php?rest_route=%2Fwp%2Fv2%2Fcategories&post=6551"},{"taxonomy":"post_tag","embeddable":true,"href":"https:\/\/infoelnuevonorte.com\/index.php?rest_route=%2Fwp%2Fv2%2Ftags&post=6551"}],"curies":[{"name":"wp","href":"https:\/\/api.w.org\/{rel}","templated":true}]}}