{"id":6717,"date":"2023-12-10T17:47:51","date_gmt":"2023-12-10T21:47:51","guid":{"rendered":"https:\/\/infoelnuevonorte.com\/?p=6717"},"modified":"2023-12-10T17:47:53","modified_gmt":"2023-12-10T21:47:53","slug":"incendio-arrasa-con-almacen-del-plan-social-de-la-presidencia-en-jimani","status":"publish","type":"post","link":"https:\/\/infoelnuevonorte.com\/?p=6717","title":{"rendered":"Incendio arrasa con almac\u00e9n del Plan Social de la Presidencia en Jiman\u00ed"},"content":{"rendered":"<p style=\"text-align: justify;\">Un <strong>almac\u00e9n del Plan de Asistencia Social de la Presidencia<\/strong>, ubicado en la calle Gaspar Polanco en el sector Los Espartillos, de la provincia <strong>Independencia<\/strong>, fue destruido por un fuego del que a\u00fan se desconoce el origen.<\/p>\n<p style=\"text-align: justify;\">Seg\u00fan lo registrado por las c\u00e1maras de seguridad de la zona, el <strong>incendio ocurri\u00f3 pasadas las 2:00 de la ma\u00f1ana<\/strong>; este fue sofocado por las unidades de los Cuerpos de Bomberos de Jiman\u00ed, Duverg\u00e9 y Boca de Cach\u00f3n en un per\u00edodo de m\u00e1s de cuatro horas.<\/p>\n<p style=\"text-align: justify;\"><img loading=\"lazy\" decoding=\"async\" class=\"aligncenter wp-image-555598\" src=\"https:\/\/n.com.do\/wp-content\/uploads\/2023\/12\/WhatsApp-Image-2023-12-10-at-1.41.59-PM-2-1-1-1.png\" sizes=\"(max-width: 600px) 100vw, 600px\" srcset=\"https:\/\/n.com.do\/wp-content\/uploads\/2023\/12\/WhatsApp-Image-2023-12-10-at-1.41.59-PM-2-1-1-1.png 1600w, https:\/\/n.com.do\/wp-content\/uploads\/2023\/12\/WhatsApp-Image-2023-12-10-at-1.41.59-PM-2-1-1-1-300x226.png 300w, https:\/\/n.com.do\/wp-content\/uploads\/2023\/12\/WhatsApp-Image-2023-12-10-at-1.41.59-PM-2-1-1-1-1024x771.png 1024w, https:\/\/n.com.do\/wp-content\/uploads\/2023\/12\/WhatsApp-Image-2023-12-10-at-1.41.59-PM-2-1-1-1-768x578.png 768w, https:\/\/n.com.do\/wp-content\/uploads\/2023\/12\/WhatsApp-Image-2023-12-10-at-1.41.59-PM-2-1-1-1-1536x1156.png 1536w, https:\/\/n.com.do\/wp-content\/uploads\/2023\/12\/WhatsApp-Image-2023-12-10-at-1.41.59-PM-2-1-1-1-360x271.png 360w\" alt=\"\" width=\"600\" height=\"451\" \/><\/p>\n<p style=\"text-align: justify;\">Hasta el momento <strong>se desconoce la cantidad de las p\u00e9rdidas materiales causadas por el siniestro<\/strong>, sin embargo, se inform\u00f3 que hab\u00eda numerosas raciones de alimentos, las cuales ser\u00edan distribuidas a familias de escasos recursos que residen en las comunidades de la provincia Independencia.<\/p>\n<p style=\"text-align: justify;\">Las llamas tambi\u00e9n afectaron decenas de objetos como estufas, camas, lavadoras y abanicos que iban a ser entregados a familias de la zona de la frontera.<\/p>\n<p style=\"text-align: justify;\">El almac\u00e9n, <strong>cuya propietaria es la comerciante Mariluz P\u00e9rez Flori\u00e1n<\/strong>, qued\u00f3 muy da\u00f1ado debido a la intensidad de las llamas que se prolongaron durante un largo tiempo por el acceso complejo que los bomberos tuvieron para controlarlo.<\/p>\n<p style=\"text-align: justify;\">Las autoridades y la due\u00f1a del almac\u00e9n <strong>sospechan que hubo manos criminales involucradas<\/strong>, por las dimensiones del incendio, por esta raz\u00f3n la Direcci\u00f3n Central de Investigaciones Criminales (Dicrim) est\u00e1 investigando en la localidad de Jiman\u00ed.<\/p>\n<div class=\"code-block code-block-2 code-block-block-2 ai-track\" style=\"text-align: justify;\" data-ai=\"WzIsMCwiQmxvY2sgMiIsIiJd\"><a href=\"https:\/\/juntos.do\/\"><img loading=\"lazy\" decoding=\"async\" class=\"alignleft wp-image-136069 size-full\" src=\"https:\/\/n.com.do\/wp-content\/uploads\/2023\/10\/728x90.png&quot;\" alt=\"\" width=\"728\" height=\"90\" \/><\/a><\/div>\n","protected":false},"excerpt":{"rendered":"<p>Un almac\u00e9n del Plan de Asistencia Social de la Presidencia, ubicado en la calle Gaspar Polanco en el sector Los Espartillos, de la provincia Independencia, fue destruido por un fuego del que a\u00fan se desconoce el origen. Seg\u00fan lo registrado por las c\u00e1maras de seguridad de la zona, el incendio ocurri\u00f3 pasadas las 2:00 de [&hellip;]<\/p>\n","protected":false},"author":1,"featured_media":0,"comment_status":"closed","ping_status":"open","sticky":false,"template":"","format":"standard","meta":{"footnotes":""},"categories":[2,8],"tags":[],"yoast_head":"<!-- This site is optimized with the Yoast SEO plugin v24.5 - https:\/\/yoast.com\/wordpress\/plugins\/seo\/ -->\n<title>Incendio arrasa con almac\u00e9n del Plan Social de la Presidencia en Jiman\u00ed | El Nuevo Norte<\/title>\n<meta name=\"robots\" content=\"index, follow, max-snippet:-1, max-image-preview:large, max-video-preview:-1\" \/>\n<link rel=\"canonical\" href=\"https:\/\/infoelnuevonorte.com\/?p=6717\" \/>\n<meta property=\"og:locale\" content=\"es_ES\" \/>\n<meta property=\"og:type\" content=\"article\" \/>\n<meta property=\"og:title\" content=\"Incendio arrasa con almac\u00e9n del Plan Social de la Presidencia en Jiman\u00ed | El Nuevo Norte\" \/>\n<meta property=\"og:description\" content=\"Un almac\u00e9n del Plan de Asistencia Social de la Presidencia, ubicado en la calle Gaspar Polanco en el sector Los Espartillos, de la provincia Independencia, fue destruido por un fuego del que a\u00fan se desconoce el origen. Seg\u00fan lo registrado por las c\u00e1maras de seguridad de la zona, el incendio ocurri\u00f3 pasadas las 2:00 de [&hellip;]\" \/>\n<meta property=\"og:url\" content=\"https:\/\/infoelnuevonorte.com\/?p=6717\" \/>\n<meta property=\"og:site_name\" content=\"El Nuevo Norte\" \/>\n<meta property=\"article:publisher\" content=\"https:\/\/www.facebook.com\/infoenn\" \/>\n<meta property=\"article:published_time\" content=\"2023-12-10T21:47:51+00:00\" \/>\n<meta property=\"article:modified_time\" content=\"2023-12-10T21:47:53+00:00\" \/>\n<meta property=\"og:image\" content=\"https:\/\/infoelnuevonorte.com\/wp-content\/uploads\/2023\/12\/image.png\" \/>\n\t<meta property=\"og:image:width\" content=\"1140\" \/>\n\t<meta property=\"og:image:height\" content=\"694\" \/>\n\t<meta property=\"og:image:type\" content=\"image\/png\" \/>\n<meta name=\"author\" content=\"InfoEnn\" \/>\n<meta name=\"twitter:card\" content=\"summary_large_image\" \/>\n<meta name=\"twitter:creator\" content=\"@Elnuevo_norte\" \/>\n<meta name=\"twitter:site\" content=\"@Elnuevo_norte\" \/>\n<meta name=\"twitter:label1\" content=\"Written by\" \/>\n\t<meta name=\"twitter:data1\" content=\"InfoEnn\" \/>\n\t<meta name=\"twitter:label2\" content=\"Est. reading time\" \/>\n\t<meta name=\"twitter:data2\" content=\"2 minutos\" \/>\n<script type=\"application\/ld+json\" class=\"yoast-schema-graph\">{\"@context\":\"https:\/\/schema.org\",\"@graph\":[{\"@type\":\"Article\",\"@id\":\"https:\/\/infoelnuevonorte.com\/?p=6717#article\",\"isPartOf\":{\"@id\":\"https:\/\/infoelnuevonorte.com\/?p=6717\"},\"author\":{\"name\":\"InfoEnn\",\"@id\":\"https:\/\/infoelnuevonorte.com\/#\/schema\/person\/fd4f6d90afe41260818b4ea94ad8ab84\"},\"headline\":\"Incendio arrasa con almac\u00e9n del Plan Social de la Presidencia en Jiman\u00ed\",\"datePublished\":\"2023-12-10T21:47:51+00:00\",\"dateModified\":\"2023-12-10T21:47:53+00:00\",\"mainEntityOfPage\":{\"@id\":\"https:\/\/infoelnuevonorte.com\/?p=6717\"},\"wordCount\":256,\"publisher\":{\"@id\":\"https:\/\/infoelnuevonorte.com\/#organization\"},\"image\":{\"@id\":\"https:\/\/infoelnuevonorte.com\/?p=6717#primaryimage\"},\"thumbnailUrl\":\"https:\/\/n.com.do\/wp-content\/uploads\/2023\/12\/WhatsApp-Image-2023-12-10-at-1.41.59-PM-2-1-1-1.png\",\"articleSection\":[\"Actualidad |\",\"Nacionales\"],\"inLanguage\":\"es-DO\"},{\"@type\":\"WebPage\",\"@id\":\"https:\/\/infoelnuevonorte.com\/?p=6717\",\"url\":\"https:\/\/infoelnuevonorte.com\/?p=6717\",\"name\":\"Incendio arrasa con almac\u00e9n del Plan Social de la Presidencia en Jiman\u00ed | El Nuevo Norte\",\"isPartOf\":{\"@id\":\"https:\/\/infoelnuevonorte.com\/#website\"},\"primaryImageOfPage\":{\"@id\":\"https:\/\/infoelnuevonorte.com\/?p=6717#primaryimage\"},\"image\":{\"@id\":\"https:\/\/infoelnuevonorte.com\/?p=6717#primaryimage\"},\"thumbnailUrl\":\"https:\/\/n.com.do\/wp-content\/uploads\/2023\/12\/WhatsApp-Image-2023-12-10-at-1.41.59-PM-2-1-1-1.png\",\"datePublished\":\"2023-12-10T21:47:51+00:00\",\"dateModified\":\"2023-12-10T21:47:53+00:00\",\"breadcrumb\":{\"@id\":\"https:\/\/infoelnuevonorte.com\/?p=6717#breadcrumb\"},\"inLanguage\":\"es-DO\",\"potentialAction\":[{\"@type\":\"ReadAction\",\"target\":[\"https:\/\/infoelnuevonorte.com\/?p=6717\"]}]},{\"@type\":\"ImageObject\",\"inLanguage\":\"es-DO\",\"@id\":\"https:\/\/infoelnuevonorte.com\/?p=6717#primaryimage\",\"url\":\"https:\/\/n.com.do\/wp-content\/uploads\/2023\/12\/WhatsApp-Image-2023-12-10-at-1.41.59-PM-2-1-1-1.png\",\"contentUrl\":\"https:\/\/n.com.do\/wp-content\/uploads\/2023\/12\/WhatsApp-Image-2023-12-10-at-1.41.59-PM-2-1-1-1.png\"},{\"@type\":\"BreadcrumbList\",\"@id\":\"https:\/\/infoelnuevonorte.com\/?p=6717#breadcrumb\",\"itemListElement\":[{\"@type\":\"ListItem\",\"position\":1,\"name\":\"Home\",\"item\":\"https:\/\/infoelnuevonorte.com\/\"},{\"@type\":\"ListItem\",\"position\":2,\"name\":\"Incendio arrasa con almac\u00e9n del Plan Social de la Presidencia en Jiman\u00ed\"}]},{\"@type\":\"WebSite\",\"@id\":\"https:\/\/infoelnuevonorte.com\/#website\",\"url\":\"https:\/\/infoelnuevonorte.com\/\",\"name\":\"InfoEnn\",\"description\":\"Tu Voz, tu Verdad, tu Diario!!!\",\"publisher\":{\"@id\":\"https:\/\/infoelnuevonorte.com\/#organization\"},\"alternateName\":\"El Nuevo Norte\",\"potentialAction\":[{\"@type\":\"SearchAction\",\"target\":{\"@type\":\"EntryPoint\",\"urlTemplate\":\"https:\/\/infoelnuevonorte.com\/?s={search_term_string}\"},\"query-input\":{\"@type\":\"PropertyValueSpecification\",\"valueRequired\":true,\"valueName\":\"search_term_string\"}}],\"inLanguage\":\"es-DO\"},{\"@type\":\"Organization\",\"@id\":\"https:\/\/infoelnuevonorte.com\/#organization\",\"name\":\"Info El Nuevo Norte\",\"alternateName\":\"El Nuevo Norte\",\"url\":\"https:\/\/infoelnuevonorte.com\/\",\"logo\":{\"@type\":\"ImageObject\",\"inLanguage\":\"es-DO\",\"@id\":\"https:\/\/infoelnuevonorte.com\/#\/schema\/logo\/image\/\",\"url\":\"https:\/\/infoelnuevonorte.com\/wp-content\/uploads\/2026\/02\/Logo-Info-enn-3d-20ani.jpeg\",\"contentUrl\":\"https:\/\/infoelnuevonorte.com\/wp-content\/uploads\/2026\/02\/Logo-Info-enn-3d-20ani.jpeg\",\"width\":2046,\"height\":736,\"caption\":\"Info El Nuevo Norte\"},\"image\":{\"@id\":\"https:\/\/infoelnuevonorte.com\/#\/schema\/logo\/image\/\"},\"sameAs\":[\"https:\/\/www.facebook.com\/infoenn\",\"https:\/\/x.com\/Elnuevo_norte\",\"https:\/\/www.instagram.com\/infoenn\",\"https:\/\/www.facebook.com\/ENNRD\"]},{\"@type\":\"Person\",\"@id\":\"https:\/\/infoelnuevonorte.com\/#\/schema\/person\/fd4f6d90afe41260818b4ea94ad8ab84\",\"name\":\"InfoEnn\",\"image\":{\"@type\":\"ImageObject\",\"inLanguage\":\"es-DO\",\"@id\":\"https:\/\/infoelnuevonorte.com\/#\/schema\/person\/image\/\",\"url\":\"https:\/\/secure.gravatar.com\/avatar\/d4d760a41a48ba9db0a82bfb63bb0783?s=96&d=robohash&r=g\",\"contentUrl\":\"https:\/\/secure.gravatar.com\/avatar\/d4d760a41a48ba9db0a82bfb63bb0783?s=96&d=robohash&r=g\",\"caption\":\"InfoEnn\"},\"sameAs\":[\"https:\/\/infoelnuevonorte.com\"],\"url\":\"https:\/\/infoelnuevonorte.com\/?author=1\"}]}<\/script>\n<!-- \/ Yoast SEO plugin. -->","yoast_head_json":{"title":"Incendio arrasa con almac\u00e9n del Plan Social de la Presidencia en Jiman\u00ed | El Nuevo Norte","robots":{"index":"index","follow":"follow","max-snippet":"max-snippet:-1","max-image-preview":"max-image-preview:large","max-video-preview":"max-video-preview:-1"},"canonical":"https:\/\/infoelnuevonorte.com\/?p=6717","og_locale":"es_ES","og_type":"article","og_title":"Incendio arrasa con almac\u00e9n del Plan Social de la Presidencia en Jiman\u00ed | El Nuevo Norte","og_description":"Un almac\u00e9n del Plan de Asistencia Social de la Presidencia, ubicado en la calle Gaspar Polanco en el sector Los Espartillos, de la provincia Independencia, fue destruido por un fuego del que a\u00fan se desconoce el origen. Seg\u00fan lo registrado por las c\u00e1maras de seguridad de la zona, el incendio ocurri\u00f3 pasadas las 2:00 de [&hellip;]","og_url":"https:\/\/infoelnuevonorte.com\/?p=6717","og_site_name":"El Nuevo Norte","article_publisher":"https:\/\/www.facebook.com\/infoenn","article_published_time":"2023-12-10T21:47:51+00:00","article_modified_time":"2023-12-10T21:47:53+00:00","og_image":[{"width":1140,"height":694,"url":"https:\/\/infoelnuevonorte.com\/wp-content\/uploads\/2023\/12\/image.png","type":"image\/png"}],"author":"InfoEnn","twitter_card":"summary_large_image","twitter_creator":"@Elnuevo_norte","twitter_site":"@Elnuevo_norte","twitter_misc":{"Written by":"InfoEnn","Est. reading time":"2 minutos"},"schema":{"@context":"https:\/\/schema.org","@graph":[{"@type":"Article","@id":"https:\/\/infoelnuevonorte.com\/?p=6717#article","isPartOf":{"@id":"https:\/\/infoelnuevonorte.com\/?p=6717"},"author":{"name":"InfoEnn","@id":"https:\/\/infoelnuevonorte.com\/#\/schema\/person\/fd4f6d90afe41260818b4ea94ad8ab84"},"headline":"Incendio arrasa con almac\u00e9n del Plan Social de la Presidencia en Jiman\u00ed","datePublished":"2023-12-10T21:47:51+00:00","dateModified":"2023-12-10T21:47:53+00:00","mainEntityOfPage":{"@id":"https:\/\/infoelnuevonorte.com\/?p=6717"},"wordCount":256,"publisher":{"@id":"https:\/\/infoelnuevonorte.com\/#organization"},"image":{"@id":"https:\/\/infoelnuevonorte.com\/?p=6717#primaryimage"},"thumbnailUrl":"https:\/\/n.com.do\/wp-content\/uploads\/2023\/12\/WhatsApp-Image-2023-12-10-at-1.41.59-PM-2-1-1-1.png","articleSection":["Actualidad |","Nacionales"],"inLanguage":"es-DO"},{"@type":"WebPage","@id":"https:\/\/infoelnuevonorte.com\/?p=6717","url":"https:\/\/infoelnuevonorte.com\/?p=6717","name":"Incendio arrasa con almac\u00e9n del Plan Social de la Presidencia en Jiman\u00ed | El Nuevo Norte","isPartOf":{"@id":"https:\/\/infoelnuevonorte.com\/#website"},"primaryImageOfPage":{"@id":"https:\/\/infoelnuevonorte.com\/?p=6717#primaryimage"},"image":{"@id":"https:\/\/infoelnuevonorte.com\/?p=6717#primaryimage"},"thumbnailUrl":"https:\/\/n.com.do\/wp-content\/uploads\/2023\/12\/WhatsApp-Image-2023-12-10-at-1.41.59-PM-2-1-1-1.png","datePublished":"2023-12-10T21:47:51+00:00","dateModified":"2023-12-10T21:47:53+00:00","breadcrumb":{"@id":"https:\/\/infoelnuevonorte.com\/?p=6717#breadcrumb"},"inLanguage":"es-DO","potentialAction":[{"@type":"ReadAction","target":["https:\/\/infoelnuevonorte.com\/?p=6717"]}]},{"@type":"ImageObject","inLanguage":"es-DO","@id":"https:\/\/infoelnuevonorte.com\/?p=6717#primaryimage","url":"https:\/\/n.com.do\/wp-content\/uploads\/2023\/12\/WhatsApp-Image-2023-12-10-at-1.41.59-PM-2-1-1-1.png","contentUrl":"https:\/\/n.com.do\/wp-content\/uploads\/2023\/12\/WhatsApp-Image-2023-12-10-at-1.41.59-PM-2-1-1-1.png"},{"@type":"BreadcrumbList","@id":"https:\/\/infoelnuevonorte.com\/?p=6717#breadcrumb","itemListElement":[{"@type":"ListItem","position":1,"name":"Home","item":"https:\/\/infoelnuevonorte.com\/"},{"@type":"ListItem","position":2,"name":"Incendio arrasa con almac\u00e9n del Plan Social de la Presidencia en Jiman\u00ed"}]},{"@type":"WebSite","@id":"https:\/\/infoelnuevonorte.com\/#website","url":"https:\/\/infoelnuevonorte.com\/","name":"InfoEnn","description":"Tu Voz, tu Verdad, tu Diario!!!","publisher":{"@id":"https:\/\/infoelnuevonorte.com\/#organization"},"alternateName":"El Nuevo Norte","potentialAction":[{"@type":"SearchAction","target":{"@type":"EntryPoint","urlTemplate":"https:\/\/infoelnuevonorte.com\/?s={search_term_string}"},"query-input":{"@type":"PropertyValueSpecification","valueRequired":true,"valueName":"search_term_string"}}],"inLanguage":"es-DO"},{"@type":"Organization","@id":"https:\/\/infoelnuevonorte.com\/#organization","name":"Info El Nuevo Norte","alternateName":"El Nuevo Norte","url":"https:\/\/infoelnuevonorte.com\/","logo":{"@type":"ImageObject","inLanguage":"es-DO","@id":"https:\/\/infoelnuevonorte.com\/#\/schema\/logo\/image\/","url":"https:\/\/infoelnuevonorte.com\/wp-content\/uploads\/2026\/02\/Logo-Info-enn-3d-20ani.jpeg","contentUrl":"https:\/\/infoelnuevonorte.com\/wp-content\/uploads\/2026\/02\/Logo-Info-enn-3d-20ani.jpeg","width":2046,"height":736,"caption":"Info El Nuevo Norte"},"image":{"@id":"https:\/\/infoelnuevonorte.com\/#\/schema\/logo\/image\/"},"sameAs":["https:\/\/www.facebook.com\/infoenn","https:\/\/x.com\/Elnuevo_norte","https:\/\/www.instagram.com\/infoenn","https:\/\/www.facebook.com\/ENNRD"]},{"@type":"Person","@id":"https:\/\/infoelnuevonorte.com\/#\/schema\/person\/fd4f6d90afe41260818b4ea94ad8ab84","name":"InfoEnn","image":{"@type":"ImageObject","inLanguage":"es-DO","@id":"https:\/\/infoelnuevonorte.com\/#\/schema\/person\/image\/","url":"https:\/\/secure.gravatar.com\/avatar\/d4d760a41a48ba9db0a82bfb63bb0783?s=96&d=robohash&r=g","contentUrl":"https:\/\/secure.gravatar.com\/avatar\/d4d760a41a48ba9db0a82bfb63bb0783?s=96&d=robohash&r=g","caption":"InfoEnn"},"sameAs":["https:\/\/infoelnuevonorte.com"],"url":"https:\/\/infoelnuevonorte.com\/?author=1"}]}},"_links":{"self":[{"href":"https:\/\/infoelnuevonorte.com\/index.php?rest_route=\/wp\/v2\/posts\/6717"}],"collection":[{"href":"https:\/\/infoelnuevonorte.com\/index.php?rest_route=\/wp\/v2\/posts"}],"about":[{"href":"https:\/\/infoelnuevonorte.com\/index.php?rest_route=\/wp\/v2\/types\/post"}],"author":[{"embeddable":true,"href":"https:\/\/infoelnuevonorte.com\/index.php?rest_route=\/wp\/v2\/users\/1"}],"replies":[{"embeddable":true,"href":"https:\/\/infoelnuevonorte.com\/index.php?rest_route=%2Fwp%2Fv2%2Fcomments&post=6717"}],"version-history":[{"count":0,"href":"https:\/\/infoelnuevonorte.com\/index.php?rest_route=\/wp\/v2\/posts\/6717\/revisions"}],"wp:attachment":[{"href":"https:\/\/infoelnuevonorte.com\/index.php?rest_route=%2Fwp%2Fv2%2Fmedia&parent=6717"}],"wp:term":[{"taxonomy":"category","embeddable":true,"href":"https:\/\/infoelnuevonorte.com\/index.php?rest_route=%2Fwp%2Fv2%2Fcategories&post=6717"},{"taxonomy":"post_tag","embeddable":true,"href":"https:\/\/infoelnuevonorte.com\/index.php?rest_route=%2Fwp%2Fv2%2Ftags&post=6717"}],"curies":[{"name":"wp","href":"https:\/\/api.w.org\/{rel}","templated":true}]}}