{"id":67533,"date":"2024-12-05T14:12:25","date_gmt":"2024-12-05T18:12:25","guid":{"rendered":"https:\/\/infoelnuevonorte.com\/?p=67533"},"modified":"2024-12-05T14:12:27","modified_gmt":"2024-12-05T18:12:27","slug":"oficial-del-ejercito-hombre-que-mostro-su-arma-a-un-conductor-en-un-incidente-en-la-avenida-27-de-febrero","status":"publish","type":"post","link":"https:\/\/infoelnuevonorte.com\/?p=67533","title":{"rendered":"Oficial del Ej\u00e9rcito, hombre que mostr\u00f3 su arma a un conductor en un incidente en la Avenida 27 de Febrero"},"content":{"rendered":"<!--[if lt IE 9]><script>document.createElement('audio');<\/script><![endif]-->\n<audio class=\"wp-audio-shortcode\" id=\"audio-67533-1\" preload=\"none\" style=\"width: 100%;\" controls=\"controls\"><source type=\"audio\/mpeg\" src=\"https:\/\/infoelnuevonorte.com\/wp-content\/uploads\/2024\/12\/ttsmaker-vip-file-2024-12-5-14-11-23.mp3?_=1\" \/><a href=\"https:\/\/infoelnuevonorte.com\/wp-content\/uploads\/2024\/12\/ttsmaker-vip-file-2024-12-5-14-11-23.mp3\">https:\/\/infoelnuevonorte.com\/wp-content\/uploads\/2024\/12\/ttsmaker-vip-file-2024-12-5-14-11-23.mp3<\/a><\/audio>\n<p style=\"text-align: justify;\"><strong>Santo Domingo, R.D<\/strong>.-El oficial es el coronel del <strong>Ej\u00e9rcito Nacional, Antonio Cintr\u00f3n Terrero,<\/strong> el hombre que sac\u00f3 un arma, en forma de intimidaci\u00f3n, a un conductor durante un incidente en la <strong>Avenida 27 de Febrero, del Distrito Nacional.<\/strong><\/p>\n<p style=\"text-align: justify;\">Un video que llego a la redacci\u00f3n<strong> muestra a Cintr\u00f3n Terrero <\/strong>que tras un supuesto roce de veh\u00edculos le mostr\u00f3 su arma de fuego en se\u00f1al de intimidaci\u00f3n a otro conductor. El v\u00eddeo fue grabado por el agraviado.<\/p>\n<p style=\"text-align: justify;\">Seg\u00fan el usuario que hizo la denuncia, el incidente ocurri\u00f3 este mi\u00e9rcoles antes de entrar al t\u00fanel de la Avenida 27 en direcci\u00f3n oeste-este. Y se escucha cuando el conductor dice que se trata de un militar.<\/p>\n<p style=\"text-align: justify;\">Informaciones llegadas indica que <strong>Cintr\u00f3n Terrero<\/strong> habr\u00eda ejecutado la acci\u00f3n luego de que el otro conductor supuestamente lo chocara por detr\u00e1s en dos ocasiones.\u00a0 Pero, en vez de acudir a los organismos correspondientes, el oficial opt\u00f3 por sacar su arma.<\/p>\n<p>Asimismo, nos enteramos de que<strong> Cintr\u00f3n Terrero<\/strong> es el coordinador de la <strong>maestr\u00eda de Seguridad y Defensa q<\/strong>ue imparte la <strong>Universidad Nacional para la Defensa General Juan Pablo Duarte del Ministerio de Defensa.<\/strong><\/p>\n<p style=\"text-align: justify;\">Seg\u00fan la cuenta de LinkedIn, Cintr\u00f3n Terrero tiene experiencia en el \u00e1rea de relaciones p\u00fablicas y administraci\u00f3n de personal, tanto en el \u00e1rea militar como oficial y en la empresarial. Adem\u00e1s, es \u00a0asesor y consultor de seguridad experto en seguridad de VIP y tiene especialidad en administraci\u00f3n p\u00fablica.<\/p>\n","protected":false},"excerpt":{"rendered":"<p>Santo Domingo, R.D.-El oficial es el coronel del Ej\u00e9rcito Nacional, Antonio Cintr\u00f3n Terrero, el hombre que sac\u00f3 un arma, en forma de intimidaci\u00f3n, a un conductor durante un incidente en la Avenida 27 de Febrero, del Distrito Nacional. Un video que llego a la redacci\u00f3n muestra a Cintr\u00f3n Terrero que tras un supuesto roce de [&hellip;]<\/p>\n","protected":false},"author":1,"featured_media":0,"comment_status":"closed","ping_status":"open","sticky":false,"template":"","format":"standard","meta":{"footnotes":""},"categories":[8],"tags":[],"yoast_head":"<!-- This site is optimized with the Yoast SEO plugin v24.5 - https:\/\/yoast.com\/wordpress\/plugins\/seo\/ -->\n<title>Oficial del Ej\u00e9rcito, hombre que mostr\u00f3 su arma a un conductor en un incidente en la Avenida 27 de Febrero | El Nuevo Norte<\/title>\n<meta name=\"robots\" content=\"index, follow, max-snippet:-1, max-image-preview:large, max-video-preview:-1\" \/>\n<link rel=\"canonical\" href=\"https:\/\/infoelnuevonorte.com\/?p=67533\" \/>\n<meta property=\"og:locale\" content=\"es_ES\" \/>\n<meta property=\"og:type\" content=\"article\" \/>\n<meta property=\"og:title\" content=\"Oficial del Ej\u00e9rcito, hombre que mostr\u00f3 su arma a un conductor en un incidente en la Avenida 27 de Febrero | El Nuevo Norte\" \/>\n<meta property=\"og:description\" content=\"Santo Domingo, R.D.-El oficial es el coronel del Ej\u00e9rcito Nacional, Antonio Cintr\u00f3n Terrero, el hombre que sac\u00f3 un arma, en forma de intimidaci\u00f3n, a un conductor durante un incidente en la Avenida 27 de Febrero, del Distrito Nacional. Un video que llego a la redacci\u00f3n muestra a Cintr\u00f3n Terrero que tras un supuesto roce de [&hellip;]\" \/>\n<meta property=\"og:url\" content=\"https:\/\/infoelnuevonorte.com\/?p=67533\" \/>\n<meta property=\"og:site_name\" content=\"El Nuevo Norte\" \/>\n<meta property=\"article:publisher\" content=\"https:\/\/www.facebook.com\/infoenn\" \/>\n<meta property=\"article:published_time\" content=\"2024-12-05T18:12:25+00:00\" \/>\n<meta property=\"article:modified_time\" content=\"2024-12-05T18:12:27+00:00\" \/>\n<meta property=\"og:image\" content=\"https:\/\/infoelnuevonorte.com\/wp-content\/uploads\/2024\/12\/agresivo.webp\" \/>\n\t<meta property=\"og:image:width\" content=\"1366\" \/>\n\t<meta property=\"og:image:height\" content=\"768\" \/>\n\t<meta property=\"og:image:type\" content=\"image\/webp\" \/>\n<meta name=\"author\" content=\"InfoEnn\" \/>\n<meta name=\"twitter:card\" content=\"summary_large_image\" \/>\n<meta name=\"twitter:creator\" content=\"@Elnuevo_norte\" \/>\n<meta name=\"twitter:site\" content=\"@Elnuevo_norte\" \/>\n<meta name=\"twitter:label1\" content=\"Written by\" \/>\n\t<meta name=\"twitter:data1\" content=\"InfoEnn\" \/>\n\t<meta name=\"twitter:label2\" content=\"Est. reading time\" \/>\n\t<meta name=\"twitter:data2\" content=\"2 minutos\" \/>\n<script type=\"application\/ld+json\" class=\"yoast-schema-graph\">{\"@context\":\"https:\/\/schema.org\",\"@graph\":[{\"@type\":\"Article\",\"@id\":\"https:\/\/infoelnuevonorte.com\/?p=67533#article\",\"isPartOf\":{\"@id\":\"https:\/\/infoelnuevonorte.com\/?p=67533\"},\"author\":{\"name\":\"InfoEnn\",\"@id\":\"https:\/\/infoelnuevonorte.com\/#\/schema\/person\/fd4f6d90afe41260818b4ea94ad8ab84\"},\"headline\":\"Oficial del Ej\u00e9rcito, hombre que mostr\u00f3 su arma a un conductor en un incidente en la Avenida 27 de Febrero\",\"datePublished\":\"2024-12-05T18:12:25+00:00\",\"dateModified\":\"2024-12-05T18:12:27+00:00\",\"mainEntityOfPage\":{\"@id\":\"https:\/\/infoelnuevonorte.com\/?p=67533\"},\"wordCount\":295,\"publisher\":{\"@id\":\"https:\/\/infoelnuevonorte.com\/#organization\"},\"articleSection\":[\"Nacionales\"],\"inLanguage\":\"es-DO\"},{\"@type\":\"WebPage\",\"@id\":\"https:\/\/infoelnuevonorte.com\/?p=67533\",\"url\":\"https:\/\/infoelnuevonorte.com\/?p=67533\",\"name\":\"Oficial del Ej\u00e9rcito, hombre que mostr\u00f3 su arma a un conductor en un incidente en la Avenida 27 de Febrero | El Nuevo Norte\",\"isPartOf\":{\"@id\":\"https:\/\/infoelnuevonorte.com\/#website\"},\"datePublished\":\"2024-12-05T18:12:25+00:00\",\"dateModified\":\"2024-12-05T18:12:27+00:00\",\"breadcrumb\":{\"@id\":\"https:\/\/infoelnuevonorte.com\/?p=67533#breadcrumb\"},\"inLanguage\":\"es-DO\",\"potentialAction\":[{\"@type\":\"ReadAction\",\"target\":[\"https:\/\/infoelnuevonorte.com\/?p=67533\"]}]},{\"@type\":\"BreadcrumbList\",\"@id\":\"https:\/\/infoelnuevonorte.com\/?p=67533#breadcrumb\",\"itemListElement\":[{\"@type\":\"ListItem\",\"position\":1,\"name\":\"Home\",\"item\":\"https:\/\/infoelnuevonorte.com\/\"},{\"@type\":\"ListItem\",\"position\":2,\"name\":\"Oficial del Ej\u00e9rcito, hombre que mostr\u00f3 su arma a un conductor en un incidente en la Avenida 27 de Febrero\"}]},{\"@type\":\"WebSite\",\"@id\":\"https:\/\/infoelnuevonorte.com\/#website\",\"url\":\"https:\/\/infoelnuevonorte.com\/\",\"name\":\"InfoEnn\",\"description\":\"Tu Voz, tu Verdad, tu Diario!!!\",\"publisher\":{\"@id\":\"https:\/\/infoelnuevonorte.com\/#organization\"},\"alternateName\":\"El Nuevo Norte\",\"potentialAction\":[{\"@type\":\"SearchAction\",\"target\":{\"@type\":\"EntryPoint\",\"urlTemplate\":\"https:\/\/infoelnuevonorte.com\/?s={search_term_string}\"},\"query-input\":{\"@type\":\"PropertyValueSpecification\",\"valueRequired\":true,\"valueName\":\"search_term_string\"}}],\"inLanguage\":\"es-DO\"},{\"@type\":\"Organization\",\"@id\":\"https:\/\/infoelnuevonorte.com\/#organization\",\"name\":\"Info El Nuevo Norte\",\"alternateName\":\"El Nuevo Norte\",\"url\":\"https:\/\/infoelnuevonorte.com\/\",\"logo\":{\"@type\":\"ImageObject\",\"inLanguage\":\"es-DO\",\"@id\":\"https:\/\/infoelnuevonorte.com\/#\/schema\/logo\/image\/\",\"url\":\"https:\/\/infoelnuevonorte.com\/wp-content\/uploads\/2026\/02\/Logo-Info-enn-3d-20ani.jpeg\",\"contentUrl\":\"https:\/\/infoelnuevonorte.com\/wp-content\/uploads\/2026\/02\/Logo-Info-enn-3d-20ani.jpeg\",\"width\":2046,\"height\":736,\"caption\":\"Info El Nuevo Norte\"},\"image\":{\"@id\":\"https:\/\/infoelnuevonorte.com\/#\/schema\/logo\/image\/\"},\"sameAs\":[\"https:\/\/www.facebook.com\/infoenn\",\"https:\/\/x.com\/Elnuevo_norte\",\"https:\/\/www.instagram.com\/infoenn\",\"https:\/\/www.facebook.com\/ENNRD\"]},{\"@type\":\"Person\",\"@id\":\"https:\/\/infoelnuevonorte.com\/#\/schema\/person\/fd4f6d90afe41260818b4ea94ad8ab84\",\"name\":\"InfoEnn\",\"image\":{\"@type\":\"ImageObject\",\"inLanguage\":\"es-DO\",\"@id\":\"https:\/\/infoelnuevonorte.com\/#\/schema\/person\/image\/\",\"url\":\"https:\/\/secure.gravatar.com\/avatar\/d4d760a41a48ba9db0a82bfb63bb0783?s=96&d=robohash&r=g\",\"contentUrl\":\"https:\/\/secure.gravatar.com\/avatar\/d4d760a41a48ba9db0a82bfb63bb0783?s=96&d=robohash&r=g\",\"caption\":\"InfoEnn\"},\"sameAs\":[\"https:\/\/infoelnuevonorte.com\"],\"url\":\"https:\/\/infoelnuevonorte.com\/?author=1\"}]}<\/script>\n<!-- \/ Yoast SEO plugin. -->","yoast_head_json":{"title":"Oficial del Ej\u00e9rcito, hombre que mostr\u00f3 su arma a un conductor en un incidente en la Avenida 27 de Febrero | El Nuevo Norte","robots":{"index":"index","follow":"follow","max-snippet":"max-snippet:-1","max-image-preview":"max-image-preview:large","max-video-preview":"max-video-preview:-1"},"canonical":"https:\/\/infoelnuevonorte.com\/?p=67533","og_locale":"es_ES","og_type":"article","og_title":"Oficial del Ej\u00e9rcito, hombre que mostr\u00f3 su arma a un conductor en un incidente en la Avenida 27 de Febrero | El Nuevo Norte","og_description":"Santo Domingo, R.D.-El oficial es el coronel del Ej\u00e9rcito Nacional, Antonio Cintr\u00f3n Terrero, el hombre que sac\u00f3 un arma, en forma de intimidaci\u00f3n, a un conductor durante un incidente en la Avenida 27 de Febrero, del Distrito Nacional. Un video que llego a la redacci\u00f3n muestra a Cintr\u00f3n Terrero que tras un supuesto roce de [&hellip;]","og_url":"https:\/\/infoelnuevonorte.com\/?p=67533","og_site_name":"El Nuevo Norte","article_publisher":"https:\/\/www.facebook.com\/infoenn","article_published_time":"2024-12-05T18:12:25+00:00","article_modified_time":"2024-12-05T18:12:27+00:00","og_image":[{"width":1366,"height":768,"url":"https:\/\/infoelnuevonorte.com\/wp-content\/uploads\/2024\/12\/agresivo.webp","type":"image\/webp"}],"author":"InfoEnn","twitter_card":"summary_large_image","twitter_creator":"@Elnuevo_norte","twitter_site":"@Elnuevo_norte","twitter_misc":{"Written by":"InfoEnn","Est. reading time":"2 minutos"},"schema":{"@context":"https:\/\/schema.org","@graph":[{"@type":"Article","@id":"https:\/\/infoelnuevonorte.com\/?p=67533#article","isPartOf":{"@id":"https:\/\/infoelnuevonorte.com\/?p=67533"},"author":{"name":"InfoEnn","@id":"https:\/\/infoelnuevonorte.com\/#\/schema\/person\/fd4f6d90afe41260818b4ea94ad8ab84"},"headline":"Oficial del Ej\u00e9rcito, hombre que mostr\u00f3 su arma a un conductor en un incidente en la Avenida 27 de Febrero","datePublished":"2024-12-05T18:12:25+00:00","dateModified":"2024-12-05T18:12:27+00:00","mainEntityOfPage":{"@id":"https:\/\/infoelnuevonorte.com\/?p=67533"},"wordCount":295,"publisher":{"@id":"https:\/\/infoelnuevonorte.com\/#organization"},"articleSection":["Nacionales"],"inLanguage":"es-DO"},{"@type":"WebPage","@id":"https:\/\/infoelnuevonorte.com\/?p=67533","url":"https:\/\/infoelnuevonorte.com\/?p=67533","name":"Oficial del Ej\u00e9rcito, hombre que mostr\u00f3 su arma a un conductor en un incidente en la Avenida 27 de Febrero | El Nuevo Norte","isPartOf":{"@id":"https:\/\/infoelnuevonorte.com\/#website"},"datePublished":"2024-12-05T18:12:25+00:00","dateModified":"2024-12-05T18:12:27+00:00","breadcrumb":{"@id":"https:\/\/infoelnuevonorte.com\/?p=67533#breadcrumb"},"inLanguage":"es-DO","potentialAction":[{"@type":"ReadAction","target":["https:\/\/infoelnuevonorte.com\/?p=67533"]}]},{"@type":"BreadcrumbList","@id":"https:\/\/infoelnuevonorte.com\/?p=67533#breadcrumb","itemListElement":[{"@type":"ListItem","position":1,"name":"Home","item":"https:\/\/infoelnuevonorte.com\/"},{"@type":"ListItem","position":2,"name":"Oficial del Ej\u00e9rcito, hombre que mostr\u00f3 su arma a un conductor en un incidente en la Avenida 27 de Febrero"}]},{"@type":"WebSite","@id":"https:\/\/infoelnuevonorte.com\/#website","url":"https:\/\/infoelnuevonorte.com\/","name":"InfoEnn","description":"Tu Voz, tu Verdad, tu Diario!!!","publisher":{"@id":"https:\/\/infoelnuevonorte.com\/#organization"},"alternateName":"El Nuevo Norte","potentialAction":[{"@type":"SearchAction","target":{"@type":"EntryPoint","urlTemplate":"https:\/\/infoelnuevonorte.com\/?s={search_term_string}"},"query-input":{"@type":"PropertyValueSpecification","valueRequired":true,"valueName":"search_term_string"}}],"inLanguage":"es-DO"},{"@type":"Organization","@id":"https:\/\/infoelnuevonorte.com\/#organization","name":"Info El Nuevo Norte","alternateName":"El Nuevo Norte","url":"https:\/\/infoelnuevonorte.com\/","logo":{"@type":"ImageObject","inLanguage":"es-DO","@id":"https:\/\/infoelnuevonorte.com\/#\/schema\/logo\/image\/","url":"https:\/\/infoelnuevonorte.com\/wp-content\/uploads\/2026\/02\/Logo-Info-enn-3d-20ani.jpeg","contentUrl":"https:\/\/infoelnuevonorte.com\/wp-content\/uploads\/2026\/02\/Logo-Info-enn-3d-20ani.jpeg","width":2046,"height":736,"caption":"Info El Nuevo Norte"},"image":{"@id":"https:\/\/infoelnuevonorte.com\/#\/schema\/logo\/image\/"},"sameAs":["https:\/\/www.facebook.com\/infoenn","https:\/\/x.com\/Elnuevo_norte","https:\/\/www.instagram.com\/infoenn","https:\/\/www.facebook.com\/ENNRD"]},{"@type":"Person","@id":"https:\/\/infoelnuevonorte.com\/#\/schema\/person\/fd4f6d90afe41260818b4ea94ad8ab84","name":"InfoEnn","image":{"@type":"ImageObject","inLanguage":"es-DO","@id":"https:\/\/infoelnuevonorte.com\/#\/schema\/person\/image\/","url":"https:\/\/secure.gravatar.com\/avatar\/d4d760a41a48ba9db0a82bfb63bb0783?s=96&d=robohash&r=g","contentUrl":"https:\/\/secure.gravatar.com\/avatar\/d4d760a41a48ba9db0a82bfb63bb0783?s=96&d=robohash&r=g","caption":"InfoEnn"},"sameAs":["https:\/\/infoelnuevonorte.com"],"url":"https:\/\/infoelnuevonorte.com\/?author=1"}]}},"_links":{"self":[{"href":"https:\/\/infoelnuevonorte.com\/index.php?rest_route=\/wp\/v2\/posts\/67533"}],"collection":[{"href":"https:\/\/infoelnuevonorte.com\/index.php?rest_route=\/wp\/v2\/posts"}],"about":[{"href":"https:\/\/infoelnuevonorte.com\/index.php?rest_route=\/wp\/v2\/types\/post"}],"author":[{"embeddable":true,"href":"https:\/\/infoelnuevonorte.com\/index.php?rest_route=\/wp\/v2\/users\/1"}],"replies":[{"embeddable":true,"href":"https:\/\/infoelnuevonorte.com\/index.php?rest_route=%2Fwp%2Fv2%2Fcomments&post=67533"}],"version-history":[{"count":1,"href":"https:\/\/infoelnuevonorte.com\/index.php?rest_route=\/wp\/v2\/posts\/67533\/revisions"}],"predecessor-version":[{"id":67540,"href":"https:\/\/infoelnuevonorte.com\/index.php?rest_route=\/wp\/v2\/posts\/67533\/revisions\/67540"}],"wp:attachment":[{"href":"https:\/\/infoelnuevonorte.com\/index.php?rest_route=%2Fwp%2Fv2%2Fmedia&parent=67533"}],"wp:term":[{"taxonomy":"category","embeddable":true,"href":"https:\/\/infoelnuevonorte.com\/index.php?rest_route=%2Fwp%2Fv2%2Fcategories&post=67533"},{"taxonomy":"post_tag","embeddable":true,"href":"https:\/\/infoelnuevonorte.com\/index.php?rest_route=%2Fwp%2Fv2%2Ftags&post=67533"}],"curies":[{"name":"wp","href":"https:\/\/api.w.org\/{rel}","templated":true}]}}