{"id":6792,"date":"2023-12-11T11:29:48","date_gmt":"2023-12-11T15:29:48","guid":{"rendered":"https:\/\/infoelnuevonorte.com\/?p=6792"},"modified":"2023-12-11T11:29:50","modified_gmt":"2023-12-11T15:29:50","slug":"piden-liberar-a-los-inocentes-detenidos-en-la-lucha-contra-las-pandillas-en-el-salvador","status":"publish","type":"post","link":"https:\/\/infoelnuevonorte.com\/?p=6792","title":{"rendered":"Piden liberar a los inocentes detenidos en la lucha contra las pandillas en El Salvador"},"content":{"rendered":"<p style=\"text-align: justify;\"><strong>El Salvador.-<\/strong> Miembros del Movimiento de V\u00edctimas del R\u00e9gimen (Movir) pidieron nuevamente la liberaci\u00f3n de los \u00ab<strong>inocentes<\/strong>\u00bb <strong>detenidos<\/strong> en el marco de una medida de seguridad en<strong> El Salvador<\/strong> para combatir a las <strong>pandillas<\/strong>, un llamamiento hecho en el marco del 75 aniversario de la<strong> Declaraci\u00f3n Universal de Derechos Humanos.<\/strong><\/p>\n<p style=\"text-align: justify;\"><strong>Unos 100 familiares de detenidos se organizaron para realizar una marcha que recorri\u00f3 algunas de las principales calles de San Salvador<\/strong>, portaron carteles con nombres y fotograf\u00edas de los detenidos y nuevamente exigieron su libertad.<\/p>\n<p style=\"text-align: justify;\">Samuel Ram\u00edrez, representante de Movir, dijo a que la actividad se realiz\u00f3 en el marco del 75 aniversario de la Declaraci\u00f3n Universal de Derechos Humanos y representa \u00abla \u00faltima de su tipo en este a\u00f1o\u00bb.<\/p>\n<p style=\"text-align: justify;\">Se\u00f1al\u00f3 que \u00aben El Salvador, lamentablemente, no se est\u00e1n cumpliendo (los derechos humanos). Ac\u00e1, se violentan los derechos humanos y la gente se muere en las c\u00e1rceles, las capturan y los procesos judiciales no avanzan y al presidente no le importa\u00bb.<\/p>\n<p style=\"text-align: justify;\">Ram\u00edrez apunt\u00f3 que en las c\u00e1rceles \u00abhay personas con problemas de salud graves\u00bb y \u00absimplemente los est\u00e1n dejando morir\u00bb.<\/p>\n<p style=\"text-align: justify;\"><strong>Por lo que pidi\u00f3 que \u00ablos liberen y que agilicen los procesos judiciales\u00bb.<\/strong><\/p>\n<p style=\"text-align: justify;\">Agentes de la polic\u00eda fuertemente armados custodian las calles despu\u00e9s de que el Congreso de El Salvador acogiera el pedido del presidente Nayib Bukele de declarar el estado de excepci\u00f3n en marzo de 2022.<br \/>\nEl Salvador vive una de sus peores crisis de derechos humanos<\/p>\n<p style=\"text-align: justify;\">Llam\u00f3 a los familiares de detenidos a \u00aborganizarse\u00bb porque \u00aben la calle la denuncia tiene un gran peso, por eso las personas se deben organizar porque esto s\u00ed afecta la imagen del presidente\u00bb.<\/p>\n<p style=\"text-align: justify;\">\u00abPuede ser que (el presidente) entienda que ya no es violentando los derechos que se va a ganar al pueblo o una elecci\u00f3n\u00bb, agreg\u00f3.<\/p>\n<p style=\"text-align: justify;\">El Movir surgi\u00f3 en el marco del r\u00e9gimen de excepci\u00f3n, aprobado por la Asamblea Legislativa a petici\u00f3n del Gobierno para combatir a las pandillas y ha acompa\u00f1ado a familiares de los detenidos ante diversas instituciones, donde han defendido su inocencia.<\/p>\n<p style=\"text-align: justify;\">Amnist\u00eda Internacional (AI) advirti\u00f3 recientemente que la \u00abviolencia\u00bb ejercida por el Estado salvadore\u00f1o, en el marco de un r\u00e9gimen de excepci\u00f3n vigente desde marzo de 2022 y de una \u00abalarmante regresi\u00f3n\u00bb en la protecci\u00f3n de los derechos humanos, \u00abreemplaza gradualmente\u00bb a la ejercida por las pandillas en las comunidades empobrecidas.<\/p>\n<p style=\"text-align: justify;\">El Salvador se encuentra desde marzo de 2022 bajo un r\u00e9gimen de excepci\u00f3n que suspende garant\u00edas constitucionales tras una escalada de homicidios atribuida a las pandillas y que ha dejado al menos 73.800 detenciones.<\/p>\n<p style=\"text-align: justify;\">En junio de 2022, AI advert\u00eda que el presidente salvadore\u00f1o, Nayib Bukele, sumerg\u00eda al pa\u00eds en \u00abuna crisis de derechos humanos luego de tres a\u00f1os de gobierno\u00bb.<\/p>\n<p style=\"text-align: justify;\">En el contexto del r\u00e9gimen de excepci\u00f3n, AI indic\u00f3 que las organizaciones humanitarias han documentado 327 casos de desapariciones forzadas, aproximadamente 102.000 personas privadas de libertad, una situaci\u00f3n de hacinamiento carcelario del 236 % y m\u00e1s de 190 muertes bajo custodia estatal.<\/p>\n<p style=\"text-align: justify;\">Se suman m\u00e1s de 5,000 \u00abv\u00edctimas directas\u00bb, la mayor\u00eda j\u00f3venes y que habr\u00edan sufrido una detenci\u00f3n arbitraria por las autoridades de seguridad.<\/p>\n","protected":false},"excerpt":{"rendered":"<p>El Salvador.- Miembros del Movimiento de V\u00edctimas del R\u00e9gimen (Movir) pidieron nuevamente la liberaci\u00f3n de los \u00abinocentes\u00bb detenidos en el marco de una medida de seguridad en El Salvador para combatir a las pandillas, un llamamiento hecho en el marco del 75 aniversario de la Declaraci\u00f3n Universal de Derechos Humanos. Unos 100 familiares de detenidos [&hellip;]<\/p>\n","protected":false},"author":1,"featured_media":0,"comment_status":"closed","ping_status":"open","sticky":false,"template":"","format":"standard","meta":{"footnotes":""},"categories":[2,9],"tags":[],"yoast_head":"<!-- This site is optimized with the Yoast SEO plugin v24.5 - https:\/\/yoast.com\/wordpress\/plugins\/seo\/ -->\n<title>Piden liberar a los inocentes detenidos en la lucha contra las pandillas en El Salvador | El Nuevo Norte<\/title>\n<meta name=\"robots\" content=\"index, follow, max-snippet:-1, max-image-preview:large, max-video-preview:-1\" \/>\n<link rel=\"canonical\" href=\"https:\/\/infoelnuevonorte.com\/?p=6792\" \/>\n<meta property=\"og:locale\" content=\"es_ES\" \/>\n<meta property=\"og:type\" content=\"article\" \/>\n<meta property=\"og:title\" content=\"Piden liberar a los inocentes detenidos en la lucha contra las pandillas en El Salvador | El Nuevo Norte\" \/>\n<meta property=\"og:description\" content=\"El Salvador.- Miembros del Movimiento de V\u00edctimas del R\u00e9gimen (Movir) pidieron nuevamente la liberaci\u00f3n de los \u00abinocentes\u00bb detenidos en el marco de una medida de seguridad en El Salvador para combatir a las pandillas, un llamamiento hecho en el marco del 75 aniversario de la Declaraci\u00f3n Universal de Derechos Humanos. Unos 100 familiares de detenidos [&hellip;]\" \/>\n<meta property=\"og:url\" content=\"https:\/\/infoelnuevonorte.com\/?p=6792\" \/>\n<meta property=\"og:site_name\" content=\"El Nuevo Norte\" \/>\n<meta property=\"article:publisher\" content=\"https:\/\/www.facebook.com\/infoenn\" \/>\n<meta property=\"article:published_time\" content=\"2023-12-11T15:29:48+00:00\" \/>\n<meta property=\"article:modified_time\" content=\"2023-12-11T15:29:50+00:00\" \/>\n<meta property=\"og:image\" content=\"https:\/\/infoelnuevonorte.com\/wp-content\/uploads\/2023\/12\/presos-en-el-salvador.webp\" \/>\n\t<meta property=\"og:image:width\" content=\"750\" \/>\n\t<meta property=\"og:image:height\" content=\"375\" \/>\n\t<meta property=\"og:image:type\" content=\"image\/webp\" \/>\n<meta name=\"author\" content=\"InfoEnn\" \/>\n<meta name=\"twitter:card\" content=\"summary_large_image\" \/>\n<meta name=\"twitter:creator\" content=\"@Elnuevo_norte\" \/>\n<meta name=\"twitter:site\" content=\"@Elnuevo_norte\" \/>\n<meta name=\"twitter:label1\" content=\"Written by\" \/>\n\t<meta name=\"twitter:data1\" content=\"InfoEnn\" \/>\n\t<meta name=\"twitter:label2\" content=\"Est. reading time\" \/>\n\t<meta name=\"twitter:data2\" content=\"3 minutos\" \/>\n<script type=\"application\/ld+json\" class=\"yoast-schema-graph\">{\"@context\":\"https:\/\/schema.org\",\"@graph\":[{\"@type\":\"Article\",\"@id\":\"https:\/\/infoelnuevonorte.com\/?p=6792#article\",\"isPartOf\":{\"@id\":\"https:\/\/infoelnuevonorte.com\/?p=6792\"},\"author\":{\"name\":\"InfoEnn\",\"@id\":\"https:\/\/infoelnuevonorte.com\/#\/schema\/person\/fd4f6d90afe41260818b4ea94ad8ab84\"},\"headline\":\"Piden liberar a los inocentes detenidos en la lucha contra las pandillas en El Salvador\",\"datePublished\":\"2023-12-11T15:29:48+00:00\",\"dateModified\":\"2023-12-11T15:29:50+00:00\",\"mainEntityOfPage\":{\"@id\":\"https:\/\/infoelnuevonorte.com\/?p=6792\"},\"wordCount\":558,\"publisher\":{\"@id\":\"https:\/\/infoelnuevonorte.com\/#organization\"},\"articleSection\":[\"Actualidad |\",\"Mundiales\"],\"inLanguage\":\"es-DO\"},{\"@type\":\"WebPage\",\"@id\":\"https:\/\/infoelnuevonorte.com\/?p=6792\",\"url\":\"https:\/\/infoelnuevonorte.com\/?p=6792\",\"name\":\"Piden liberar a los inocentes detenidos en la lucha contra las pandillas en El Salvador | El Nuevo Norte\",\"isPartOf\":{\"@id\":\"https:\/\/infoelnuevonorte.com\/#website\"},\"datePublished\":\"2023-12-11T15:29:48+00:00\",\"dateModified\":\"2023-12-11T15:29:50+00:00\",\"breadcrumb\":{\"@id\":\"https:\/\/infoelnuevonorte.com\/?p=6792#breadcrumb\"},\"inLanguage\":\"es-DO\",\"potentialAction\":[{\"@type\":\"ReadAction\",\"target\":[\"https:\/\/infoelnuevonorte.com\/?p=6792\"]}]},{\"@type\":\"BreadcrumbList\",\"@id\":\"https:\/\/infoelnuevonorte.com\/?p=6792#breadcrumb\",\"itemListElement\":[{\"@type\":\"ListItem\",\"position\":1,\"name\":\"Home\",\"item\":\"https:\/\/infoelnuevonorte.com\/\"},{\"@type\":\"ListItem\",\"position\":2,\"name\":\"Piden liberar a los inocentes detenidos en la lucha contra las pandillas en El Salvador\"}]},{\"@type\":\"WebSite\",\"@id\":\"https:\/\/infoelnuevonorte.com\/#website\",\"url\":\"https:\/\/infoelnuevonorte.com\/\",\"name\":\"InfoEnn\",\"description\":\"Tu Voz, tu Verdad, tu Diario!!!\",\"publisher\":{\"@id\":\"https:\/\/infoelnuevonorte.com\/#organization\"},\"alternateName\":\"El Nuevo Norte\",\"potentialAction\":[{\"@type\":\"SearchAction\",\"target\":{\"@type\":\"EntryPoint\",\"urlTemplate\":\"https:\/\/infoelnuevonorte.com\/?s={search_term_string}\"},\"query-input\":{\"@type\":\"PropertyValueSpecification\",\"valueRequired\":true,\"valueName\":\"search_term_string\"}}],\"inLanguage\":\"es-DO\"},{\"@type\":\"Organization\",\"@id\":\"https:\/\/infoelnuevonorte.com\/#organization\",\"name\":\"Info El Nuevo Norte\",\"alternateName\":\"El Nuevo Norte\",\"url\":\"https:\/\/infoelnuevonorte.com\/\",\"logo\":{\"@type\":\"ImageObject\",\"inLanguage\":\"es-DO\",\"@id\":\"https:\/\/infoelnuevonorte.com\/#\/schema\/logo\/image\/\",\"url\":\"https:\/\/infoelnuevonorte.com\/wp-content\/uploads\/2026\/02\/Logo-Info-enn-3d-20ani.jpeg\",\"contentUrl\":\"https:\/\/infoelnuevonorte.com\/wp-content\/uploads\/2026\/02\/Logo-Info-enn-3d-20ani.jpeg\",\"width\":2046,\"height\":736,\"caption\":\"Info El Nuevo Norte\"},\"image\":{\"@id\":\"https:\/\/infoelnuevonorte.com\/#\/schema\/logo\/image\/\"},\"sameAs\":[\"https:\/\/www.facebook.com\/infoenn\",\"https:\/\/x.com\/Elnuevo_norte\",\"https:\/\/www.instagram.com\/infoenn\",\"https:\/\/www.facebook.com\/ENNRD\"]},{\"@type\":\"Person\",\"@id\":\"https:\/\/infoelnuevonorte.com\/#\/schema\/person\/fd4f6d90afe41260818b4ea94ad8ab84\",\"name\":\"InfoEnn\",\"image\":{\"@type\":\"ImageObject\",\"inLanguage\":\"es-DO\",\"@id\":\"https:\/\/infoelnuevonorte.com\/#\/schema\/person\/image\/\",\"url\":\"https:\/\/secure.gravatar.com\/avatar\/d4d760a41a48ba9db0a82bfb63bb0783?s=96&d=robohash&r=g\",\"contentUrl\":\"https:\/\/secure.gravatar.com\/avatar\/d4d760a41a48ba9db0a82bfb63bb0783?s=96&d=robohash&r=g\",\"caption\":\"InfoEnn\"},\"sameAs\":[\"https:\/\/infoelnuevonorte.com\"],\"url\":\"https:\/\/infoelnuevonorte.com\/?author=1\"}]}<\/script>\n<!-- \/ Yoast SEO plugin. -->","yoast_head_json":{"title":"Piden liberar a los inocentes detenidos en la lucha contra las pandillas en El Salvador | El Nuevo Norte","robots":{"index":"index","follow":"follow","max-snippet":"max-snippet:-1","max-image-preview":"max-image-preview:large","max-video-preview":"max-video-preview:-1"},"canonical":"https:\/\/infoelnuevonorte.com\/?p=6792","og_locale":"es_ES","og_type":"article","og_title":"Piden liberar a los inocentes detenidos en la lucha contra las pandillas en El Salvador | El Nuevo Norte","og_description":"El Salvador.- Miembros del Movimiento de V\u00edctimas del R\u00e9gimen (Movir) pidieron nuevamente la liberaci\u00f3n de los \u00abinocentes\u00bb detenidos en el marco de una medida de seguridad en El Salvador para combatir a las pandillas, un llamamiento hecho en el marco del 75 aniversario de la Declaraci\u00f3n Universal de Derechos Humanos. Unos 100 familiares de detenidos [&hellip;]","og_url":"https:\/\/infoelnuevonorte.com\/?p=6792","og_site_name":"El Nuevo Norte","article_publisher":"https:\/\/www.facebook.com\/infoenn","article_published_time":"2023-12-11T15:29:48+00:00","article_modified_time":"2023-12-11T15:29:50+00:00","og_image":[{"width":750,"height":375,"url":"https:\/\/infoelnuevonorte.com\/wp-content\/uploads\/2023\/12\/presos-en-el-salvador.webp","type":"image\/webp"}],"author":"InfoEnn","twitter_card":"summary_large_image","twitter_creator":"@Elnuevo_norte","twitter_site":"@Elnuevo_norte","twitter_misc":{"Written by":"InfoEnn","Est. reading time":"3 minutos"},"schema":{"@context":"https:\/\/schema.org","@graph":[{"@type":"Article","@id":"https:\/\/infoelnuevonorte.com\/?p=6792#article","isPartOf":{"@id":"https:\/\/infoelnuevonorte.com\/?p=6792"},"author":{"name":"InfoEnn","@id":"https:\/\/infoelnuevonorte.com\/#\/schema\/person\/fd4f6d90afe41260818b4ea94ad8ab84"},"headline":"Piden liberar a los inocentes detenidos en la lucha contra las pandillas en El Salvador","datePublished":"2023-12-11T15:29:48+00:00","dateModified":"2023-12-11T15:29:50+00:00","mainEntityOfPage":{"@id":"https:\/\/infoelnuevonorte.com\/?p=6792"},"wordCount":558,"publisher":{"@id":"https:\/\/infoelnuevonorte.com\/#organization"},"articleSection":["Actualidad |","Mundiales"],"inLanguage":"es-DO"},{"@type":"WebPage","@id":"https:\/\/infoelnuevonorte.com\/?p=6792","url":"https:\/\/infoelnuevonorte.com\/?p=6792","name":"Piden liberar a los inocentes detenidos en la lucha contra las pandillas en El Salvador | El Nuevo Norte","isPartOf":{"@id":"https:\/\/infoelnuevonorte.com\/#website"},"datePublished":"2023-12-11T15:29:48+00:00","dateModified":"2023-12-11T15:29:50+00:00","breadcrumb":{"@id":"https:\/\/infoelnuevonorte.com\/?p=6792#breadcrumb"},"inLanguage":"es-DO","potentialAction":[{"@type":"ReadAction","target":["https:\/\/infoelnuevonorte.com\/?p=6792"]}]},{"@type":"BreadcrumbList","@id":"https:\/\/infoelnuevonorte.com\/?p=6792#breadcrumb","itemListElement":[{"@type":"ListItem","position":1,"name":"Home","item":"https:\/\/infoelnuevonorte.com\/"},{"@type":"ListItem","position":2,"name":"Piden liberar a los inocentes detenidos en la lucha contra las pandillas en El Salvador"}]},{"@type":"WebSite","@id":"https:\/\/infoelnuevonorte.com\/#website","url":"https:\/\/infoelnuevonorte.com\/","name":"InfoEnn","description":"Tu Voz, tu Verdad, tu Diario!!!","publisher":{"@id":"https:\/\/infoelnuevonorte.com\/#organization"},"alternateName":"El Nuevo Norte","potentialAction":[{"@type":"SearchAction","target":{"@type":"EntryPoint","urlTemplate":"https:\/\/infoelnuevonorte.com\/?s={search_term_string}"},"query-input":{"@type":"PropertyValueSpecification","valueRequired":true,"valueName":"search_term_string"}}],"inLanguage":"es-DO"},{"@type":"Organization","@id":"https:\/\/infoelnuevonorte.com\/#organization","name":"Info El Nuevo Norte","alternateName":"El Nuevo Norte","url":"https:\/\/infoelnuevonorte.com\/","logo":{"@type":"ImageObject","inLanguage":"es-DO","@id":"https:\/\/infoelnuevonorte.com\/#\/schema\/logo\/image\/","url":"https:\/\/infoelnuevonorte.com\/wp-content\/uploads\/2026\/02\/Logo-Info-enn-3d-20ani.jpeg","contentUrl":"https:\/\/infoelnuevonorte.com\/wp-content\/uploads\/2026\/02\/Logo-Info-enn-3d-20ani.jpeg","width":2046,"height":736,"caption":"Info El Nuevo Norte"},"image":{"@id":"https:\/\/infoelnuevonorte.com\/#\/schema\/logo\/image\/"},"sameAs":["https:\/\/www.facebook.com\/infoenn","https:\/\/x.com\/Elnuevo_norte","https:\/\/www.instagram.com\/infoenn","https:\/\/www.facebook.com\/ENNRD"]},{"@type":"Person","@id":"https:\/\/infoelnuevonorte.com\/#\/schema\/person\/fd4f6d90afe41260818b4ea94ad8ab84","name":"InfoEnn","image":{"@type":"ImageObject","inLanguage":"es-DO","@id":"https:\/\/infoelnuevonorte.com\/#\/schema\/person\/image\/","url":"https:\/\/secure.gravatar.com\/avatar\/d4d760a41a48ba9db0a82bfb63bb0783?s=96&d=robohash&r=g","contentUrl":"https:\/\/secure.gravatar.com\/avatar\/d4d760a41a48ba9db0a82bfb63bb0783?s=96&d=robohash&r=g","caption":"InfoEnn"},"sameAs":["https:\/\/infoelnuevonorte.com"],"url":"https:\/\/infoelnuevonorte.com\/?author=1"}]}},"_links":{"self":[{"href":"https:\/\/infoelnuevonorte.com\/index.php?rest_route=\/wp\/v2\/posts\/6792"}],"collection":[{"href":"https:\/\/infoelnuevonorte.com\/index.php?rest_route=\/wp\/v2\/posts"}],"about":[{"href":"https:\/\/infoelnuevonorte.com\/index.php?rest_route=\/wp\/v2\/types\/post"}],"author":[{"embeddable":true,"href":"https:\/\/infoelnuevonorte.com\/index.php?rest_route=\/wp\/v2\/users\/1"}],"replies":[{"embeddable":true,"href":"https:\/\/infoelnuevonorte.com\/index.php?rest_route=%2Fwp%2Fv2%2Fcomments&post=6792"}],"version-history":[{"count":0,"href":"https:\/\/infoelnuevonorte.com\/index.php?rest_route=\/wp\/v2\/posts\/6792\/revisions"}],"wp:attachment":[{"href":"https:\/\/infoelnuevonorte.com\/index.php?rest_route=%2Fwp%2Fv2%2Fmedia&parent=6792"}],"wp:term":[{"taxonomy":"category","embeddable":true,"href":"https:\/\/infoelnuevonorte.com\/index.php?rest_route=%2Fwp%2Fv2%2Fcategories&post=6792"},{"taxonomy":"post_tag","embeddable":true,"href":"https:\/\/infoelnuevonorte.com\/index.php?rest_route=%2Fwp%2Fv2%2Ftags&post=6792"}],"curies":[{"name":"wp","href":"https:\/\/api.w.org\/{rel}","templated":true}]}}