{"id":6820,"date":"2023-12-11T19:14:25","date_gmt":"2023-12-11T23:14:25","guid":{"rendered":"https:\/\/infoelnuevonorte.com\/?p=6820"},"modified":"2023-12-11T19:14:32","modified_gmt":"2023-12-11T23:14:32","slug":"emiratos-enjuicia-en-grupo-a-90-prisioneros-acusados-de-terrorismo","status":"publish","type":"post","link":"https:\/\/infoelnuevonorte.com\/?p=6820","title":{"rendered":"Emiratos enjuicia en grupo a 90 prisioneros acusados de terrorismo"},"content":{"rendered":"<p style=\"text-align: justify;\"><strong>DUB\u00c1I\u2014<\/strong> Los Emiratos \u00c1rabes Unidos est\u00e1n llevando a cabo un juicio masivo de casi 90 prisioneros acusados de terrorismo mientras son sede de la cumbre clim\u00e1tica COP28 de las Naciones Unidas, inform\u00f3 el lunes una organizaci\u00f3n activista.<\/p>\n<p style=\"text-align: justify;\">Las autoridades no respondieron de inmediato a las preguntas sobre el informe del Centro de Defensa de los Detenidos de los Emiratos, un grupo dirigido por el emirat\u00ed Hamad al-Shamsi, que vive exiliado en Estambul despu\u00e9s de que los EAU lo incluy\u00f3 en una lista de terroristas.<\/p>\n<p style=\"text-align: justify;\">La agencia de noticias estatal WAM no ha publicado ning\u00fan informe sobre el juicio.<\/p>\n<p style=\"text-align: justify;\">Al-Shamsi recopil\u00f3 informaci\u00f3n de varias personas con conocimiento directo del juicio.<\/p>\n<p style=\"text-align: justify;\">Los procesados enfrentan cargos de \u201cestablecer una organizaci\u00f3n terrorista, apoyarla y financiarla\u201d, dijo el centro en un comunicado.<\/p>\n<p style=\"text-align: justify;\">El centro \u201cest\u00e1 muy preocupado por la aparente fabricaci\u00f3n de nuevos cargos por parte de los Emiratos \u00c1rabes Unidos para extender las sentencias de los ya liberados, lo que refleja la continua represi\u00f3n de la disidencia y la sociedad civil por parte de las autoridades emirat\u00edes\u201d.<\/p>\n<p style=\"text-align: justify;\">Entre los acusados en el caso se encuentra Ahmed Mansoor, ganador del Premio Martin Ennals para defensores de los derechos humanos en 2015.<\/p>\n<p style=\"text-align: justify;\">\u00a0Mansoor provoc\u00f3 repetidamente la ira de las autoridades al pedir libertad de prensa y libertades democr\u00e1ticas en la federaci\u00f3n autocr\u00e1tica de siete jeques.<\/p>\n<p style=\"text-align: justify;\">Otros acusados incluyen al activista Nasser bin Ghaith, un acad\u00e9mico pro-democracia detenido desde agosto de 2015.<\/p>\n<p style=\"text-align: justify;\">Los Emiratos \u00c1rabes Unidos, si bien son socialmente liberales en muchos aspectos en comparaci\u00f3n con sus vecinos del Medio Oriente, tienen leyes estrictas que rigen la expresi\u00f3n. Esto se ha visto en la COP28, donde no ha habido ninguna de las t\u00edpicas protestas fuera del lugar mientras los activistas se preocupan por la vasta red de c\u00e1maras de vigilancia del pa\u00eds.<\/p>\n","protected":false},"excerpt":{"rendered":"<p>DUB\u00c1I\u2014 Los Emiratos \u00c1rabes Unidos est\u00e1n llevando a cabo un juicio masivo de casi 90 prisioneros acusados de terrorismo mientras son sede de la cumbre clim\u00e1tica COP28 de las Naciones Unidas, inform\u00f3 el lunes una organizaci\u00f3n activista. Las autoridades no respondieron de inmediato a las preguntas sobre el informe del Centro de Defensa de los [&hellip;]<\/p>\n","protected":false},"author":1,"featured_media":0,"comment_status":"closed","ping_status":"open","sticky":false,"template":"","format":"standard","meta":{"footnotes":""},"categories":[2,9],"tags":[],"yoast_head":"<!-- This site is optimized with the Yoast SEO plugin v24.5 - https:\/\/yoast.com\/wordpress\/plugins\/seo\/ -->\n<title>Emiratos enjuicia en grupo a 90 prisioneros acusados de terrorismo | El Nuevo Norte<\/title>\n<meta name=\"robots\" content=\"index, follow, max-snippet:-1, max-image-preview:large, max-video-preview:-1\" \/>\n<link rel=\"canonical\" href=\"https:\/\/infoelnuevonorte.com\/?p=6820\" \/>\n<meta property=\"og:locale\" content=\"es_ES\" \/>\n<meta property=\"og:type\" content=\"article\" \/>\n<meta property=\"og:title\" content=\"Emiratos enjuicia en grupo a 90 prisioneros acusados de terrorismo | El Nuevo Norte\" \/>\n<meta property=\"og:description\" content=\"DUB\u00c1I\u2014 Los Emiratos \u00c1rabes Unidos est\u00e1n llevando a cabo un juicio masivo de casi 90 prisioneros acusados de terrorismo mientras son sede de la cumbre clim\u00e1tica COP28 de las Naciones Unidas, inform\u00f3 el lunes una organizaci\u00f3n activista. Las autoridades no respondieron de inmediato a las preguntas sobre el informe del Centro de Defensa de los [&hellip;]\" \/>\n<meta property=\"og:url\" content=\"https:\/\/infoelnuevonorte.com\/?p=6820\" \/>\n<meta property=\"og:site_name\" content=\"El Nuevo Norte\" \/>\n<meta property=\"article:publisher\" content=\"https:\/\/www.facebook.com\/infoenn\" \/>\n<meta property=\"article:published_time\" content=\"2023-12-11T23:14:25+00:00\" \/>\n<meta property=\"article:modified_time\" content=\"2023-12-11T23:14:32+00:00\" \/>\n<meta property=\"og:image\" content=\"https:\/\/infoelnuevonorte.com\/wp-content\/uploads\/2023\/12\/prote.webp\" \/>\n\t<meta property=\"og:image:width\" content=\"980\" \/>\n\t<meta property=\"og:image:height\" content=\"653\" \/>\n\t<meta property=\"og:image:type\" content=\"image\/webp\" \/>\n<meta name=\"author\" content=\"InfoEnn\" \/>\n<meta name=\"twitter:card\" content=\"summary_large_image\" \/>\n<meta name=\"twitter:creator\" content=\"@Elnuevo_norte\" \/>\n<meta name=\"twitter:site\" content=\"@Elnuevo_norte\" \/>\n<meta name=\"twitter:label1\" content=\"Written by\" \/>\n\t<meta name=\"twitter:data1\" content=\"InfoEnn\" \/>\n\t<meta name=\"twitter:label2\" content=\"Est. reading time\" \/>\n\t<meta name=\"twitter:data2\" content=\"2 minutos\" \/>\n<script type=\"application\/ld+json\" class=\"yoast-schema-graph\">{\"@context\":\"https:\/\/schema.org\",\"@graph\":[{\"@type\":\"Article\",\"@id\":\"https:\/\/infoelnuevonorte.com\/?p=6820#article\",\"isPartOf\":{\"@id\":\"https:\/\/infoelnuevonorte.com\/?p=6820\"},\"author\":{\"name\":\"InfoEnn\",\"@id\":\"https:\/\/infoelnuevonorte.com\/#\/schema\/person\/fd4f6d90afe41260818b4ea94ad8ab84\"},\"headline\":\"Emiratos enjuicia en grupo a 90 prisioneros acusados de terrorismo\",\"datePublished\":\"2023-12-11T23:14:25+00:00\",\"dateModified\":\"2023-12-11T23:14:32+00:00\",\"mainEntityOfPage\":{\"@id\":\"https:\/\/infoelnuevonorte.com\/?p=6820\"},\"wordCount\":322,\"publisher\":{\"@id\":\"https:\/\/infoelnuevonorte.com\/#organization\"},\"articleSection\":[\"Actualidad |\",\"Mundiales\"],\"inLanguage\":\"es-DO\"},{\"@type\":\"WebPage\",\"@id\":\"https:\/\/infoelnuevonorte.com\/?p=6820\",\"url\":\"https:\/\/infoelnuevonorte.com\/?p=6820\",\"name\":\"Emiratos enjuicia en grupo a 90 prisioneros acusados de terrorismo | El Nuevo Norte\",\"isPartOf\":{\"@id\":\"https:\/\/infoelnuevonorte.com\/#website\"},\"datePublished\":\"2023-12-11T23:14:25+00:00\",\"dateModified\":\"2023-12-11T23:14:32+00:00\",\"breadcrumb\":{\"@id\":\"https:\/\/infoelnuevonorte.com\/?p=6820#breadcrumb\"},\"inLanguage\":\"es-DO\",\"potentialAction\":[{\"@type\":\"ReadAction\",\"target\":[\"https:\/\/infoelnuevonorte.com\/?p=6820\"]}]},{\"@type\":\"BreadcrumbList\",\"@id\":\"https:\/\/infoelnuevonorte.com\/?p=6820#breadcrumb\",\"itemListElement\":[{\"@type\":\"ListItem\",\"position\":1,\"name\":\"Home\",\"item\":\"https:\/\/infoelnuevonorte.com\/\"},{\"@type\":\"ListItem\",\"position\":2,\"name\":\"Emiratos enjuicia en grupo a 90 prisioneros acusados de terrorismo\"}]},{\"@type\":\"WebSite\",\"@id\":\"https:\/\/infoelnuevonorte.com\/#website\",\"url\":\"https:\/\/infoelnuevonorte.com\/\",\"name\":\"InfoEnn\",\"description\":\"Tu Voz, tu Verdad, tu Diario!!!\",\"publisher\":{\"@id\":\"https:\/\/infoelnuevonorte.com\/#organization\"},\"alternateName\":\"El Nuevo Norte\",\"potentialAction\":[{\"@type\":\"SearchAction\",\"target\":{\"@type\":\"EntryPoint\",\"urlTemplate\":\"https:\/\/infoelnuevonorte.com\/?s={search_term_string}\"},\"query-input\":{\"@type\":\"PropertyValueSpecification\",\"valueRequired\":true,\"valueName\":\"search_term_string\"}}],\"inLanguage\":\"es-DO\"},{\"@type\":\"Organization\",\"@id\":\"https:\/\/infoelnuevonorte.com\/#organization\",\"name\":\"Info El Nuevo Norte\",\"alternateName\":\"El Nuevo Norte\",\"url\":\"https:\/\/infoelnuevonorte.com\/\",\"logo\":{\"@type\":\"ImageObject\",\"inLanguage\":\"es-DO\",\"@id\":\"https:\/\/infoelnuevonorte.com\/#\/schema\/logo\/image\/\",\"url\":\"https:\/\/infoelnuevonorte.com\/wp-content\/uploads\/2026\/02\/Logo-Info-enn-3d-20ani.jpeg\",\"contentUrl\":\"https:\/\/infoelnuevonorte.com\/wp-content\/uploads\/2026\/02\/Logo-Info-enn-3d-20ani.jpeg\",\"width\":2046,\"height\":736,\"caption\":\"Info El Nuevo Norte\"},\"image\":{\"@id\":\"https:\/\/infoelnuevonorte.com\/#\/schema\/logo\/image\/\"},\"sameAs\":[\"https:\/\/www.facebook.com\/infoenn\",\"https:\/\/x.com\/Elnuevo_norte\",\"https:\/\/www.instagram.com\/infoenn\",\"https:\/\/www.facebook.com\/ENNRD\"]},{\"@type\":\"Person\",\"@id\":\"https:\/\/infoelnuevonorte.com\/#\/schema\/person\/fd4f6d90afe41260818b4ea94ad8ab84\",\"name\":\"InfoEnn\",\"image\":{\"@type\":\"ImageObject\",\"inLanguage\":\"es-DO\",\"@id\":\"https:\/\/infoelnuevonorte.com\/#\/schema\/person\/image\/\",\"url\":\"https:\/\/secure.gravatar.com\/avatar\/d4d760a41a48ba9db0a82bfb63bb0783?s=96&d=robohash&r=g\",\"contentUrl\":\"https:\/\/secure.gravatar.com\/avatar\/d4d760a41a48ba9db0a82bfb63bb0783?s=96&d=robohash&r=g\",\"caption\":\"InfoEnn\"},\"sameAs\":[\"https:\/\/infoelnuevonorte.com\"],\"url\":\"https:\/\/infoelnuevonorte.com\/?author=1\"}]}<\/script>\n<!-- \/ Yoast SEO plugin. -->","yoast_head_json":{"title":"Emiratos enjuicia en grupo a 90 prisioneros acusados de terrorismo | El Nuevo Norte","robots":{"index":"index","follow":"follow","max-snippet":"max-snippet:-1","max-image-preview":"max-image-preview:large","max-video-preview":"max-video-preview:-1"},"canonical":"https:\/\/infoelnuevonorte.com\/?p=6820","og_locale":"es_ES","og_type":"article","og_title":"Emiratos enjuicia en grupo a 90 prisioneros acusados de terrorismo | El Nuevo Norte","og_description":"DUB\u00c1I\u2014 Los Emiratos \u00c1rabes Unidos est\u00e1n llevando a cabo un juicio masivo de casi 90 prisioneros acusados de terrorismo mientras son sede de la cumbre clim\u00e1tica COP28 de las Naciones Unidas, inform\u00f3 el lunes una organizaci\u00f3n activista. Las autoridades no respondieron de inmediato a las preguntas sobre el informe del Centro de Defensa de los [&hellip;]","og_url":"https:\/\/infoelnuevonorte.com\/?p=6820","og_site_name":"El Nuevo Norte","article_publisher":"https:\/\/www.facebook.com\/infoenn","article_published_time":"2023-12-11T23:14:25+00:00","article_modified_time":"2023-12-11T23:14:32+00:00","og_image":[{"width":980,"height":653,"url":"https:\/\/infoelnuevonorte.com\/wp-content\/uploads\/2023\/12\/prote.webp","type":"image\/webp"}],"author":"InfoEnn","twitter_card":"summary_large_image","twitter_creator":"@Elnuevo_norte","twitter_site":"@Elnuevo_norte","twitter_misc":{"Written by":"InfoEnn","Est. reading time":"2 minutos"},"schema":{"@context":"https:\/\/schema.org","@graph":[{"@type":"Article","@id":"https:\/\/infoelnuevonorte.com\/?p=6820#article","isPartOf":{"@id":"https:\/\/infoelnuevonorte.com\/?p=6820"},"author":{"name":"InfoEnn","@id":"https:\/\/infoelnuevonorte.com\/#\/schema\/person\/fd4f6d90afe41260818b4ea94ad8ab84"},"headline":"Emiratos enjuicia en grupo a 90 prisioneros acusados de terrorismo","datePublished":"2023-12-11T23:14:25+00:00","dateModified":"2023-12-11T23:14:32+00:00","mainEntityOfPage":{"@id":"https:\/\/infoelnuevonorte.com\/?p=6820"},"wordCount":322,"publisher":{"@id":"https:\/\/infoelnuevonorte.com\/#organization"},"articleSection":["Actualidad |","Mundiales"],"inLanguage":"es-DO"},{"@type":"WebPage","@id":"https:\/\/infoelnuevonorte.com\/?p=6820","url":"https:\/\/infoelnuevonorte.com\/?p=6820","name":"Emiratos enjuicia en grupo a 90 prisioneros acusados de terrorismo | El Nuevo Norte","isPartOf":{"@id":"https:\/\/infoelnuevonorte.com\/#website"},"datePublished":"2023-12-11T23:14:25+00:00","dateModified":"2023-12-11T23:14:32+00:00","breadcrumb":{"@id":"https:\/\/infoelnuevonorte.com\/?p=6820#breadcrumb"},"inLanguage":"es-DO","potentialAction":[{"@type":"ReadAction","target":["https:\/\/infoelnuevonorte.com\/?p=6820"]}]},{"@type":"BreadcrumbList","@id":"https:\/\/infoelnuevonorte.com\/?p=6820#breadcrumb","itemListElement":[{"@type":"ListItem","position":1,"name":"Home","item":"https:\/\/infoelnuevonorte.com\/"},{"@type":"ListItem","position":2,"name":"Emiratos enjuicia en grupo a 90 prisioneros acusados de terrorismo"}]},{"@type":"WebSite","@id":"https:\/\/infoelnuevonorte.com\/#website","url":"https:\/\/infoelnuevonorte.com\/","name":"InfoEnn","description":"Tu Voz, tu Verdad, tu Diario!!!","publisher":{"@id":"https:\/\/infoelnuevonorte.com\/#organization"},"alternateName":"El Nuevo Norte","potentialAction":[{"@type":"SearchAction","target":{"@type":"EntryPoint","urlTemplate":"https:\/\/infoelnuevonorte.com\/?s={search_term_string}"},"query-input":{"@type":"PropertyValueSpecification","valueRequired":true,"valueName":"search_term_string"}}],"inLanguage":"es-DO"},{"@type":"Organization","@id":"https:\/\/infoelnuevonorte.com\/#organization","name":"Info El Nuevo Norte","alternateName":"El Nuevo Norte","url":"https:\/\/infoelnuevonorte.com\/","logo":{"@type":"ImageObject","inLanguage":"es-DO","@id":"https:\/\/infoelnuevonorte.com\/#\/schema\/logo\/image\/","url":"https:\/\/infoelnuevonorte.com\/wp-content\/uploads\/2026\/02\/Logo-Info-enn-3d-20ani.jpeg","contentUrl":"https:\/\/infoelnuevonorte.com\/wp-content\/uploads\/2026\/02\/Logo-Info-enn-3d-20ani.jpeg","width":2046,"height":736,"caption":"Info El Nuevo Norte"},"image":{"@id":"https:\/\/infoelnuevonorte.com\/#\/schema\/logo\/image\/"},"sameAs":["https:\/\/www.facebook.com\/infoenn","https:\/\/x.com\/Elnuevo_norte","https:\/\/www.instagram.com\/infoenn","https:\/\/www.facebook.com\/ENNRD"]},{"@type":"Person","@id":"https:\/\/infoelnuevonorte.com\/#\/schema\/person\/fd4f6d90afe41260818b4ea94ad8ab84","name":"InfoEnn","image":{"@type":"ImageObject","inLanguage":"es-DO","@id":"https:\/\/infoelnuevonorte.com\/#\/schema\/person\/image\/","url":"https:\/\/secure.gravatar.com\/avatar\/d4d760a41a48ba9db0a82bfb63bb0783?s=96&d=robohash&r=g","contentUrl":"https:\/\/secure.gravatar.com\/avatar\/d4d760a41a48ba9db0a82bfb63bb0783?s=96&d=robohash&r=g","caption":"InfoEnn"},"sameAs":["https:\/\/infoelnuevonorte.com"],"url":"https:\/\/infoelnuevonorte.com\/?author=1"}]}},"_links":{"self":[{"href":"https:\/\/infoelnuevonorte.com\/index.php?rest_route=\/wp\/v2\/posts\/6820"}],"collection":[{"href":"https:\/\/infoelnuevonorte.com\/index.php?rest_route=\/wp\/v2\/posts"}],"about":[{"href":"https:\/\/infoelnuevonorte.com\/index.php?rest_route=\/wp\/v2\/types\/post"}],"author":[{"embeddable":true,"href":"https:\/\/infoelnuevonorte.com\/index.php?rest_route=\/wp\/v2\/users\/1"}],"replies":[{"embeddable":true,"href":"https:\/\/infoelnuevonorte.com\/index.php?rest_route=%2Fwp%2Fv2%2Fcomments&post=6820"}],"version-history":[{"count":0,"href":"https:\/\/infoelnuevonorte.com\/index.php?rest_route=\/wp\/v2\/posts\/6820\/revisions"}],"wp:attachment":[{"href":"https:\/\/infoelnuevonorte.com\/index.php?rest_route=%2Fwp%2Fv2%2Fmedia&parent=6820"}],"wp:term":[{"taxonomy":"category","embeddable":true,"href":"https:\/\/infoelnuevonorte.com\/index.php?rest_route=%2Fwp%2Fv2%2Fcategories&post=6820"},{"taxonomy":"post_tag","embeddable":true,"href":"https:\/\/infoelnuevonorte.com\/index.php?rest_route=%2Fwp%2Fv2%2Ftags&post=6820"}],"curies":[{"name":"wp","href":"https:\/\/api.w.org\/{rel}","templated":true}]}}