{"id":69958,"date":"2024-12-18T16:55:48","date_gmt":"2024-12-18T20:55:48","guid":{"rendered":"https:\/\/infoelnuevonorte.com\/?p=69958"},"modified":"2024-12-18T16:55:49","modified_gmt":"2024-12-18T20:55:49","slug":"el-minerd-anuncia-la-rescision-del-convenio-con-la-organizacion-de-estados-iberoamericanos-oei","status":"publish","type":"post","link":"https:\/\/infoelnuevonorte.com\/?p=69958","title":{"rendered":"El Minerd anuncia la rescisi\u00f3n del convenio con la Organizaci\u00f3n de Estados Iberoamericanos (OEI)"},"content":{"rendered":"<!--[if lt IE 9]><script>document.createElement('audio');<\/script><![endif]-->\n<audio class=\"wp-audio-shortcode\" id=\"audio-69958-1\" preload=\"none\" style=\"width: 100%;\" controls=\"controls\"><source type=\"audio\/mpeg\" src=\"https:\/\/infoelnuevonorte.com\/wp-content\/uploads\/2024\/12\/ttsmaker-vip-file-2024-12-18-16-55-1.mp3?_=1\" \/><a href=\"https:\/\/infoelnuevonorte.com\/wp-content\/uploads\/2024\/12\/ttsmaker-vip-file-2024-12-18-16-55-1.mp3\">https:\/\/infoelnuevonorte.com\/wp-content\/uploads\/2024\/12\/ttsmaker-vip-file-2024-12-18-16-55-1.mp3<\/a><\/audio>\n<p style=\"text-align: justify\">El Ministerio de Educaci\u00f3n de la Rep\u00fablica Dominicana (<strong>Minerd<\/strong>) inform\u00f3 este mi\u00e9rcoles la rescisi\u00f3n del\u00a0<strong>Convenio<\/strong>\u00a0Espec\u00edfico No. C-0156\/2024, firmado el 15 de agosto del 2024 con la Organizaci\u00f3n de Estados Iberoamericanos para la Educaci\u00f3n, la Ciencia y la Cultura (<strong>OEI<\/strong>) y al cual la Asociaci\u00f3n Dominicana de Profesores (ADP) se opon\u00eda.<\/p>\n<p style=\"text-align: justify\"><strong>Dicho acuerdo<\/strong>, que\u00a0<strong>ten\u00eda como prop\u00f3sito brindar asistencia t\u00e9cnica especializada en la Evaluaci\u00f3n de Desempe\u00f1o del Docente 2024-2025,<\/strong>\u00a0fue rescindido de mutuo acuerdo entre ambas partes, explic\u00f3 el\u00a0<strong>Minerd<\/strong>\u00a0en un comunicado de prensa.<\/p>\n<ul class=\"list-text\" style=\"text-align: justify\">\n<li>\"Esta decisi\u00f3n responde al inter\u00e9s nacional de buscar consensos que aseguren el desarrollo eficiente del proceso de evaluaci\u00f3n docente, tomando en cuenta las observaciones realizadas por distintos actores del sector educativo\", indica el ministerio.<\/li>\n<\/ul>\n<p style=\"text-align: justify\">El\u00a0<strong>Minerd<\/strong>\u00a0dijo reconocer y valora la colaboraci\u00f3n con la\u00a0<strong>OEI<\/strong>, una instituci\u00f3n que ha sido un socio estrat\u00e9gico en el desarrollo de importantes proyectos educativos en la Rep\u00fablica Dominicana. Reafirm\u00f3 tambi\u00e9n su inter\u00e9s de seguir contando con el apoyo y participaci\u00f3n de la\u00a0<strong>OEI<\/strong> en iniciativas futuras que fortalezcan la calidad educativa y promuevan el avance del sistema educativo nacional.<\/p>\n<h2 style=\"text-align: justify\">ADP se opon\u00eda al\u00a0<strong>convenio<\/strong><\/h2>\n<p style=\"text-align: justify\">El\u00a0<strong>Convenio<\/strong>\u00a0fue suscrito con el objetivo de implementar mecanismos de apoyo en la evaluaci\u00f3n docente. Sin embargo, la Asociaci\u00f3n Dominicana de Profesores (ADP) manifest\u00f3 su oposici\u00f3n a la participaci\u00f3n de organismos internacionales en dicho proceso, lo cual deriv\u00f3 en la revisi\u00f3n y eventual terminaci\u00f3n del acuerdo.<\/p>\n<p style=\"text-align: justify\">La\u00a0<strong>OEI<\/strong>, a trav\u00e9s de un proceso transparente y basado en su marco legal internacional, reiter\u00f3 su vocaci\u00f3n de servicio p\u00fablico y su colaboraci\u00f3n con el pa\u00eds. En ese sentido, ambas partes han considerado oportuno poner fin al acuerdo, amparados en la cl\u00e1usula Decimosexta del\u00a0<strong>Convenio<\/strong>, que establece como causa de rescisi\u00f3n \"el mutuo acuerdo de las partes antes de la finalizaci\u00f3n del\u00a0<strong>convenio<\/strong>\".<\/p>\n<p style=\"text-align: justify\">El\u00a0<strong>Minerd<\/strong>\u00a0y la\u00a0<strong>OEI<\/strong>\u00a0han acordado liberarse mutuamente de toda responsabilidad futura relacionada con el\u00a0<strong>convenio<\/strong>, asegurando que no existir\u00e1 ning\u00fan reclamo o demanda posterior sobre los compromisos establecidos en el mismo.<\/p>\n","protected":false},"excerpt":{"rendered":"<p>El Ministerio de Educaci\u00f3n de la Rep\u00fablica Dominicana (Minerd) inform\u00f3 este mi\u00e9rcoles la rescisi\u00f3n del\u00a0Convenio\u00a0Espec\u00edfico No. C-0156\/2024, firmado el 15 de agosto del 2024 con la Organizaci\u00f3n de Estados Iberoamericanos para la Educaci\u00f3n, la Ciencia y la Cultura (OEI) y al cual la Asociaci\u00f3n Dominicana de Profesores (ADP) se opon\u00eda. Dicho acuerdo, que\u00a0ten\u00eda como prop\u00f3sito [&hellip;]<\/p>\n","protected":false},"author":2,"featured_media":0,"comment_status":"closed","ping_status":"open","sticky":false,"template":"","format":"standard","meta":{"footnotes":""},"categories":[8],"tags":[],"yoast_head":"<!-- This site is optimized with the Yoast SEO plugin v24.5 - https:\/\/yoast.com\/wordpress\/plugins\/seo\/ -->\n<title>El Minerd anuncia la rescisi\u00f3n del convenio con la Organizaci\u00f3n de Estados Iberoamericanos (OEI) | El Nuevo Norte<\/title>\n<meta name=\"robots\" content=\"index, follow, max-snippet:-1, max-image-preview:large, max-video-preview:-1\" \/>\n<link rel=\"canonical\" href=\"https:\/\/infoelnuevonorte.com\/?p=69958\" \/>\n<meta property=\"og:locale\" content=\"es_ES\" \/>\n<meta property=\"og:type\" content=\"article\" \/>\n<meta property=\"og:title\" content=\"El Minerd anuncia la rescisi\u00f3n del convenio con la Organizaci\u00f3n de Estados Iberoamericanos (OEI) | El Nuevo Norte\" \/>\n<meta property=\"og:description\" content=\"El Ministerio de Educaci\u00f3n de la Rep\u00fablica Dominicana (Minerd) inform\u00f3 este mi\u00e9rcoles la rescisi\u00f3n del\u00a0Convenio\u00a0Espec\u00edfico No. C-0156\/2024, firmado el 15 de agosto del 2024 con la Organizaci\u00f3n de Estados Iberoamericanos para la Educaci\u00f3n, la Ciencia y la Cultura (OEI) y al cual la Asociaci\u00f3n Dominicana de Profesores (ADP) se opon\u00eda. Dicho acuerdo, que\u00a0ten\u00eda como prop\u00f3sito [&hellip;]\" \/>\n<meta property=\"og:url\" content=\"https:\/\/infoelnuevonorte.com\/?p=69958\" \/>\n<meta property=\"og:site_name\" content=\"El Nuevo Norte\" \/>\n<meta property=\"article:publisher\" content=\"https:\/\/www.facebook.com\/infoenn\" \/>\n<meta property=\"article:published_time\" content=\"2024-12-18T20:55:48+00:00\" \/>\n<meta property=\"article:modified_time\" content=\"2024-12-18T20:55:49+00:00\" \/>\n<meta property=\"og:image\" content=\"https:\/\/infoelnuevonorte.com\/wp-content\/uploads\/2024\/12\/descarga-2024-12-18T165402.069.png\" \/>\n\t<meta property=\"og:image:width\" content=\"896\" \/>\n\t<meta property=\"og:image:height\" content=\"504\" \/>\n\t<meta property=\"og:image:type\" content=\"image\/png\" \/>\n<meta name=\"author\" content=\"T. R.\" \/>\n<meta name=\"twitter:card\" content=\"summary_large_image\" \/>\n<meta name=\"twitter:creator\" content=\"@Elnuevo_norte\" \/>\n<meta name=\"twitter:site\" content=\"@Elnuevo_norte\" \/>\n<meta name=\"twitter:label1\" content=\"Written by\" \/>\n\t<meta name=\"twitter:data1\" content=\"T. R.\" \/>\n\t<meta name=\"twitter:label2\" content=\"Est. reading time\" \/>\n\t<meta name=\"twitter:data2\" content=\"2 minutos\" \/>\n<script type=\"application\/ld+json\" class=\"yoast-schema-graph\">{\"@context\":\"https:\/\/schema.org\",\"@graph\":[{\"@type\":\"Article\",\"@id\":\"https:\/\/infoelnuevonorte.com\/?p=69958#article\",\"isPartOf\":{\"@id\":\"https:\/\/infoelnuevonorte.com\/?p=69958\"},\"author\":{\"name\":\"T. R.\",\"@id\":\"https:\/\/infoelnuevonorte.com\/#\/schema\/person\/3accb35eb55f55e96c492b52d085a403\"},\"headline\":\"El Minerd anuncia la rescisi\u00f3n del convenio con la Organizaci\u00f3n de Estados Iberoamericanos (OEI)\",\"datePublished\":\"2024-12-18T20:55:48+00:00\",\"dateModified\":\"2024-12-18T20:55:49+00:00\",\"mainEntityOfPage\":{\"@id\":\"https:\/\/infoelnuevonorte.com\/?p=69958\"},\"wordCount\":399,\"publisher\":{\"@id\":\"https:\/\/infoelnuevonorte.com\/#organization\"},\"articleSection\":[\"Nacionales\"],\"inLanguage\":\"es-DO\"},{\"@type\":\"WebPage\",\"@id\":\"https:\/\/infoelnuevonorte.com\/?p=69958\",\"url\":\"https:\/\/infoelnuevonorte.com\/?p=69958\",\"name\":\"El Minerd anuncia la rescisi\u00f3n del convenio con la Organizaci\u00f3n de Estados Iberoamericanos (OEI) | El Nuevo Norte\",\"isPartOf\":{\"@id\":\"https:\/\/infoelnuevonorte.com\/#website\"},\"datePublished\":\"2024-12-18T20:55:48+00:00\",\"dateModified\":\"2024-12-18T20:55:49+00:00\",\"breadcrumb\":{\"@id\":\"https:\/\/infoelnuevonorte.com\/?p=69958#breadcrumb\"},\"inLanguage\":\"es-DO\",\"potentialAction\":[{\"@type\":\"ReadAction\",\"target\":[\"https:\/\/infoelnuevonorte.com\/?p=69958\"]}]},{\"@type\":\"BreadcrumbList\",\"@id\":\"https:\/\/infoelnuevonorte.com\/?p=69958#breadcrumb\",\"itemListElement\":[{\"@type\":\"ListItem\",\"position\":1,\"name\":\"Home\",\"item\":\"https:\/\/infoelnuevonorte.com\/\"},{\"@type\":\"ListItem\",\"position\":2,\"name\":\"El Minerd anuncia la rescisi\u00f3n del convenio con la Organizaci\u00f3n de Estados Iberoamericanos (OEI)\"}]},{\"@type\":\"WebSite\",\"@id\":\"https:\/\/infoelnuevonorte.com\/#website\",\"url\":\"https:\/\/infoelnuevonorte.com\/\",\"name\":\"InfoEnn\",\"description\":\"Tu Voz, tu Verdad, tu Diario!!!\",\"publisher\":{\"@id\":\"https:\/\/infoelnuevonorte.com\/#organization\"},\"alternateName\":\"El Nuevo Norte\",\"potentialAction\":[{\"@type\":\"SearchAction\",\"target\":{\"@type\":\"EntryPoint\",\"urlTemplate\":\"https:\/\/infoelnuevonorte.com\/?s={search_term_string}\"},\"query-input\":{\"@type\":\"PropertyValueSpecification\",\"valueRequired\":true,\"valueName\":\"search_term_string\"}}],\"inLanguage\":\"es-DO\"},{\"@type\":\"Organization\",\"@id\":\"https:\/\/infoelnuevonorte.com\/#organization\",\"name\":\"Info El Nuevo Norte\",\"alternateName\":\"El Nuevo Norte\",\"url\":\"https:\/\/infoelnuevonorte.com\/\",\"logo\":{\"@type\":\"ImageObject\",\"inLanguage\":\"es-DO\",\"@id\":\"https:\/\/infoelnuevonorte.com\/#\/schema\/logo\/image\/\",\"url\":\"https:\/\/infoelnuevonorte.com\/wp-content\/uploads\/2026\/02\/Logo-Info-enn-3d-20ani.jpeg\",\"contentUrl\":\"https:\/\/infoelnuevonorte.com\/wp-content\/uploads\/2026\/02\/Logo-Info-enn-3d-20ani.jpeg\",\"width\":2046,\"height\":736,\"caption\":\"Info El Nuevo Norte\"},\"image\":{\"@id\":\"https:\/\/infoelnuevonorte.com\/#\/schema\/logo\/image\/\"},\"sameAs\":[\"https:\/\/www.facebook.com\/infoenn\",\"https:\/\/x.com\/Elnuevo_norte\",\"https:\/\/www.instagram.com\/infoenn\",\"https:\/\/www.facebook.com\/ENNRD\"]},{\"@type\":\"Person\",\"@id\":\"https:\/\/infoelnuevonorte.com\/#\/schema\/person\/3accb35eb55f55e96c492b52d085a403\",\"name\":\"T. R.\",\"image\":{\"@type\":\"ImageObject\",\"inLanguage\":\"es-DO\",\"@id\":\"https:\/\/infoelnuevonorte.com\/#\/schema\/person\/image\/\",\"url\":\"https:\/\/secure.gravatar.com\/avatar\/40543a038bda97abdb765b1662e9677d?s=96&d=robohash&r=g\",\"contentUrl\":\"https:\/\/secure.gravatar.com\/avatar\/40543a038bda97abdb765b1662e9677d?s=96&d=robohash&r=g\",\"caption\":\"T. R.\"},\"url\":\"https:\/\/infoelnuevonorte.com\/?author=2\"}]}<\/script>\n<!-- \/ Yoast SEO plugin. -->","yoast_head_json":{"title":"El Minerd anuncia la rescisi\u00f3n del convenio con la Organizaci\u00f3n de Estados Iberoamericanos (OEI) | El Nuevo Norte","robots":{"index":"index","follow":"follow","max-snippet":"max-snippet:-1","max-image-preview":"max-image-preview:large","max-video-preview":"max-video-preview:-1"},"canonical":"https:\/\/infoelnuevonorte.com\/?p=69958","og_locale":"es_ES","og_type":"article","og_title":"El Minerd anuncia la rescisi\u00f3n del convenio con la Organizaci\u00f3n de Estados Iberoamericanos (OEI) | El Nuevo Norte","og_description":"El Ministerio de Educaci\u00f3n de la Rep\u00fablica Dominicana (Minerd) inform\u00f3 este mi\u00e9rcoles la rescisi\u00f3n del\u00a0Convenio\u00a0Espec\u00edfico No. C-0156\/2024, firmado el 15 de agosto del 2024 con la Organizaci\u00f3n de Estados Iberoamericanos para la Educaci\u00f3n, la Ciencia y la Cultura (OEI) y al cual la Asociaci\u00f3n Dominicana de Profesores (ADP) se opon\u00eda. Dicho acuerdo, que\u00a0ten\u00eda como prop\u00f3sito [&hellip;]","og_url":"https:\/\/infoelnuevonorte.com\/?p=69958","og_site_name":"El Nuevo Norte","article_publisher":"https:\/\/www.facebook.com\/infoenn","article_published_time":"2024-12-18T20:55:48+00:00","article_modified_time":"2024-12-18T20:55:49+00:00","og_image":[{"width":896,"height":504,"url":"https:\/\/infoelnuevonorte.com\/wp-content\/uploads\/2024\/12\/descarga-2024-12-18T165402.069.png","type":"image\/png"}],"author":"T. R.","twitter_card":"summary_large_image","twitter_creator":"@Elnuevo_norte","twitter_site":"@Elnuevo_norte","twitter_misc":{"Written by":"T. R.","Est. reading time":"2 minutos"},"schema":{"@context":"https:\/\/schema.org","@graph":[{"@type":"Article","@id":"https:\/\/infoelnuevonorte.com\/?p=69958#article","isPartOf":{"@id":"https:\/\/infoelnuevonorte.com\/?p=69958"},"author":{"name":"T. R.","@id":"https:\/\/infoelnuevonorte.com\/#\/schema\/person\/3accb35eb55f55e96c492b52d085a403"},"headline":"El Minerd anuncia la rescisi\u00f3n del convenio con la Organizaci\u00f3n de Estados Iberoamericanos (OEI)","datePublished":"2024-12-18T20:55:48+00:00","dateModified":"2024-12-18T20:55:49+00:00","mainEntityOfPage":{"@id":"https:\/\/infoelnuevonorte.com\/?p=69958"},"wordCount":399,"publisher":{"@id":"https:\/\/infoelnuevonorte.com\/#organization"},"articleSection":["Nacionales"],"inLanguage":"es-DO"},{"@type":"WebPage","@id":"https:\/\/infoelnuevonorte.com\/?p=69958","url":"https:\/\/infoelnuevonorte.com\/?p=69958","name":"El Minerd anuncia la rescisi\u00f3n del convenio con la Organizaci\u00f3n de Estados Iberoamericanos (OEI) | El Nuevo Norte","isPartOf":{"@id":"https:\/\/infoelnuevonorte.com\/#website"},"datePublished":"2024-12-18T20:55:48+00:00","dateModified":"2024-12-18T20:55:49+00:00","breadcrumb":{"@id":"https:\/\/infoelnuevonorte.com\/?p=69958#breadcrumb"},"inLanguage":"es-DO","potentialAction":[{"@type":"ReadAction","target":["https:\/\/infoelnuevonorte.com\/?p=69958"]}]},{"@type":"BreadcrumbList","@id":"https:\/\/infoelnuevonorte.com\/?p=69958#breadcrumb","itemListElement":[{"@type":"ListItem","position":1,"name":"Home","item":"https:\/\/infoelnuevonorte.com\/"},{"@type":"ListItem","position":2,"name":"El Minerd anuncia la rescisi\u00f3n del convenio con la Organizaci\u00f3n de Estados Iberoamericanos (OEI)"}]},{"@type":"WebSite","@id":"https:\/\/infoelnuevonorte.com\/#website","url":"https:\/\/infoelnuevonorte.com\/","name":"InfoEnn","description":"Tu Voz, tu Verdad, tu Diario!!!","publisher":{"@id":"https:\/\/infoelnuevonorte.com\/#organization"},"alternateName":"El Nuevo Norte","potentialAction":[{"@type":"SearchAction","target":{"@type":"EntryPoint","urlTemplate":"https:\/\/infoelnuevonorte.com\/?s={search_term_string}"},"query-input":{"@type":"PropertyValueSpecification","valueRequired":true,"valueName":"search_term_string"}}],"inLanguage":"es-DO"},{"@type":"Organization","@id":"https:\/\/infoelnuevonorte.com\/#organization","name":"Info El Nuevo Norte","alternateName":"El Nuevo Norte","url":"https:\/\/infoelnuevonorte.com\/","logo":{"@type":"ImageObject","inLanguage":"es-DO","@id":"https:\/\/infoelnuevonorte.com\/#\/schema\/logo\/image\/","url":"https:\/\/infoelnuevonorte.com\/wp-content\/uploads\/2026\/02\/Logo-Info-enn-3d-20ani.jpeg","contentUrl":"https:\/\/infoelnuevonorte.com\/wp-content\/uploads\/2026\/02\/Logo-Info-enn-3d-20ani.jpeg","width":2046,"height":736,"caption":"Info El Nuevo Norte"},"image":{"@id":"https:\/\/infoelnuevonorte.com\/#\/schema\/logo\/image\/"},"sameAs":["https:\/\/www.facebook.com\/infoenn","https:\/\/x.com\/Elnuevo_norte","https:\/\/www.instagram.com\/infoenn","https:\/\/www.facebook.com\/ENNRD"]},{"@type":"Person","@id":"https:\/\/infoelnuevonorte.com\/#\/schema\/person\/3accb35eb55f55e96c492b52d085a403","name":"T. R.","image":{"@type":"ImageObject","inLanguage":"es-DO","@id":"https:\/\/infoelnuevonorte.com\/#\/schema\/person\/image\/","url":"https:\/\/secure.gravatar.com\/avatar\/40543a038bda97abdb765b1662e9677d?s=96&d=robohash&r=g","contentUrl":"https:\/\/secure.gravatar.com\/avatar\/40543a038bda97abdb765b1662e9677d?s=96&d=robohash&r=g","caption":"T. R."},"url":"https:\/\/infoelnuevonorte.com\/?author=2"}]}},"_links":{"self":[{"href":"https:\/\/infoelnuevonorte.com\/index.php?rest_route=\/wp\/v2\/posts\/69958"}],"collection":[{"href":"https:\/\/infoelnuevonorte.com\/index.php?rest_route=\/wp\/v2\/posts"}],"about":[{"href":"https:\/\/infoelnuevonorte.com\/index.php?rest_route=\/wp\/v2\/types\/post"}],"author":[{"embeddable":true,"href":"https:\/\/infoelnuevonorte.com\/index.php?rest_route=\/wp\/v2\/users\/2"}],"replies":[{"embeddable":true,"href":"https:\/\/infoelnuevonorte.com\/index.php?rest_route=%2Fwp%2Fv2%2Fcomments&post=69958"}],"version-history":[{"count":1,"href":"https:\/\/infoelnuevonorte.com\/index.php?rest_route=\/wp\/v2\/posts\/69958\/revisions"}],"predecessor-version":[{"id":69961,"href":"https:\/\/infoelnuevonorte.com\/index.php?rest_route=\/wp\/v2\/posts\/69958\/revisions\/69961"}],"wp:attachment":[{"href":"https:\/\/infoelnuevonorte.com\/index.php?rest_route=%2Fwp%2Fv2%2Fmedia&parent=69958"}],"wp:term":[{"taxonomy":"category","embeddable":true,"href":"https:\/\/infoelnuevonorte.com\/index.php?rest_route=%2Fwp%2Fv2%2Fcategories&post=69958"},{"taxonomy":"post_tag","embeddable":true,"href":"https:\/\/infoelnuevonorte.com\/index.php?rest_route=%2Fwp%2Fv2%2Ftags&post=69958"}],"curies":[{"name":"wp","href":"https:\/\/api.w.org\/{rel}","templated":true}]}}