{"id":7043,"date":"2023-12-14T11:16:01","date_gmt":"2023-12-14T15:16:01","guid":{"rendered":"https:\/\/infoelnuevonorte.com\/?p=7043"},"modified":"2023-12-14T11:16:03","modified_gmt":"2023-12-14T15:16:03","slug":"maduro-y-ali-se-reunen-para-desescalar-tensiones-entre-venezuela-y-guyana","status":"publish","type":"post","link":"https:\/\/infoelnuevonorte.com\/?p=7043","title":{"rendered":"Maduro y Ali se re\u00fanen para \u00abdesescalar\u00bb tensiones entre Venezuela y Guyana"},"content":{"rendered":"<p style=\"text-align: justify;\">Los presidentes de Venezuela, Nicol\u00e1s Maduro, y de Guyana, Irfaan Ali, se ver\u00e1n cara a cara en una reuni\u00f3n que, seg\u00fan analistas, ayudar\u00e1 a \u201cdesescalar\u201d crecientes tensiones, pero tendr\u00e1 bajo impacto en la resoluci\u00f3n de la vieja controversia territorial entre ambos pa\u00edses.<\/p>\n<p style=\"text-align: justify;\">La cita en San Vicente y las Granadinas es promovida por la Comunidad de Estados Latinoamericanos y del Caribe (CELAC) y la Comunidad del Caribe (CARICOM), que han expresado preocupaci\u00f3n por los cada vez m\u00e1s duros cruces de declaraciones entre ambos gobernantes por el Esequibo, una zona de 160.000 km2 rica en petr\u00f3leo y en recursos naturales que administra Georgetown y reclama Caracas.<\/p>\n<p style=\"text-align: justify;\">Venezuela hizo un referendo consultivo el pasado 3 de diciembre, aprobando crear en la regi\u00f3n una provincia venezolana y dar la nacionalidad a sus habitantes. Guyana calific\u00f3 la consulta como \u201cuna amenaza directa\u201d.<\/p>\n<p style=\"text-align: justify;\">La mesa tendr\u00e1 posiciones antag\u00f3nicas: Maduro celebr\u00f3 la cita de este jueves como \u201cun gran logro\u201d para \u201cabordar de manera directa la controversia territorial\u201d, mientras que Ali neg\u00f3 que la disputa est\u00e9 en agenda e insisti\u00f3 en que esta debe resolverse en la Corte Internacional de Justicia (CIJ), cuya jurisdicci\u00f3n es desconocida por el gobierno venezolano.<\/p>\n<p style=\"text-align: justify;\">\u201cCreo que no va a salir nada sustantivo\u00a0en t\u00e9rminos de la reclamaci\u00f3n territorial, pues la posici\u00f3n de Guyana es que no hay conversaciones bilaterales sobre el tema, porque eso est\u00e1 en la Corte Internacional de Justicia\u201d, dijo a la AFP Sadio Garavini di Turno, exembajador de Venezuela en ese pa\u00eds caribe\u00f1o.<\/p>\n<p style=\"text-align: justify;\">\u201cLos intermediarios probablemente van a tener que buscar algo para que Maduro no salga\u201d del encuentro \u201csin nada\u201d, considera Garavini di Turno, que ve \u201cfactible\u201d una declaraci\u00f3n \u201cen la cual se diga que van a bajar la escalada, que van a seguir conversando para bajar las tensiones\u201d.<\/p>\n","protected":false},"excerpt":{"rendered":"<p>Los presidentes de Venezuela, Nicol\u00e1s Maduro, y de Guyana, Irfaan Ali, se ver\u00e1n cara a cara en una reuni\u00f3n que, seg\u00fan analistas, ayudar\u00e1 a \u201cdesescalar\u201d crecientes tensiones, pero tendr\u00e1 bajo impacto en la resoluci\u00f3n de la vieja controversia territorial entre ambos pa\u00edses. La cita en San Vicente y las Granadinas es promovida por la Comunidad [&hellip;]<\/p>\n","protected":false},"author":1,"featured_media":0,"comment_status":"closed","ping_status":"open","sticky":false,"template":"","format":"standard","meta":{"footnotes":""},"categories":[2,9],"tags":[],"yoast_head":"<!-- This site is optimized with the Yoast SEO plugin v24.5 - https:\/\/yoast.com\/wordpress\/plugins\/seo\/ -->\n<title>Maduro y Ali se re\u00fanen para \u00abdesescalar\u00bb tensiones entre Venezuela y Guyana | El Nuevo Norte<\/title>\n<meta name=\"robots\" content=\"index, follow, max-snippet:-1, max-image-preview:large, max-video-preview:-1\" \/>\n<link rel=\"canonical\" href=\"https:\/\/infoelnuevonorte.com\/?p=7043\" \/>\n<meta property=\"og:locale\" content=\"es_ES\" \/>\n<meta property=\"og:type\" content=\"article\" \/>\n<meta property=\"og:title\" content=\"Maduro y Ali se re\u00fanen para \u00abdesescalar\u00bb tensiones entre Venezuela y Guyana | El Nuevo Norte\" \/>\n<meta property=\"og:description\" content=\"Los presidentes de Venezuela, Nicol\u00e1s Maduro, y de Guyana, Irfaan Ali, se ver\u00e1n cara a cara en una reuni\u00f3n que, seg\u00fan analistas, ayudar\u00e1 a \u201cdesescalar\u201d crecientes tensiones, pero tendr\u00e1 bajo impacto en la resoluci\u00f3n de la vieja controversia territorial entre ambos pa\u00edses. La cita en San Vicente y las Granadinas es promovida por la Comunidad [&hellip;]\" \/>\n<meta property=\"og:url\" content=\"https:\/\/infoelnuevonorte.com\/?p=7043\" \/>\n<meta property=\"og:site_name\" content=\"El Nuevo Norte\" \/>\n<meta property=\"article:publisher\" content=\"https:\/\/www.facebook.com\/infoenn\" \/>\n<meta property=\"article:published_time\" content=\"2023-12-14T15:16:01+00:00\" \/>\n<meta property=\"article:modified_time\" content=\"2023-12-14T15:16:03+00:00\" \/>\n<meta property=\"og:image\" content=\"https:\/\/infoelnuevonorte.com\/wp-content\/uploads\/2023\/12\/maduro-y-ali-jpg.webp\" \/>\n\t<meta property=\"og:image:width\" content=\"750\" \/>\n\t<meta property=\"og:image:height\" content=\"375\" \/>\n\t<meta property=\"og:image:type\" content=\"image\/jpeg\" \/>\n<meta name=\"author\" content=\"InfoEnn\" \/>\n<meta name=\"twitter:card\" content=\"summary_large_image\" \/>\n<meta name=\"twitter:creator\" content=\"@Elnuevo_norte\" \/>\n<meta name=\"twitter:site\" content=\"@Elnuevo_norte\" \/>\n<meta name=\"twitter:label1\" content=\"Written by\" \/>\n\t<meta name=\"twitter:data1\" content=\"InfoEnn\" \/>\n\t<meta name=\"twitter:label2\" content=\"Est. reading time\" \/>\n\t<meta name=\"twitter:data2\" content=\"2 minutos\" \/>\n<script type=\"application\/ld+json\" class=\"yoast-schema-graph\">{\"@context\":\"https:\/\/schema.org\",\"@graph\":[{\"@type\":\"Article\",\"@id\":\"https:\/\/infoelnuevonorte.com\/?p=7043#article\",\"isPartOf\":{\"@id\":\"https:\/\/infoelnuevonorte.com\/?p=7043\"},\"author\":{\"name\":\"InfoEnn\",\"@id\":\"https:\/\/infoelnuevonorte.com\/#\/schema\/person\/fd4f6d90afe41260818b4ea94ad8ab84\"},\"headline\":\"Maduro y Ali se re\u00fanen para \u00abdesescalar\u00bb tensiones entre Venezuela y Guyana\",\"datePublished\":\"2023-12-14T15:16:01+00:00\",\"dateModified\":\"2023-12-14T15:16:03+00:00\",\"mainEntityOfPage\":{\"@id\":\"https:\/\/infoelnuevonorte.com\/?p=7043\"},\"wordCount\":322,\"publisher\":{\"@id\":\"https:\/\/infoelnuevonorte.com\/#organization\"},\"articleSection\":[\"Actualidad |\",\"Mundiales\"],\"inLanguage\":\"es-DO\"},{\"@type\":\"WebPage\",\"@id\":\"https:\/\/infoelnuevonorte.com\/?p=7043\",\"url\":\"https:\/\/infoelnuevonorte.com\/?p=7043\",\"name\":\"Maduro y Ali se re\u00fanen para \u00abdesescalar\u00bb tensiones entre Venezuela y Guyana | El Nuevo Norte\",\"isPartOf\":{\"@id\":\"https:\/\/infoelnuevonorte.com\/#website\"},\"datePublished\":\"2023-12-14T15:16:01+00:00\",\"dateModified\":\"2023-12-14T15:16:03+00:00\",\"breadcrumb\":{\"@id\":\"https:\/\/infoelnuevonorte.com\/?p=7043#breadcrumb\"},\"inLanguage\":\"es-DO\",\"potentialAction\":[{\"@type\":\"ReadAction\",\"target\":[\"https:\/\/infoelnuevonorte.com\/?p=7043\"]}]},{\"@type\":\"BreadcrumbList\",\"@id\":\"https:\/\/infoelnuevonorte.com\/?p=7043#breadcrumb\",\"itemListElement\":[{\"@type\":\"ListItem\",\"position\":1,\"name\":\"Home\",\"item\":\"https:\/\/infoelnuevonorte.com\/\"},{\"@type\":\"ListItem\",\"position\":2,\"name\":\"Maduro y Ali se re\u00fanen para \u00abdesescalar\u00bb tensiones entre Venezuela y Guyana\"}]},{\"@type\":\"WebSite\",\"@id\":\"https:\/\/infoelnuevonorte.com\/#website\",\"url\":\"https:\/\/infoelnuevonorte.com\/\",\"name\":\"InfoEnn\",\"description\":\"Tu Voz, tu Verdad, tu Diario!!!\",\"publisher\":{\"@id\":\"https:\/\/infoelnuevonorte.com\/#organization\"},\"alternateName\":\"El Nuevo Norte\",\"potentialAction\":[{\"@type\":\"SearchAction\",\"target\":{\"@type\":\"EntryPoint\",\"urlTemplate\":\"https:\/\/infoelnuevonorte.com\/?s={search_term_string}\"},\"query-input\":{\"@type\":\"PropertyValueSpecification\",\"valueRequired\":true,\"valueName\":\"search_term_string\"}}],\"inLanguage\":\"es-DO\"},{\"@type\":\"Organization\",\"@id\":\"https:\/\/infoelnuevonorte.com\/#organization\",\"name\":\"Info El Nuevo Norte\",\"alternateName\":\"El Nuevo Norte\",\"url\":\"https:\/\/infoelnuevonorte.com\/\",\"logo\":{\"@type\":\"ImageObject\",\"inLanguage\":\"es-DO\",\"@id\":\"https:\/\/infoelnuevonorte.com\/#\/schema\/logo\/image\/\",\"url\":\"https:\/\/infoelnuevonorte.com\/wp-content\/uploads\/2026\/02\/Logo-Info-enn-3d-20ani.jpeg\",\"contentUrl\":\"https:\/\/infoelnuevonorte.com\/wp-content\/uploads\/2026\/02\/Logo-Info-enn-3d-20ani.jpeg\",\"width\":2046,\"height\":736,\"caption\":\"Info El Nuevo Norte\"},\"image\":{\"@id\":\"https:\/\/infoelnuevonorte.com\/#\/schema\/logo\/image\/\"},\"sameAs\":[\"https:\/\/www.facebook.com\/infoenn\",\"https:\/\/x.com\/Elnuevo_norte\",\"https:\/\/www.instagram.com\/infoenn\",\"https:\/\/www.facebook.com\/ENNRD\"]},{\"@type\":\"Person\",\"@id\":\"https:\/\/infoelnuevonorte.com\/#\/schema\/person\/fd4f6d90afe41260818b4ea94ad8ab84\",\"name\":\"InfoEnn\",\"image\":{\"@type\":\"ImageObject\",\"inLanguage\":\"es-DO\",\"@id\":\"https:\/\/infoelnuevonorte.com\/#\/schema\/person\/image\/\",\"url\":\"https:\/\/secure.gravatar.com\/avatar\/d4d760a41a48ba9db0a82bfb63bb0783?s=96&d=robohash&r=g\",\"contentUrl\":\"https:\/\/secure.gravatar.com\/avatar\/d4d760a41a48ba9db0a82bfb63bb0783?s=96&d=robohash&r=g\",\"caption\":\"InfoEnn\"},\"sameAs\":[\"https:\/\/infoelnuevonorte.com\"],\"url\":\"https:\/\/infoelnuevonorte.com\/?author=1\"}]}<\/script>\n<!-- \/ Yoast SEO plugin. -->","yoast_head_json":{"title":"Maduro y Ali se re\u00fanen para \u00abdesescalar\u00bb tensiones entre Venezuela y Guyana | El Nuevo Norte","robots":{"index":"index","follow":"follow","max-snippet":"max-snippet:-1","max-image-preview":"max-image-preview:large","max-video-preview":"max-video-preview:-1"},"canonical":"https:\/\/infoelnuevonorte.com\/?p=7043","og_locale":"es_ES","og_type":"article","og_title":"Maduro y Ali se re\u00fanen para \u00abdesescalar\u00bb tensiones entre Venezuela y Guyana | El Nuevo Norte","og_description":"Los presidentes de Venezuela, Nicol\u00e1s Maduro, y de Guyana, Irfaan Ali, se ver\u00e1n cara a cara en una reuni\u00f3n que, seg\u00fan analistas, ayudar\u00e1 a \u201cdesescalar\u201d crecientes tensiones, pero tendr\u00e1 bajo impacto en la resoluci\u00f3n de la vieja controversia territorial entre ambos pa\u00edses. La cita en San Vicente y las Granadinas es promovida por la Comunidad [&hellip;]","og_url":"https:\/\/infoelnuevonorte.com\/?p=7043","og_site_name":"El Nuevo Norte","article_publisher":"https:\/\/www.facebook.com\/infoenn","article_published_time":"2023-12-14T15:16:01+00:00","article_modified_time":"2023-12-14T15:16:03+00:00","og_image":[{"width":750,"height":375,"url":"https:\/\/infoelnuevonorte.com\/wp-content\/uploads\/2023\/12\/maduro-y-ali-jpg.webp","type":"image\/jpeg"}],"author":"InfoEnn","twitter_card":"summary_large_image","twitter_creator":"@Elnuevo_norte","twitter_site":"@Elnuevo_norte","twitter_misc":{"Written by":"InfoEnn","Est. reading time":"2 minutos"},"schema":{"@context":"https:\/\/schema.org","@graph":[{"@type":"Article","@id":"https:\/\/infoelnuevonorte.com\/?p=7043#article","isPartOf":{"@id":"https:\/\/infoelnuevonorte.com\/?p=7043"},"author":{"name":"InfoEnn","@id":"https:\/\/infoelnuevonorte.com\/#\/schema\/person\/fd4f6d90afe41260818b4ea94ad8ab84"},"headline":"Maduro y Ali se re\u00fanen para \u00abdesescalar\u00bb tensiones entre Venezuela y Guyana","datePublished":"2023-12-14T15:16:01+00:00","dateModified":"2023-12-14T15:16:03+00:00","mainEntityOfPage":{"@id":"https:\/\/infoelnuevonorte.com\/?p=7043"},"wordCount":322,"publisher":{"@id":"https:\/\/infoelnuevonorte.com\/#organization"},"articleSection":["Actualidad |","Mundiales"],"inLanguage":"es-DO"},{"@type":"WebPage","@id":"https:\/\/infoelnuevonorte.com\/?p=7043","url":"https:\/\/infoelnuevonorte.com\/?p=7043","name":"Maduro y Ali se re\u00fanen para \u00abdesescalar\u00bb tensiones entre Venezuela y Guyana | El Nuevo Norte","isPartOf":{"@id":"https:\/\/infoelnuevonorte.com\/#website"},"datePublished":"2023-12-14T15:16:01+00:00","dateModified":"2023-12-14T15:16:03+00:00","breadcrumb":{"@id":"https:\/\/infoelnuevonorte.com\/?p=7043#breadcrumb"},"inLanguage":"es-DO","potentialAction":[{"@type":"ReadAction","target":["https:\/\/infoelnuevonorte.com\/?p=7043"]}]},{"@type":"BreadcrumbList","@id":"https:\/\/infoelnuevonorte.com\/?p=7043#breadcrumb","itemListElement":[{"@type":"ListItem","position":1,"name":"Home","item":"https:\/\/infoelnuevonorte.com\/"},{"@type":"ListItem","position":2,"name":"Maduro y Ali se re\u00fanen para \u00abdesescalar\u00bb tensiones entre Venezuela y Guyana"}]},{"@type":"WebSite","@id":"https:\/\/infoelnuevonorte.com\/#website","url":"https:\/\/infoelnuevonorte.com\/","name":"InfoEnn","description":"Tu Voz, tu Verdad, tu Diario!!!","publisher":{"@id":"https:\/\/infoelnuevonorte.com\/#organization"},"alternateName":"El Nuevo Norte","potentialAction":[{"@type":"SearchAction","target":{"@type":"EntryPoint","urlTemplate":"https:\/\/infoelnuevonorte.com\/?s={search_term_string}"},"query-input":{"@type":"PropertyValueSpecification","valueRequired":true,"valueName":"search_term_string"}}],"inLanguage":"es-DO"},{"@type":"Organization","@id":"https:\/\/infoelnuevonorte.com\/#organization","name":"Info El Nuevo Norte","alternateName":"El Nuevo Norte","url":"https:\/\/infoelnuevonorte.com\/","logo":{"@type":"ImageObject","inLanguage":"es-DO","@id":"https:\/\/infoelnuevonorte.com\/#\/schema\/logo\/image\/","url":"https:\/\/infoelnuevonorte.com\/wp-content\/uploads\/2026\/02\/Logo-Info-enn-3d-20ani.jpeg","contentUrl":"https:\/\/infoelnuevonorte.com\/wp-content\/uploads\/2026\/02\/Logo-Info-enn-3d-20ani.jpeg","width":2046,"height":736,"caption":"Info El Nuevo Norte"},"image":{"@id":"https:\/\/infoelnuevonorte.com\/#\/schema\/logo\/image\/"},"sameAs":["https:\/\/www.facebook.com\/infoenn","https:\/\/x.com\/Elnuevo_norte","https:\/\/www.instagram.com\/infoenn","https:\/\/www.facebook.com\/ENNRD"]},{"@type":"Person","@id":"https:\/\/infoelnuevonorte.com\/#\/schema\/person\/fd4f6d90afe41260818b4ea94ad8ab84","name":"InfoEnn","image":{"@type":"ImageObject","inLanguage":"es-DO","@id":"https:\/\/infoelnuevonorte.com\/#\/schema\/person\/image\/","url":"https:\/\/secure.gravatar.com\/avatar\/d4d760a41a48ba9db0a82bfb63bb0783?s=96&d=robohash&r=g","contentUrl":"https:\/\/secure.gravatar.com\/avatar\/d4d760a41a48ba9db0a82bfb63bb0783?s=96&d=robohash&r=g","caption":"InfoEnn"},"sameAs":["https:\/\/infoelnuevonorte.com"],"url":"https:\/\/infoelnuevonorte.com\/?author=1"}]}},"_links":{"self":[{"href":"https:\/\/infoelnuevonorte.com\/index.php?rest_route=\/wp\/v2\/posts\/7043"}],"collection":[{"href":"https:\/\/infoelnuevonorte.com\/index.php?rest_route=\/wp\/v2\/posts"}],"about":[{"href":"https:\/\/infoelnuevonorte.com\/index.php?rest_route=\/wp\/v2\/types\/post"}],"author":[{"embeddable":true,"href":"https:\/\/infoelnuevonorte.com\/index.php?rest_route=\/wp\/v2\/users\/1"}],"replies":[{"embeddable":true,"href":"https:\/\/infoelnuevonorte.com\/index.php?rest_route=%2Fwp%2Fv2%2Fcomments&post=7043"}],"version-history":[{"count":0,"href":"https:\/\/infoelnuevonorte.com\/index.php?rest_route=\/wp\/v2\/posts\/7043\/revisions"}],"wp:attachment":[{"href":"https:\/\/infoelnuevonorte.com\/index.php?rest_route=%2Fwp%2Fv2%2Fmedia&parent=7043"}],"wp:term":[{"taxonomy":"category","embeddable":true,"href":"https:\/\/infoelnuevonorte.com\/index.php?rest_route=%2Fwp%2Fv2%2Fcategories&post=7043"},{"taxonomy":"post_tag","embeddable":true,"href":"https:\/\/infoelnuevonorte.com\/index.php?rest_route=%2Fwp%2Fv2%2Ftags&post=7043"}],"curies":[{"name":"wp","href":"https:\/\/api.w.org\/{rel}","templated":true}]}}