{"id":7125,"date":"2023-12-15T06:33:02","date_gmt":"2023-12-15T10:33:02","guid":{"rendered":"https:\/\/infoelnuevonorte.com\/?p=7125"},"modified":"2023-12-15T06:33:03","modified_gmt":"2023-12-15T10:33:03","slug":"cepal-alerta-sobre-aumento-en-pagos-de-intereses-de-la-deuda-de-rd-y-otros-paises","status":"publish","type":"post","link":"https:\/\/infoelnuevonorte.com\/?p=7125","title":{"rendered":"Cepal alerta sobre aumento en pagos de intereses de la deuda de RD y otros pa\u00edses"},"content":{"rendered":"<p style=\"text-align: justify;\">La Comisi\u00f3n Econ\u00f3mica para <strong>Am\u00e9rica Latina<\/strong> y el Caribe (<strong>Cepal<\/strong>) redujo 0.6 puntos porcentuales a la estimaci\u00f3n de <strong>crecimiento<\/strong> de la <strong>econom\u00eda dominicana<\/strong> en este 2023 que hab\u00eda hecho en septiembre pasado, para ubicarla en 3.1 %. El porcentaje es superior al proyectado por el Banco Central dominicano a principio de mes que lo ubic\u00f3 en torno al 2.5 %.<\/p>\n<p style=\"text-align: justify;\">Para el pr\u00f3ximo a\u00f1o, la <strong>Cepal<\/strong> subi\u00f3 su proyecci\u00f3n de <strong>crecimiento<\/strong> del pa\u00eds al 4.1 %, cuando en septiembre lo hab\u00eda fijado en 3 %.<\/p>\n<p style=\"text-align: justify;\">No obstante a la mejora proyectada, basada en an\u00e1lisis de datos econ\u00f3micos, la <strong>Cepal<\/strong> indica que, con 2.8 %, la <strong>Rep\u00fablica Dominicana<\/strong> sobrepasa ligeramente el promedio regional de 2.6 % de <strong>Am\u00e9rica Latina<\/strong> y el Caribe en cuanto al porcentaje que representan del producto interno bruto (PIB) los pagos de los <strong>intereses<\/strong> de la <strong>deuda<\/strong> del gobierno central.<\/p>\n<p style=\"text-align: justify;\">Entre enero y el 8 de diciembre del 2023, se hab\u00eda devengado el 89.4 % del presupuesto vigente de\u00a0 222,787.3 millones de pesos para el pago de <strong>intereses<\/strong> de la <strong>deuda<\/strong>, seg\u00fan un reporte de la Direcci\u00f3n General de Presupuesto.<\/p>\n<p style=\"text-align: justify;\">En 2012, dichos pagos de <strong>intereses<\/strong> de la <strong>deuda<\/strong> representaban el 1.9 % del PIB del pa\u00eds, y 10 a\u00f1os despu\u00e9s (2022) subieron al 2.8 %, indica la <strong>Cepal<\/strong>.<\/p>\n<div id=\"detalle-parrafo\" style=\"text-align: justify;\"><\/div>\n<div class=\"social-embed mb-4\">\n<div class=\"placeholderYoutube\"><iframe class=\"flourish-embed-ifram lazy&quot; frameborder=\" title=\"Embed contenido\" src=\"https:\/\/flo.uri.sh\/visualisation\/16149073\/embed\" scrolling=\"no\" sandbox=\"allow-same-origin allow-forms allow-scripts allow-downloads allow-popups allow-popups-to-escape-sandbox allow-top-navigation-by-user-activation\" data-mce-fragment=\"1\"><\/iframe><\/p>\n<div><a class=\"flourish-credi lazy&quot; href=\" title=\"\u00a0\" target=\"_top\" rel=\"nofollow noopener noreferrer\"><img decoding=\"async\" src=\"https:\/\/public.flourish.studio\/resources\/made_with_flourish.svg\" alt=\"Made with Flourish\" \/><\/a><\/p>\n<p style=\"text-align: justify;\">Durante la presentaci\u00f3n ayer en Santiago de Chile de su informe \"Balance Preliminar de las Econom\u00edas de <strong>Am\u00e9rica Latina<\/strong> y el Caribe 2023&#8243;, la <strong>Cepal<\/strong> alert\u00f3 que los altos niveles de <strong>deuda<\/strong> han llevado a un aumento en los pagos de <strong>intereses<\/strong> en la regi\u00f3n, reduciendo el espacio fiscal.<\/p>\n<p style=\"text-align: justify;\">\"Cuando miras la varianza, hay pa\u00edses en <strong>Am\u00e9rica Latina<\/strong> que llegan casi a cinco puntos del PIB, o sea, destinan cinco puntos del esfuerzo de producci\u00f3n que hacen en pago de <strong>intereses<\/strong> de la <strong>deuda<\/strong>. Y uno se podr\u00eda preguntar: si esos cinco puntos se destinaran a pol\u00edticas de desarrollo productivo, a pol\u00edticas sociales y otros tipos de pol\u00edtica, \u00bfqu\u00e9 impacto tendr\u00edan y\u00a0 cu\u00e1l ser\u00eda el impacto sobre el crecimiento y el desarrolo de nuestros pa\u00edses?\", reflexion\u00f3 Daniel Titelman, director de la Divisi\u00f3n de Desarrollo Econ\u00f3mico de la <strong>Cepal<\/strong>.<\/p>\n<h2 style=\"text-align: justify;\">Hay desaceleraci\u00f3n<\/h2>\n<ul class=\"list-text\" style=\"text-align: justify;\">\n<li>Panam\u00e1 (6.1 %), Costa Rica (4.9 %) y Paraguay (4.5 %) lideran la estimaci\u00f3n de <strong>crecimiento<\/strong> por pa\u00eds hecha por la <strong>Cepal<\/strong> para el 2023.<\/li>\n<\/ul>\n<div class=\"social-embed mb-4\" style=\"text-align: justify;\">\n<div class=\"placeholderYoutube\"><iframe class=\"flourish-embed-ifram lazy&quot; frameborder=\" title=\"Embed contenido\" src=\"https:\/\/flo.uri.sh\/story\/2122209\/embed\" scrolling=\"no\" sandbox=\"allow-same-origin allow-forms allow-scripts allow-downloads allow-popups allow-popups-to-escape-sandbox allow-top-navigation-by-user-activation\"><\/iframe><\/p>\n<div><a class=\"flourish-credi lazy&quot; href=\" title=\"\u00a0\" target=\"_top\" rel=\"nofollow noopener noreferrer\"><img decoding=\"async\" src=\"https:\/\/public.flourish.studio\/resources\/made_with_flourish.svg\" alt=\"Made with Flourish\" \/><\/a><\/div>\n<\/div>\n<\/div>\n<p style=\"text-align: justify;\">La entidad, dependiente de la Organizaci\u00f3n de las Naciones Unidas, estima que, en promedio, <strong>Am\u00e9rica Latina<\/strong> y el Caribe crecer\u00e1 2.2 % en 2023 y 1.9 % en 2024, lo que implica una desaceleraci\u00f3n del <strong>crecimiento<\/strong> regional respecto a los niveles observados en 2022.<\/p>\n<p style=\"text-align: justify;\">Considera que estas proyecciones reflejan, por una parte, el <strong>bajo dinamismo del<\/strong> <strong>crecimiento<\/strong> econ\u00f3mico y comercio global, \"lo que se traduce en un limitado impulso desde la econom\u00eda mundial\".<\/p>\n<p style=\"text-align: justify;\">\"Aunque la <strong>inflaci\u00f3n<\/strong> ha disminuido, las tasas de inter\u00e9s de las principales econom\u00edas desarrolladas no se han reducido, por lo que los costos de financiamiento se han mantenido en niveles elevados todo el a\u00f1o y se espera que contin\u00faen as\u00ed durante los pr\u00f3ximos a\u00f1os\", analiza la <strong>Cepal<\/strong> en su balance.<\/p>\n<p style=\"text-align: justify;\">El bajo <strong>crecimiento<\/strong> indica que tambi\u00e9n responde al limitado espacio interno de la pol\u00edtica fiscal y monetaria, que enfrentan los pa\u00edses de la regi\u00f3n. Resalta que \"los niveles de <strong>deuda<\/strong> p\u00fablica, si bien se han reducido, son a\u00fan elevados, lo que, sumado al aumento del costo del financiamiento, restringe el espacio fiscal\".<\/p>\n<h2 style=\"text-align: justify;\">\u00bfQu\u00e9 hacer para mejorar?<\/h2>\n<p style=\"text-align: justify;\">La <strong>Cepal<\/strong> insisti\u00f3 con que <strong>Am\u00e9rica Latina<\/strong> y El Caribe tiene la menor tasa de inversi\u00f3n y el menor acervo de capital p\u00fablico en comparaci\u00f3n con otras regiones.<\/p>\n<p style=\"text-align: justify;\">Para salir de lo que llama \"la <strong>trampa de bajo crecimiento<\/strong>\", su secretario ejecutivo, Jos\u00e9 Manuel Salazar-Xirinachs, se\u00f1al\u00f3 que \"es necesario escalar las pol\u00edticas de desarrollo productivo con una mirada en sectores estrat\u00e9gicos dinamizadores, impulsar pol\u00edticas para promover la inversi\u00f3n p\u00fablica y privada, y adecuar el marco de financiamiento para potenciar la movilizaci\u00f3n de recursos\".<\/p>\n<div class=\"my-12 component web-insert relative border bg-component\"><span class=\"text-xl block my-3 component-title glosa\"><strong>Perspectivas de la inflaci\u00f3n<\/strong><\/span><\/p>\n<p style=\"text-align: justify;\">La Cepal proyecta que la inflaci\u00f3n mediana de la regi\u00f3n termine este a\u00f1o en 3.8 %, muy inferior al 8.2 % del 2022. Para 2024 vaticina que la ca\u00edda continuar\u00e1 y prev\u00e9 que la mediana de la tasa de inflaci\u00f3n regional ser\u00e1 del 3.2 %.<\/p>\n<p style=\"text-align: justify;\">En cuanto a la reducci\u00f3n de tasas en el 2023, a\u00fan es cautelosa, por lo que la postura de la pol\u00edtica monetaria mantiene un sesgo restrictivo.<\/p>\n<\/div>\n<\/div>\n<\/div>\n<\/div>\n","protected":false},"excerpt":{"rendered":"<p>La Comisi\u00f3n Econ\u00f3mica para Am\u00e9rica Latina y el Caribe (Cepal) redujo 0.6 puntos porcentuales a la estimaci\u00f3n de crecimiento de la econom\u00eda dominicana en este 2023 que hab\u00eda hecho en septiembre pasado, para ubicarla en 3.1 %. El porcentaje es superior al proyectado por el Banco Central dominicano a principio de mes que lo ubic\u00f3 [&hellip;]<\/p>\n","protected":false},"author":1,"featured_media":0,"comment_status":"closed","ping_status":"open","sticky":false,"template":"","format":"standard","meta":{"footnotes":""},"categories":[2,15],"tags":[],"yoast_head":"<!-- This site is optimized with the Yoast SEO plugin v24.5 - https:\/\/yoast.com\/wordpress\/plugins\/seo\/ -->\n<title>Cepal alerta sobre aumento en pagos de intereses de la deuda de RD y otros pa\u00edses | El Nuevo Norte<\/title>\n<meta name=\"robots\" content=\"index, follow, max-snippet:-1, max-image-preview:large, max-video-preview:-1\" \/>\n<link rel=\"canonical\" href=\"https:\/\/infoelnuevonorte.com\/?p=7125\" \/>\n<meta property=\"og:locale\" content=\"es_ES\" \/>\n<meta property=\"og:type\" content=\"article\" \/>\n<meta property=\"og:title\" content=\"Cepal alerta sobre aumento en pagos de intereses de la deuda de RD y otros pa\u00edses | El Nuevo Norte\" \/>\n<meta property=\"og:description\" content=\"La Comisi\u00f3n Econ\u00f3mica para Am\u00e9rica Latina y el Caribe (Cepal) redujo 0.6 puntos porcentuales a la estimaci\u00f3n de crecimiento de la econom\u00eda dominicana en este 2023 que hab\u00eda hecho en septiembre pasado, para ubicarla en 3.1 %. El porcentaje es superior al proyectado por el Banco Central dominicano a principio de mes que lo ubic\u00f3 [&hellip;]\" \/>\n<meta property=\"og:url\" content=\"https:\/\/infoelnuevonorte.com\/?p=7125\" \/>\n<meta property=\"og:site_name\" content=\"El Nuevo Norte\" \/>\n<meta property=\"article:publisher\" content=\"https:\/\/www.facebook.com\/infoenn\" \/>\n<meta property=\"article:published_time\" content=\"2023-12-15T10:33:02+00:00\" \/>\n<meta property=\"article:modified_time\" content=\"2023-12-15T10:33:03+00:00\" \/>\n<meta property=\"og:image\" content=\"https:\/\/infoelnuevonorte.com\/wp-content\/uploads\/2023\/12\/lo-que-alerta-la-cepal-sobre-los-pagos-de-intereses-de-la-deuda-focus-0-0-896-504-jpg.webp\" \/>\n\t<meta property=\"og:image:width\" content=\"896\" \/>\n\t<meta property=\"og:image:height\" content=\"504\" \/>\n\t<meta property=\"og:image:type\" content=\"image\/jpeg\" \/>\n<meta name=\"author\" content=\"InfoEnn\" \/>\n<meta name=\"twitter:card\" content=\"summary_large_image\" \/>\n<meta name=\"twitter:creator\" content=\"@Elnuevo_norte\" \/>\n<meta name=\"twitter:site\" content=\"@Elnuevo_norte\" \/>\n<meta name=\"twitter:label1\" content=\"Written by\" \/>\n\t<meta name=\"twitter:data1\" content=\"InfoEnn\" \/>\n\t<meta name=\"twitter:label2\" content=\"Est. reading time\" \/>\n\t<meta name=\"twitter:data2\" content=\"4 minutos\" \/>\n<script type=\"application\/ld+json\" class=\"yoast-schema-graph\">{\"@context\":\"https:\/\/schema.org\",\"@graph\":[{\"@type\":\"Article\",\"@id\":\"https:\/\/infoelnuevonorte.com\/?p=7125#article\",\"isPartOf\":{\"@id\":\"https:\/\/infoelnuevonorte.com\/?p=7125\"},\"author\":{\"name\":\"InfoEnn\",\"@id\":\"https:\/\/infoelnuevonorte.com\/#\/schema\/person\/fd4f6d90afe41260818b4ea94ad8ab84\"},\"headline\":\"Cepal alerta sobre aumento en pagos de intereses de la deuda de RD y otros pa\u00edses\",\"datePublished\":\"2023-12-15T10:33:02+00:00\",\"dateModified\":\"2023-12-15T10:33:03+00:00\",\"mainEntityOfPage\":{\"@id\":\"https:\/\/infoelnuevonorte.com\/?p=7125\"},\"wordCount\":760,\"publisher\":{\"@id\":\"https:\/\/infoelnuevonorte.com\/#organization\"},\"image\":{\"@id\":\"https:\/\/infoelnuevonorte.com\/?p=7125#primaryimage\"},\"thumbnailUrl\":\"https:\/\/public.flourish.studio\/resources\/made_with_flourish.svg\",\"articleSection\":[\"Actualidad |\",\"Economicas\"],\"inLanguage\":\"es-DO\"},{\"@type\":\"WebPage\",\"@id\":\"https:\/\/infoelnuevonorte.com\/?p=7125\",\"url\":\"https:\/\/infoelnuevonorte.com\/?p=7125\",\"name\":\"Cepal alerta sobre aumento en pagos de intereses de la deuda de RD y otros pa\u00edses | El Nuevo Norte\",\"isPartOf\":{\"@id\":\"https:\/\/infoelnuevonorte.com\/#website\"},\"primaryImageOfPage\":{\"@id\":\"https:\/\/infoelnuevonorte.com\/?p=7125#primaryimage\"},\"image\":{\"@id\":\"https:\/\/infoelnuevonorte.com\/?p=7125#primaryimage\"},\"thumbnailUrl\":\"https:\/\/public.flourish.studio\/resources\/made_with_flourish.svg\",\"datePublished\":\"2023-12-15T10:33:02+00:00\",\"dateModified\":\"2023-12-15T10:33:03+00:00\",\"breadcrumb\":{\"@id\":\"https:\/\/infoelnuevonorte.com\/?p=7125#breadcrumb\"},\"inLanguage\":\"es-DO\",\"potentialAction\":[{\"@type\":\"ReadAction\",\"target\":[\"https:\/\/infoelnuevonorte.com\/?p=7125\"]}]},{\"@type\":\"ImageObject\",\"inLanguage\":\"es-DO\",\"@id\":\"https:\/\/infoelnuevonorte.com\/?p=7125#primaryimage\",\"url\":\"https:\/\/public.flourish.studio\/resources\/made_with_flourish.svg\",\"contentUrl\":\"https:\/\/public.flourish.studio\/resources\/made_with_flourish.svg\"},{\"@type\":\"BreadcrumbList\",\"@id\":\"https:\/\/infoelnuevonorte.com\/?p=7125#breadcrumb\",\"itemListElement\":[{\"@type\":\"ListItem\",\"position\":1,\"name\":\"Home\",\"item\":\"https:\/\/infoelnuevonorte.com\/\"},{\"@type\":\"ListItem\",\"position\":2,\"name\":\"Cepal alerta sobre aumento en pagos de intereses de la deuda de RD y otros pa\u00edses\"}]},{\"@type\":\"WebSite\",\"@id\":\"https:\/\/infoelnuevonorte.com\/#website\",\"url\":\"https:\/\/infoelnuevonorte.com\/\",\"name\":\"InfoEnn\",\"description\":\"Tu Voz, tu Verdad, tu Diario!!!\",\"publisher\":{\"@id\":\"https:\/\/infoelnuevonorte.com\/#organization\"},\"alternateName\":\"El Nuevo Norte\",\"potentialAction\":[{\"@type\":\"SearchAction\",\"target\":{\"@type\":\"EntryPoint\",\"urlTemplate\":\"https:\/\/infoelnuevonorte.com\/?s={search_term_string}\"},\"query-input\":{\"@type\":\"PropertyValueSpecification\",\"valueRequired\":true,\"valueName\":\"search_term_string\"}}],\"inLanguage\":\"es-DO\"},{\"@type\":\"Organization\",\"@id\":\"https:\/\/infoelnuevonorte.com\/#organization\",\"name\":\"Info El Nuevo Norte\",\"alternateName\":\"El Nuevo Norte\",\"url\":\"https:\/\/infoelnuevonorte.com\/\",\"logo\":{\"@type\":\"ImageObject\",\"inLanguage\":\"es-DO\",\"@id\":\"https:\/\/infoelnuevonorte.com\/#\/schema\/logo\/image\/\",\"url\":\"https:\/\/infoelnuevonorte.com\/wp-content\/uploads\/2026\/02\/Logo-Info-enn-3d-20ani.jpeg\",\"contentUrl\":\"https:\/\/infoelnuevonorte.com\/wp-content\/uploads\/2026\/02\/Logo-Info-enn-3d-20ani.jpeg\",\"width\":2046,\"height\":736,\"caption\":\"Info El Nuevo Norte\"},\"image\":{\"@id\":\"https:\/\/infoelnuevonorte.com\/#\/schema\/logo\/image\/\"},\"sameAs\":[\"https:\/\/www.facebook.com\/infoenn\",\"https:\/\/x.com\/Elnuevo_norte\",\"https:\/\/www.instagram.com\/infoenn\",\"https:\/\/www.facebook.com\/ENNRD\"]},{\"@type\":\"Person\",\"@id\":\"https:\/\/infoelnuevonorte.com\/#\/schema\/person\/fd4f6d90afe41260818b4ea94ad8ab84\",\"name\":\"InfoEnn\",\"image\":{\"@type\":\"ImageObject\",\"inLanguage\":\"es-DO\",\"@id\":\"https:\/\/infoelnuevonorte.com\/#\/schema\/person\/image\/\",\"url\":\"https:\/\/secure.gravatar.com\/avatar\/d4d760a41a48ba9db0a82bfb63bb0783?s=96&d=robohash&r=g\",\"contentUrl\":\"https:\/\/secure.gravatar.com\/avatar\/d4d760a41a48ba9db0a82bfb63bb0783?s=96&d=robohash&r=g\",\"caption\":\"InfoEnn\"},\"sameAs\":[\"https:\/\/infoelnuevonorte.com\"],\"url\":\"https:\/\/infoelnuevonorte.com\/?author=1\"}]}<\/script>\n<!-- \/ Yoast SEO plugin. -->","yoast_head_json":{"title":"Cepal alerta sobre aumento en pagos de intereses de la deuda de RD y otros pa\u00edses | El Nuevo Norte","robots":{"index":"index","follow":"follow","max-snippet":"max-snippet:-1","max-image-preview":"max-image-preview:large","max-video-preview":"max-video-preview:-1"},"canonical":"https:\/\/infoelnuevonorte.com\/?p=7125","og_locale":"es_ES","og_type":"article","og_title":"Cepal alerta sobre aumento en pagos de intereses de la deuda de RD y otros pa\u00edses | El Nuevo Norte","og_description":"La Comisi\u00f3n Econ\u00f3mica para Am\u00e9rica Latina y el Caribe (Cepal) redujo 0.6 puntos porcentuales a la estimaci\u00f3n de crecimiento de la econom\u00eda dominicana en este 2023 que hab\u00eda hecho en septiembre pasado, para ubicarla en 3.1 %. El porcentaje es superior al proyectado por el Banco Central dominicano a principio de mes que lo ubic\u00f3 [&hellip;]","og_url":"https:\/\/infoelnuevonorte.com\/?p=7125","og_site_name":"El Nuevo Norte","article_publisher":"https:\/\/www.facebook.com\/infoenn","article_published_time":"2023-12-15T10:33:02+00:00","article_modified_time":"2023-12-15T10:33:03+00:00","og_image":[{"width":896,"height":504,"url":"https:\/\/infoelnuevonorte.com\/wp-content\/uploads\/2023\/12\/lo-que-alerta-la-cepal-sobre-los-pagos-de-intereses-de-la-deuda-focus-0-0-896-504-jpg.webp","type":"image\/jpeg"}],"author":"InfoEnn","twitter_card":"summary_large_image","twitter_creator":"@Elnuevo_norte","twitter_site":"@Elnuevo_norte","twitter_misc":{"Written by":"InfoEnn","Est. reading time":"4 minutos"},"schema":{"@context":"https:\/\/schema.org","@graph":[{"@type":"Article","@id":"https:\/\/infoelnuevonorte.com\/?p=7125#article","isPartOf":{"@id":"https:\/\/infoelnuevonorte.com\/?p=7125"},"author":{"name":"InfoEnn","@id":"https:\/\/infoelnuevonorte.com\/#\/schema\/person\/fd4f6d90afe41260818b4ea94ad8ab84"},"headline":"Cepal alerta sobre aumento en pagos de intereses de la deuda de RD y otros pa\u00edses","datePublished":"2023-12-15T10:33:02+00:00","dateModified":"2023-12-15T10:33:03+00:00","mainEntityOfPage":{"@id":"https:\/\/infoelnuevonorte.com\/?p=7125"},"wordCount":760,"publisher":{"@id":"https:\/\/infoelnuevonorte.com\/#organization"},"image":{"@id":"https:\/\/infoelnuevonorte.com\/?p=7125#primaryimage"},"thumbnailUrl":"https:\/\/public.flourish.studio\/resources\/made_with_flourish.svg","articleSection":["Actualidad |","Economicas"],"inLanguage":"es-DO"},{"@type":"WebPage","@id":"https:\/\/infoelnuevonorte.com\/?p=7125","url":"https:\/\/infoelnuevonorte.com\/?p=7125","name":"Cepal alerta sobre aumento en pagos de intereses de la deuda de RD y otros pa\u00edses | El Nuevo Norte","isPartOf":{"@id":"https:\/\/infoelnuevonorte.com\/#website"},"primaryImageOfPage":{"@id":"https:\/\/infoelnuevonorte.com\/?p=7125#primaryimage"},"image":{"@id":"https:\/\/infoelnuevonorte.com\/?p=7125#primaryimage"},"thumbnailUrl":"https:\/\/public.flourish.studio\/resources\/made_with_flourish.svg","datePublished":"2023-12-15T10:33:02+00:00","dateModified":"2023-12-15T10:33:03+00:00","breadcrumb":{"@id":"https:\/\/infoelnuevonorte.com\/?p=7125#breadcrumb"},"inLanguage":"es-DO","potentialAction":[{"@type":"ReadAction","target":["https:\/\/infoelnuevonorte.com\/?p=7125"]}]},{"@type":"ImageObject","inLanguage":"es-DO","@id":"https:\/\/infoelnuevonorte.com\/?p=7125#primaryimage","url":"https:\/\/public.flourish.studio\/resources\/made_with_flourish.svg","contentUrl":"https:\/\/public.flourish.studio\/resources\/made_with_flourish.svg"},{"@type":"BreadcrumbList","@id":"https:\/\/infoelnuevonorte.com\/?p=7125#breadcrumb","itemListElement":[{"@type":"ListItem","position":1,"name":"Home","item":"https:\/\/infoelnuevonorte.com\/"},{"@type":"ListItem","position":2,"name":"Cepal alerta sobre aumento en pagos de intereses de la deuda de RD y otros pa\u00edses"}]},{"@type":"WebSite","@id":"https:\/\/infoelnuevonorte.com\/#website","url":"https:\/\/infoelnuevonorte.com\/","name":"InfoEnn","description":"Tu Voz, tu Verdad, tu Diario!!!","publisher":{"@id":"https:\/\/infoelnuevonorte.com\/#organization"},"alternateName":"El Nuevo Norte","potentialAction":[{"@type":"SearchAction","target":{"@type":"EntryPoint","urlTemplate":"https:\/\/infoelnuevonorte.com\/?s={search_term_string}"},"query-input":{"@type":"PropertyValueSpecification","valueRequired":true,"valueName":"search_term_string"}}],"inLanguage":"es-DO"},{"@type":"Organization","@id":"https:\/\/infoelnuevonorte.com\/#organization","name":"Info El Nuevo Norte","alternateName":"El Nuevo Norte","url":"https:\/\/infoelnuevonorte.com\/","logo":{"@type":"ImageObject","inLanguage":"es-DO","@id":"https:\/\/infoelnuevonorte.com\/#\/schema\/logo\/image\/","url":"https:\/\/infoelnuevonorte.com\/wp-content\/uploads\/2026\/02\/Logo-Info-enn-3d-20ani.jpeg","contentUrl":"https:\/\/infoelnuevonorte.com\/wp-content\/uploads\/2026\/02\/Logo-Info-enn-3d-20ani.jpeg","width":2046,"height":736,"caption":"Info El Nuevo Norte"},"image":{"@id":"https:\/\/infoelnuevonorte.com\/#\/schema\/logo\/image\/"},"sameAs":["https:\/\/www.facebook.com\/infoenn","https:\/\/x.com\/Elnuevo_norte","https:\/\/www.instagram.com\/infoenn","https:\/\/www.facebook.com\/ENNRD"]},{"@type":"Person","@id":"https:\/\/infoelnuevonorte.com\/#\/schema\/person\/fd4f6d90afe41260818b4ea94ad8ab84","name":"InfoEnn","image":{"@type":"ImageObject","inLanguage":"es-DO","@id":"https:\/\/infoelnuevonorte.com\/#\/schema\/person\/image\/","url":"https:\/\/secure.gravatar.com\/avatar\/d4d760a41a48ba9db0a82bfb63bb0783?s=96&d=robohash&r=g","contentUrl":"https:\/\/secure.gravatar.com\/avatar\/d4d760a41a48ba9db0a82bfb63bb0783?s=96&d=robohash&r=g","caption":"InfoEnn"},"sameAs":["https:\/\/infoelnuevonorte.com"],"url":"https:\/\/infoelnuevonorte.com\/?author=1"}]}},"_links":{"self":[{"href":"https:\/\/infoelnuevonorte.com\/index.php?rest_route=\/wp\/v2\/posts\/7125"}],"collection":[{"href":"https:\/\/infoelnuevonorte.com\/index.php?rest_route=\/wp\/v2\/posts"}],"about":[{"href":"https:\/\/infoelnuevonorte.com\/index.php?rest_route=\/wp\/v2\/types\/post"}],"author":[{"embeddable":true,"href":"https:\/\/infoelnuevonorte.com\/index.php?rest_route=\/wp\/v2\/users\/1"}],"replies":[{"embeddable":true,"href":"https:\/\/infoelnuevonorte.com\/index.php?rest_route=%2Fwp%2Fv2%2Fcomments&post=7125"}],"version-history":[{"count":0,"href":"https:\/\/infoelnuevonorte.com\/index.php?rest_route=\/wp\/v2\/posts\/7125\/revisions"}],"wp:attachment":[{"href":"https:\/\/infoelnuevonorte.com\/index.php?rest_route=%2Fwp%2Fv2%2Fmedia&parent=7125"}],"wp:term":[{"taxonomy":"category","embeddable":true,"href":"https:\/\/infoelnuevonorte.com\/index.php?rest_route=%2Fwp%2Fv2%2Fcategories&post=7125"},{"taxonomy":"post_tag","embeddable":true,"href":"https:\/\/infoelnuevonorte.com\/index.php?rest_route=%2Fwp%2Fv2%2Ftags&post=7125"}],"curies":[{"name":"wp","href":"https:\/\/api.w.org\/{rel}","templated":true}]}}