{"id":71547,"date":"2024-12-29T09:11:18","date_gmt":"2024-12-29T13:11:18","guid":{"rendered":"https:\/\/infoelnuevonorte.com\/?p=71547"},"modified":"2024-12-29T09:11:19","modified_gmt":"2024-12-29T13:11:19","slug":"efemerides-del-29-de-diciembre-2024","status":"publish","type":"post","link":"https:\/\/infoelnuevonorte.com\/?p=71547","title":{"rendered":"Efem\u00e9rides del 29 de diciembre 2024"},"content":{"rendered":"\n<p><a href=\"https:\/\/deultimominuto.net\/category\/estilo\/efemerides\/\"><\/a><\/p>\n\n\n<div class=\"td_block_wrap tdb_single_content tdi_384 td-pb-border-top td_block_template_1 td-post-content tagdiv-type\" data-td-block-uid=\"tdi_384\">\n<div class=\"tdb-block-inner td-fix-index\">\n<!--[if lt IE 9]><script>document.createElement('audio');<\/script><![endif]-->\n<audio class=\"wp-audio-shortcode\" id=\"audio-71547-1\" preload=\"none\" style=\"width: 100%;\" controls=\"controls\"><source type=\"audio\/mpeg\" src=\"https:\/\/infoelnuevonorte.com\/wp-content\/uploads\/2024\/12\/ttsmaker-vip-file-2024-12-29-9-10-13.mp3?_=1\" \/><a href=\"https:\/\/infoelnuevonorte.com\/wp-content\/uploads\/2024\/12\/ttsmaker-vip-file-2024-12-29-9-10-13.mp3\">https:\/\/infoelnuevonorte.com\/wp-content\/uploads\/2024\/12\/ttsmaker-vip-file-2024-12-29-9-10-13.mp3<\/a><\/audio>\n<p style=\"text-align: justify\"><strong>Santo Domingo.-<\/strong>\u00a0Las efem\u00e9rides de hoy 29 de diciembre, est\u00e1n marcada por importantes acontecimientos hist\u00f3ricos, celebraciones internacionales, nacimientos de figuras influyentes y hechos relevantes que dejaron huella en la historia mundial.<\/p>\n<ul class=\"wp-block-list\" style=\"text-align: justify\">\n<li><strong>Argentina:<\/strong>\u00a0D\u00eda del Bromat\u00f3logo.<\/li>\n<li><strong>Espa\u00f1a. Beniaj\u00e1n, (Murcia):<\/strong>\u00a0La Merendona.<\/li>\n<li><strong>Mongolia:<\/strong>\u00a0D\u00eda de la Independencia.<\/li>\n<\/ul>\n<p style=\"text-align: justify\"><strong>Santoral: Santo Tom\u00e1s Becker, obispo y m\u00e1rtir.<\/strong><\/p>\n<h2 id=\"h-efemerides-nacionales-del-29-de-diciembre\" class=\"wp-block-heading\" style=\"text-align: justify\"><strong>Efem\u00e9rides nacionales del 29 de diciembre<\/strong><\/h2>\n<div class=\"wp-block-group\" style=\"text-align: justify\">\n<div class=\"wp-block-group__inner-container is-layout-constrained wp-block-group-is-layout-constrained\">\n<ul class=\"wp-block-list\">\n<li><strong>1492.<\/strong>\u00a0El almirante\u00a0Crist\u00f3bal Col\u00f3n\u00a0pregunta al ind\u00edgena Osichabar d\u00f3nde acostumbraban buscar oro, a lo que este respondi\u00f3 \u201cCibao\u201d.<\/li>\n<li><strong>1897.\u00a0<\/strong>Un terremoto causa grandes da\u00f1os en Santiago y otras ciudades de la isla, incluyendo la destrucci\u00f3n de la iglesia del Santo Cerro.<\/li>\n<li><strong>1911<\/strong>. Se recibe a Andrea Evangelina Rodr\u00edguez, la primera mujer con el t\u00edtulo de doctora en medicina del pa\u00eds.<\/li>\n<li><strong>1937.<\/strong>\u00a0El vuelo pro-Faro a Col\u00f3n, en el que participan tres aviones cubanos y uno dominicano, termina en una tragedia, en Cali, Colombia.<\/li>\n<li><strong>1949.\u00a0<\/strong>Se crea mediante ley la provincia Jiman\u00ed, actualmente llamada Independencia.<\/li>\n<li><strong>1961.\u00a0<\/strong>La Asamblea Nacional introduce una nueva reforma a la Constituci\u00f3n de la Rep\u00fablica, para adaptarla a la nueva situaci\u00f3n del pa\u00eds, tras el ajusticiamiento del tirano Rafael Trujillo.<\/li>\n<li><strong>1962.<\/strong>\u00a0Se promulga la ley 6142, la cual reglamenta el funcionamiento del Banco Central, la que deroga y sustituye la Ley 1529, mediante la cual fue creada dicha instituci\u00f3n.<\/li>\n<li><strong>1963.\u00a0<\/strong>El empresario Donald Joseph Reid Cabral es posesionado como Presidente del Triunvirato, en sustituci\u00f3n del renunciante Emilio de los Santos, por el asesinato del l\u00edder catorcista Manuel Aurelio Tav\u00e1rez Justo y sus compa\u00f1eros de guerrilla.<\/li>\n<li><strong>2005.\u00a0<\/strong>Estados Unidos anuncia que el tratado de libre comercio con Centroam\u00e9rica y Rep\u00fablica Dominicana (CAFTA-RD) no entrar\u00e1 en efecto el 1 de enero de 2006, sino que la implementaci\u00f3n se culminaria en marzo.<\/li>\n<li><strong>2020.<\/strong>\u00a0El Banco Central informa que la econom\u00eda dominicana en el periodo enero-noviembre acumul\u00f3 una ca\u00edda de -7.3%, con una variaci\u00f3n interanual de -3.4% al \u00faltimo mes, luego del impacto del COVID-19.<\/li>\n<\/ul>\n<\/div>\n<\/div>\n<h2 id=\"h-efemerides-internacionales-del-29-de-diciembre\" class=\"wp-block-heading\" style=\"text-align: justify\"><strong>Efem\u00e9rides internacionales del 29 de diciembre<\/strong><\/h2>\n<ul class=\"wp-block-list\" style=\"text-align: justify\">\n<li><strong>1170.<\/strong>\u00a0El arzobispo de Canterbury, Tom\u00e1s Becket, es asesinado por cuatro caballeros, por encomienda de Enrique II de Inglaterra.<\/li>\n<li><strong>1223.\u00a0<\/strong>El Papa Honorio III aprueba la regla de la Orden de los Frailes Menores (Franciscanos) fundada por San Francisco de As\u00eds en 1209.<\/li>\n<li><strong>1813.<\/strong>\u00a0Napole\u00f3n Bonaparte obliga a su hermano Jos\u00e9 a que abdique de la corona de Espa\u00f1a.<\/li>\n<li><strong>1839.\u00a0<\/strong>En Uruguay, se produce la batalla de Cagancha, entre uruguayos y argentinos, en la que estos \u00faltimos, al ser derrotados, se van obligados a retirarse a su pa\u00eds.<\/li>\n<li><strong>1845.\u00a0<\/strong>Luego de 10 a\u00f1os de independencia, Texas se anexa a la Uni\u00f3n Americana.<\/li>\n<li><strong>1902.\u00a0<\/strong>En Venezuela, el Canciller Lu\u00eds Mar\u00eda Drago comunica a Estados Unidos que el no pago de la deuda publica de un pa\u00eds no da derecho a sus acreedores a ocupar su territorio ni de intervenir militarmente en el mismo.<\/li>\n<li><strong>1937.\u00a0<\/strong>Tras la entrada en vigor de la nueva constituci\u00f3n irlandesa, Inglaterra declar\u00f3 que el Estado Libre de Irlanda sigue siendo parte integrante del Reino Unido de Gran Breta\u00f1a.<\/li>\n<li><strong>1940.\u00a0<\/strong>Alemania lanza alrededor de 3.000 bombas incendiarias sobre Londres.<\/li>\n<li><strong>1951.\u00a0<\/strong>Ernesto \u201cChe\u201d Guevara parte con su amigo Alberto Granados en su primer viaje a trav\u00e9s del continente sudamericano, en cuyo recorrido observa la realidad e injusticia latinoamericana.<\/li>\n<li><strong>1974.\u00a0<\/strong>Los gobiernos de Venezuela y Cuba acuerdan restablecer sus relaciones diplom\u00e1ticas, tras 13 a\u00f1os interrumpidas.<\/li>\n<li><strong>1978.<\/strong>\u00a0Entra en vigor la nueva Constituci\u00f3n espa\u00f1ola, como norma suprema del ordenamiento jur\u00eddico del Reino de Espa\u00f1a..<\/li>\n<li><strong>1980.\u00a0<\/strong>Se descubrio en la provincia china de Yunnan del cr\u00e1neo de un hominido de hace ocho millones de a\u00f1os.<\/li>\n<li><strong>1992.<\/strong>\u00a0Fernando Collor de Mello renuncia a la presidencia de Brasil.<\/li>\n<li>\u2013 Estados Unidos y Rusia firman un tratado sobre reducci\u00f3n de armas nucleares estrat\u00e9gicas (Stara II).<\/li>\n<li><strong>1996.\u00a0<\/strong>El gobierno de Guatemala y la Guerrilla Unidad Revolucionaria Nacional Guatemalteca, firman los Acuerdos de Paz que ponen fin a 36 a\u00f1os de conflicto.<\/li>\n<li><strong>1999.\u00a0<\/strong>La fiscal\u00eda general alemana decide investigar al excanciller (jefe de gobierno) Helmut Kohl, por financiaci\u00f3n ilegal de su partido, Uni\u00f3n Dem\u00f3crata Cristiano.<\/li>\n<li><strong>2001.\u00a0<\/strong>En Lima (Per\u00fa), se produce un megaincendio causado por juegos pirot\u00e9cnicos que destruye gran parte de la zona comercial conocida como Mesa Redonda, causando cerca de 480 muertos y varios cientos de heridos.<\/li>\n<li><strong>2011.\u00a0<\/strong>El exgeneral Reinaldo Bignone (\u00faltimo dictador de Argentina), es condenado a 15 a\u00f1os de prisi\u00f3n por delitos de lesa humanidad cometidos en una c\u00e1rcel clandestina dentro de un hospital p\u00fablico durante el r\u00e9gimen militar que gobern\u00f3 al pa\u00eds entre 1976 y 1983.<\/li>\n<li>\u2013 Un juez espa\u00f1ol imputa a I\u00f1aki Urdangarin, yerno del rey Juan Carlos, por presuntas irregularidades en la gesti\u00f3n del Instituto N\u00f3os, una fundaci\u00f3n sin \u00e1nimo de lucro que cre\u00f3 y presidi\u00f3 entre 2004 y 2007.<\/li>\n<li><strong>2020.\u00a0<\/strong>El principal epidemi\u00f3logo de la Casa Blanca, Anthony Fauci, reconoce que la pandemia del Covid-19 est\u00e1 fuera de control en Estados Unidos, al registrar cifras r\u00e9cord de contagios y hospitalizaciones.<\/li>\n<li>\u2013 La justicia peruana declara infundado un pedido de la fiscal\u00eda para inhabilitar al Fujimorista partido Fuerza Popular durante 30 meses, en una causa por supuestos aportes ilegales de la empresa brasile\u00f1a Odebrecht, con lo que mantuvo en carrera electoral a su candidata Keiko Fujimori.<\/li>\n<li><strong>2021.\u00a0<\/strong>En China, una multitud de residentes en la ciudad industrial de Guangzhou, se escapa del encierro obligatorio y se enfrenta con la polic\u00eda, a medida que la ira p\u00fablica se desborda por las estrictas medidas para controlar el coronavirus en el pa\u00eds.<\/li>\n<\/ul>\n<h2 id=\"h-nacimientos-del-29-de-diciembre\" class=\"wp-block-heading\" style=\"text-align: justify\"><strong>Nacimientos<\/strong>\u00a0<strong>del 29 de diciembre<\/strong><\/h2>\n<ul class=\"wp-block-list\" style=\"text-align: justify\">\n<li><strong>1800:\u00a0<\/strong>Charles Goodyear, inventor estadounidense.<\/li>\n<li><strong>1808:\u00a0<\/strong>Andrew Johnson, 17.\u00ba presidente estadounidense.<\/li>\n<li><strong>1876:<\/strong>\u00a0Pablo Casals, violonchelista, director y compositor espa\u00f1ol, uno de los m\u00fasicos m\u00e1s influyentes del pasado siglo.<\/li>\n<li><strong>1936:<\/strong>\u00a0Mary Tyler Moore, actriz estadounidense.<\/li>\n<li><strong>1953:<\/strong>\u00a0Thomas Bach, presidente del Comit\u00e9 Ol\u00edmpico Internacional.<\/li>\n<li><strong>1981:\u00a0<\/strong>Natalia Jim\u00e9nez, cantante espa\u00f1ola.<\/li>\n<li><strong>1984:\u00a0<\/strong>Priscilla Rivera, voleibolista dominicana.<\/li>\n<li><strong>2000:<\/strong>\u00a0Yiren, cantante china, integrante del grupo EVERGLOW.<\/li>\n<li><strong>2010:\u00a0<\/strong>Savannah Phillips, miembro de la familia real brit\u00e1nica.<\/li>\n<\/ul>\n<h2 id=\"h-fallecidos-del-29-de-diciembre\" class=\"wp-block-heading\" style=\"text-align: justify\"><strong>Fallecidos<\/strong>\u00a0<strong>del 29 de diciembre<\/strong><\/h2>\n<ul class=\"wp-block-list\" style=\"text-align: justify\">\n<li><strong>1170:<\/strong>\u00a0Tom\u00e1s Becket, prelado y pol\u00edtico brit\u00e1nico.<\/li>\n<li><strong>1815:<\/strong>\u00a0Sara Baartman, esclava sudafricana de la etnia san exhibida en circos brit\u00e1nicos y franceses.<\/li>\n<li><strong>1924:<\/strong>\u00a0Carl Spitteler, escritor suizo, Premio Nobel de Literatura en 1919.<\/li>\n<li><strong>2002:\u00a0<\/strong>Don Clarke, rugbista neozeland\u00e9s.<\/li>\n<li><strong>2016:<\/strong>\u00a0Juan P\u00e9rez Terrero, fotoperiodista dominicano, quien trascendi\u00f3 nacional e internacionalmente por la emblem\u00e1tica fotograf\u00eda tomada durante la intervenci\u00f3n de las tropas norteamericanas en el pa\u00eds en la que se observa a un dominicano repeler la agresi\u00f3n de un soldado invasor.<\/li>\n<li><strong>2019:\u00a0<\/strong>Harry Villegas Tamayo, \u2018Pombo\u2019, gerrillero cubano. Fue uno de los cinco supervivientes de la guerrilla impulsada por el revolucionario argentino-cubano Ernesto Che Guevara en Bolivia.<\/li>\n<li><strong>2021:<\/strong>\u00a0Luis Emilio Rosario Pe\u00f1a, sacerdote, abogado y escritor dominicano, quien se destac\u00f3 por su entrega a las causas sociales, especialmente el desarrollo de los j\u00f3venes desde la Pastoral Juvenil de la Arquidi\u00f3cesis de Santo Domingo.<\/li>\n<li><strong>2022<\/strong>:\u00a0Edson Arantes do Nascimento \u2013<strong>Pel\u00e9<\/strong>-, \u00fanico futbolista que gan\u00f3 tres copas mundiales con la selecci\u00f3n de su pa\u00eds y considerado por muchos el mejor jugador de la historia.<\/li>\n<\/ul>\n<\/div>\n<\/div>\n<div class=\"td_block_wrap tdb_single_tags tdi_385 td-pb-border-top td_block_template_1\" style=\"text-align: justify\" data-td-block-uid=\"tdi_385\">\u00a0<\/div>","protected":false},"excerpt":{"rendered":"<p>Santo Domingo.-\u00a0Las efem\u00e9rides de hoy 29 de diciembre, est\u00e1n marcada por importantes acontecimientos hist\u00f3ricos, celebraciones internacionales, nacimientos de figuras influyentes y hechos relevantes que dejaron huella en la historia mundial. Argentina:\u00a0D\u00eda del Bromat\u00f3logo. Espa\u00f1a. Beniaj\u00e1n, (Murcia):\u00a0La Merendona. Mongolia:\u00a0D\u00eda de la Independencia. Santoral: Santo Tom\u00e1s Becker, obispo y m\u00e1rtir. Efem\u00e9rides nacionales del 29 de diciembre 1492.\u00a0El [&hellip;]<\/p>\n","protected":false},"author":2,"featured_media":0,"comment_status":"closed","ping_status":"open","sticky":false,"template":"","format":"standard","meta":{"footnotes":""},"categories":[743],"tags":[],"yoast_head":"<!-- This site is optimized with the Yoast SEO plugin v24.5 - https:\/\/yoast.com\/wordpress\/plugins\/seo\/ -->\n<title>Efem\u00e9rides del 29 de diciembre 2024 | El Nuevo Norte<\/title>\n<meta name=\"robots\" content=\"index, follow, max-snippet:-1, max-image-preview:large, max-video-preview:-1\" \/>\n<link rel=\"canonical\" href=\"https:\/\/infoelnuevonorte.com\/?p=71547\" \/>\n<meta property=\"og:locale\" content=\"es_ES\" \/>\n<meta property=\"og:type\" content=\"article\" \/>\n<meta property=\"og:title\" content=\"Efem\u00e9rides del 29 de diciembre 2024 | El Nuevo Norte\" \/>\n<meta property=\"og:description\" content=\"Santo Domingo.-\u00a0Las efem\u00e9rides de hoy 29 de diciembre, est\u00e1n marcada por importantes acontecimientos hist\u00f3ricos, celebraciones internacionales, nacimientos de figuras influyentes y hechos relevantes que dejaron huella en la historia mundial. Argentina:\u00a0D\u00eda del Bromat\u00f3logo. Espa\u00f1a. Beniaj\u00e1n, (Murcia):\u00a0La Merendona. Mongolia:\u00a0D\u00eda de la Independencia. Santoral: Santo Tom\u00e1s Becker, obispo y m\u00e1rtir. Efem\u00e9rides nacionales del 29 de diciembre 1492.\u00a0El [&hellip;]\" \/>\n<meta property=\"og:url\" content=\"https:\/\/infoelnuevonorte.com\/?p=71547\" \/>\n<meta property=\"og:site_name\" content=\"El Nuevo Norte\" \/>\n<meta property=\"article:publisher\" content=\"https:\/\/www.facebook.com\/infoenn\" \/>\n<meta property=\"article:published_time\" content=\"2024-12-29T13:11:18+00:00\" \/>\n<meta property=\"article:modified_time\" content=\"2024-12-29T13:11:19+00:00\" \/>\n<meta property=\"og:image\" content=\"https:\/\/infoelnuevonorte.com\/wp-content\/uploads\/2024\/12\/descarga-2024-12-29T090905.041.png\" \/>\n\t<meta property=\"og:image:width\" content=\"741\" \/>\n\t<meta property=\"og:image:height\" content=\"411\" \/>\n\t<meta property=\"og:image:type\" content=\"image\/png\" \/>\n<meta name=\"author\" content=\"T. R.\" \/>\n<meta name=\"twitter:card\" content=\"summary_large_image\" \/>\n<meta name=\"twitter:creator\" content=\"@Elnuevo_norte\" \/>\n<meta name=\"twitter:site\" content=\"@Elnuevo_norte\" \/>\n<meta name=\"twitter:label1\" content=\"Written by\" \/>\n\t<meta name=\"twitter:data1\" content=\"T. R.\" \/>\n\t<meta name=\"twitter:label2\" content=\"Est. reading time\" \/>\n\t<meta name=\"twitter:data2\" content=\"6 minutos\" \/>\n<script type=\"application\/ld+json\" class=\"yoast-schema-graph\">{\"@context\":\"https:\/\/schema.org\",\"@graph\":[{\"@type\":\"Article\",\"@id\":\"https:\/\/infoelnuevonorte.com\/?p=71547#article\",\"isPartOf\":{\"@id\":\"https:\/\/infoelnuevonorte.com\/?p=71547\"},\"author\":{\"name\":\"T. R.\",\"@id\":\"https:\/\/infoelnuevonorte.com\/#\/schema\/person\/3accb35eb55f55e96c492b52d085a403\"},\"headline\":\"Efem\u00e9rides del 29 de diciembre 2024\",\"datePublished\":\"2024-12-29T13:11:18+00:00\",\"dateModified\":\"2024-12-29T13:11:19+00:00\",\"mainEntityOfPage\":{\"@id\":\"https:\/\/infoelnuevonorte.com\/?p=71547\"},\"wordCount\":1195,\"publisher\":{\"@id\":\"https:\/\/infoelnuevonorte.com\/#organization\"},\"articleSection\":[\"Un dia como hoy\"],\"inLanguage\":\"es-DO\"},{\"@type\":\"WebPage\",\"@id\":\"https:\/\/infoelnuevonorte.com\/?p=71547\",\"url\":\"https:\/\/infoelnuevonorte.com\/?p=71547\",\"name\":\"Efem\u00e9rides del 29 de diciembre 2024 | El Nuevo Norte\",\"isPartOf\":{\"@id\":\"https:\/\/infoelnuevonorte.com\/#website\"},\"datePublished\":\"2024-12-29T13:11:18+00:00\",\"dateModified\":\"2024-12-29T13:11:19+00:00\",\"breadcrumb\":{\"@id\":\"https:\/\/infoelnuevonorte.com\/?p=71547#breadcrumb\"},\"inLanguage\":\"es-DO\",\"potentialAction\":[{\"@type\":\"ReadAction\",\"target\":[\"https:\/\/infoelnuevonorte.com\/?p=71547\"]}]},{\"@type\":\"BreadcrumbList\",\"@id\":\"https:\/\/infoelnuevonorte.com\/?p=71547#breadcrumb\",\"itemListElement\":[{\"@type\":\"ListItem\",\"position\":1,\"name\":\"Home\",\"item\":\"https:\/\/infoelnuevonorte.com\/\"},{\"@type\":\"ListItem\",\"position\":2,\"name\":\"Efem\u00e9rides del 29 de diciembre 2024\"}]},{\"@type\":\"WebSite\",\"@id\":\"https:\/\/infoelnuevonorte.com\/#website\",\"url\":\"https:\/\/infoelnuevonorte.com\/\",\"name\":\"InfoEnn\",\"description\":\"Tu Voz, tu Verdad, tu Diario!!!\",\"publisher\":{\"@id\":\"https:\/\/infoelnuevonorte.com\/#organization\"},\"alternateName\":\"El Nuevo Norte\",\"potentialAction\":[{\"@type\":\"SearchAction\",\"target\":{\"@type\":\"EntryPoint\",\"urlTemplate\":\"https:\/\/infoelnuevonorte.com\/?s={search_term_string}\"},\"query-input\":{\"@type\":\"PropertyValueSpecification\",\"valueRequired\":true,\"valueName\":\"search_term_string\"}}],\"inLanguage\":\"es-DO\"},{\"@type\":\"Organization\",\"@id\":\"https:\/\/infoelnuevonorte.com\/#organization\",\"name\":\"Info El Nuevo Norte\",\"alternateName\":\"El Nuevo Norte\",\"url\":\"https:\/\/infoelnuevonorte.com\/\",\"logo\":{\"@type\":\"ImageObject\",\"inLanguage\":\"es-DO\",\"@id\":\"https:\/\/infoelnuevonorte.com\/#\/schema\/logo\/image\/\",\"url\":\"https:\/\/infoelnuevonorte.com\/wp-content\/uploads\/2026\/02\/Logo-Info-enn-3d-20ani.jpeg\",\"contentUrl\":\"https:\/\/infoelnuevonorte.com\/wp-content\/uploads\/2026\/02\/Logo-Info-enn-3d-20ani.jpeg\",\"width\":2046,\"height\":736,\"caption\":\"Info El Nuevo Norte\"},\"image\":{\"@id\":\"https:\/\/infoelnuevonorte.com\/#\/schema\/logo\/image\/\"},\"sameAs\":[\"https:\/\/www.facebook.com\/infoenn\",\"https:\/\/x.com\/Elnuevo_norte\",\"https:\/\/www.instagram.com\/infoenn\",\"https:\/\/www.facebook.com\/ENNRD\"]},{\"@type\":\"Person\",\"@id\":\"https:\/\/infoelnuevonorte.com\/#\/schema\/person\/3accb35eb55f55e96c492b52d085a403\",\"name\":\"T. R.\",\"image\":{\"@type\":\"ImageObject\",\"inLanguage\":\"es-DO\",\"@id\":\"https:\/\/infoelnuevonorte.com\/#\/schema\/person\/image\/\",\"url\":\"https:\/\/secure.gravatar.com\/avatar\/40543a038bda97abdb765b1662e9677d?s=96&d=robohash&r=g\",\"contentUrl\":\"https:\/\/secure.gravatar.com\/avatar\/40543a038bda97abdb765b1662e9677d?s=96&d=robohash&r=g\",\"caption\":\"T. R.\"},\"url\":\"https:\/\/infoelnuevonorte.com\/?author=2\"}]}<\/script>\n<!-- \/ Yoast SEO plugin. -->","yoast_head_json":{"title":"Efem\u00e9rides del 29 de diciembre 2024 | El Nuevo Norte","robots":{"index":"index","follow":"follow","max-snippet":"max-snippet:-1","max-image-preview":"max-image-preview:large","max-video-preview":"max-video-preview:-1"},"canonical":"https:\/\/infoelnuevonorte.com\/?p=71547","og_locale":"es_ES","og_type":"article","og_title":"Efem\u00e9rides del 29 de diciembre 2024 | El Nuevo Norte","og_description":"Santo Domingo.-\u00a0Las efem\u00e9rides de hoy 29 de diciembre, est\u00e1n marcada por importantes acontecimientos hist\u00f3ricos, celebraciones internacionales, nacimientos de figuras influyentes y hechos relevantes que dejaron huella en la historia mundial. Argentina:\u00a0D\u00eda del Bromat\u00f3logo. Espa\u00f1a. Beniaj\u00e1n, (Murcia):\u00a0La Merendona. Mongolia:\u00a0D\u00eda de la Independencia. Santoral: Santo Tom\u00e1s Becker, obispo y m\u00e1rtir. Efem\u00e9rides nacionales del 29 de diciembre 1492.\u00a0El [&hellip;]","og_url":"https:\/\/infoelnuevonorte.com\/?p=71547","og_site_name":"El Nuevo Norte","article_publisher":"https:\/\/www.facebook.com\/infoenn","article_published_time":"2024-12-29T13:11:18+00:00","article_modified_time":"2024-12-29T13:11:19+00:00","og_image":[{"width":741,"height":411,"url":"https:\/\/infoelnuevonorte.com\/wp-content\/uploads\/2024\/12\/descarga-2024-12-29T090905.041.png","type":"image\/png"}],"author":"T. R.","twitter_card":"summary_large_image","twitter_creator":"@Elnuevo_norte","twitter_site":"@Elnuevo_norte","twitter_misc":{"Written by":"T. R.","Est. reading time":"6 minutos"},"schema":{"@context":"https:\/\/schema.org","@graph":[{"@type":"Article","@id":"https:\/\/infoelnuevonorte.com\/?p=71547#article","isPartOf":{"@id":"https:\/\/infoelnuevonorte.com\/?p=71547"},"author":{"name":"T. R.","@id":"https:\/\/infoelnuevonorte.com\/#\/schema\/person\/3accb35eb55f55e96c492b52d085a403"},"headline":"Efem\u00e9rides del 29 de diciembre 2024","datePublished":"2024-12-29T13:11:18+00:00","dateModified":"2024-12-29T13:11:19+00:00","mainEntityOfPage":{"@id":"https:\/\/infoelnuevonorte.com\/?p=71547"},"wordCount":1195,"publisher":{"@id":"https:\/\/infoelnuevonorte.com\/#organization"},"articleSection":["Un dia como hoy"],"inLanguage":"es-DO"},{"@type":"WebPage","@id":"https:\/\/infoelnuevonorte.com\/?p=71547","url":"https:\/\/infoelnuevonorte.com\/?p=71547","name":"Efem\u00e9rides del 29 de diciembre 2024 | El Nuevo Norte","isPartOf":{"@id":"https:\/\/infoelnuevonorte.com\/#website"},"datePublished":"2024-12-29T13:11:18+00:00","dateModified":"2024-12-29T13:11:19+00:00","breadcrumb":{"@id":"https:\/\/infoelnuevonorte.com\/?p=71547#breadcrumb"},"inLanguage":"es-DO","potentialAction":[{"@type":"ReadAction","target":["https:\/\/infoelnuevonorte.com\/?p=71547"]}]},{"@type":"BreadcrumbList","@id":"https:\/\/infoelnuevonorte.com\/?p=71547#breadcrumb","itemListElement":[{"@type":"ListItem","position":1,"name":"Home","item":"https:\/\/infoelnuevonorte.com\/"},{"@type":"ListItem","position":2,"name":"Efem\u00e9rides del 29 de diciembre 2024"}]},{"@type":"WebSite","@id":"https:\/\/infoelnuevonorte.com\/#website","url":"https:\/\/infoelnuevonorte.com\/","name":"InfoEnn","description":"Tu Voz, tu Verdad, tu Diario!!!","publisher":{"@id":"https:\/\/infoelnuevonorte.com\/#organization"},"alternateName":"El Nuevo Norte","potentialAction":[{"@type":"SearchAction","target":{"@type":"EntryPoint","urlTemplate":"https:\/\/infoelnuevonorte.com\/?s={search_term_string}"},"query-input":{"@type":"PropertyValueSpecification","valueRequired":true,"valueName":"search_term_string"}}],"inLanguage":"es-DO"},{"@type":"Organization","@id":"https:\/\/infoelnuevonorte.com\/#organization","name":"Info El Nuevo Norte","alternateName":"El Nuevo Norte","url":"https:\/\/infoelnuevonorte.com\/","logo":{"@type":"ImageObject","inLanguage":"es-DO","@id":"https:\/\/infoelnuevonorte.com\/#\/schema\/logo\/image\/","url":"https:\/\/infoelnuevonorte.com\/wp-content\/uploads\/2026\/02\/Logo-Info-enn-3d-20ani.jpeg","contentUrl":"https:\/\/infoelnuevonorte.com\/wp-content\/uploads\/2026\/02\/Logo-Info-enn-3d-20ani.jpeg","width":2046,"height":736,"caption":"Info El Nuevo Norte"},"image":{"@id":"https:\/\/infoelnuevonorte.com\/#\/schema\/logo\/image\/"},"sameAs":["https:\/\/www.facebook.com\/infoenn","https:\/\/x.com\/Elnuevo_norte","https:\/\/www.instagram.com\/infoenn","https:\/\/www.facebook.com\/ENNRD"]},{"@type":"Person","@id":"https:\/\/infoelnuevonorte.com\/#\/schema\/person\/3accb35eb55f55e96c492b52d085a403","name":"T. R.","image":{"@type":"ImageObject","inLanguage":"es-DO","@id":"https:\/\/infoelnuevonorte.com\/#\/schema\/person\/image\/","url":"https:\/\/secure.gravatar.com\/avatar\/40543a038bda97abdb765b1662e9677d?s=96&d=robohash&r=g","contentUrl":"https:\/\/secure.gravatar.com\/avatar\/40543a038bda97abdb765b1662e9677d?s=96&d=robohash&r=g","caption":"T. R."},"url":"https:\/\/infoelnuevonorte.com\/?author=2"}]}},"_links":{"self":[{"href":"https:\/\/infoelnuevonorte.com\/index.php?rest_route=\/wp\/v2\/posts\/71547"}],"collection":[{"href":"https:\/\/infoelnuevonorte.com\/index.php?rest_route=\/wp\/v2\/posts"}],"about":[{"href":"https:\/\/infoelnuevonorte.com\/index.php?rest_route=\/wp\/v2\/types\/post"}],"author":[{"embeddable":true,"href":"https:\/\/infoelnuevonorte.com\/index.php?rest_route=\/wp\/v2\/users\/2"}],"replies":[{"embeddable":true,"href":"https:\/\/infoelnuevonorte.com\/index.php?rest_route=%2Fwp%2Fv2%2Fcomments&post=71547"}],"version-history":[{"count":1,"href":"https:\/\/infoelnuevonorte.com\/index.php?rest_route=\/wp\/v2\/posts\/71547\/revisions"}],"predecessor-version":[{"id":71550,"href":"https:\/\/infoelnuevonorte.com\/index.php?rest_route=\/wp\/v2\/posts\/71547\/revisions\/71550"}],"wp:attachment":[{"href":"https:\/\/infoelnuevonorte.com\/index.php?rest_route=%2Fwp%2Fv2%2Fmedia&parent=71547"}],"wp:term":[{"taxonomy":"category","embeddable":true,"href":"https:\/\/infoelnuevonorte.com\/index.php?rest_route=%2Fwp%2Fv2%2Fcategories&post=71547"},{"taxonomy":"post_tag","embeddable":true,"href":"https:\/\/infoelnuevonorte.com\/index.php?rest_route=%2Fwp%2Fv2%2Ftags&post=71547"}],"curies":[{"name":"wp","href":"https:\/\/api.w.org\/{rel}","templated":true}]}}