{"id":7203,"date":"2023-12-16T12:47:22","date_gmt":"2023-12-16T16:47:22","guid":{"rendered":"https:\/\/infoelnuevonorte.com\/?p=7203"},"modified":"2023-12-16T12:47:25","modified_gmt":"2023-12-16T16:47:25","slug":"joven-policia-muere-en-accidente-en-la-autovia-el-coral","status":"publish","type":"post","link":"https:\/\/infoelnuevonorte.com\/?p=7203","title":{"rendered":"Joven polic\u00eda muere en accidente en la autov\u00eda El Coral"},"content":{"rendered":"<p style=\"text-align: justify;\">Un tr\u00e1gico accidente de tr\u00e1nsito que reportamos el d\u00eda anterior, se produjo en la autov\u00eda El Coral, en la provincia La Altagracia, donde resultaron involucradas dos personas.<\/p>\n<p style=\"text-align: justify;\">Seg\u00fan la informaci\u00f3n, sucedi\u00f3 tras uno de estos perder el control del veh\u00edculo en que se desplazaba y posteriormente se incendiara.<\/p>\n<p style=\"text-align: justify;\">Tristemente, al cabo de muy poco tiempo, confirmaron el deceso de Manuel Antonio Luna Mojica, un joven agente policial de tan solo 22 a\u00f1os.<\/p>\n<p style=\"text-align: justify;\">En este suceso result\u00f3 herida tambi\u00e9n, la se\u00f1ora Wendy Susana Sena Mercedes, de 52 a\u00f1os, quien fue llevada a un centro de salud privado.<\/p>\n<p style=\"text-align: justify;\">Este se encontraba en estado cr\u00edtico y estuvo recibiendo atenciones en el Hospital General y Especialidades Nuestra Se\u00f1ora de la Altagracia (HGENSA) en Hig\u00fcey.<\/p>\n<p style=\"text-align: justify;\">Obreros de obras p\u00fablicas que presenciaron el suceso, trataron de socorrer a la v\u00edctima y ayudaron a apagar las llamas que Manuel Antonio ten\u00eda en su ropa. Tristemente, no se pudo hacer m\u00e1s nada.<\/p>\n<p style=\"text-align: justify;\">El accidente, que result\u00f3 en la salida y posterior incendio del veh\u00edculo, ha generado gran conmoci\u00f3n en la comunidad, y las autoridades est\u00e1n llevando a cabo las investigaciones correspondientes para determinar las circunstancias exactas que llevaron a este tr\u00e1gico suceso.<\/p>\n","protected":false},"excerpt":{"rendered":"<p>Un tr\u00e1gico accidente de tr\u00e1nsito que reportamos el d\u00eda anterior, se produjo en la autov\u00eda El Coral, en la provincia La Altagracia, donde resultaron involucradas dos personas. Seg\u00fan la informaci\u00f3n, sucedi\u00f3 tras uno de estos perder el control del veh\u00edculo en que se desplazaba y posteriormente se incendiara. Tristemente, al cabo de muy poco tiempo, [&hellip;]<\/p>\n","protected":false},"author":1,"featured_media":0,"comment_status":"closed","ping_status":"open","sticky":false,"template":"","format":"standard","meta":{"footnotes":""},"categories":[2,8],"tags":[],"yoast_head":"<!-- This site is optimized with the Yoast SEO plugin v24.5 - https:\/\/yoast.com\/wordpress\/plugins\/seo\/ -->\n<title>Joven polic\u00eda muere en accidente en la autov\u00eda El Coral | El Nuevo Norte<\/title>\n<meta name=\"robots\" content=\"index, follow, max-snippet:-1, max-image-preview:large, max-video-preview:-1\" \/>\n<link rel=\"canonical\" href=\"https:\/\/infoelnuevonorte.com\/?p=7203\" \/>\n<meta property=\"og:locale\" content=\"es_ES\" \/>\n<meta property=\"og:type\" content=\"article\" \/>\n<meta property=\"og:title\" content=\"Joven polic\u00eda muere en accidente en la autov\u00eda El Coral | El Nuevo Norte\" \/>\n<meta property=\"og:description\" content=\"Un tr\u00e1gico accidente de tr\u00e1nsito que reportamos el d\u00eda anterior, se produjo en la autov\u00eda El Coral, en la provincia La Altagracia, donde resultaron involucradas dos personas. Seg\u00fan la informaci\u00f3n, sucedi\u00f3 tras uno de estos perder el control del veh\u00edculo en que se desplazaba y posteriormente se incendiara. Tristemente, al cabo de muy poco tiempo, [&hellip;]\" \/>\n<meta property=\"og:url\" content=\"https:\/\/infoelnuevonorte.com\/?p=7203\" \/>\n<meta property=\"og:site_name\" content=\"El Nuevo Norte\" \/>\n<meta property=\"article:publisher\" content=\"https:\/\/www.facebook.com\/infoenn\" \/>\n<meta property=\"article:published_time\" content=\"2023-12-16T16:47:22+00:00\" \/>\n<meta property=\"article:modified_time\" content=\"2023-12-16T16:47:25+00:00\" \/>\n<meta property=\"og:image\" content=\"https:\/\/infoelnuevonorte.com\/wp-content\/uploads\/2023\/12\/Wendy-Susana-Sena-Mercedes-jpg.webp\" \/>\n\t<meta property=\"og:image:width\" content=\"800\" \/>\n\t<meta property=\"og:image:height\" content=\"489\" \/>\n\t<meta property=\"og:image:type\" content=\"image\/jpeg\" \/>\n<meta name=\"author\" content=\"InfoEnn\" \/>\n<meta name=\"twitter:card\" content=\"summary_large_image\" \/>\n<meta name=\"twitter:creator\" content=\"@Elnuevo_norte\" \/>\n<meta name=\"twitter:site\" content=\"@Elnuevo_norte\" \/>\n<meta name=\"twitter:label1\" content=\"Written by\" \/>\n\t<meta name=\"twitter:data1\" content=\"InfoEnn\" \/>\n\t<meta name=\"twitter:label2\" content=\"Est. reading time\" \/>\n\t<meta name=\"twitter:data2\" content=\"2 minutos\" \/>\n<script type=\"application\/ld+json\" class=\"yoast-schema-graph\">{\"@context\":\"https:\/\/schema.org\",\"@graph\":[{\"@type\":\"Article\",\"@id\":\"https:\/\/infoelnuevonorte.com\/?p=7203#article\",\"isPartOf\":{\"@id\":\"https:\/\/infoelnuevonorte.com\/?p=7203\"},\"author\":{\"name\":\"InfoEnn\",\"@id\":\"https:\/\/infoelnuevonorte.com\/#\/schema\/person\/fd4f6d90afe41260818b4ea94ad8ab84\"},\"headline\":\"Joven polic\u00eda muere en accidente en la autov\u00eda El Coral\",\"datePublished\":\"2023-12-16T16:47:22+00:00\",\"dateModified\":\"2023-12-16T16:47:25+00:00\",\"mainEntityOfPage\":{\"@id\":\"https:\/\/infoelnuevonorte.com\/?p=7203\"},\"wordCount\":226,\"publisher\":{\"@id\":\"https:\/\/infoelnuevonorte.com\/#organization\"},\"articleSection\":[\"Actualidad |\",\"Nacionales\"],\"inLanguage\":\"es-DO\"},{\"@type\":\"WebPage\",\"@id\":\"https:\/\/infoelnuevonorte.com\/?p=7203\",\"url\":\"https:\/\/infoelnuevonorte.com\/?p=7203\",\"name\":\"Joven polic\u00eda muere en accidente en la autov\u00eda El Coral | El Nuevo Norte\",\"isPartOf\":{\"@id\":\"https:\/\/infoelnuevonorte.com\/#website\"},\"datePublished\":\"2023-12-16T16:47:22+00:00\",\"dateModified\":\"2023-12-16T16:47:25+00:00\",\"breadcrumb\":{\"@id\":\"https:\/\/infoelnuevonorte.com\/?p=7203#breadcrumb\"},\"inLanguage\":\"es-DO\",\"potentialAction\":[{\"@type\":\"ReadAction\",\"target\":[\"https:\/\/infoelnuevonorte.com\/?p=7203\"]}]},{\"@type\":\"BreadcrumbList\",\"@id\":\"https:\/\/infoelnuevonorte.com\/?p=7203#breadcrumb\",\"itemListElement\":[{\"@type\":\"ListItem\",\"position\":1,\"name\":\"Home\",\"item\":\"https:\/\/infoelnuevonorte.com\/\"},{\"@type\":\"ListItem\",\"position\":2,\"name\":\"Joven polic\u00eda muere en accidente en la autov\u00eda El Coral\"}]},{\"@type\":\"WebSite\",\"@id\":\"https:\/\/infoelnuevonorte.com\/#website\",\"url\":\"https:\/\/infoelnuevonorte.com\/\",\"name\":\"InfoEnn\",\"description\":\"Tu Voz, tu Verdad, tu Diario!!!\",\"publisher\":{\"@id\":\"https:\/\/infoelnuevonorte.com\/#organization\"},\"alternateName\":\"El Nuevo Norte\",\"potentialAction\":[{\"@type\":\"SearchAction\",\"target\":{\"@type\":\"EntryPoint\",\"urlTemplate\":\"https:\/\/infoelnuevonorte.com\/?s={search_term_string}\"},\"query-input\":{\"@type\":\"PropertyValueSpecification\",\"valueRequired\":true,\"valueName\":\"search_term_string\"}}],\"inLanguage\":\"es-DO\"},{\"@type\":\"Organization\",\"@id\":\"https:\/\/infoelnuevonorte.com\/#organization\",\"name\":\"Info El Nuevo Norte\",\"alternateName\":\"El Nuevo Norte\",\"url\":\"https:\/\/infoelnuevonorte.com\/\",\"logo\":{\"@type\":\"ImageObject\",\"inLanguage\":\"es-DO\",\"@id\":\"https:\/\/infoelnuevonorte.com\/#\/schema\/logo\/image\/\",\"url\":\"https:\/\/infoelnuevonorte.com\/wp-content\/uploads\/2026\/02\/Logo-Info-enn-3d-20ani.jpeg\",\"contentUrl\":\"https:\/\/infoelnuevonorte.com\/wp-content\/uploads\/2026\/02\/Logo-Info-enn-3d-20ani.jpeg\",\"width\":2046,\"height\":736,\"caption\":\"Info El Nuevo Norte\"},\"image\":{\"@id\":\"https:\/\/infoelnuevonorte.com\/#\/schema\/logo\/image\/\"},\"sameAs\":[\"https:\/\/www.facebook.com\/infoenn\",\"https:\/\/x.com\/Elnuevo_norte\",\"https:\/\/www.instagram.com\/infoenn\",\"https:\/\/www.facebook.com\/ENNRD\"]},{\"@type\":\"Person\",\"@id\":\"https:\/\/infoelnuevonorte.com\/#\/schema\/person\/fd4f6d90afe41260818b4ea94ad8ab84\",\"name\":\"InfoEnn\",\"image\":{\"@type\":\"ImageObject\",\"inLanguage\":\"es-DO\",\"@id\":\"https:\/\/infoelnuevonorte.com\/#\/schema\/person\/image\/\",\"url\":\"https:\/\/secure.gravatar.com\/avatar\/d4d760a41a48ba9db0a82bfb63bb0783?s=96&d=robohash&r=g\",\"contentUrl\":\"https:\/\/secure.gravatar.com\/avatar\/d4d760a41a48ba9db0a82bfb63bb0783?s=96&d=robohash&r=g\",\"caption\":\"InfoEnn\"},\"sameAs\":[\"https:\/\/infoelnuevonorte.com\"],\"url\":\"https:\/\/infoelnuevonorte.com\/?author=1\"}]}<\/script>\n<!-- \/ Yoast SEO plugin. -->","yoast_head_json":{"title":"Joven polic\u00eda muere en accidente en la autov\u00eda El Coral | El Nuevo Norte","robots":{"index":"index","follow":"follow","max-snippet":"max-snippet:-1","max-image-preview":"max-image-preview:large","max-video-preview":"max-video-preview:-1"},"canonical":"https:\/\/infoelnuevonorte.com\/?p=7203","og_locale":"es_ES","og_type":"article","og_title":"Joven polic\u00eda muere en accidente en la autov\u00eda El Coral | El Nuevo Norte","og_description":"Un tr\u00e1gico accidente de tr\u00e1nsito que reportamos el d\u00eda anterior, se produjo en la autov\u00eda El Coral, en la provincia La Altagracia, donde resultaron involucradas dos personas. Seg\u00fan la informaci\u00f3n, sucedi\u00f3 tras uno de estos perder el control del veh\u00edculo en que se desplazaba y posteriormente se incendiara. Tristemente, al cabo de muy poco tiempo, [&hellip;]","og_url":"https:\/\/infoelnuevonorte.com\/?p=7203","og_site_name":"El Nuevo Norte","article_publisher":"https:\/\/www.facebook.com\/infoenn","article_published_time":"2023-12-16T16:47:22+00:00","article_modified_time":"2023-12-16T16:47:25+00:00","og_image":[{"width":800,"height":489,"url":"https:\/\/infoelnuevonorte.com\/wp-content\/uploads\/2023\/12\/Wendy-Susana-Sena-Mercedes-jpg.webp","type":"image\/jpeg"}],"author":"InfoEnn","twitter_card":"summary_large_image","twitter_creator":"@Elnuevo_norte","twitter_site":"@Elnuevo_norte","twitter_misc":{"Written by":"InfoEnn","Est. reading time":"2 minutos"},"schema":{"@context":"https:\/\/schema.org","@graph":[{"@type":"Article","@id":"https:\/\/infoelnuevonorte.com\/?p=7203#article","isPartOf":{"@id":"https:\/\/infoelnuevonorte.com\/?p=7203"},"author":{"name":"InfoEnn","@id":"https:\/\/infoelnuevonorte.com\/#\/schema\/person\/fd4f6d90afe41260818b4ea94ad8ab84"},"headline":"Joven polic\u00eda muere en accidente en la autov\u00eda El Coral","datePublished":"2023-12-16T16:47:22+00:00","dateModified":"2023-12-16T16:47:25+00:00","mainEntityOfPage":{"@id":"https:\/\/infoelnuevonorte.com\/?p=7203"},"wordCount":226,"publisher":{"@id":"https:\/\/infoelnuevonorte.com\/#organization"},"articleSection":["Actualidad |","Nacionales"],"inLanguage":"es-DO"},{"@type":"WebPage","@id":"https:\/\/infoelnuevonorte.com\/?p=7203","url":"https:\/\/infoelnuevonorte.com\/?p=7203","name":"Joven polic\u00eda muere en accidente en la autov\u00eda El Coral | El Nuevo Norte","isPartOf":{"@id":"https:\/\/infoelnuevonorte.com\/#website"},"datePublished":"2023-12-16T16:47:22+00:00","dateModified":"2023-12-16T16:47:25+00:00","breadcrumb":{"@id":"https:\/\/infoelnuevonorte.com\/?p=7203#breadcrumb"},"inLanguage":"es-DO","potentialAction":[{"@type":"ReadAction","target":["https:\/\/infoelnuevonorte.com\/?p=7203"]}]},{"@type":"BreadcrumbList","@id":"https:\/\/infoelnuevonorte.com\/?p=7203#breadcrumb","itemListElement":[{"@type":"ListItem","position":1,"name":"Home","item":"https:\/\/infoelnuevonorte.com\/"},{"@type":"ListItem","position":2,"name":"Joven polic\u00eda muere en accidente en la autov\u00eda El Coral"}]},{"@type":"WebSite","@id":"https:\/\/infoelnuevonorte.com\/#website","url":"https:\/\/infoelnuevonorte.com\/","name":"InfoEnn","description":"Tu Voz, tu Verdad, tu Diario!!!","publisher":{"@id":"https:\/\/infoelnuevonorte.com\/#organization"},"alternateName":"El Nuevo Norte","potentialAction":[{"@type":"SearchAction","target":{"@type":"EntryPoint","urlTemplate":"https:\/\/infoelnuevonorte.com\/?s={search_term_string}"},"query-input":{"@type":"PropertyValueSpecification","valueRequired":true,"valueName":"search_term_string"}}],"inLanguage":"es-DO"},{"@type":"Organization","@id":"https:\/\/infoelnuevonorte.com\/#organization","name":"Info El Nuevo Norte","alternateName":"El Nuevo Norte","url":"https:\/\/infoelnuevonorte.com\/","logo":{"@type":"ImageObject","inLanguage":"es-DO","@id":"https:\/\/infoelnuevonorte.com\/#\/schema\/logo\/image\/","url":"https:\/\/infoelnuevonorte.com\/wp-content\/uploads\/2026\/02\/Logo-Info-enn-3d-20ani.jpeg","contentUrl":"https:\/\/infoelnuevonorte.com\/wp-content\/uploads\/2026\/02\/Logo-Info-enn-3d-20ani.jpeg","width":2046,"height":736,"caption":"Info El Nuevo Norte"},"image":{"@id":"https:\/\/infoelnuevonorte.com\/#\/schema\/logo\/image\/"},"sameAs":["https:\/\/www.facebook.com\/infoenn","https:\/\/x.com\/Elnuevo_norte","https:\/\/www.instagram.com\/infoenn","https:\/\/www.facebook.com\/ENNRD"]},{"@type":"Person","@id":"https:\/\/infoelnuevonorte.com\/#\/schema\/person\/fd4f6d90afe41260818b4ea94ad8ab84","name":"InfoEnn","image":{"@type":"ImageObject","inLanguage":"es-DO","@id":"https:\/\/infoelnuevonorte.com\/#\/schema\/person\/image\/","url":"https:\/\/secure.gravatar.com\/avatar\/d4d760a41a48ba9db0a82bfb63bb0783?s=96&d=robohash&r=g","contentUrl":"https:\/\/secure.gravatar.com\/avatar\/d4d760a41a48ba9db0a82bfb63bb0783?s=96&d=robohash&r=g","caption":"InfoEnn"},"sameAs":["https:\/\/infoelnuevonorte.com"],"url":"https:\/\/infoelnuevonorte.com\/?author=1"}]}},"_links":{"self":[{"href":"https:\/\/infoelnuevonorte.com\/index.php?rest_route=\/wp\/v2\/posts\/7203"}],"collection":[{"href":"https:\/\/infoelnuevonorte.com\/index.php?rest_route=\/wp\/v2\/posts"}],"about":[{"href":"https:\/\/infoelnuevonorte.com\/index.php?rest_route=\/wp\/v2\/types\/post"}],"author":[{"embeddable":true,"href":"https:\/\/infoelnuevonorte.com\/index.php?rest_route=\/wp\/v2\/users\/1"}],"replies":[{"embeddable":true,"href":"https:\/\/infoelnuevonorte.com\/index.php?rest_route=%2Fwp%2Fv2%2Fcomments&post=7203"}],"version-history":[{"count":0,"href":"https:\/\/infoelnuevonorte.com\/index.php?rest_route=\/wp\/v2\/posts\/7203\/revisions"}],"wp:attachment":[{"href":"https:\/\/infoelnuevonorte.com\/index.php?rest_route=%2Fwp%2Fv2%2Fmedia&parent=7203"}],"wp:term":[{"taxonomy":"category","embeddable":true,"href":"https:\/\/infoelnuevonorte.com\/index.php?rest_route=%2Fwp%2Fv2%2Fcategories&post=7203"},{"taxonomy":"post_tag","embeddable":true,"href":"https:\/\/infoelnuevonorte.com\/index.php?rest_route=%2Fwp%2Fv2%2Ftags&post=7203"}],"curies":[{"name":"wp","href":"https:\/\/api.w.org\/{rel}","templated":true}]}}