{"id":7206,"date":"2023-12-16T12:54:03","date_gmt":"2023-12-16T16:54:03","guid":{"rendered":"https:\/\/infoelnuevonorte.com\/?p=7206"},"modified":"2023-12-16T12:54:05","modified_gmt":"2023-12-16T16:54:05","slug":"presidente-abinader-deja-en-servicio-la-remodelada-avenida-las-carreras-en-santiago","status":"publish","type":"post","link":"https:\/\/infoelnuevonorte.com\/?p=7206","title":{"rendered":"Presidente Abinader deja en servicio la remodelada avenida Las Carreras, en Santiago"},"content":{"rendered":"<p style=\"text-align: justify;\"><strong>SANTIAGO<\/strong>.- El presidente Luis Abinader, acompa\u00f1ado del ministro de Obras P\u00fablicas, Deligne Ascenci\u00f3n, encabez\u00f3 este viernes el acto inaugural de la remodelada avenida Las Carreras, en esta ciudad, obra construida con una inversi\u00f3n superior a los 384 millones de pesos.<\/p>\n<p style=\"text-align: justify;\">Esta es la obra n\u00famero 304 que inaugura el presidente Abinader entre las construida que han sido construidas por el Ministerio de Obras P\u00fablicas y Comunicaciones.<img loading=\"lazy\" decoding=\"async\" class=\"aligncenter size-full wp-image-7207\" src=\"https:\/\/infoelnuevonorte.com\/wp-content\/uploads\/2023\/12\/WhatsApp-Image-2023-12-16-at-12.04.37-PM-2-jpeg.webp\" alt=\"\" width=\"1280\" height=\"849\" \/><\/p>\n<p style=\"text-align: justify;\">Al pronunciar el discurso de rigor, el ministro Deligne Ascenci\u00f3n detall\u00f3 que el proyecto consiste en la construcci\u00f3n del muro de contenci\u00f3n del paso a desnivel de la avenida Las Carreras, las obras colaterales de mantenimiento de la v\u00eda y el mejoramiento del entorno.<img loading=\"lazy\" decoding=\"async\" class=\"aligncenter size-full wp-image-7208\" src=\"https:\/\/infoelnuevonorte.com\/wp-content\/uploads\/2023\/12\/WhatsApp-Image-2023-12-16-at-12.04.37-PM-1.jpeg\" alt=\"\" width=\"1081\" height=\"691\" \/><\/p>\n<p style=\"text-align: justify;\">Explic\u00f3 que el muro est\u00e1 construido mediante un conjunto de hileras de pilotes, con vigas incrustadas en cada pilote y unidos con tablas de estacas. Tambi\u00e9n, una estructura de muro de gavi\u00f3n para evitar deslizamientos que puedan poner en peligro la integridad de los edificios adyacentes, con lo que se soluciona de esa manera el problema de seguridad de las edificaciones existentes y de sus habitantes.<img loading=\"lazy\" decoding=\"async\" class=\"aligncenter size-full wp-image-7210\" src=\"https:\/\/infoelnuevonorte.com\/wp-content\/uploads\/2023\/12\/WhatsApp-Image-2023-12-16-at-12.04.36-PM-2-jpeg.webp\" alt=\"\" width=\"998\" height=\"1280\" \/><\/p>\n<p style=\"text-align: justify;\">\u201cSe han tomado previsiones de alta ingenier\u00eda, como la construcci\u00f3n de los citados pilotes de hormig\u00f3n armado, vaciados en sitio; colocaci\u00f3n del \u2018tablestacado\u2019 a todo lo largo de los muros del paso a desnivel, y la construcci\u00f3n de vigas de coronamiento de los muros\u201d, explic\u00f3.<\/p>\n<p style=\"text-align: justify;\">Adem\u00e1s, que se han colocado las soluciones de drenaje, construcci\u00f3n de aceras y contenes y pavimentaci\u00f3n, incluyendo la se\u00f1alizaci\u00f3n horizontal y vertical, y las obras de paisajismo e iluminaci\u00f3n.<img loading=\"lazy\" decoding=\"async\" class=\"aligncenter size-full wp-image-7211\" src=\"https:\/\/infoelnuevonorte.com\/wp-content\/uploads\/2023\/12\/WhatsApp-Image-2023-12-16-at-12.04.36-PM-1-jpeg.webp\" alt=\"\" width=\"1280\" height=\"683\" \/><\/p>\n<p style=\"text-align: justify;\">A\u00f1adi\u00f3 que este proyecto constituye una obra de transformaci\u00f3n urbana que impactar\u00e1 a toda la ciudad de Santiago, por la incuestionable importancia de este s\u00edmbolo urbano de todos los santiagueros. Incluye soluciones constructivas y recreativas adicionadas a la avenida, la construcci\u00f3n de un paseo o boulevard para esparcimiento de los moradores del sector y los visitantes, y la reconstrucci\u00f3n del parque Andr\u00e9s Pastora.<\/p>\n<p style=\"text-align: justify;\">\u201cHoy con mucha satisfacci\u00f3n que esta es la obra 304 que desde el MOPC entregamos de las cuales una buena cantidad de estas obras se han desarrollado en la Provincia de Santiago de los Caballeros, y que de modo muy espec\u00edfico en este municipio cabecera\u201d, dijo.<\/p>\n<p style=\"text-align: justify;\">Osiris de Le\u00f3n, quien tuvo a cargo los estudios geol\u00f3gicos, dise\u00f1os arquitect\u00f3nicos y estructurales de la obra, explic\u00f3 que los trabajos del MOPC se realizaron con un moderno criterio, garant\u00eda y seguridad.<\/p>\n<p style=\"text-align: justify;\">\u201cEstamos frente a esta majestuosa obra, que m\u00e1s que un criterio arquitect\u00f3nico filos\u00f3fico es un b\u00fanker dise\u00f1ado y construido para resistir los m\u00e1ximos empujes hidrost\u00e1ticos de suelo y de laterales s\u00edsmicos que se puedan producir ante un terremoto\u201d, agreg\u00f3.<\/p>\n<p style=\"text-align: justify;\">Explic\u00f3 que la obra que el presidente Abinader entrega a la ciudad de Santiago y al pa\u00eds, est\u00e1 configurada para resistir cualquier episodio, como el ocurrido el 16 de agosto del a\u00f1o 2022.<\/p>\n<p style=\"text-align: justify;\">Testimonios de comerciantes y comunitarios<\/p>\n<p style=\"text-align: justify;\">Roberto Santos agradeci\u00f3 al Presidente por la remodelaci\u00f3n de la obra, ya que los apartamentos representaban un peligro para todos los residentes del sector.<\/p>\n<p style=\"text-align: justify;\">\"Esta es una gran obra que viene en beneficio no s\u00f3lo de los habitantes del \u00e1rea, sino de toda la ciudad de Santiago; el parqueo fue remodelado y los edificios pintados en su totalidad, hay mayor movilidad y seguridad en toda el \u00e1rea\", afirm\u00f3.<\/p>\n<p style=\"text-align: justify;\">Suni Sena, comerciante de la zona, dijo que la obra de la avenida Las Carreras dur\u00f3 13 meses, pero que vali\u00f3 la pena.<\/p>\n<p style=\"text-align: justify;\">\"Fue muy bueno que habr\u00e1 el tramo de Las Carreras ya que ten\u00edamos 13 meses cerrado y nosotros los peque\u00f1os empresarios hemos pasado mucho aqu\u00ed, los clientes no bajan por los tapones, pero con esta apertura los clientes ya empezar\u00e1n a bajar ya que este fue un trabajo bien hecho y de calidad para muchos a\u00f1os\", a\u00f1adi\u00f3 Cena.<\/p>\n<p style=\"text-align: justify;\">Magalys Cruz expres\u00f3 que la obra trae tranquilidad a los comerciantes y residentes de la zona, ya que ahora est\u00e1n tranquilos y seguros.<\/p>\n<p style=\"text-align: justify;\">\u201cAgradecemos al presidente Abinader por tomar en cuenta esta obra, que tanto necesitamos\u201d, dijo.<\/p>\n<p style=\"text-align: justify;\">Direcci\u00f3n de Comunicaciones y Prensa<\/p>\n<p style=\"text-align: justify;\">16 de diciembre de 2023.<\/p>\n","protected":false},"excerpt":{"rendered":"<p>SANTIAGO.- El presidente Luis Abinader, acompa\u00f1ado del ministro de Obras P\u00fablicas, Deligne Ascenci\u00f3n, encabez\u00f3 este viernes el acto inaugural de la remodelada avenida Las Carreras, en esta ciudad, obra construida con una inversi\u00f3n superior a los 384 millones de pesos. Esta es la obra n\u00famero 304 que inaugura el presidente Abinader entre las construida que [&hellip;]<\/p>\n","protected":false},"author":1,"featured_media":0,"comment_status":"closed","ping_status":"open","sticky":false,"template":"","format":"standard","meta":{"footnotes":""},"categories":[2,5],"tags":[],"yoast_head":"<!-- This site is optimized with the Yoast SEO plugin v24.5 - https:\/\/yoast.com\/wordpress\/plugins\/seo\/ -->\n<title>Presidente Abinader deja en servicio la remodelada avenida Las Carreras, en Santiago | El Nuevo Norte<\/title>\n<meta name=\"robots\" content=\"index, follow, max-snippet:-1, max-image-preview:large, max-video-preview:-1\" \/>\n<link rel=\"canonical\" href=\"https:\/\/infoelnuevonorte.com\/?p=7206\" \/>\n<meta property=\"og:locale\" content=\"es_ES\" \/>\n<meta property=\"og:type\" content=\"article\" \/>\n<meta property=\"og:title\" content=\"Presidente Abinader deja en servicio la remodelada avenida Las Carreras, en Santiago | El Nuevo Norte\" \/>\n<meta property=\"og:description\" content=\"SANTIAGO.- El presidente Luis Abinader, acompa\u00f1ado del ministro de Obras P\u00fablicas, Deligne Ascenci\u00f3n, encabez\u00f3 este viernes el acto inaugural de la remodelada avenida Las Carreras, en esta ciudad, obra construida con una inversi\u00f3n superior a los 384 millones de pesos. Esta es la obra n\u00famero 304 que inaugura el presidente Abinader entre las construida que [&hellip;]\" \/>\n<meta property=\"og:url\" content=\"https:\/\/infoelnuevonorte.com\/?p=7206\" \/>\n<meta property=\"og:site_name\" content=\"El Nuevo Norte\" \/>\n<meta property=\"article:publisher\" content=\"https:\/\/www.facebook.com\/infoenn\" \/>\n<meta property=\"article:published_time\" content=\"2023-12-16T16:54:03+00:00\" \/>\n<meta property=\"article:modified_time\" content=\"2023-12-16T16:54:05+00:00\" \/>\n<meta property=\"og:image\" content=\"https:\/\/infoelnuevonorte.com\/wp-content\/uploads\/2023\/12\/WhatsApp-Image-2023-12-16-at-12.04.37-PM-jpeg.webp\" \/>\n\t<meta property=\"og:image:width\" content=\"1280\" \/>\n\t<meta property=\"og:image:height\" content=\"844\" \/>\n\t<meta property=\"og:image:type\" content=\"image\/jpeg\" \/>\n<meta name=\"author\" content=\"InfoEnn\" \/>\n<meta name=\"twitter:card\" content=\"summary_large_image\" \/>\n<meta name=\"twitter:creator\" content=\"@Elnuevo_norte\" \/>\n<meta name=\"twitter:site\" content=\"@Elnuevo_norte\" \/>\n<meta name=\"twitter:label1\" content=\"Written by\" \/>\n\t<meta name=\"twitter:data1\" content=\"InfoEnn\" \/>\n\t<meta name=\"twitter:label2\" content=\"Est. reading time\" \/>\n\t<meta name=\"twitter:data2\" content=\"5 minutos\" \/>\n<script type=\"application\/ld+json\" class=\"yoast-schema-graph\">{\"@context\":\"https:\/\/schema.org\",\"@graph\":[{\"@type\":\"Article\",\"@id\":\"https:\/\/infoelnuevonorte.com\/?p=7206#article\",\"isPartOf\":{\"@id\":\"https:\/\/infoelnuevonorte.com\/?p=7206\"},\"author\":{\"name\":\"InfoEnn\",\"@id\":\"https:\/\/infoelnuevonorte.com\/#\/schema\/person\/fd4f6d90afe41260818b4ea94ad8ab84\"},\"headline\":\"Presidente Abinader deja en servicio la remodelada avenida Las Carreras, en Santiago\",\"datePublished\":\"2023-12-16T16:54:03+00:00\",\"dateModified\":\"2023-12-16T16:54:05+00:00\",\"mainEntityOfPage\":{\"@id\":\"https:\/\/infoelnuevonorte.com\/?p=7206\"},\"wordCount\":723,\"publisher\":{\"@id\":\"https:\/\/infoelnuevonorte.com\/#organization\"},\"image\":{\"@id\":\"https:\/\/infoelnuevonorte.com\/?p=7206#primaryimage\"},\"thumbnailUrl\":\"https:\/\/infoelnuevonorte.com\/wp-content\/uploads\/2023\/12\/WhatsApp-Image-2023-12-16-at-12.04.37-PM-2-jpeg.webp\",\"articleSection\":[\"Actualidad |\",\"Del Norte\"],\"inLanguage\":\"es-DO\"},{\"@type\":\"WebPage\",\"@id\":\"https:\/\/infoelnuevonorte.com\/?p=7206\",\"url\":\"https:\/\/infoelnuevonorte.com\/?p=7206\",\"name\":\"Presidente Abinader deja en servicio la remodelada avenida Las Carreras, en Santiago | El Nuevo Norte\",\"isPartOf\":{\"@id\":\"https:\/\/infoelnuevonorte.com\/#website\"},\"primaryImageOfPage\":{\"@id\":\"https:\/\/infoelnuevonorte.com\/?p=7206#primaryimage\"},\"image\":{\"@id\":\"https:\/\/infoelnuevonorte.com\/?p=7206#primaryimage\"},\"thumbnailUrl\":\"https:\/\/infoelnuevonorte.com\/wp-content\/uploads\/2023\/12\/WhatsApp-Image-2023-12-16-at-12.04.37-PM-2-jpeg.webp\",\"datePublished\":\"2023-12-16T16:54:03+00:00\",\"dateModified\":\"2023-12-16T16:54:05+00:00\",\"breadcrumb\":{\"@id\":\"https:\/\/infoelnuevonorte.com\/?p=7206#breadcrumb\"},\"inLanguage\":\"es-DO\",\"potentialAction\":[{\"@type\":\"ReadAction\",\"target\":[\"https:\/\/infoelnuevonorte.com\/?p=7206\"]}]},{\"@type\":\"ImageObject\",\"inLanguage\":\"es-DO\",\"@id\":\"https:\/\/infoelnuevonorte.com\/?p=7206#primaryimage\",\"url\":\"\",\"contentUrl\":\"\"},{\"@type\":\"BreadcrumbList\",\"@id\":\"https:\/\/infoelnuevonorte.com\/?p=7206#breadcrumb\",\"itemListElement\":[{\"@type\":\"ListItem\",\"position\":1,\"name\":\"Home\",\"item\":\"https:\/\/infoelnuevonorte.com\/\"},{\"@type\":\"ListItem\",\"position\":2,\"name\":\"Presidente Abinader deja en servicio la remodelada avenida Las Carreras, en Santiago\"}]},{\"@type\":\"WebSite\",\"@id\":\"https:\/\/infoelnuevonorte.com\/#website\",\"url\":\"https:\/\/infoelnuevonorte.com\/\",\"name\":\"InfoEnn\",\"description\":\"Tu Voz, tu Verdad, tu Diario!!!\",\"publisher\":{\"@id\":\"https:\/\/infoelnuevonorte.com\/#organization\"},\"alternateName\":\"El Nuevo Norte\",\"potentialAction\":[{\"@type\":\"SearchAction\",\"target\":{\"@type\":\"EntryPoint\",\"urlTemplate\":\"https:\/\/infoelnuevonorte.com\/?s={search_term_string}\"},\"query-input\":{\"@type\":\"PropertyValueSpecification\",\"valueRequired\":true,\"valueName\":\"search_term_string\"}}],\"inLanguage\":\"es-DO\"},{\"@type\":\"Organization\",\"@id\":\"https:\/\/infoelnuevonorte.com\/#organization\",\"name\":\"Info El Nuevo Norte\",\"alternateName\":\"El Nuevo Norte\",\"url\":\"https:\/\/infoelnuevonorte.com\/\",\"logo\":{\"@type\":\"ImageObject\",\"inLanguage\":\"es-DO\",\"@id\":\"https:\/\/infoelnuevonorte.com\/#\/schema\/logo\/image\/\",\"url\":\"https:\/\/infoelnuevonorte.com\/wp-content\/uploads\/2026\/02\/Logo-Info-enn-3d-20ani.jpeg\",\"contentUrl\":\"https:\/\/infoelnuevonorte.com\/wp-content\/uploads\/2026\/02\/Logo-Info-enn-3d-20ani.jpeg\",\"width\":2046,\"height\":736,\"caption\":\"Info El Nuevo Norte\"},\"image\":{\"@id\":\"https:\/\/infoelnuevonorte.com\/#\/schema\/logo\/image\/\"},\"sameAs\":[\"https:\/\/www.facebook.com\/infoenn\",\"https:\/\/x.com\/Elnuevo_norte\",\"https:\/\/www.instagram.com\/infoenn\",\"https:\/\/www.facebook.com\/ENNRD\"]},{\"@type\":\"Person\",\"@id\":\"https:\/\/infoelnuevonorte.com\/#\/schema\/person\/fd4f6d90afe41260818b4ea94ad8ab84\",\"name\":\"InfoEnn\",\"image\":{\"@type\":\"ImageObject\",\"inLanguage\":\"es-DO\",\"@id\":\"https:\/\/infoelnuevonorte.com\/#\/schema\/person\/image\/\",\"url\":\"https:\/\/secure.gravatar.com\/avatar\/d4d760a41a48ba9db0a82bfb63bb0783?s=96&d=robohash&r=g\",\"contentUrl\":\"https:\/\/secure.gravatar.com\/avatar\/d4d760a41a48ba9db0a82bfb63bb0783?s=96&d=robohash&r=g\",\"caption\":\"InfoEnn\"},\"sameAs\":[\"https:\/\/infoelnuevonorte.com\"],\"url\":\"https:\/\/infoelnuevonorte.com\/?author=1\"}]}<\/script>\n<!-- \/ Yoast SEO plugin. -->","yoast_head_json":{"title":"Presidente Abinader deja en servicio la remodelada avenida Las Carreras, en Santiago | El Nuevo Norte","robots":{"index":"index","follow":"follow","max-snippet":"max-snippet:-1","max-image-preview":"max-image-preview:large","max-video-preview":"max-video-preview:-1"},"canonical":"https:\/\/infoelnuevonorte.com\/?p=7206","og_locale":"es_ES","og_type":"article","og_title":"Presidente Abinader deja en servicio la remodelada avenida Las Carreras, en Santiago | El Nuevo Norte","og_description":"SANTIAGO.- El presidente Luis Abinader, acompa\u00f1ado del ministro de Obras P\u00fablicas, Deligne Ascenci\u00f3n, encabez\u00f3 este viernes el acto inaugural de la remodelada avenida Las Carreras, en esta ciudad, obra construida con una inversi\u00f3n superior a los 384 millones de pesos. Esta es la obra n\u00famero 304 que inaugura el presidente Abinader entre las construida que [&hellip;]","og_url":"https:\/\/infoelnuevonorte.com\/?p=7206","og_site_name":"El Nuevo Norte","article_publisher":"https:\/\/www.facebook.com\/infoenn","article_published_time":"2023-12-16T16:54:03+00:00","article_modified_time":"2023-12-16T16:54:05+00:00","og_image":[{"width":1280,"height":844,"url":"https:\/\/infoelnuevonorte.com\/wp-content\/uploads\/2023\/12\/WhatsApp-Image-2023-12-16-at-12.04.37-PM-jpeg.webp","type":"image\/jpeg"}],"author":"InfoEnn","twitter_card":"summary_large_image","twitter_creator":"@Elnuevo_norte","twitter_site":"@Elnuevo_norte","twitter_misc":{"Written by":"InfoEnn","Est. reading time":"5 minutos"},"schema":{"@context":"https:\/\/schema.org","@graph":[{"@type":"Article","@id":"https:\/\/infoelnuevonorte.com\/?p=7206#article","isPartOf":{"@id":"https:\/\/infoelnuevonorte.com\/?p=7206"},"author":{"name":"InfoEnn","@id":"https:\/\/infoelnuevonorte.com\/#\/schema\/person\/fd4f6d90afe41260818b4ea94ad8ab84"},"headline":"Presidente Abinader deja en servicio la remodelada avenida Las Carreras, en Santiago","datePublished":"2023-12-16T16:54:03+00:00","dateModified":"2023-12-16T16:54:05+00:00","mainEntityOfPage":{"@id":"https:\/\/infoelnuevonorte.com\/?p=7206"},"wordCount":723,"publisher":{"@id":"https:\/\/infoelnuevonorte.com\/#organization"},"image":{"@id":"https:\/\/infoelnuevonorte.com\/?p=7206#primaryimage"},"thumbnailUrl":"https:\/\/infoelnuevonorte.com\/wp-content\/uploads\/2023\/12\/WhatsApp-Image-2023-12-16-at-12.04.37-PM-2-jpeg.webp","articleSection":["Actualidad |","Del Norte"],"inLanguage":"es-DO"},{"@type":"WebPage","@id":"https:\/\/infoelnuevonorte.com\/?p=7206","url":"https:\/\/infoelnuevonorte.com\/?p=7206","name":"Presidente Abinader deja en servicio la remodelada avenida Las Carreras, en Santiago | El Nuevo Norte","isPartOf":{"@id":"https:\/\/infoelnuevonorte.com\/#website"},"primaryImageOfPage":{"@id":"https:\/\/infoelnuevonorte.com\/?p=7206#primaryimage"},"image":{"@id":"https:\/\/infoelnuevonorte.com\/?p=7206#primaryimage"},"thumbnailUrl":"https:\/\/infoelnuevonorte.com\/wp-content\/uploads\/2023\/12\/WhatsApp-Image-2023-12-16-at-12.04.37-PM-2-jpeg.webp","datePublished":"2023-12-16T16:54:03+00:00","dateModified":"2023-12-16T16:54:05+00:00","breadcrumb":{"@id":"https:\/\/infoelnuevonorte.com\/?p=7206#breadcrumb"},"inLanguage":"es-DO","potentialAction":[{"@type":"ReadAction","target":["https:\/\/infoelnuevonorte.com\/?p=7206"]}]},{"@type":"ImageObject","inLanguage":"es-DO","@id":"https:\/\/infoelnuevonorte.com\/?p=7206#primaryimage","url":"","contentUrl":""},{"@type":"BreadcrumbList","@id":"https:\/\/infoelnuevonorte.com\/?p=7206#breadcrumb","itemListElement":[{"@type":"ListItem","position":1,"name":"Home","item":"https:\/\/infoelnuevonorte.com\/"},{"@type":"ListItem","position":2,"name":"Presidente Abinader deja en servicio la remodelada avenida Las Carreras, en Santiago"}]},{"@type":"WebSite","@id":"https:\/\/infoelnuevonorte.com\/#website","url":"https:\/\/infoelnuevonorte.com\/","name":"InfoEnn","description":"Tu Voz, tu Verdad, tu Diario!!!","publisher":{"@id":"https:\/\/infoelnuevonorte.com\/#organization"},"alternateName":"El Nuevo Norte","potentialAction":[{"@type":"SearchAction","target":{"@type":"EntryPoint","urlTemplate":"https:\/\/infoelnuevonorte.com\/?s={search_term_string}"},"query-input":{"@type":"PropertyValueSpecification","valueRequired":true,"valueName":"search_term_string"}}],"inLanguage":"es-DO"},{"@type":"Organization","@id":"https:\/\/infoelnuevonorte.com\/#organization","name":"Info El Nuevo Norte","alternateName":"El Nuevo Norte","url":"https:\/\/infoelnuevonorte.com\/","logo":{"@type":"ImageObject","inLanguage":"es-DO","@id":"https:\/\/infoelnuevonorte.com\/#\/schema\/logo\/image\/","url":"https:\/\/infoelnuevonorte.com\/wp-content\/uploads\/2026\/02\/Logo-Info-enn-3d-20ani.jpeg","contentUrl":"https:\/\/infoelnuevonorte.com\/wp-content\/uploads\/2026\/02\/Logo-Info-enn-3d-20ani.jpeg","width":2046,"height":736,"caption":"Info El Nuevo Norte"},"image":{"@id":"https:\/\/infoelnuevonorte.com\/#\/schema\/logo\/image\/"},"sameAs":["https:\/\/www.facebook.com\/infoenn","https:\/\/x.com\/Elnuevo_norte","https:\/\/www.instagram.com\/infoenn","https:\/\/www.facebook.com\/ENNRD"]},{"@type":"Person","@id":"https:\/\/infoelnuevonorte.com\/#\/schema\/person\/fd4f6d90afe41260818b4ea94ad8ab84","name":"InfoEnn","image":{"@type":"ImageObject","inLanguage":"es-DO","@id":"https:\/\/infoelnuevonorte.com\/#\/schema\/person\/image\/","url":"https:\/\/secure.gravatar.com\/avatar\/d4d760a41a48ba9db0a82bfb63bb0783?s=96&d=robohash&r=g","contentUrl":"https:\/\/secure.gravatar.com\/avatar\/d4d760a41a48ba9db0a82bfb63bb0783?s=96&d=robohash&r=g","caption":"InfoEnn"},"sameAs":["https:\/\/infoelnuevonorte.com"],"url":"https:\/\/infoelnuevonorte.com\/?author=1"}]}},"_links":{"self":[{"href":"https:\/\/infoelnuevonorte.com\/index.php?rest_route=\/wp\/v2\/posts\/7206"}],"collection":[{"href":"https:\/\/infoelnuevonorte.com\/index.php?rest_route=\/wp\/v2\/posts"}],"about":[{"href":"https:\/\/infoelnuevonorte.com\/index.php?rest_route=\/wp\/v2\/types\/post"}],"author":[{"embeddable":true,"href":"https:\/\/infoelnuevonorte.com\/index.php?rest_route=\/wp\/v2\/users\/1"}],"replies":[{"embeddable":true,"href":"https:\/\/infoelnuevonorte.com\/index.php?rest_route=%2Fwp%2Fv2%2Fcomments&post=7206"}],"version-history":[{"count":0,"href":"https:\/\/infoelnuevonorte.com\/index.php?rest_route=\/wp\/v2\/posts\/7206\/revisions"}],"wp:attachment":[{"href":"https:\/\/infoelnuevonorte.com\/index.php?rest_route=%2Fwp%2Fv2%2Fmedia&parent=7206"}],"wp:term":[{"taxonomy":"category","embeddable":true,"href":"https:\/\/infoelnuevonorte.com\/index.php?rest_route=%2Fwp%2Fv2%2Fcategories&post=7206"},{"taxonomy":"post_tag","embeddable":true,"href":"https:\/\/infoelnuevonorte.com\/index.php?rest_route=%2Fwp%2Fv2%2Ftags&post=7206"}],"curies":[{"name":"wp","href":"https:\/\/api.w.org\/{rel}","templated":true}]}}