{"id":74602,"date":"2025-01-16T12:08:53","date_gmt":"2025-01-16T16:08:53","guid":{"rendered":"https:\/\/infoelnuevonorte.com\/?p=74602"},"modified":"2025-01-16T12:08:54","modified_gmt":"2025-01-16T16:08:54","slug":"ricardo-montaner-denuncia-vandalismo-a-su-casa-en-samana-a-veces-provoca-irse","status":"publish","type":"post","link":"https:\/\/infoelnuevonorte.com\/?p=74602","title":{"rendered":"Ricardo Montaner denuncia vandalismo a su casa en Saman\u00e1: \u201cA veces provoca irse\u201d"},"content":{"rendered":"<!--[if lt IE 9]><script>document.createElement('audio');<\/script><![endif]-->\n<audio class=\"wp-audio-shortcode\" id=\"audio-74602-1\" preload=\"none\" style=\"width: 100%;\" controls=\"controls\"><source type=\"audio\/mpeg\" src=\"https:\/\/infoelnuevonorte.com\/wp-content\/uploads\/2025\/01\/ttsmaker-vip-file-2025-1-16-12-8-22.mp3?_=1\" \/><a href=\"https:\/\/infoelnuevonorte.com\/wp-content\/uploads\/2025\/01\/ttsmaker-vip-file-2025-1-16-12-8-22.mp3\">https:\/\/infoelnuevonorte.com\/wp-content\/uploads\/2025\/01\/ttsmaker-vip-file-2025-1-16-12-8-22.mp3<\/a><\/audio>\n<p style=\"text-align: justify;\">Saman\u00e1, RD.- El veterano cantante y compositor Ricardo Montaner, quien se nacionaliz\u00f3 dominicano y reside en Saman\u00e1, Rep\u00fablica Dominicana, denunci\u00f3 por medio de una publicaci\u00f3n en redes sociales que dos personas vandalizaron su casa.<\/p>\n<p style=\"text-align: justify;\">El int\u00e9rprete de <strong>\u201cMe va a extra\u00f1ar\u201d,<\/strong> comparti\u00f3 varias fotograf\u00edas en su perfil de Instagram donde se muestran dos personas pintando las paredes de su casa de color rojo, mientras una mujer nombrada por el mismo Montaner como \u201cEstela\u201d, posa mjuy sonriente frente a la c\u00e1mara.<\/p>\n<p style=\"text-align: justify;\">\u201cEsto ocurri\u00f3 esta tarde en la propiedad de nuestra familia en Saman\u00e1, la persona que posa para la foto, y que luce feliz al da\u00f1ar nuestra casa, se llama Estela\u201d, se\u00f1al\u00f3 Montaner en la publicaci\u00f3n.<\/p>\n<p style=\"text-align: justify;\">Montaner, quien desde hace varios a\u00f1os mantiene un v\u00ednculo muy estrecho con la Rep\u00fablica Dominicana, comparti\u00f3 que por cosas como estas a veces le provoca irse del pa\u00eds.<\/p>\n<p style=\"text-align: justify;\">Sin embargo, public\u00f3 una fotograf\u00eda de un hermoso atardecer en el cual aparece su esposa Marlene, asegurando que \u201cde no ser por la belleza y la paz que tiene en su hogar en RD le provocar\u00eda irse\u201d.<\/p>\n<p style=\"text-align: justify;\">Hasta el momento a pesar de Montaner compartir la denuncia en sus redes sociales, este no se ha referido p\u00fablicamente sobre las posibles causas del vandalismo de su propiedad.<\/p>\n<p style=\"text-align: justify;\">Aunque Montaner naci\u00f3 en Argentina y vivi\u00f3 parte de su vida en Venezuela, posee una ciudadan\u00eda colombiana, siendo la nacionalidad dominicana su cuarta adquisici\u00f3n.<\/p>\n<p style=\"text-align: justify;\">Desde diciembre de 2019, Montaner fue juramentado de manera oficial como dominicano, tras recibir el t\u00edtulo de naturalizaci\u00f3n privilegiada.<\/p>\n<p style=\"text-align: justify;\">Tanto \u00e9l c\u00f3mo su esposa Marlene, recibieron de manera oficial la nacionalidad dominicana, a t\u00edtulo de naturalizaci\u00f3n privilegiada, tras ser juramentados de manera oficial como dominicanos en el Ministerio de Interior y Polic\u00eda.<\/p>\n","protected":false},"excerpt":{"rendered":"<p>Saman\u00e1, RD.- El veterano cantante y compositor Ricardo Montaner, quien se nacionaliz\u00f3 dominicano y reside en Saman\u00e1, Rep\u00fablica Dominicana, denunci\u00f3 por medio de una publicaci\u00f3n en redes sociales que dos personas vandalizaron su casa. El int\u00e9rprete de \u201cMe va a extra\u00f1ar\u201d, comparti\u00f3 varias fotograf\u00edas en su perfil de Instagram donde se muestran dos personas pintando [&hellip;]<\/p>\n","protected":false},"author":1,"featured_media":0,"comment_status":"closed","ping_status":"open","sticky":false,"template":"","format":"standard","meta":{"footnotes":""},"categories":[5],"tags":[],"yoast_head":"<!-- This site is optimized with the Yoast SEO plugin v24.5 - https:\/\/yoast.com\/wordpress\/plugins\/seo\/ -->\n<title>Ricardo Montaner denuncia vandalismo a su casa en Saman\u00e1: \u201cA veces provoca irse\u201d | El Nuevo Norte<\/title>\n<meta name=\"robots\" content=\"index, follow, max-snippet:-1, max-image-preview:large, max-video-preview:-1\" \/>\n<link rel=\"canonical\" href=\"https:\/\/infoelnuevonorte.com\/?p=74602\" \/>\n<meta property=\"og:locale\" content=\"es_ES\" \/>\n<meta property=\"og:type\" content=\"article\" \/>\n<meta property=\"og:title\" content=\"Ricardo Montaner denuncia vandalismo a su casa en Saman\u00e1: \u201cA veces provoca irse\u201d | El Nuevo Norte\" \/>\n<meta property=\"og:description\" content=\"Saman\u00e1, RD.- El veterano cantante y compositor Ricardo Montaner, quien se nacionaliz\u00f3 dominicano y reside en Saman\u00e1, Rep\u00fablica Dominicana, denunci\u00f3 por medio de una publicaci\u00f3n en redes sociales que dos personas vandalizaron su casa. El int\u00e9rprete de \u201cMe va a extra\u00f1ar\u201d, comparti\u00f3 varias fotograf\u00edas en su perfil de Instagram donde se muestran dos personas pintando [&hellip;]\" \/>\n<meta property=\"og:url\" content=\"https:\/\/infoelnuevonorte.com\/?p=74602\" \/>\n<meta property=\"og:site_name\" content=\"El Nuevo Norte\" \/>\n<meta property=\"article:publisher\" content=\"https:\/\/www.facebook.com\/infoenn\" \/>\n<meta property=\"article:published_time\" content=\"2025-01-16T16:08:53+00:00\" \/>\n<meta property=\"article:modified_time\" content=\"2025-01-16T16:08:54+00:00\" \/>\n<meta property=\"og:image\" content=\"https:\/\/infoelnuevonorte.com\/wp-content\/uploads\/2025\/01\/montaner.jpg\" \/>\n\t<meta property=\"og:image:width\" content=\"1030\" \/>\n\t<meta property=\"og:image:height\" content=\"727\" \/>\n\t<meta property=\"og:image:type\" content=\"image\/jpeg\" \/>\n<meta name=\"author\" content=\"InfoEnn\" \/>\n<meta name=\"twitter:card\" content=\"summary_large_image\" \/>\n<meta name=\"twitter:creator\" content=\"@Elnuevo_norte\" \/>\n<meta name=\"twitter:site\" content=\"@Elnuevo_norte\" \/>\n<meta name=\"twitter:label1\" content=\"Written by\" \/>\n\t<meta name=\"twitter:data1\" content=\"InfoEnn\" \/>\n\t<meta name=\"twitter:label2\" content=\"Est. reading time\" \/>\n\t<meta name=\"twitter:data2\" content=\"2 minutos\" \/>\n<script type=\"application\/ld+json\" class=\"yoast-schema-graph\">{\"@context\":\"https:\/\/schema.org\",\"@graph\":[{\"@type\":\"Article\",\"@id\":\"https:\/\/infoelnuevonorte.com\/?p=74602#article\",\"isPartOf\":{\"@id\":\"https:\/\/infoelnuevonorte.com\/?p=74602\"},\"author\":{\"name\":\"InfoEnn\",\"@id\":\"https:\/\/infoelnuevonorte.com\/#\/schema\/person\/fd4f6d90afe41260818b4ea94ad8ab84\"},\"headline\":\"Ricardo Montaner denuncia vandalismo a su casa en Saman\u00e1: \u201cA veces provoca irse\u201d\",\"datePublished\":\"2025-01-16T16:08:53+00:00\",\"dateModified\":\"2025-01-16T16:08:54+00:00\",\"mainEntityOfPage\":{\"@id\":\"https:\/\/infoelnuevonorte.com\/?p=74602\"},\"wordCount\":337,\"publisher\":{\"@id\":\"https:\/\/infoelnuevonorte.com\/#organization\"},\"articleSection\":[\"Del Norte\"],\"inLanguage\":\"es-DO\"},{\"@type\":\"WebPage\",\"@id\":\"https:\/\/infoelnuevonorte.com\/?p=74602\",\"url\":\"https:\/\/infoelnuevonorte.com\/?p=74602\",\"name\":\"Ricardo Montaner denuncia vandalismo a su casa en Saman\u00e1: \u201cA veces provoca irse\u201d | El Nuevo Norte\",\"isPartOf\":{\"@id\":\"https:\/\/infoelnuevonorte.com\/#website\"},\"datePublished\":\"2025-01-16T16:08:53+00:00\",\"dateModified\":\"2025-01-16T16:08:54+00:00\",\"breadcrumb\":{\"@id\":\"https:\/\/infoelnuevonorte.com\/?p=74602#breadcrumb\"},\"inLanguage\":\"es-DO\",\"potentialAction\":[{\"@type\":\"ReadAction\",\"target\":[\"https:\/\/infoelnuevonorte.com\/?p=74602\"]}]},{\"@type\":\"BreadcrumbList\",\"@id\":\"https:\/\/infoelnuevonorte.com\/?p=74602#breadcrumb\",\"itemListElement\":[{\"@type\":\"ListItem\",\"position\":1,\"name\":\"Home\",\"item\":\"https:\/\/infoelnuevonorte.com\/\"},{\"@type\":\"ListItem\",\"position\":2,\"name\":\"Ricardo Montaner denuncia vandalismo a su casa en Saman\u00e1: \u201cA veces provoca irse\u201d\"}]},{\"@type\":\"WebSite\",\"@id\":\"https:\/\/infoelnuevonorte.com\/#website\",\"url\":\"https:\/\/infoelnuevonorte.com\/\",\"name\":\"InfoEnn\",\"description\":\"Tu Voz, tu Verdad, tu Diario!!!\",\"publisher\":{\"@id\":\"https:\/\/infoelnuevonorte.com\/#organization\"},\"alternateName\":\"El Nuevo Norte\",\"potentialAction\":[{\"@type\":\"SearchAction\",\"target\":{\"@type\":\"EntryPoint\",\"urlTemplate\":\"https:\/\/infoelnuevonorte.com\/?s={search_term_string}\"},\"query-input\":{\"@type\":\"PropertyValueSpecification\",\"valueRequired\":true,\"valueName\":\"search_term_string\"}}],\"inLanguage\":\"es-DO\"},{\"@type\":\"Organization\",\"@id\":\"https:\/\/infoelnuevonorte.com\/#organization\",\"name\":\"Info El Nuevo Norte\",\"alternateName\":\"El Nuevo Norte\",\"url\":\"https:\/\/infoelnuevonorte.com\/\",\"logo\":{\"@type\":\"ImageObject\",\"inLanguage\":\"es-DO\",\"@id\":\"https:\/\/infoelnuevonorte.com\/#\/schema\/logo\/image\/\",\"url\":\"https:\/\/infoelnuevonorte.com\/wp-content\/uploads\/2026\/02\/Logo-Info-enn-3d-20ani.jpeg\",\"contentUrl\":\"https:\/\/infoelnuevonorte.com\/wp-content\/uploads\/2026\/02\/Logo-Info-enn-3d-20ani.jpeg\",\"width\":2046,\"height\":736,\"caption\":\"Info El Nuevo Norte\"},\"image\":{\"@id\":\"https:\/\/infoelnuevonorte.com\/#\/schema\/logo\/image\/\"},\"sameAs\":[\"https:\/\/www.facebook.com\/infoenn\",\"https:\/\/x.com\/Elnuevo_norte\",\"https:\/\/www.instagram.com\/infoenn\",\"https:\/\/www.facebook.com\/ENNRD\"]},{\"@type\":\"Person\",\"@id\":\"https:\/\/infoelnuevonorte.com\/#\/schema\/person\/fd4f6d90afe41260818b4ea94ad8ab84\",\"name\":\"InfoEnn\",\"image\":{\"@type\":\"ImageObject\",\"inLanguage\":\"es-DO\",\"@id\":\"https:\/\/infoelnuevonorte.com\/#\/schema\/person\/image\/\",\"url\":\"https:\/\/secure.gravatar.com\/avatar\/d4d760a41a48ba9db0a82bfb63bb0783?s=96&d=robohash&r=g\",\"contentUrl\":\"https:\/\/secure.gravatar.com\/avatar\/d4d760a41a48ba9db0a82bfb63bb0783?s=96&d=robohash&r=g\",\"caption\":\"InfoEnn\"},\"sameAs\":[\"https:\/\/infoelnuevonorte.com\"],\"url\":\"https:\/\/infoelnuevonorte.com\/?author=1\"}]}<\/script>\n<!-- \/ Yoast SEO plugin. -->","yoast_head_json":{"title":"Ricardo Montaner denuncia vandalismo a su casa en Saman\u00e1: \u201cA veces provoca irse\u201d | El Nuevo Norte","robots":{"index":"index","follow":"follow","max-snippet":"max-snippet:-1","max-image-preview":"max-image-preview:large","max-video-preview":"max-video-preview:-1"},"canonical":"https:\/\/infoelnuevonorte.com\/?p=74602","og_locale":"es_ES","og_type":"article","og_title":"Ricardo Montaner denuncia vandalismo a su casa en Saman\u00e1: \u201cA veces provoca irse\u201d | El Nuevo Norte","og_description":"Saman\u00e1, RD.- El veterano cantante y compositor Ricardo Montaner, quien se nacionaliz\u00f3 dominicano y reside en Saman\u00e1, Rep\u00fablica Dominicana, denunci\u00f3 por medio de una publicaci\u00f3n en redes sociales que dos personas vandalizaron su casa. El int\u00e9rprete de \u201cMe va a extra\u00f1ar\u201d, comparti\u00f3 varias fotograf\u00edas en su perfil de Instagram donde se muestran dos personas pintando [&hellip;]","og_url":"https:\/\/infoelnuevonorte.com\/?p=74602","og_site_name":"El Nuevo Norte","article_publisher":"https:\/\/www.facebook.com\/infoenn","article_published_time":"2025-01-16T16:08:53+00:00","article_modified_time":"2025-01-16T16:08:54+00:00","og_image":[{"width":1030,"height":727,"url":"https:\/\/infoelnuevonorte.com\/wp-content\/uploads\/2025\/01\/montaner.jpg","type":"image\/jpeg"}],"author":"InfoEnn","twitter_card":"summary_large_image","twitter_creator":"@Elnuevo_norte","twitter_site":"@Elnuevo_norte","twitter_misc":{"Written by":"InfoEnn","Est. reading time":"2 minutos"},"schema":{"@context":"https:\/\/schema.org","@graph":[{"@type":"Article","@id":"https:\/\/infoelnuevonorte.com\/?p=74602#article","isPartOf":{"@id":"https:\/\/infoelnuevonorte.com\/?p=74602"},"author":{"name":"InfoEnn","@id":"https:\/\/infoelnuevonorte.com\/#\/schema\/person\/fd4f6d90afe41260818b4ea94ad8ab84"},"headline":"Ricardo Montaner denuncia vandalismo a su casa en Saman\u00e1: \u201cA veces provoca irse\u201d","datePublished":"2025-01-16T16:08:53+00:00","dateModified":"2025-01-16T16:08:54+00:00","mainEntityOfPage":{"@id":"https:\/\/infoelnuevonorte.com\/?p=74602"},"wordCount":337,"publisher":{"@id":"https:\/\/infoelnuevonorte.com\/#organization"},"articleSection":["Del Norte"],"inLanguage":"es-DO"},{"@type":"WebPage","@id":"https:\/\/infoelnuevonorte.com\/?p=74602","url":"https:\/\/infoelnuevonorte.com\/?p=74602","name":"Ricardo Montaner denuncia vandalismo a su casa en Saman\u00e1: \u201cA veces provoca irse\u201d | El Nuevo Norte","isPartOf":{"@id":"https:\/\/infoelnuevonorte.com\/#website"},"datePublished":"2025-01-16T16:08:53+00:00","dateModified":"2025-01-16T16:08:54+00:00","breadcrumb":{"@id":"https:\/\/infoelnuevonorte.com\/?p=74602#breadcrumb"},"inLanguage":"es-DO","potentialAction":[{"@type":"ReadAction","target":["https:\/\/infoelnuevonorte.com\/?p=74602"]}]},{"@type":"BreadcrumbList","@id":"https:\/\/infoelnuevonorte.com\/?p=74602#breadcrumb","itemListElement":[{"@type":"ListItem","position":1,"name":"Home","item":"https:\/\/infoelnuevonorte.com\/"},{"@type":"ListItem","position":2,"name":"Ricardo Montaner denuncia vandalismo a su casa en Saman\u00e1: \u201cA veces provoca irse\u201d"}]},{"@type":"WebSite","@id":"https:\/\/infoelnuevonorte.com\/#website","url":"https:\/\/infoelnuevonorte.com\/","name":"InfoEnn","description":"Tu Voz, tu Verdad, tu Diario!!!","publisher":{"@id":"https:\/\/infoelnuevonorte.com\/#organization"},"alternateName":"El Nuevo Norte","potentialAction":[{"@type":"SearchAction","target":{"@type":"EntryPoint","urlTemplate":"https:\/\/infoelnuevonorte.com\/?s={search_term_string}"},"query-input":{"@type":"PropertyValueSpecification","valueRequired":true,"valueName":"search_term_string"}}],"inLanguage":"es-DO"},{"@type":"Organization","@id":"https:\/\/infoelnuevonorte.com\/#organization","name":"Info El Nuevo Norte","alternateName":"El Nuevo Norte","url":"https:\/\/infoelnuevonorte.com\/","logo":{"@type":"ImageObject","inLanguage":"es-DO","@id":"https:\/\/infoelnuevonorte.com\/#\/schema\/logo\/image\/","url":"https:\/\/infoelnuevonorte.com\/wp-content\/uploads\/2026\/02\/Logo-Info-enn-3d-20ani.jpeg","contentUrl":"https:\/\/infoelnuevonorte.com\/wp-content\/uploads\/2026\/02\/Logo-Info-enn-3d-20ani.jpeg","width":2046,"height":736,"caption":"Info El Nuevo Norte"},"image":{"@id":"https:\/\/infoelnuevonorte.com\/#\/schema\/logo\/image\/"},"sameAs":["https:\/\/www.facebook.com\/infoenn","https:\/\/x.com\/Elnuevo_norte","https:\/\/www.instagram.com\/infoenn","https:\/\/www.facebook.com\/ENNRD"]},{"@type":"Person","@id":"https:\/\/infoelnuevonorte.com\/#\/schema\/person\/fd4f6d90afe41260818b4ea94ad8ab84","name":"InfoEnn","image":{"@type":"ImageObject","inLanguage":"es-DO","@id":"https:\/\/infoelnuevonorte.com\/#\/schema\/person\/image\/","url":"https:\/\/secure.gravatar.com\/avatar\/d4d760a41a48ba9db0a82bfb63bb0783?s=96&d=robohash&r=g","contentUrl":"https:\/\/secure.gravatar.com\/avatar\/d4d760a41a48ba9db0a82bfb63bb0783?s=96&d=robohash&r=g","caption":"InfoEnn"},"sameAs":["https:\/\/infoelnuevonorte.com"],"url":"https:\/\/infoelnuevonorte.com\/?author=1"}]}},"_links":{"self":[{"href":"https:\/\/infoelnuevonorte.com\/index.php?rest_route=\/wp\/v2\/posts\/74602"}],"collection":[{"href":"https:\/\/infoelnuevonorte.com\/index.php?rest_route=\/wp\/v2\/posts"}],"about":[{"href":"https:\/\/infoelnuevonorte.com\/index.php?rest_route=\/wp\/v2\/types\/post"}],"author":[{"embeddable":true,"href":"https:\/\/infoelnuevonorte.com\/index.php?rest_route=\/wp\/v2\/users\/1"}],"replies":[{"embeddable":true,"href":"https:\/\/infoelnuevonorte.com\/index.php?rest_route=%2Fwp%2Fv2%2Fcomments&post=74602"}],"version-history":[{"count":1,"href":"https:\/\/infoelnuevonorte.com\/index.php?rest_route=\/wp\/v2\/posts\/74602\/revisions"}],"predecessor-version":[{"id":74605,"href":"https:\/\/infoelnuevonorte.com\/index.php?rest_route=\/wp\/v2\/posts\/74602\/revisions\/74605"}],"wp:attachment":[{"href":"https:\/\/infoelnuevonorte.com\/index.php?rest_route=%2Fwp%2Fv2%2Fmedia&parent=74602"}],"wp:term":[{"taxonomy":"category","embeddable":true,"href":"https:\/\/infoelnuevonorte.com\/index.php?rest_route=%2Fwp%2Fv2%2Fcategories&post=74602"},{"taxonomy":"post_tag","embeddable":true,"href":"https:\/\/infoelnuevonorte.com\/index.php?rest_route=%2Fwp%2Fv2%2Ftags&post=74602"}],"curies":[{"name":"wp","href":"https:\/\/api.w.org\/{rel}","templated":true}]}}