{"id":75738,"date":"2025-01-22T12:14:13","date_gmt":"2025-01-22T16:14:13","guid":{"rendered":"https:\/\/infoelnuevonorte.com\/?p=75738"},"modified":"2025-01-22T12:14:14","modified_gmt":"2025-01-22T16:14:14","slug":"rd-apertura-stand-en-fitur-iker-casillas-y-mario-casas-dicen-presente","status":"publish","type":"post","link":"https:\/\/infoelnuevonorte.com\/?p=75738","title":{"rendered":"RD apertura stand en Fitur; Iker Casillas y Mario Casas dicen presente"},"content":{"rendered":"<!--[if lt IE 9]><script>document.createElement('audio');<\/script><![endif]-->\n<audio class=\"wp-audio-shortcode\" id=\"audio-75738-1\" preload=\"none\" style=\"width: 100%;\" controls=\"controls\"><source type=\"audio\/mpeg\" src=\"https:\/\/infoelnuevonorte.com\/wp-content\/uploads\/2025\/01\/ttsmaker-vip-file-2025-1-22-12-10-12.mp3?_=1\" \/><a href=\"https:\/\/infoelnuevonorte.com\/wp-content\/uploads\/2025\/01\/ttsmaker-vip-file-2025-1-22-12-10-12.mp3\">https:\/\/infoelnuevonorte.com\/wp-content\/uploads\/2025\/01\/ttsmaker-vip-file-2025-1-22-12-10-12.mp3<\/a><\/audio>\n<p style=\"text-align: justify;\">La Rep\u00fablica Dominicana apertura su stand en la 45\u00aa edici\u00f3n de la Feria Internacional de Turismo (<strong>FITUR<\/strong>), con la participaci\u00f3n de grandes figuras como el exfutbolista espa\u00f1ol <strong>Iker Casillas<\/strong> y el actor y director de cine<strong> Mario Casas.<\/strong><\/p>\n<p style=\"text-align: justify;\"><strong>Fitur<\/strong> es uno de los eventos tur\u00edsticos m\u00e1s destacados del mundo por promover la oferta tur\u00edstica y generar oportunidades de negocio.<\/p>\n<p style=\"text-align: justify;\">Estas informaciones se dieron a conocer mediante un post en la cuenta de Instagram del Ministerio de Turismo;<strong> \u201c\u00a1Desde el Stand 3B01, Pabell\u00f3n 3, dimos oficial apertura a nuestra exhibici\u00f3n en #FITUR2025\u201d<\/strong>, especifica la publicaci\u00f3n.<\/p>\n<p style=\"text-align: justify;\">Rep\u00fablica Dominicana se contin\u00faa posicionando como uno de los destinos favoritos a nivel mundial, atrayendo tanto a viajeros como a inversionistas.<\/p>\n","protected":false},"excerpt":{"rendered":"<p>La Rep\u00fablica Dominicana apertura su stand en la 45\u00aa edici\u00f3n de la Feria Internacional de Turismo (FITUR), con la participaci\u00f3n de grandes figuras como el exfutbolista espa\u00f1ol Iker Casillas y el actor y director de cine Mario Casas. Fitur es uno de los eventos tur\u00edsticos m\u00e1s destacados del mundo por promover la oferta tur\u00edstica y [&hellip;]<\/p>\n","protected":false},"author":1,"featured_media":0,"comment_status":"closed","ping_status":"open","sticky":false,"template":"","format":"standard","meta":{"footnotes":""},"categories":[16],"tags":[],"yoast_head":"<!-- This site is optimized with the Yoast SEO plugin v24.5 - https:\/\/yoast.com\/wordpress\/plugins\/seo\/ -->\n<title>RD apertura stand en Fitur; Iker Casillas y Mario Casas dicen presente | El Nuevo Norte<\/title>\n<meta name=\"robots\" content=\"index, follow, max-snippet:-1, max-image-preview:large, max-video-preview:-1\" \/>\n<link rel=\"canonical\" href=\"https:\/\/infoelnuevonorte.com\/?p=75738\" \/>\n<meta property=\"og:locale\" content=\"es_ES\" \/>\n<meta property=\"og:type\" content=\"article\" \/>\n<meta property=\"og:title\" content=\"RD apertura stand en Fitur; Iker Casillas y Mario Casas dicen presente | El Nuevo Norte\" \/>\n<meta property=\"og:description\" content=\"La Rep\u00fablica Dominicana apertura su stand en la 45\u00aa edici\u00f3n de la Feria Internacional de Turismo (FITUR), con la participaci\u00f3n de grandes figuras como el exfutbolista espa\u00f1ol Iker Casillas y el actor y director de cine Mario Casas. Fitur es uno de los eventos tur\u00edsticos m\u00e1s destacados del mundo por promover la oferta tur\u00edstica y [&hellip;]\" \/>\n<meta property=\"og:url\" content=\"https:\/\/infoelnuevonorte.com\/?p=75738\" \/>\n<meta property=\"og:site_name\" content=\"El Nuevo Norte\" \/>\n<meta property=\"article:publisher\" content=\"https:\/\/www.facebook.com\/infoenn\" \/>\n<meta property=\"article:published_time\" content=\"2025-01-22T16:14:13+00:00\" \/>\n<meta property=\"article:modified_time\" content=\"2025-01-22T16:14:14+00:00\" \/>\n<meta property=\"og:image\" content=\"https:\/\/infoelnuevonorte.com\/wp-content\/uploads\/2025\/01\/image11-1024x576.png\" \/>\n\t<meta property=\"og:image:width\" content=\"1024\" \/>\n\t<meta property=\"og:image:height\" content=\"576\" \/>\n\t<meta property=\"og:image:type\" content=\"image\/png\" \/>\n<meta name=\"author\" content=\"InfoEnn\" \/>\n<meta name=\"twitter:card\" content=\"summary_large_image\" \/>\n<meta name=\"twitter:creator\" content=\"@Elnuevo_norte\" \/>\n<meta name=\"twitter:site\" content=\"@Elnuevo_norte\" \/>\n<meta name=\"twitter:label1\" content=\"Written by\" \/>\n\t<meta name=\"twitter:data1\" content=\"InfoEnn\" \/>\n\t<meta name=\"twitter:label2\" content=\"Est. reading time\" \/>\n\t<meta name=\"twitter:data2\" content=\"1 minuto\" \/>\n<script type=\"application\/ld+json\" class=\"yoast-schema-graph\">{\"@context\":\"https:\/\/schema.org\",\"@graph\":[{\"@type\":\"Article\",\"@id\":\"https:\/\/infoelnuevonorte.com\/?p=75738#article\",\"isPartOf\":{\"@id\":\"https:\/\/infoelnuevonorte.com\/?p=75738\"},\"author\":{\"name\":\"InfoEnn\",\"@id\":\"https:\/\/infoelnuevonorte.com\/#\/schema\/person\/fd4f6d90afe41260818b4ea94ad8ab84\"},\"headline\":\"RD apertura stand en Fitur; Iker Casillas y Mario Casas dicen presente\",\"datePublished\":\"2025-01-22T16:14:13+00:00\",\"dateModified\":\"2025-01-22T16:14:14+00:00\",\"mainEntityOfPage\":{\"@id\":\"https:\/\/infoelnuevonorte.com\/?p=75738\"},\"wordCount\":152,\"publisher\":{\"@id\":\"https:\/\/infoelnuevonorte.com\/#organization\"},\"articleSection\":[\"Turismo\"],\"inLanguage\":\"es-DO\"},{\"@type\":\"WebPage\",\"@id\":\"https:\/\/infoelnuevonorte.com\/?p=75738\",\"url\":\"https:\/\/infoelnuevonorte.com\/?p=75738\",\"name\":\"RD apertura stand en Fitur; Iker Casillas y Mario Casas dicen presente | El Nuevo Norte\",\"isPartOf\":{\"@id\":\"https:\/\/infoelnuevonorte.com\/#website\"},\"datePublished\":\"2025-01-22T16:14:13+00:00\",\"dateModified\":\"2025-01-22T16:14:14+00:00\",\"breadcrumb\":{\"@id\":\"https:\/\/infoelnuevonorte.com\/?p=75738#breadcrumb\"},\"inLanguage\":\"es-DO\",\"potentialAction\":[{\"@type\":\"ReadAction\",\"target\":[\"https:\/\/infoelnuevonorte.com\/?p=75738\"]}]},{\"@type\":\"BreadcrumbList\",\"@id\":\"https:\/\/infoelnuevonorte.com\/?p=75738#breadcrumb\",\"itemListElement\":[{\"@type\":\"ListItem\",\"position\":1,\"name\":\"Home\",\"item\":\"https:\/\/infoelnuevonorte.com\/\"},{\"@type\":\"ListItem\",\"position\":2,\"name\":\"RD apertura stand en Fitur; Iker Casillas y Mario Casas dicen presente\"}]},{\"@type\":\"WebSite\",\"@id\":\"https:\/\/infoelnuevonorte.com\/#website\",\"url\":\"https:\/\/infoelnuevonorte.com\/\",\"name\":\"InfoEnn\",\"description\":\"Tu Voz, tu Verdad, tu Diario!!!\",\"publisher\":{\"@id\":\"https:\/\/infoelnuevonorte.com\/#organization\"},\"alternateName\":\"El Nuevo Norte\",\"potentialAction\":[{\"@type\":\"SearchAction\",\"target\":{\"@type\":\"EntryPoint\",\"urlTemplate\":\"https:\/\/infoelnuevonorte.com\/?s={search_term_string}\"},\"query-input\":{\"@type\":\"PropertyValueSpecification\",\"valueRequired\":true,\"valueName\":\"search_term_string\"}}],\"inLanguage\":\"es-DO\"},{\"@type\":\"Organization\",\"@id\":\"https:\/\/infoelnuevonorte.com\/#organization\",\"name\":\"Info El Nuevo Norte\",\"alternateName\":\"El Nuevo Norte\",\"url\":\"https:\/\/infoelnuevonorte.com\/\",\"logo\":{\"@type\":\"ImageObject\",\"inLanguage\":\"es-DO\",\"@id\":\"https:\/\/infoelnuevonorte.com\/#\/schema\/logo\/image\/\",\"url\":\"https:\/\/infoelnuevonorte.com\/wp-content\/uploads\/2026\/02\/Logo-Info-enn-3d-20ani.jpeg\",\"contentUrl\":\"https:\/\/infoelnuevonorte.com\/wp-content\/uploads\/2026\/02\/Logo-Info-enn-3d-20ani.jpeg\",\"width\":2046,\"height\":736,\"caption\":\"Info El Nuevo Norte\"},\"image\":{\"@id\":\"https:\/\/infoelnuevonorte.com\/#\/schema\/logo\/image\/\"},\"sameAs\":[\"https:\/\/www.facebook.com\/infoenn\",\"https:\/\/x.com\/Elnuevo_norte\",\"https:\/\/www.instagram.com\/infoenn\",\"https:\/\/www.facebook.com\/ENNRD\"]},{\"@type\":\"Person\",\"@id\":\"https:\/\/infoelnuevonorte.com\/#\/schema\/person\/fd4f6d90afe41260818b4ea94ad8ab84\",\"name\":\"InfoEnn\",\"image\":{\"@type\":\"ImageObject\",\"inLanguage\":\"es-DO\",\"@id\":\"https:\/\/infoelnuevonorte.com\/#\/schema\/person\/image\/\",\"url\":\"https:\/\/secure.gravatar.com\/avatar\/d4d760a41a48ba9db0a82bfb63bb0783?s=96&d=robohash&r=g\",\"contentUrl\":\"https:\/\/secure.gravatar.com\/avatar\/d4d760a41a48ba9db0a82bfb63bb0783?s=96&d=robohash&r=g\",\"caption\":\"InfoEnn\"},\"sameAs\":[\"https:\/\/infoelnuevonorte.com\"],\"url\":\"https:\/\/infoelnuevonorte.com\/?author=1\"}]}<\/script>\n<!-- \/ Yoast SEO plugin. -->","yoast_head_json":{"title":"RD apertura stand en Fitur; Iker Casillas y Mario Casas dicen presente | El Nuevo Norte","robots":{"index":"index","follow":"follow","max-snippet":"max-snippet:-1","max-image-preview":"max-image-preview:large","max-video-preview":"max-video-preview:-1"},"canonical":"https:\/\/infoelnuevonorte.com\/?p=75738","og_locale":"es_ES","og_type":"article","og_title":"RD apertura stand en Fitur; Iker Casillas y Mario Casas dicen presente | El Nuevo Norte","og_description":"La Rep\u00fablica Dominicana apertura su stand en la 45\u00aa edici\u00f3n de la Feria Internacional de Turismo (FITUR), con la participaci\u00f3n de grandes figuras como el exfutbolista espa\u00f1ol Iker Casillas y el actor y director de cine Mario Casas. Fitur es uno de los eventos tur\u00edsticos m\u00e1s destacados del mundo por promover la oferta tur\u00edstica y [&hellip;]","og_url":"https:\/\/infoelnuevonorte.com\/?p=75738","og_site_name":"El Nuevo Norte","article_publisher":"https:\/\/www.facebook.com\/infoenn","article_published_time":"2025-01-22T16:14:13+00:00","article_modified_time":"2025-01-22T16:14:14+00:00","og_image":[{"width":1024,"height":576,"url":"https:\/\/infoelnuevonorte.com\/wp-content\/uploads\/2025\/01\/image11-1024x576.png","type":"image\/png"}],"author":"InfoEnn","twitter_card":"summary_large_image","twitter_creator":"@Elnuevo_norte","twitter_site":"@Elnuevo_norte","twitter_misc":{"Written by":"InfoEnn","Est. reading time":"1 minuto"},"schema":{"@context":"https:\/\/schema.org","@graph":[{"@type":"Article","@id":"https:\/\/infoelnuevonorte.com\/?p=75738#article","isPartOf":{"@id":"https:\/\/infoelnuevonorte.com\/?p=75738"},"author":{"name":"InfoEnn","@id":"https:\/\/infoelnuevonorte.com\/#\/schema\/person\/fd4f6d90afe41260818b4ea94ad8ab84"},"headline":"RD apertura stand en Fitur; Iker Casillas y Mario Casas dicen presente","datePublished":"2025-01-22T16:14:13+00:00","dateModified":"2025-01-22T16:14:14+00:00","mainEntityOfPage":{"@id":"https:\/\/infoelnuevonorte.com\/?p=75738"},"wordCount":152,"publisher":{"@id":"https:\/\/infoelnuevonorte.com\/#organization"},"articleSection":["Turismo"],"inLanguage":"es-DO"},{"@type":"WebPage","@id":"https:\/\/infoelnuevonorte.com\/?p=75738","url":"https:\/\/infoelnuevonorte.com\/?p=75738","name":"RD apertura stand en Fitur; Iker Casillas y Mario Casas dicen presente | El Nuevo Norte","isPartOf":{"@id":"https:\/\/infoelnuevonorte.com\/#website"},"datePublished":"2025-01-22T16:14:13+00:00","dateModified":"2025-01-22T16:14:14+00:00","breadcrumb":{"@id":"https:\/\/infoelnuevonorte.com\/?p=75738#breadcrumb"},"inLanguage":"es-DO","potentialAction":[{"@type":"ReadAction","target":["https:\/\/infoelnuevonorte.com\/?p=75738"]}]},{"@type":"BreadcrumbList","@id":"https:\/\/infoelnuevonorte.com\/?p=75738#breadcrumb","itemListElement":[{"@type":"ListItem","position":1,"name":"Home","item":"https:\/\/infoelnuevonorte.com\/"},{"@type":"ListItem","position":2,"name":"RD apertura stand en Fitur; Iker Casillas y Mario Casas dicen presente"}]},{"@type":"WebSite","@id":"https:\/\/infoelnuevonorte.com\/#website","url":"https:\/\/infoelnuevonorte.com\/","name":"InfoEnn","description":"Tu Voz, tu Verdad, tu Diario!!!","publisher":{"@id":"https:\/\/infoelnuevonorte.com\/#organization"},"alternateName":"El Nuevo Norte","potentialAction":[{"@type":"SearchAction","target":{"@type":"EntryPoint","urlTemplate":"https:\/\/infoelnuevonorte.com\/?s={search_term_string}"},"query-input":{"@type":"PropertyValueSpecification","valueRequired":true,"valueName":"search_term_string"}}],"inLanguage":"es-DO"},{"@type":"Organization","@id":"https:\/\/infoelnuevonorte.com\/#organization","name":"Info El Nuevo Norte","alternateName":"El Nuevo Norte","url":"https:\/\/infoelnuevonorte.com\/","logo":{"@type":"ImageObject","inLanguage":"es-DO","@id":"https:\/\/infoelnuevonorte.com\/#\/schema\/logo\/image\/","url":"https:\/\/infoelnuevonorte.com\/wp-content\/uploads\/2026\/02\/Logo-Info-enn-3d-20ani.jpeg","contentUrl":"https:\/\/infoelnuevonorte.com\/wp-content\/uploads\/2026\/02\/Logo-Info-enn-3d-20ani.jpeg","width":2046,"height":736,"caption":"Info El Nuevo Norte"},"image":{"@id":"https:\/\/infoelnuevonorte.com\/#\/schema\/logo\/image\/"},"sameAs":["https:\/\/www.facebook.com\/infoenn","https:\/\/x.com\/Elnuevo_norte","https:\/\/www.instagram.com\/infoenn","https:\/\/www.facebook.com\/ENNRD"]},{"@type":"Person","@id":"https:\/\/infoelnuevonorte.com\/#\/schema\/person\/fd4f6d90afe41260818b4ea94ad8ab84","name":"InfoEnn","image":{"@type":"ImageObject","inLanguage":"es-DO","@id":"https:\/\/infoelnuevonorte.com\/#\/schema\/person\/image\/","url":"https:\/\/secure.gravatar.com\/avatar\/d4d760a41a48ba9db0a82bfb63bb0783?s=96&d=robohash&r=g","contentUrl":"https:\/\/secure.gravatar.com\/avatar\/d4d760a41a48ba9db0a82bfb63bb0783?s=96&d=robohash&r=g","caption":"InfoEnn"},"sameAs":["https:\/\/infoelnuevonorte.com"],"url":"https:\/\/infoelnuevonorte.com\/?author=1"}]}},"_links":{"self":[{"href":"https:\/\/infoelnuevonorte.com\/index.php?rest_route=\/wp\/v2\/posts\/75738"}],"collection":[{"href":"https:\/\/infoelnuevonorte.com\/index.php?rest_route=\/wp\/v2\/posts"}],"about":[{"href":"https:\/\/infoelnuevonorte.com\/index.php?rest_route=\/wp\/v2\/types\/post"}],"author":[{"embeddable":true,"href":"https:\/\/infoelnuevonorte.com\/index.php?rest_route=\/wp\/v2\/users\/1"}],"replies":[{"embeddable":true,"href":"https:\/\/infoelnuevonorte.com\/index.php?rest_route=%2Fwp%2Fv2%2Fcomments&post=75738"}],"version-history":[{"count":1,"href":"https:\/\/infoelnuevonorte.com\/index.php?rest_route=\/wp\/v2\/posts\/75738\/revisions"}],"predecessor-version":[{"id":75741,"href":"https:\/\/infoelnuevonorte.com\/index.php?rest_route=\/wp\/v2\/posts\/75738\/revisions\/75741"}],"wp:attachment":[{"href":"https:\/\/infoelnuevonorte.com\/index.php?rest_route=%2Fwp%2Fv2%2Fmedia&parent=75738"}],"wp:term":[{"taxonomy":"category","embeddable":true,"href":"https:\/\/infoelnuevonorte.com\/index.php?rest_route=%2Fwp%2Fv2%2Fcategories&post=75738"},{"taxonomy":"post_tag","embeddable":true,"href":"https:\/\/infoelnuevonorte.com\/index.php?rest_route=%2Fwp%2Fv2%2Ftags&post=75738"}],"curies":[{"name":"wp","href":"https:\/\/api.w.org\/{rel}","templated":true}]}}