{"id":76104,"date":"2025-01-24T12:47:00","date_gmt":"2025-01-24T16:47:00","guid":{"rendered":"https:\/\/infoelnuevonorte.com\/?p=76104"},"modified":"2025-01-24T12:47:01","modified_gmt":"2025-01-24T16:47:01","slug":"bukele-y-trump-debaten-sobre-inmigracion-ilegal-y-el-impacto-del-tren-de-aragua","status":"publish","type":"post","link":"https:\/\/infoelnuevonorte.com\/?p=76104","title":{"rendered":"Bukele y Trump debaten sobre inmigraci\u00f3n ilegal y el impacto del Tren de Aragua"},"content":{"rendered":"<!--[if lt IE 9]><script>document.createElement('audio');<\/script><![endif]-->\n<audio class=\"wp-audio-shortcode\" id=\"audio-76104-1\" preload=\"none\" style=\"width: 100%;\" controls=\"controls\"><source type=\"audio\/mpeg\" src=\"https:\/\/infoelnuevonorte.com\/wp-content\/uploads\/2025\/01\/ttsmaker-vip-file-2025-1-24-12-46-35.mp3?_=1\" \/><a href=\"https:\/\/infoelnuevonorte.com\/wp-content\/uploads\/2025\/01\/ttsmaker-vip-file-2025-1-24-12-46-35.mp3\">https:\/\/infoelnuevonorte.com\/wp-content\/uploads\/2025\/01\/ttsmaker-vip-file-2025-1-24-12-46-35.mp3<\/a><\/audio>\n<p style=\"text-align: justify;\">El presidente de los Estados Unidos, <strong>Donald Trump<\/strong>, llam\u00f3 este jueves al presidente de <strong>El Salvador<\/strong>, <strong>Nayib Bukele<\/strong>, para debatir sobre la lucha contra la <strong>inmigraci\u00f3n ilegal<\/strong> y las <strong>bandas criminales<\/strong>, como el <strong>Tren de Aragua<\/strong>, que opera en varias naciones de <strong>Latinoam\u00e9rica<\/strong>, seg\u00fan inform\u00f3 la <strong>Casa Blanca<\/strong>.<\/p>\n<p style=\"text-align: justify;\">\u00abEl presidente <strong>Trump<\/strong> tambi\u00e9n destac\u00f3 el liderazgo de <strong>Bukele<\/strong> en la regi\u00f3n y lo consider\u00f3 un ejemplo para otras naciones del hemisferio occidental\u00bb, se\u00f1al\u00f3 el comunicado oficial.<\/p>\n<p style=\"text-align: justify;\">Bukele fue invitado a la toma de posesi\u00f3n de Trump, con quien comparte un discurso de mano dura contra la <strong>delincuencia<\/strong> y afinidad por las <strong>criptomonedas<\/strong>, aunque finalmente no asisti\u00f3 al evento.<\/p>\n<p style=\"text-align: justify;\">Las relaciones entre <strong>El Salvador<\/strong> y <strong>Estados Unidos<\/strong> se distendieron en la \u00faltima etapa del mandato de <strong>Joe Biden<\/strong> (2021-2025), cuyo gobierno consider\u00f3 inconstitucional la decisi\u00f3n de la <strong>Corte Suprema de Justicia<\/strong> salvadore\u00f1a de permitir la <strong>reelecci\u00f3n de Bukele<\/strong>, pese a estar prohibida por la constituci\u00f3n.<\/p>\n<p style=\"text-align: justify;\">En <strong>Estados Unidos<\/strong> viven m\u00e1s de dos millones de salvadore\u00f1os, quienes sostienen gran parte de la econom\u00eda salvadore\u00f1a mediante <strong>remesas<\/strong> que superan los 7.000 millones de d\u00f3lares.<\/p>\n<p style=\"text-align: justify;\">Aunque esta conversaci\u00f3n con Bukele fue la primera llamada oficial reportada desde que Trump asumi\u00f3 la presidencia el lunes, su primer contacto fue el mi\u00e9rcoles con el pr\u00edncipe heredero saud\u00ed, <strong>Mohamed bin Salm\u00e1n<\/strong>.<\/p>\n","protected":false},"excerpt":{"rendered":"<p>El presidente de los Estados Unidos, Donald Trump, llam\u00f3 este jueves al presidente de El Salvador, Nayib Bukele, para debatir sobre la lucha contra la inmigraci\u00f3n ilegal y las bandas criminales, como el Tren de Aragua, que opera en varias naciones de Latinoam\u00e9rica, seg\u00fan inform\u00f3 la Casa Blanca. \u00abEl presidente Trump tambi\u00e9n destac\u00f3 el liderazgo [&hellip;]<\/p>\n","protected":false},"author":1,"featured_media":0,"comment_status":"closed","ping_status":"open","sticky":false,"template":"","format":"standard","meta":{"footnotes":""},"categories":[8],"tags":[],"yoast_head":"<!-- This site is optimized with the Yoast SEO plugin v24.5 - https:\/\/yoast.com\/wordpress\/plugins\/seo\/ -->\n<title>Bukele y Trump debaten sobre inmigraci\u00f3n ilegal y el impacto del Tren de Aragua | El Nuevo Norte<\/title>\n<meta name=\"robots\" content=\"index, follow, max-snippet:-1, max-image-preview:large, max-video-preview:-1\" \/>\n<link rel=\"canonical\" href=\"https:\/\/infoelnuevonorte.com\/?p=76104\" \/>\n<meta property=\"og:locale\" content=\"es_ES\" \/>\n<meta property=\"og:type\" content=\"article\" \/>\n<meta property=\"og:title\" content=\"Bukele y Trump debaten sobre inmigraci\u00f3n ilegal y el impacto del Tren de Aragua | El Nuevo Norte\" \/>\n<meta property=\"og:description\" content=\"El presidente de los Estados Unidos, Donald Trump, llam\u00f3 este jueves al presidente de El Salvador, Nayib Bukele, para debatir sobre la lucha contra la inmigraci\u00f3n ilegal y las bandas criminales, como el Tren de Aragua, que opera en varias naciones de Latinoam\u00e9rica, seg\u00fan inform\u00f3 la Casa Blanca. \u00abEl presidente Trump tambi\u00e9n destac\u00f3 el liderazgo [&hellip;]\" \/>\n<meta property=\"og:url\" content=\"https:\/\/infoelnuevonorte.com\/?p=76104\" \/>\n<meta property=\"og:site_name\" content=\"El Nuevo Norte\" \/>\n<meta property=\"article:publisher\" content=\"https:\/\/www.facebook.com\/infoenn\" \/>\n<meta property=\"article:published_time\" content=\"2025-01-24T16:47:00+00:00\" \/>\n<meta property=\"article:modified_time\" content=\"2025-01-24T16:47:01+00:00\" \/>\n<meta property=\"og:image\" content=\"https:\/\/infoelnuevonorte.com\/wp-content\/uploads\/2025\/01\/Bukele-y-trump.webp\" \/>\n\t<meta property=\"og:image:width\" content=\"768\" \/>\n\t<meta property=\"og:image:height\" content=\"577\" \/>\n\t<meta property=\"og:image:type\" content=\"image\/webp\" \/>\n<meta name=\"author\" content=\"InfoEnn\" \/>\n<meta name=\"twitter:card\" content=\"summary_large_image\" \/>\n<meta name=\"twitter:creator\" content=\"@Elnuevo_norte\" \/>\n<meta name=\"twitter:site\" content=\"@Elnuevo_norte\" \/>\n<meta name=\"twitter:label1\" content=\"Written by\" \/>\n\t<meta name=\"twitter:data1\" content=\"InfoEnn\" \/>\n\t<meta name=\"twitter:label2\" content=\"Est. reading time\" \/>\n\t<meta name=\"twitter:data2\" content=\"2 minutos\" \/>\n<script type=\"application\/ld+json\" class=\"yoast-schema-graph\">{\"@context\":\"https:\/\/schema.org\",\"@graph\":[{\"@type\":\"Article\",\"@id\":\"https:\/\/infoelnuevonorte.com\/?p=76104#article\",\"isPartOf\":{\"@id\":\"https:\/\/infoelnuevonorte.com\/?p=76104\"},\"author\":{\"name\":\"InfoEnn\",\"@id\":\"https:\/\/infoelnuevonorte.com\/#\/schema\/person\/fd4f6d90afe41260818b4ea94ad8ab84\"},\"headline\":\"Bukele y Trump debaten sobre inmigraci\u00f3n ilegal y el impacto del Tren de Aragua\",\"datePublished\":\"2025-01-24T16:47:00+00:00\",\"dateModified\":\"2025-01-24T16:47:01+00:00\",\"mainEntityOfPage\":{\"@id\":\"https:\/\/infoelnuevonorte.com\/?p=76104\"},\"wordCount\":262,\"publisher\":{\"@id\":\"https:\/\/infoelnuevonorte.com\/#organization\"},\"articleSection\":[\"Nacionales\"],\"inLanguage\":\"es-DO\"},{\"@type\":\"WebPage\",\"@id\":\"https:\/\/infoelnuevonorte.com\/?p=76104\",\"url\":\"https:\/\/infoelnuevonorte.com\/?p=76104\",\"name\":\"Bukele y Trump debaten sobre inmigraci\u00f3n ilegal y el impacto del Tren de Aragua | El Nuevo Norte\",\"isPartOf\":{\"@id\":\"https:\/\/infoelnuevonorte.com\/#website\"},\"datePublished\":\"2025-01-24T16:47:00+00:00\",\"dateModified\":\"2025-01-24T16:47:01+00:00\",\"breadcrumb\":{\"@id\":\"https:\/\/infoelnuevonorte.com\/?p=76104#breadcrumb\"},\"inLanguage\":\"es-DO\",\"potentialAction\":[{\"@type\":\"ReadAction\",\"target\":[\"https:\/\/infoelnuevonorte.com\/?p=76104\"]}]},{\"@type\":\"BreadcrumbList\",\"@id\":\"https:\/\/infoelnuevonorte.com\/?p=76104#breadcrumb\",\"itemListElement\":[{\"@type\":\"ListItem\",\"position\":1,\"name\":\"Home\",\"item\":\"https:\/\/infoelnuevonorte.com\/\"},{\"@type\":\"ListItem\",\"position\":2,\"name\":\"Bukele y Trump debaten sobre inmigraci\u00f3n ilegal y el impacto del Tren de Aragua\"}]},{\"@type\":\"WebSite\",\"@id\":\"https:\/\/infoelnuevonorte.com\/#website\",\"url\":\"https:\/\/infoelnuevonorte.com\/\",\"name\":\"InfoEnn\",\"description\":\"Tu Voz, tu Verdad, tu Diario!!!\",\"publisher\":{\"@id\":\"https:\/\/infoelnuevonorte.com\/#organization\"},\"alternateName\":\"El Nuevo Norte\",\"potentialAction\":[{\"@type\":\"SearchAction\",\"target\":{\"@type\":\"EntryPoint\",\"urlTemplate\":\"https:\/\/infoelnuevonorte.com\/?s={search_term_string}\"},\"query-input\":{\"@type\":\"PropertyValueSpecification\",\"valueRequired\":true,\"valueName\":\"search_term_string\"}}],\"inLanguage\":\"es-DO\"},{\"@type\":\"Organization\",\"@id\":\"https:\/\/infoelnuevonorte.com\/#organization\",\"name\":\"Info El Nuevo Norte\",\"alternateName\":\"El Nuevo Norte\",\"url\":\"https:\/\/infoelnuevonorte.com\/\",\"logo\":{\"@type\":\"ImageObject\",\"inLanguage\":\"es-DO\",\"@id\":\"https:\/\/infoelnuevonorte.com\/#\/schema\/logo\/image\/\",\"url\":\"https:\/\/infoelnuevonorte.com\/wp-content\/uploads\/2026\/02\/Logo-Info-enn-3d-20ani.jpeg\",\"contentUrl\":\"https:\/\/infoelnuevonorte.com\/wp-content\/uploads\/2026\/02\/Logo-Info-enn-3d-20ani.jpeg\",\"width\":2046,\"height\":736,\"caption\":\"Info El Nuevo Norte\"},\"image\":{\"@id\":\"https:\/\/infoelnuevonorte.com\/#\/schema\/logo\/image\/\"},\"sameAs\":[\"https:\/\/www.facebook.com\/infoenn\",\"https:\/\/x.com\/Elnuevo_norte\",\"https:\/\/www.instagram.com\/infoenn\",\"https:\/\/www.facebook.com\/ENNRD\"]},{\"@type\":\"Person\",\"@id\":\"https:\/\/infoelnuevonorte.com\/#\/schema\/person\/fd4f6d90afe41260818b4ea94ad8ab84\",\"name\":\"InfoEnn\",\"image\":{\"@type\":\"ImageObject\",\"inLanguage\":\"es-DO\",\"@id\":\"https:\/\/infoelnuevonorte.com\/#\/schema\/person\/image\/\",\"url\":\"https:\/\/secure.gravatar.com\/avatar\/d4d760a41a48ba9db0a82bfb63bb0783?s=96&d=robohash&r=g\",\"contentUrl\":\"https:\/\/secure.gravatar.com\/avatar\/d4d760a41a48ba9db0a82bfb63bb0783?s=96&d=robohash&r=g\",\"caption\":\"InfoEnn\"},\"sameAs\":[\"https:\/\/infoelnuevonorte.com\"],\"url\":\"https:\/\/infoelnuevonorte.com\/?author=1\"}]}<\/script>\n<!-- \/ Yoast SEO plugin. -->","yoast_head_json":{"title":"Bukele y Trump debaten sobre inmigraci\u00f3n ilegal y el impacto del Tren de Aragua | El Nuevo Norte","robots":{"index":"index","follow":"follow","max-snippet":"max-snippet:-1","max-image-preview":"max-image-preview:large","max-video-preview":"max-video-preview:-1"},"canonical":"https:\/\/infoelnuevonorte.com\/?p=76104","og_locale":"es_ES","og_type":"article","og_title":"Bukele y Trump debaten sobre inmigraci\u00f3n ilegal y el impacto del Tren de Aragua | El Nuevo Norte","og_description":"El presidente de los Estados Unidos, Donald Trump, llam\u00f3 este jueves al presidente de El Salvador, Nayib Bukele, para debatir sobre la lucha contra la inmigraci\u00f3n ilegal y las bandas criminales, como el Tren de Aragua, que opera en varias naciones de Latinoam\u00e9rica, seg\u00fan inform\u00f3 la Casa Blanca. \u00abEl presidente Trump tambi\u00e9n destac\u00f3 el liderazgo [&hellip;]","og_url":"https:\/\/infoelnuevonorte.com\/?p=76104","og_site_name":"El Nuevo Norte","article_publisher":"https:\/\/www.facebook.com\/infoenn","article_published_time":"2025-01-24T16:47:00+00:00","article_modified_time":"2025-01-24T16:47:01+00:00","og_image":[{"width":768,"height":577,"url":"https:\/\/infoelnuevonorte.com\/wp-content\/uploads\/2025\/01\/Bukele-y-trump.webp","type":"image\/webp"}],"author":"InfoEnn","twitter_card":"summary_large_image","twitter_creator":"@Elnuevo_norte","twitter_site":"@Elnuevo_norte","twitter_misc":{"Written by":"InfoEnn","Est. reading time":"2 minutos"},"schema":{"@context":"https:\/\/schema.org","@graph":[{"@type":"Article","@id":"https:\/\/infoelnuevonorte.com\/?p=76104#article","isPartOf":{"@id":"https:\/\/infoelnuevonorte.com\/?p=76104"},"author":{"name":"InfoEnn","@id":"https:\/\/infoelnuevonorte.com\/#\/schema\/person\/fd4f6d90afe41260818b4ea94ad8ab84"},"headline":"Bukele y Trump debaten sobre inmigraci\u00f3n ilegal y el impacto del Tren de Aragua","datePublished":"2025-01-24T16:47:00+00:00","dateModified":"2025-01-24T16:47:01+00:00","mainEntityOfPage":{"@id":"https:\/\/infoelnuevonorte.com\/?p=76104"},"wordCount":262,"publisher":{"@id":"https:\/\/infoelnuevonorte.com\/#organization"},"articleSection":["Nacionales"],"inLanguage":"es-DO"},{"@type":"WebPage","@id":"https:\/\/infoelnuevonorte.com\/?p=76104","url":"https:\/\/infoelnuevonorte.com\/?p=76104","name":"Bukele y Trump debaten sobre inmigraci\u00f3n ilegal y el impacto del Tren de Aragua | El Nuevo Norte","isPartOf":{"@id":"https:\/\/infoelnuevonorte.com\/#website"},"datePublished":"2025-01-24T16:47:00+00:00","dateModified":"2025-01-24T16:47:01+00:00","breadcrumb":{"@id":"https:\/\/infoelnuevonorte.com\/?p=76104#breadcrumb"},"inLanguage":"es-DO","potentialAction":[{"@type":"ReadAction","target":["https:\/\/infoelnuevonorte.com\/?p=76104"]}]},{"@type":"BreadcrumbList","@id":"https:\/\/infoelnuevonorte.com\/?p=76104#breadcrumb","itemListElement":[{"@type":"ListItem","position":1,"name":"Home","item":"https:\/\/infoelnuevonorte.com\/"},{"@type":"ListItem","position":2,"name":"Bukele y Trump debaten sobre inmigraci\u00f3n ilegal y el impacto del Tren de Aragua"}]},{"@type":"WebSite","@id":"https:\/\/infoelnuevonorte.com\/#website","url":"https:\/\/infoelnuevonorte.com\/","name":"InfoEnn","description":"Tu Voz, tu Verdad, tu Diario!!!","publisher":{"@id":"https:\/\/infoelnuevonorte.com\/#organization"},"alternateName":"El Nuevo Norte","potentialAction":[{"@type":"SearchAction","target":{"@type":"EntryPoint","urlTemplate":"https:\/\/infoelnuevonorte.com\/?s={search_term_string}"},"query-input":{"@type":"PropertyValueSpecification","valueRequired":true,"valueName":"search_term_string"}}],"inLanguage":"es-DO"},{"@type":"Organization","@id":"https:\/\/infoelnuevonorte.com\/#organization","name":"Info El Nuevo Norte","alternateName":"El Nuevo Norte","url":"https:\/\/infoelnuevonorte.com\/","logo":{"@type":"ImageObject","inLanguage":"es-DO","@id":"https:\/\/infoelnuevonorte.com\/#\/schema\/logo\/image\/","url":"https:\/\/infoelnuevonorte.com\/wp-content\/uploads\/2026\/02\/Logo-Info-enn-3d-20ani.jpeg","contentUrl":"https:\/\/infoelnuevonorte.com\/wp-content\/uploads\/2026\/02\/Logo-Info-enn-3d-20ani.jpeg","width":2046,"height":736,"caption":"Info El Nuevo Norte"},"image":{"@id":"https:\/\/infoelnuevonorte.com\/#\/schema\/logo\/image\/"},"sameAs":["https:\/\/www.facebook.com\/infoenn","https:\/\/x.com\/Elnuevo_norte","https:\/\/www.instagram.com\/infoenn","https:\/\/www.facebook.com\/ENNRD"]},{"@type":"Person","@id":"https:\/\/infoelnuevonorte.com\/#\/schema\/person\/fd4f6d90afe41260818b4ea94ad8ab84","name":"InfoEnn","image":{"@type":"ImageObject","inLanguage":"es-DO","@id":"https:\/\/infoelnuevonorte.com\/#\/schema\/person\/image\/","url":"https:\/\/secure.gravatar.com\/avatar\/d4d760a41a48ba9db0a82bfb63bb0783?s=96&d=robohash&r=g","contentUrl":"https:\/\/secure.gravatar.com\/avatar\/d4d760a41a48ba9db0a82bfb63bb0783?s=96&d=robohash&r=g","caption":"InfoEnn"},"sameAs":["https:\/\/infoelnuevonorte.com"],"url":"https:\/\/infoelnuevonorte.com\/?author=1"}]}},"_links":{"self":[{"href":"https:\/\/infoelnuevonorte.com\/index.php?rest_route=\/wp\/v2\/posts\/76104"}],"collection":[{"href":"https:\/\/infoelnuevonorte.com\/index.php?rest_route=\/wp\/v2\/posts"}],"about":[{"href":"https:\/\/infoelnuevonorte.com\/index.php?rest_route=\/wp\/v2\/types\/post"}],"author":[{"embeddable":true,"href":"https:\/\/infoelnuevonorte.com\/index.php?rest_route=\/wp\/v2\/users\/1"}],"replies":[{"embeddable":true,"href":"https:\/\/infoelnuevonorte.com\/index.php?rest_route=%2Fwp%2Fv2%2Fcomments&post=76104"}],"version-history":[{"count":1,"href":"https:\/\/infoelnuevonorte.com\/index.php?rest_route=\/wp\/v2\/posts\/76104\/revisions"}],"predecessor-version":[{"id":76107,"href":"https:\/\/infoelnuevonorte.com\/index.php?rest_route=\/wp\/v2\/posts\/76104\/revisions\/76107"}],"wp:attachment":[{"href":"https:\/\/infoelnuevonorte.com\/index.php?rest_route=%2Fwp%2Fv2%2Fmedia&parent=76104"}],"wp:term":[{"taxonomy":"category","embeddable":true,"href":"https:\/\/infoelnuevonorte.com\/index.php?rest_route=%2Fwp%2Fv2%2Fcategories&post=76104"},{"taxonomy":"post_tag","embeddable":true,"href":"https:\/\/infoelnuevonorte.com\/index.php?rest_route=%2Fwp%2Fv2%2Ftags&post=76104"}],"curies":[{"name":"wp","href":"https:\/\/api.w.org\/{rel}","templated":true}]}}