{"id":77512,"date":"2025-01-31T11:49:44","date_gmt":"2025-01-31T15:49:44","guid":{"rendered":"https:\/\/infoelnuevonorte.com\/?p=77512"},"modified":"2025-01-31T11:49:47","modified_gmt":"2025-01-31T15:49:47","slug":"representante-del-gobierno-de-trump-se-reunira-con-el-presidente-nicolas-maduro-este-viernes","status":"publish","type":"post","link":"https:\/\/infoelnuevonorte.com\/?p=77512","title":{"rendered":"Representante del Gobierno de Trump se reunir\u00e1 con el presidente Nicol\u00e1s Maduro este viernes"},"content":{"rendered":"<!--[if lt IE 9]><script>document.createElement('audio');<\/script><![endif]-->\n<audio class=\"wp-audio-shortcode\" id=\"audio-77512-1\" preload=\"none\" style=\"width: 100%;\" controls=\"controls\"><source type=\"audio\/mpeg\" src=\"https:\/\/infoelnuevonorte.com\/wp-content\/uploads\/2025\/01\/ttsmaker-vip-file-2025-1-31-11-49-23.mp3?_=1\" \/><a href=\"https:\/\/infoelnuevonorte.com\/wp-content\/uploads\/2025\/01\/ttsmaker-vip-file-2025-1-31-11-49-23.mp3\">https:\/\/infoelnuevonorte.com\/wp-content\/uploads\/2025\/01\/ttsmaker-vip-file-2025-1-31-11-49-23.mp3<\/a><\/audio>\n<p class=\"paragraph inline-placeholder vossi-paragraph\" style=\"text-align: justify;\" data-uri=\"es.cms.cnn.com\/_components\/paragraph\/instances\/cm6kud5cz000r25pc93lbcnij@published\" data-editable=\"text\" data-component-name=\"paragraph\" data-article-gutter=\"true\" data-analytics-observe=\"on\">Se espera que<strong> Richard Grenell<\/strong>, enviado del presidente <strong>Donald Trump<\/strong> a misiones especiales, se re\u00fana este viernes con el presidente de Venezuela, <strong>Nicol\u00e1s Maduro<\/strong>, dijo a CNN una fuente familiarizada con el asunto.<\/p>\n<p class=\"paragraph inline-placeholder vossi-paragraph\" style=\"text-align: justify;\" data-uri=\"es.cms.cnn.com\/_components\/paragraph\/instances\/cm6kueezq0005356m2x8zces7@published\" data-editable=\"text\" data-component-name=\"paragraph\" data-article-gutter=\"true\" data-analytics-observe=\"off\">Se espera que Grenell discuta con el l\u00edder venezolano los vuelos de deportaci\u00f3n, entre otras cosas. Trump ha priorizado su promesa de campa\u00f1a de emprender deportaciones masivas, mientras que Maduro se ha negado hasta ahora a recibir a los ciudadanos venezolanos deportados. En general, Estados Unidos no ha podido enviar a los venezolanos debido a las fr\u00edas relaciones entre ambos pa\u00edses. Los funcionarios de Trump discutieron un enfoque m\u00e1s agresivo que incluya sanciones mientras intentan torcer la balanza a su favor en este tema.<\/p>\n<p class=\"paragraph inline-placeholder vossi-paragraph\" style=\"text-align: justify;\" data-uri=\"es.cms.cnn.com\/_components\/paragraph\/instances\/cm6kueezq0006356mr9dxogoy@published\" data-editable=\"text\" data-component-name=\"paragraph\" data-article-gutter=\"true\" data-analytics-observe=\"off\">Edmundo Gonz\u00e1lez, a quien Estados Unidos reconoce como presidente electo de Venezuela y que asisti\u00f3 a la toma de posesi\u00f3n de Trump, advirti\u00f3 a la Casa Blanca contra la posibilidad de llegar a un acuerdo con Maduro respecto de los vuelos de deportaci\u00f3n, y aboga por encontrar un tercer pa\u00eds al que enviar a los deportados.<\/p>\n<p class=\"paragraph inline-placeholder vossi-paragraph\" style=\"text-align: justify;\" data-uri=\"es.cms.cnn.com\/_components\/paragraph\/instances\/cm6kueezq0007356mk7k8tubj@published\" data-editable=\"text\" data-component-name=\"paragraph\" data-article-gutter=\"true\" data-analytics-observe=\"on\">En 2019, el primer mandato de Trump aplic\u00f3 una estrategia de \u201cm\u00e1xima presi\u00f3n\u201d para derrocar a Maduro, y logr\u00f3 formar una coalici\u00f3n de m\u00e1s de 50 pa\u00edses que reconocieron a Juan Guaid\u00f3, entonces presidente de la Asamblea Nacional de Venezuela, como el leg\u00edtimo jefe de Estado del pa\u00eds, una afrenta que Maduro no deja de mencionar cada vez que pronuncia un discurso dirigido al exterior. Varios miembros del gabinete del presidente Trump, incluido el asesor de seguridad nacional del presidente, Mike Waltz, han criticado duramente a Maduro en los \u00faltimos a\u00f1os.<\/p>\n<p class=\"paragraph inline-placeholder vossi-paragraph\" style=\"text-align: justify;\" data-uri=\"es.cms.cnn.com\/_components\/paragraph\/instances\/cm6kueezq0008356mjcgw3wlf@published\" data-editable=\"text\" data-component-name=\"paragraph\" data-article-gutter=\"true\" data-analytics-observe=\"on\">En los primeros d\u00edas de su flamante mandato, Trump ha criticado al Tren de Aragua, la banda criminal surgida en una prisi\u00f3n de Venezuela. Una serie de acciones ejecutivas de Trump en su primer d\u00eda de vuelta en la Casa Blanca incluyeron una recomendaci\u00f3n para que el Departamento de Estado iniciara el proceso de designaci\u00f3n del Tren de Aragua como una organizaci\u00f3n terrorista extranjera.<\/p>\n<p class=\"paragraph inline-placeholder vossi-paragraph\" style=\"text-align: justify;\" data-uri=\"es.cms.cnn.com\/_components\/paragraph\/instances\/cm6kueezq0009356m5vf3g8td@published\" data-editable=\"text\" data-component-name=\"paragraph\" data-article-gutter=\"true\" data-analytics-observe=\"off\">En la primera semana de su ofensiva contra la inmigraci\u00f3n, un sospechoso descrito por una fuente policial como un miembro de alto rango de la banda fue arrestado por agentes federales en la ciudad de Nueva York. En X, la Casa Blanca promocion\u00f3 el arresto en Atlanta el lunes de dos miembros de la pandilla \u201cque se encuentran ilegalmente en Estados Unidos\u201d.<\/p>\n","protected":false},"excerpt":{"rendered":"<p>Se espera que Richard Grenell, enviado del presidente Donald Trump a misiones especiales, se re\u00fana este viernes con el presidente de Venezuela, Nicol\u00e1s Maduro, dijo a CNN una fuente familiarizada con el asunto. Se espera que Grenell discuta con el l\u00edder venezolano los vuelos de deportaci\u00f3n, entre otras cosas. Trump ha priorizado su promesa de [&hellip;]<\/p>\n","protected":false},"author":1,"featured_media":0,"comment_status":"closed","ping_status":"open","sticky":false,"template":"","format":"standard","meta":{"footnotes":""},"categories":[9],"tags":[],"yoast_head":"<!-- This site is optimized with the Yoast SEO plugin v24.5 - https:\/\/yoast.com\/wordpress\/plugins\/seo\/ -->\n<title>Representante del Gobierno de Trump se reunir\u00e1 con el presidente Nicol\u00e1s Maduro este viernes | El Nuevo Norte<\/title>\n<meta name=\"robots\" content=\"index, follow, max-snippet:-1, max-image-preview:large, max-video-preview:-1\" \/>\n<link rel=\"canonical\" href=\"https:\/\/infoelnuevonorte.com\/?p=77512\" \/>\n<meta property=\"og:locale\" content=\"es_ES\" \/>\n<meta property=\"og:type\" content=\"article\" \/>\n<meta property=\"og:title\" content=\"Representante del Gobierno de Trump se reunir\u00e1 con el presidente Nicol\u00e1s Maduro este viernes | El Nuevo Norte\" \/>\n<meta property=\"og:description\" content=\"Se espera que Richard Grenell, enviado del presidente Donald Trump a misiones especiales, se re\u00fana este viernes con el presidente de Venezuela, Nicol\u00e1s Maduro, dijo a CNN una fuente familiarizada con el asunto. Se espera que Grenell discuta con el l\u00edder venezolano los vuelos de deportaci\u00f3n, entre otras cosas. Trump ha priorizado su promesa de [&hellip;]\" \/>\n<meta property=\"og:url\" content=\"https:\/\/infoelnuevonorte.com\/?p=77512\" \/>\n<meta property=\"og:site_name\" content=\"El Nuevo Norte\" \/>\n<meta property=\"article:publisher\" content=\"https:\/\/www.facebook.com\/infoenn\" \/>\n<meta property=\"article:published_time\" content=\"2025-01-31T15:49:44+00:00\" \/>\n<meta property=\"article:modified_time\" content=\"2025-01-31T15:49:47+00:00\" \/>\n<meta property=\"og:image\" content=\"https:\/\/infoelnuevonorte.com\/wp-content\/uploads\/2025\/01\/Trump-2-1140x694-1.jpeg\" \/>\n\t<meta property=\"og:image:width\" content=\"1140\" \/>\n\t<meta property=\"og:image:height\" content=\"694\" \/>\n\t<meta property=\"og:image:type\" content=\"image\/jpeg\" \/>\n<meta name=\"author\" content=\"InfoEnn\" \/>\n<meta name=\"twitter:card\" content=\"summary_large_image\" \/>\n<meta name=\"twitter:creator\" content=\"@Elnuevo_norte\" \/>\n<meta name=\"twitter:site\" content=\"@Elnuevo_norte\" \/>\n<meta name=\"twitter:label1\" content=\"Written by\" \/>\n\t<meta name=\"twitter:data1\" content=\"InfoEnn\" \/>\n\t<meta name=\"twitter:label2\" content=\"Est. reading time\" \/>\n\t<meta name=\"twitter:data2\" content=\"2 minutos\" \/>\n<script type=\"application\/ld+json\" class=\"yoast-schema-graph\">{\"@context\":\"https:\/\/schema.org\",\"@graph\":[{\"@type\":\"Article\",\"@id\":\"https:\/\/infoelnuevonorte.com\/?p=77512#article\",\"isPartOf\":{\"@id\":\"https:\/\/infoelnuevonorte.com\/?p=77512\"},\"author\":{\"name\":\"InfoEnn\",\"@id\":\"https:\/\/infoelnuevonorte.com\/#\/schema\/person\/fd4f6d90afe41260818b4ea94ad8ab84\"},\"headline\":\"Representante del Gobierno de Trump se reunir\u00e1 con el presidente Nicol\u00e1s Maduro este viernes\",\"datePublished\":\"2025-01-31T15:49:44+00:00\",\"dateModified\":\"2025-01-31T15:49:47+00:00\",\"mainEntityOfPage\":{\"@id\":\"https:\/\/infoelnuevonorte.com\/?p=77512\"},\"wordCount\":445,\"publisher\":{\"@id\":\"https:\/\/infoelnuevonorte.com\/#organization\"},\"articleSection\":[\"Mundiales\"],\"inLanguage\":\"es-DO\"},{\"@type\":\"WebPage\",\"@id\":\"https:\/\/infoelnuevonorte.com\/?p=77512\",\"url\":\"https:\/\/infoelnuevonorte.com\/?p=77512\",\"name\":\"Representante del Gobierno de Trump se reunir\u00e1 con el presidente Nicol\u00e1s Maduro este viernes | El Nuevo Norte\",\"isPartOf\":{\"@id\":\"https:\/\/infoelnuevonorte.com\/#website\"},\"datePublished\":\"2025-01-31T15:49:44+00:00\",\"dateModified\":\"2025-01-31T15:49:47+00:00\",\"breadcrumb\":{\"@id\":\"https:\/\/infoelnuevonorte.com\/?p=77512#breadcrumb\"},\"inLanguage\":\"es-DO\",\"potentialAction\":[{\"@type\":\"ReadAction\",\"target\":[\"https:\/\/infoelnuevonorte.com\/?p=77512\"]}]},{\"@type\":\"BreadcrumbList\",\"@id\":\"https:\/\/infoelnuevonorte.com\/?p=77512#breadcrumb\",\"itemListElement\":[{\"@type\":\"ListItem\",\"position\":1,\"name\":\"Home\",\"item\":\"https:\/\/infoelnuevonorte.com\/\"},{\"@type\":\"ListItem\",\"position\":2,\"name\":\"Representante del Gobierno de Trump se reunir\u00e1 con el presidente Nicol\u00e1s Maduro este viernes\"}]},{\"@type\":\"WebSite\",\"@id\":\"https:\/\/infoelnuevonorte.com\/#website\",\"url\":\"https:\/\/infoelnuevonorte.com\/\",\"name\":\"InfoEnn\",\"description\":\"Tu Voz, tu Verdad, tu Diario!!!\",\"publisher\":{\"@id\":\"https:\/\/infoelnuevonorte.com\/#organization\"},\"alternateName\":\"El Nuevo Norte\",\"potentialAction\":[{\"@type\":\"SearchAction\",\"target\":{\"@type\":\"EntryPoint\",\"urlTemplate\":\"https:\/\/infoelnuevonorte.com\/?s={search_term_string}\"},\"query-input\":{\"@type\":\"PropertyValueSpecification\",\"valueRequired\":true,\"valueName\":\"search_term_string\"}}],\"inLanguage\":\"es-DO\"},{\"@type\":\"Organization\",\"@id\":\"https:\/\/infoelnuevonorte.com\/#organization\",\"name\":\"Info El Nuevo Norte\",\"alternateName\":\"El Nuevo Norte\",\"url\":\"https:\/\/infoelnuevonorte.com\/\",\"logo\":{\"@type\":\"ImageObject\",\"inLanguage\":\"es-DO\",\"@id\":\"https:\/\/infoelnuevonorte.com\/#\/schema\/logo\/image\/\",\"url\":\"https:\/\/infoelnuevonorte.com\/wp-content\/uploads\/2026\/02\/Logo-Info-enn-3d-20ani.jpeg\",\"contentUrl\":\"https:\/\/infoelnuevonorte.com\/wp-content\/uploads\/2026\/02\/Logo-Info-enn-3d-20ani.jpeg\",\"width\":2046,\"height\":736,\"caption\":\"Info El Nuevo Norte\"},\"image\":{\"@id\":\"https:\/\/infoelnuevonorte.com\/#\/schema\/logo\/image\/\"},\"sameAs\":[\"https:\/\/www.facebook.com\/infoenn\",\"https:\/\/x.com\/Elnuevo_norte\",\"https:\/\/www.instagram.com\/infoenn\",\"https:\/\/www.facebook.com\/ENNRD\"]},{\"@type\":\"Person\",\"@id\":\"https:\/\/infoelnuevonorte.com\/#\/schema\/person\/fd4f6d90afe41260818b4ea94ad8ab84\",\"name\":\"InfoEnn\",\"image\":{\"@type\":\"ImageObject\",\"inLanguage\":\"es-DO\",\"@id\":\"https:\/\/infoelnuevonorte.com\/#\/schema\/person\/image\/\",\"url\":\"https:\/\/secure.gravatar.com\/avatar\/d4d760a41a48ba9db0a82bfb63bb0783?s=96&d=robohash&r=g\",\"contentUrl\":\"https:\/\/secure.gravatar.com\/avatar\/d4d760a41a48ba9db0a82bfb63bb0783?s=96&d=robohash&r=g\",\"caption\":\"InfoEnn\"},\"sameAs\":[\"https:\/\/infoelnuevonorte.com\"],\"url\":\"https:\/\/infoelnuevonorte.com\/?author=1\"}]}<\/script>\n<!-- \/ Yoast SEO plugin. -->","yoast_head_json":{"title":"Representante del Gobierno de Trump se reunir\u00e1 con el presidente Nicol\u00e1s Maduro este viernes | El Nuevo Norte","robots":{"index":"index","follow":"follow","max-snippet":"max-snippet:-1","max-image-preview":"max-image-preview:large","max-video-preview":"max-video-preview:-1"},"canonical":"https:\/\/infoelnuevonorte.com\/?p=77512","og_locale":"es_ES","og_type":"article","og_title":"Representante del Gobierno de Trump se reunir\u00e1 con el presidente Nicol\u00e1s Maduro este viernes | El Nuevo Norte","og_description":"Se espera que Richard Grenell, enviado del presidente Donald Trump a misiones especiales, se re\u00fana este viernes con el presidente de Venezuela, Nicol\u00e1s Maduro, dijo a CNN una fuente familiarizada con el asunto. Se espera que Grenell discuta con el l\u00edder venezolano los vuelos de deportaci\u00f3n, entre otras cosas. Trump ha priorizado su promesa de [&hellip;]","og_url":"https:\/\/infoelnuevonorte.com\/?p=77512","og_site_name":"El Nuevo Norte","article_publisher":"https:\/\/www.facebook.com\/infoenn","article_published_time":"2025-01-31T15:49:44+00:00","article_modified_time":"2025-01-31T15:49:47+00:00","og_image":[{"width":1140,"height":694,"url":"https:\/\/infoelnuevonorte.com\/wp-content\/uploads\/2025\/01\/Trump-2-1140x694-1.jpeg","type":"image\/jpeg"}],"author":"InfoEnn","twitter_card":"summary_large_image","twitter_creator":"@Elnuevo_norte","twitter_site":"@Elnuevo_norte","twitter_misc":{"Written by":"InfoEnn","Est. reading time":"2 minutos"},"schema":{"@context":"https:\/\/schema.org","@graph":[{"@type":"Article","@id":"https:\/\/infoelnuevonorte.com\/?p=77512#article","isPartOf":{"@id":"https:\/\/infoelnuevonorte.com\/?p=77512"},"author":{"name":"InfoEnn","@id":"https:\/\/infoelnuevonorte.com\/#\/schema\/person\/fd4f6d90afe41260818b4ea94ad8ab84"},"headline":"Representante del Gobierno de Trump se reunir\u00e1 con el presidente Nicol\u00e1s Maduro este viernes","datePublished":"2025-01-31T15:49:44+00:00","dateModified":"2025-01-31T15:49:47+00:00","mainEntityOfPage":{"@id":"https:\/\/infoelnuevonorte.com\/?p=77512"},"wordCount":445,"publisher":{"@id":"https:\/\/infoelnuevonorte.com\/#organization"},"articleSection":["Mundiales"],"inLanguage":"es-DO"},{"@type":"WebPage","@id":"https:\/\/infoelnuevonorte.com\/?p=77512","url":"https:\/\/infoelnuevonorte.com\/?p=77512","name":"Representante del Gobierno de Trump se reunir\u00e1 con el presidente Nicol\u00e1s Maduro este viernes | El Nuevo Norte","isPartOf":{"@id":"https:\/\/infoelnuevonorte.com\/#website"},"datePublished":"2025-01-31T15:49:44+00:00","dateModified":"2025-01-31T15:49:47+00:00","breadcrumb":{"@id":"https:\/\/infoelnuevonorte.com\/?p=77512#breadcrumb"},"inLanguage":"es-DO","potentialAction":[{"@type":"ReadAction","target":["https:\/\/infoelnuevonorte.com\/?p=77512"]}]},{"@type":"BreadcrumbList","@id":"https:\/\/infoelnuevonorte.com\/?p=77512#breadcrumb","itemListElement":[{"@type":"ListItem","position":1,"name":"Home","item":"https:\/\/infoelnuevonorte.com\/"},{"@type":"ListItem","position":2,"name":"Representante del Gobierno de Trump se reunir\u00e1 con el presidente Nicol\u00e1s Maduro este viernes"}]},{"@type":"WebSite","@id":"https:\/\/infoelnuevonorte.com\/#website","url":"https:\/\/infoelnuevonorte.com\/","name":"InfoEnn","description":"Tu Voz, tu Verdad, tu Diario!!!","publisher":{"@id":"https:\/\/infoelnuevonorte.com\/#organization"},"alternateName":"El Nuevo Norte","potentialAction":[{"@type":"SearchAction","target":{"@type":"EntryPoint","urlTemplate":"https:\/\/infoelnuevonorte.com\/?s={search_term_string}"},"query-input":{"@type":"PropertyValueSpecification","valueRequired":true,"valueName":"search_term_string"}}],"inLanguage":"es-DO"},{"@type":"Organization","@id":"https:\/\/infoelnuevonorte.com\/#organization","name":"Info El Nuevo Norte","alternateName":"El Nuevo Norte","url":"https:\/\/infoelnuevonorte.com\/","logo":{"@type":"ImageObject","inLanguage":"es-DO","@id":"https:\/\/infoelnuevonorte.com\/#\/schema\/logo\/image\/","url":"https:\/\/infoelnuevonorte.com\/wp-content\/uploads\/2026\/02\/Logo-Info-enn-3d-20ani.jpeg","contentUrl":"https:\/\/infoelnuevonorte.com\/wp-content\/uploads\/2026\/02\/Logo-Info-enn-3d-20ani.jpeg","width":2046,"height":736,"caption":"Info El Nuevo Norte"},"image":{"@id":"https:\/\/infoelnuevonorte.com\/#\/schema\/logo\/image\/"},"sameAs":["https:\/\/www.facebook.com\/infoenn","https:\/\/x.com\/Elnuevo_norte","https:\/\/www.instagram.com\/infoenn","https:\/\/www.facebook.com\/ENNRD"]},{"@type":"Person","@id":"https:\/\/infoelnuevonorte.com\/#\/schema\/person\/fd4f6d90afe41260818b4ea94ad8ab84","name":"InfoEnn","image":{"@type":"ImageObject","inLanguage":"es-DO","@id":"https:\/\/infoelnuevonorte.com\/#\/schema\/person\/image\/","url":"https:\/\/secure.gravatar.com\/avatar\/d4d760a41a48ba9db0a82bfb63bb0783?s=96&d=robohash&r=g","contentUrl":"https:\/\/secure.gravatar.com\/avatar\/d4d760a41a48ba9db0a82bfb63bb0783?s=96&d=robohash&r=g","caption":"InfoEnn"},"sameAs":["https:\/\/infoelnuevonorte.com"],"url":"https:\/\/infoelnuevonorte.com\/?author=1"}]}},"_links":{"self":[{"href":"https:\/\/infoelnuevonorte.com\/index.php?rest_route=\/wp\/v2\/posts\/77512"}],"collection":[{"href":"https:\/\/infoelnuevonorte.com\/index.php?rest_route=\/wp\/v2\/posts"}],"about":[{"href":"https:\/\/infoelnuevonorte.com\/index.php?rest_route=\/wp\/v2\/types\/post"}],"author":[{"embeddable":true,"href":"https:\/\/infoelnuevonorte.com\/index.php?rest_route=\/wp\/v2\/users\/1"}],"replies":[{"embeddable":true,"href":"https:\/\/infoelnuevonorte.com\/index.php?rest_route=%2Fwp%2Fv2%2Fcomments&post=77512"}],"version-history":[{"count":1,"href":"https:\/\/infoelnuevonorte.com\/index.php?rest_route=\/wp\/v2\/posts\/77512\/revisions"}],"predecessor-version":[{"id":77515,"href":"https:\/\/infoelnuevonorte.com\/index.php?rest_route=\/wp\/v2\/posts\/77512\/revisions\/77515"}],"wp:attachment":[{"href":"https:\/\/infoelnuevonorte.com\/index.php?rest_route=%2Fwp%2Fv2%2Fmedia&parent=77512"}],"wp:term":[{"taxonomy":"category","embeddable":true,"href":"https:\/\/infoelnuevonorte.com\/index.php?rest_route=%2Fwp%2Fv2%2Fcategories&post=77512"},{"taxonomy":"post_tag","embeddable":true,"href":"https:\/\/infoelnuevonorte.com\/index.php?rest_route=%2Fwp%2Fv2%2Ftags&post=77512"}],"curies":[{"name":"wp","href":"https:\/\/api.w.org\/{rel}","templated":true}]}}