{"id":78246,"date":"2025-02-04T18:02:42","date_gmt":"2025-02-04T22:02:42","guid":{"rendered":"https:\/\/infoelnuevonorte.com\/?p=78246"},"modified":"2025-02-04T18:02:44","modified_gmt":"2025-02-04T22:02:44","slug":"juramentan-a-edgar-batista-como-nuevo-director-general-de-la-ogtic","status":"publish","type":"post","link":"https:\/\/infoelnuevonorte.com\/?p=78246","title":{"rendered":"Juramentan a Edgar Batista como nuevo director general de la OGTIC"},"content":{"rendered":"\n<p><a href=\"https:\/\/deultimominuto.net\/nacionales\/\"><\/a><\/p>\n\n\n<div class=\"td_block_wrap tdb_single_content tdi_392 td-pb-border-top td_block_template_1 td-post-content tagdiv-type\" data-td-block-uid=\"tdi_392\">\n<div class=\"tdb-block-inner td-fix-index\">\n<!--[if lt IE 9]><script>document.createElement('audio');<\/script><![endif]-->\n<audio class=\"wp-audio-shortcode\" id=\"audio-78246-1\" preload=\"none\" style=\"width: 100%;\" controls=\"controls\"><source type=\"audio\/mpeg\" src=\"https:\/\/infoelnuevonorte.com\/wp-content\/uploads\/2025\/02\/ttsmaker-vip-file-2025-2-4-18-1-22.mp3?_=1\" \/><a href=\"https:\/\/infoelnuevonorte.com\/wp-content\/uploads\/2025\/02\/ttsmaker-vip-file-2025-2-4-18-1-22.mp3\">https:\/\/infoelnuevonorte.com\/wp-content\/uploads\/2025\/02\/ttsmaker-vip-file-2025-2-4-18-1-22.mp3<\/a><\/audio>\n<p style=\"text-align: justify;\"><strong>Santo Domingo.-\u00a0<\/strong>Edgar Batista asumi\u00f3 hoy como nuevo director general de la Oficina Gubernamental de Tecnolog\u00edas de la Informaci\u00f3n y Comunicaci\u00f3n (OGTIC), en un acto donde fue juramentado por Sigmund Freud, ministro de Administraci\u00f3n P\u00fablica.<\/p>\n<p style=\"text-align: justify;\">Freud destac\u00f3 la profesionalidad y el compromiso que tienen con la gesti\u00f3n que viene desarrollando el presidente, Luis Abinader, tanto del director entrante, Edgar de Jes\u00fas Batista y del saliente Bartolom\u00e9 Pujals, quien qued\u00f3 designado como embajador representante permanente ante la Organizaci\u00f3n de Aviaci\u00f3n Civil Internacional (OACI).<\/p>\n<p style=\"text-align: justify;\">\u201cSabemos que esta gesti\u00f3n va a continuar con los planes estrat\u00e9gicos y operativos que est\u00e1n dise\u00f1ados por el actual gobierno para el binestar de la ciudadan\u00eda\u201d, expres\u00f3 el ministro.<\/p>\n<p style=\"text-align: justify;\">Tras ser juramentado, de Jes\u00fas Batista, agradeci\u00f3 la confianza depositada por el presidente Abinader por la designaci\u00f3n como director general de la OGTIC. Batista dijo que con esta decisi\u00f3n se procura fortalecer la gobernanza p\u00fablica en materia de innovaci\u00f3n y transformaci\u00f3n digital que vaya al servicio de la sociedad dominicana.<\/p>\n<p style=\"text-align: justify;\">\u201cEste es un voto de confianza que nos ha dado el presidente, de continuar acercando los servicios p\u00fablicos a la ciudadan\u00eda a traves de la innovaci\u00f3n\u201d, se\u00f1al\u00f3 de Jes\u00fas Batista.<\/p>\n<p style=\"text-align: justify;\">En la juramentaci\u00f3n estuvo presente Sigmund Freud, ministro de Administraci\u00f3n P\u00fablica y Bartolom\u00e9 Pujals, embajador representante permanente ante la Organizaci\u00f3n de Aviaci\u00f3n Civil Internacional (OACI).<\/p>\n<\/div>\n<\/div>\n<div class=\"td_block_wrap tdb_single_tags tdi_393 td-pb-border-top td_block_template_1\" style=\"text-align: justify;\" data-td-block-uid=\"tdi_393\">\u00a0<\/div>","protected":false},"excerpt":{"rendered":"<p>Santo Domingo.-\u00a0Edgar Batista asumi\u00f3 hoy como nuevo director general de la Oficina Gubernamental de Tecnolog\u00edas de la Informaci\u00f3n y Comunicaci\u00f3n (OGTIC), en un acto donde fue juramentado por Sigmund Freud, ministro de Administraci\u00f3n P\u00fablica. Freud destac\u00f3 la profesionalidad y el compromiso que tienen con la gesti\u00f3n que viene desarrollando el presidente, Luis Abinader, tanto del [&hellip;]<\/p>\n","protected":false},"author":2,"featured_media":0,"comment_status":"closed","ping_status":"open","sticky":false,"template":"","format":"standard","meta":{"footnotes":""},"categories":[8],"tags":[],"yoast_head":"<!-- This site is optimized with the Yoast SEO plugin v24.5 - https:\/\/yoast.com\/wordpress\/plugins\/seo\/ -->\n<title>Juramentan a Edgar Batista como nuevo director general de la OGTIC | El Nuevo Norte<\/title>\n<meta name=\"robots\" content=\"index, follow, max-snippet:-1, max-image-preview:large, max-video-preview:-1\" \/>\n<link rel=\"canonical\" href=\"https:\/\/infoelnuevonorte.com\/?p=78246\" \/>\n<meta property=\"og:locale\" content=\"es_ES\" \/>\n<meta property=\"og:type\" content=\"article\" \/>\n<meta property=\"og:title\" content=\"Juramentan a Edgar Batista como nuevo director general de la OGTIC | El Nuevo Norte\" \/>\n<meta property=\"og:description\" content=\"Santo Domingo.-\u00a0Edgar Batista asumi\u00f3 hoy como nuevo director general de la Oficina Gubernamental de Tecnolog\u00edas de la Informaci\u00f3n y Comunicaci\u00f3n (OGTIC), en un acto donde fue juramentado por Sigmund Freud, ministro de Administraci\u00f3n P\u00fablica. Freud destac\u00f3 la profesionalidad y el compromiso que tienen con la gesti\u00f3n que viene desarrollando el presidente, Luis Abinader, tanto del [&hellip;]\" \/>\n<meta property=\"og:url\" content=\"https:\/\/infoelnuevonorte.com\/?p=78246\" \/>\n<meta property=\"og:site_name\" content=\"El Nuevo Norte\" \/>\n<meta property=\"article:publisher\" content=\"https:\/\/www.facebook.com\/infoenn\" \/>\n<meta property=\"article:published_time\" content=\"2025-02-04T22:02:42+00:00\" \/>\n<meta property=\"article:modified_time\" content=\"2025-02-04T22:02:44+00:00\" \/>\n<meta property=\"og:image\" content=\"https:\/\/infoelnuevonorte.com\/wp-content\/uploads\/2025\/02\/descarga-2025-02-04T180043.345.png\" \/>\n\t<meta property=\"og:image:width\" content=\"792\" \/>\n\t<meta property=\"og:image:height\" content=\"1030\" \/>\n\t<meta property=\"og:image:type\" content=\"image\/png\" \/>\n<meta name=\"author\" content=\"T. R.\" \/>\n<meta name=\"twitter:card\" content=\"summary_large_image\" \/>\n<meta name=\"twitter:creator\" content=\"@Elnuevo_norte\" \/>\n<meta name=\"twitter:site\" content=\"@Elnuevo_norte\" \/>\n<meta name=\"twitter:label1\" content=\"Written by\" \/>\n\t<meta name=\"twitter:data1\" content=\"T. R.\" \/>\n\t<meta name=\"twitter:label2\" content=\"Est. reading time\" \/>\n\t<meta name=\"twitter:data2\" content=\"2 minutos\" \/>\n<script type=\"application\/ld+json\" class=\"yoast-schema-graph\">{\"@context\":\"https:\/\/schema.org\",\"@graph\":[{\"@type\":\"Article\",\"@id\":\"https:\/\/infoelnuevonorte.com\/?p=78246#article\",\"isPartOf\":{\"@id\":\"https:\/\/infoelnuevonorte.com\/?p=78246\"},\"author\":{\"name\":\"T. R.\",\"@id\":\"https:\/\/infoelnuevonorte.com\/#\/schema\/person\/3accb35eb55f55e96c492b52d085a403\"},\"headline\":\"Juramentan a Edgar Batista como nuevo director general de la OGTIC\",\"datePublished\":\"2025-02-04T22:02:42+00:00\",\"dateModified\":\"2025-02-04T22:02:44+00:00\",\"mainEntityOfPage\":{\"@id\":\"https:\/\/infoelnuevonorte.com\/?p=78246\"},\"wordCount\":273,\"publisher\":{\"@id\":\"https:\/\/infoelnuevonorte.com\/#organization\"},\"articleSection\":[\"Nacionales\"],\"inLanguage\":\"es-DO\"},{\"@type\":\"WebPage\",\"@id\":\"https:\/\/infoelnuevonorte.com\/?p=78246\",\"url\":\"https:\/\/infoelnuevonorte.com\/?p=78246\",\"name\":\"Juramentan a Edgar Batista como nuevo director general de la OGTIC | El Nuevo Norte\",\"isPartOf\":{\"@id\":\"https:\/\/infoelnuevonorte.com\/#website\"},\"datePublished\":\"2025-02-04T22:02:42+00:00\",\"dateModified\":\"2025-02-04T22:02:44+00:00\",\"breadcrumb\":{\"@id\":\"https:\/\/infoelnuevonorte.com\/?p=78246#breadcrumb\"},\"inLanguage\":\"es-DO\",\"potentialAction\":[{\"@type\":\"ReadAction\",\"target\":[\"https:\/\/infoelnuevonorte.com\/?p=78246\"]}]},{\"@type\":\"BreadcrumbList\",\"@id\":\"https:\/\/infoelnuevonorte.com\/?p=78246#breadcrumb\",\"itemListElement\":[{\"@type\":\"ListItem\",\"position\":1,\"name\":\"Home\",\"item\":\"https:\/\/infoelnuevonorte.com\/\"},{\"@type\":\"ListItem\",\"position\":2,\"name\":\"Juramentan a Edgar Batista como nuevo director general de la OGTIC\"}]},{\"@type\":\"WebSite\",\"@id\":\"https:\/\/infoelnuevonorte.com\/#website\",\"url\":\"https:\/\/infoelnuevonorte.com\/\",\"name\":\"InfoEnn\",\"description\":\"Tu Voz, tu Verdad, tu Diario!!!\",\"publisher\":{\"@id\":\"https:\/\/infoelnuevonorte.com\/#organization\"},\"alternateName\":\"El Nuevo Norte\",\"potentialAction\":[{\"@type\":\"SearchAction\",\"target\":{\"@type\":\"EntryPoint\",\"urlTemplate\":\"https:\/\/infoelnuevonorte.com\/?s={search_term_string}\"},\"query-input\":{\"@type\":\"PropertyValueSpecification\",\"valueRequired\":true,\"valueName\":\"search_term_string\"}}],\"inLanguage\":\"es-DO\"},{\"@type\":\"Organization\",\"@id\":\"https:\/\/infoelnuevonorte.com\/#organization\",\"name\":\"Info El Nuevo Norte\",\"alternateName\":\"El Nuevo Norte\",\"url\":\"https:\/\/infoelnuevonorte.com\/\",\"logo\":{\"@type\":\"ImageObject\",\"inLanguage\":\"es-DO\",\"@id\":\"https:\/\/infoelnuevonorte.com\/#\/schema\/logo\/image\/\",\"url\":\"https:\/\/infoelnuevonorte.com\/wp-content\/uploads\/2026\/02\/Logo-Info-enn-3d-20ani.jpeg\",\"contentUrl\":\"https:\/\/infoelnuevonorte.com\/wp-content\/uploads\/2026\/02\/Logo-Info-enn-3d-20ani.jpeg\",\"width\":2046,\"height\":736,\"caption\":\"Info El Nuevo Norte\"},\"image\":{\"@id\":\"https:\/\/infoelnuevonorte.com\/#\/schema\/logo\/image\/\"},\"sameAs\":[\"https:\/\/www.facebook.com\/infoenn\",\"https:\/\/x.com\/Elnuevo_norte\",\"https:\/\/www.instagram.com\/infoenn\",\"https:\/\/www.facebook.com\/ENNRD\"]},{\"@type\":\"Person\",\"@id\":\"https:\/\/infoelnuevonorte.com\/#\/schema\/person\/3accb35eb55f55e96c492b52d085a403\",\"name\":\"T. R.\",\"image\":{\"@type\":\"ImageObject\",\"inLanguage\":\"es-DO\",\"@id\":\"https:\/\/infoelnuevonorte.com\/#\/schema\/person\/image\/\",\"url\":\"https:\/\/secure.gravatar.com\/avatar\/40543a038bda97abdb765b1662e9677d?s=96&d=robohash&r=g\",\"contentUrl\":\"https:\/\/secure.gravatar.com\/avatar\/40543a038bda97abdb765b1662e9677d?s=96&d=robohash&r=g\",\"caption\":\"T. R.\"},\"url\":\"https:\/\/infoelnuevonorte.com\/?author=2\"}]}<\/script>\n<!-- \/ Yoast SEO plugin. -->","yoast_head_json":{"title":"Juramentan a Edgar Batista como nuevo director general de la OGTIC | El Nuevo Norte","robots":{"index":"index","follow":"follow","max-snippet":"max-snippet:-1","max-image-preview":"max-image-preview:large","max-video-preview":"max-video-preview:-1"},"canonical":"https:\/\/infoelnuevonorte.com\/?p=78246","og_locale":"es_ES","og_type":"article","og_title":"Juramentan a Edgar Batista como nuevo director general de la OGTIC | El Nuevo Norte","og_description":"Santo Domingo.-\u00a0Edgar Batista asumi\u00f3 hoy como nuevo director general de la Oficina Gubernamental de Tecnolog\u00edas de la Informaci\u00f3n y Comunicaci\u00f3n (OGTIC), en un acto donde fue juramentado por Sigmund Freud, ministro de Administraci\u00f3n P\u00fablica. Freud destac\u00f3 la profesionalidad y el compromiso que tienen con la gesti\u00f3n que viene desarrollando el presidente, Luis Abinader, tanto del [&hellip;]","og_url":"https:\/\/infoelnuevonorte.com\/?p=78246","og_site_name":"El Nuevo Norte","article_publisher":"https:\/\/www.facebook.com\/infoenn","article_published_time":"2025-02-04T22:02:42+00:00","article_modified_time":"2025-02-04T22:02:44+00:00","og_image":[{"width":792,"height":1030,"url":"https:\/\/infoelnuevonorte.com\/wp-content\/uploads\/2025\/02\/descarga-2025-02-04T180043.345.png","type":"image\/png"}],"author":"T. R.","twitter_card":"summary_large_image","twitter_creator":"@Elnuevo_norte","twitter_site":"@Elnuevo_norte","twitter_misc":{"Written by":"T. R.","Est. reading time":"2 minutos"},"schema":{"@context":"https:\/\/schema.org","@graph":[{"@type":"Article","@id":"https:\/\/infoelnuevonorte.com\/?p=78246#article","isPartOf":{"@id":"https:\/\/infoelnuevonorte.com\/?p=78246"},"author":{"name":"T. R.","@id":"https:\/\/infoelnuevonorte.com\/#\/schema\/person\/3accb35eb55f55e96c492b52d085a403"},"headline":"Juramentan a Edgar Batista como nuevo director general de la OGTIC","datePublished":"2025-02-04T22:02:42+00:00","dateModified":"2025-02-04T22:02:44+00:00","mainEntityOfPage":{"@id":"https:\/\/infoelnuevonorte.com\/?p=78246"},"wordCount":273,"publisher":{"@id":"https:\/\/infoelnuevonorte.com\/#organization"},"articleSection":["Nacionales"],"inLanguage":"es-DO"},{"@type":"WebPage","@id":"https:\/\/infoelnuevonorte.com\/?p=78246","url":"https:\/\/infoelnuevonorte.com\/?p=78246","name":"Juramentan a Edgar Batista como nuevo director general de la OGTIC | El Nuevo Norte","isPartOf":{"@id":"https:\/\/infoelnuevonorte.com\/#website"},"datePublished":"2025-02-04T22:02:42+00:00","dateModified":"2025-02-04T22:02:44+00:00","breadcrumb":{"@id":"https:\/\/infoelnuevonorte.com\/?p=78246#breadcrumb"},"inLanguage":"es-DO","potentialAction":[{"@type":"ReadAction","target":["https:\/\/infoelnuevonorte.com\/?p=78246"]}]},{"@type":"BreadcrumbList","@id":"https:\/\/infoelnuevonorte.com\/?p=78246#breadcrumb","itemListElement":[{"@type":"ListItem","position":1,"name":"Home","item":"https:\/\/infoelnuevonorte.com\/"},{"@type":"ListItem","position":2,"name":"Juramentan a Edgar Batista como nuevo director general de la OGTIC"}]},{"@type":"WebSite","@id":"https:\/\/infoelnuevonorte.com\/#website","url":"https:\/\/infoelnuevonorte.com\/","name":"InfoEnn","description":"Tu Voz, tu Verdad, tu Diario!!!","publisher":{"@id":"https:\/\/infoelnuevonorte.com\/#organization"},"alternateName":"El Nuevo Norte","potentialAction":[{"@type":"SearchAction","target":{"@type":"EntryPoint","urlTemplate":"https:\/\/infoelnuevonorte.com\/?s={search_term_string}"},"query-input":{"@type":"PropertyValueSpecification","valueRequired":true,"valueName":"search_term_string"}}],"inLanguage":"es-DO"},{"@type":"Organization","@id":"https:\/\/infoelnuevonorte.com\/#organization","name":"Info El Nuevo Norte","alternateName":"El Nuevo Norte","url":"https:\/\/infoelnuevonorte.com\/","logo":{"@type":"ImageObject","inLanguage":"es-DO","@id":"https:\/\/infoelnuevonorte.com\/#\/schema\/logo\/image\/","url":"https:\/\/infoelnuevonorte.com\/wp-content\/uploads\/2026\/02\/Logo-Info-enn-3d-20ani.jpeg","contentUrl":"https:\/\/infoelnuevonorte.com\/wp-content\/uploads\/2026\/02\/Logo-Info-enn-3d-20ani.jpeg","width":2046,"height":736,"caption":"Info El Nuevo Norte"},"image":{"@id":"https:\/\/infoelnuevonorte.com\/#\/schema\/logo\/image\/"},"sameAs":["https:\/\/www.facebook.com\/infoenn","https:\/\/x.com\/Elnuevo_norte","https:\/\/www.instagram.com\/infoenn","https:\/\/www.facebook.com\/ENNRD"]},{"@type":"Person","@id":"https:\/\/infoelnuevonorte.com\/#\/schema\/person\/3accb35eb55f55e96c492b52d085a403","name":"T. R.","image":{"@type":"ImageObject","inLanguage":"es-DO","@id":"https:\/\/infoelnuevonorte.com\/#\/schema\/person\/image\/","url":"https:\/\/secure.gravatar.com\/avatar\/40543a038bda97abdb765b1662e9677d?s=96&d=robohash&r=g","contentUrl":"https:\/\/secure.gravatar.com\/avatar\/40543a038bda97abdb765b1662e9677d?s=96&d=robohash&r=g","caption":"T. R."},"url":"https:\/\/infoelnuevonorte.com\/?author=2"}]}},"_links":{"self":[{"href":"https:\/\/infoelnuevonorte.com\/index.php?rest_route=\/wp\/v2\/posts\/78246"}],"collection":[{"href":"https:\/\/infoelnuevonorte.com\/index.php?rest_route=\/wp\/v2\/posts"}],"about":[{"href":"https:\/\/infoelnuevonorte.com\/index.php?rest_route=\/wp\/v2\/types\/post"}],"author":[{"embeddable":true,"href":"https:\/\/infoelnuevonorte.com\/index.php?rest_route=\/wp\/v2\/users\/2"}],"replies":[{"embeddable":true,"href":"https:\/\/infoelnuevonorte.com\/index.php?rest_route=%2Fwp%2Fv2%2Fcomments&post=78246"}],"version-history":[{"count":1,"href":"https:\/\/infoelnuevonorte.com\/index.php?rest_route=\/wp\/v2\/posts\/78246\/revisions"}],"predecessor-version":[{"id":78249,"href":"https:\/\/infoelnuevonorte.com\/index.php?rest_route=\/wp\/v2\/posts\/78246\/revisions\/78249"}],"wp:attachment":[{"href":"https:\/\/infoelnuevonorte.com\/index.php?rest_route=%2Fwp%2Fv2%2Fmedia&parent=78246"}],"wp:term":[{"taxonomy":"category","embeddable":true,"href":"https:\/\/infoelnuevonorte.com\/index.php?rest_route=%2Fwp%2Fv2%2Fcategories&post=78246"},{"taxonomy":"post_tag","embeddable":true,"href":"https:\/\/infoelnuevonorte.com\/index.php?rest_route=%2Fwp%2Fv2%2Ftags&post=78246"}],"curies":[{"name":"wp","href":"https:\/\/api.w.org\/{rel}","templated":true}]}}