{"id":7889,"date":"2023-12-28T12:24:49","date_gmt":"2023-12-28T16:24:49","guid":{"rendered":"https:\/\/infoelnuevonorte.com\/?p=7889"},"modified":"2023-12-28T12:24:51","modified_gmt":"2023-12-28T16:24:51","slug":"joven-pierde-la-vida-tras-dispararse-con-arma-de-fuego-miches","status":"publish","type":"post","link":"https:\/\/infoelnuevonorte.com\/?p=7889","title":{"rendered":"Joven pierde la vida tras dispararse con arma de fuego Miches"},"content":{"rendered":"<p style=\"text-align: justify;\"><strong>El Seibo, RD<\/strong>. \u2013 Un <strong>joven<\/strong> decidi\u00f3 acabar con su vida, al propinarse, presuntamente, un disparo en la cabeza en un hecho ocurrido sector El Asfalto de la provincia El Seibo.<\/p>\n<p style=\"text-align: justify;\">Al malogrado joven de 23 a\u00f1os de edad, de nombre Jean Carlos Pimentel Santos lo trasladaron al hospital provincial del Seibo Te\u00f3filo Hern\u00e1ndez, aproximadamente a las 12:30 am, donde posteriormente falleci\u00f3.<\/p>\n<p style=\"text-align: justify;\">Seg\u00fan el informe m\u00e9dico, su deceso ocurri\u00f3 tras haber sufrido un trauma contuso en la regi\u00f3n frontal parietal derecha, aparentemente ocasionado por \u00e9l mismo con un rev\u00f3lver marca Ruger, calibre 44.<\/p>\n<p style=\"text-align: justify;\">La desafortunada herida se la habr\u00eda provocado el joven fallecido por el disparo de una de las cinco c\u00e1psulas encontradas junto al arma. Ten\u00eda un casquillo disparado dentro del tambor.<\/p>\n<p style=\"text-align: justify;\">De acuerdo con el testimonio de Santos Antonio Morales, de 69 a\u00f1os de edad, vecino del fallecido, Pimentel Santos hab\u00eda estado ingiriendo bebidas alcoh\u00f3licas desde tempranas horas del d\u00eda de Navidad.<\/p>\n<p style=\"text-align: justify;\">Agreg\u00f3 que aproximadamente a las 10:00 PM, el joven se retir\u00f3 a descansar en la sala de su vivienda. Dijo que al transcurrir pocos segundos Morales escuch\u00f3 el estruendo del disparo que le cost\u00f3 la vida.<\/p>\n<p style=\"text-align: justify;\">Las autoridades contin\u00faan trabajando arduamente para esclarecer todos los detalles relacionados con este tr\u00e1gico suceso.<\/p>\n<h2 id=\"h-publicaciones-del-fallecido-en-tiktok\" class=\"wp-block-heading\" style=\"text-align: justify;\">Publicaciones del fallecido en TikTok<\/h2>\n<p style=\"text-align: justify;\">En las \u00faltimas semanas, el difunto hab\u00eda realizado publicaciones en su cuenta de TikTok, bajo el nombre de usuario @JEANFREE90. En las mismas expresaba su alegr\u00eda por haber sobrevivido a un a\u00f1o complicado y su intenci\u00f3n de brindar en la v\u00edspera de A\u00f1o Nuevo.<\/p>\n<p style=\"text-align: justify;\">Se desconoce si estos mensajes tienen alguna relaci\u00f3n con este incidente.<\/p>\n<p style=\"text-align: justify;\">El caso se encuentra bajo la supervisi\u00f3n de la fiscal Mar\u00eda Castillo, quien cuenta con el respaldo del m\u00e9dico legista Junior Medina. Adem\u00e1s del Sargento Mayor Hansel Rinc\u00f3n V\u00e1squez, perteneciente a la Polic\u00eda Nacional, encargado de la investigaci\u00f3n en curso.<\/p>\n<p style=\"text-align: justify;\">La noticia de la muerte de Jean Carlos Pimentel Santos ha conmocionado a la comunidad local, que a\u00fan se encuentra consternada por este acontecimiento.<\/p>\n","protected":false},"excerpt":{"rendered":"<p>El Seibo, RD. \u2013 Un joven decidi\u00f3 acabar con su vida, al propinarse, presuntamente, un disparo en la cabeza en un hecho ocurrido sector El Asfalto de la provincia El Seibo. Al malogrado joven de 23 a\u00f1os de edad, de nombre Jean Carlos Pimentel Santos lo trasladaron al hospital provincial del Seibo Te\u00f3filo Hern\u00e1ndez, aproximadamente [&hellip;]<\/p>\n","protected":false},"author":1,"featured_media":0,"comment_status":"closed","ping_status":"open","sticky":false,"template":"","format":"standard","meta":{"footnotes":""},"categories":[2,8],"tags":[],"yoast_head":"<!-- This site is optimized with the Yoast SEO plugin v24.5 - https:\/\/yoast.com\/wordpress\/plugins\/seo\/ -->\n<title>Joven pierde la vida tras dispararse con arma de fuego Miches | El Nuevo Norte<\/title>\n<meta name=\"robots\" content=\"index, follow, max-snippet:-1, max-image-preview:large, max-video-preview:-1\" \/>\n<link rel=\"canonical\" href=\"https:\/\/infoelnuevonorte.com\/?p=7889\" \/>\n<meta property=\"og:locale\" content=\"es_ES\" \/>\n<meta property=\"og:type\" content=\"article\" \/>\n<meta property=\"og:title\" content=\"Joven pierde la vida tras dispararse con arma de fuego Miches | El Nuevo Norte\" \/>\n<meta property=\"og:description\" content=\"El Seibo, RD. \u2013 Un joven decidi\u00f3 acabar con su vida, al propinarse, presuntamente, un disparo en la cabeza en un hecho ocurrido sector El Asfalto de la provincia El Seibo. Al malogrado joven de 23 a\u00f1os de edad, de nombre Jean Carlos Pimentel Santos lo trasladaron al hospital provincial del Seibo Te\u00f3filo Hern\u00e1ndez, aproximadamente [&hellip;]\" \/>\n<meta property=\"og:url\" content=\"https:\/\/infoelnuevonorte.com\/?p=7889\" \/>\n<meta property=\"og:site_name\" content=\"El Nuevo Norte\" \/>\n<meta property=\"article:publisher\" content=\"https:\/\/www.facebook.com\/infoenn\" \/>\n<meta property=\"article:published_time\" content=\"2023-12-28T16:24:49+00:00\" \/>\n<meta property=\"article:modified_time\" content=\"2023-12-28T16:24:51+00:00\" \/>\n<meta property=\"og:image\" content=\"https:\/\/infoelnuevonorte.com\/wp-content\/uploads\/2023\/12\/Captura-de-pantalla-2023-12-28-a-las-12.22.14-p.-m.png\" \/>\n\t<meta property=\"og:image:width\" content=\"836\" \/>\n\t<meta property=\"og:image:height\" content=\"595\" \/>\n\t<meta property=\"og:image:type\" content=\"image\/png\" \/>\n<meta name=\"author\" content=\"InfoEnn\" \/>\n<meta name=\"twitter:card\" content=\"summary_large_image\" \/>\n<meta name=\"twitter:creator\" content=\"@Elnuevo_norte\" \/>\n<meta name=\"twitter:site\" content=\"@Elnuevo_norte\" \/>\n<meta name=\"twitter:label1\" content=\"Written by\" \/>\n\t<meta name=\"twitter:data1\" content=\"InfoEnn\" \/>\n\t<meta name=\"twitter:label2\" content=\"Est. reading time\" \/>\n\t<meta name=\"twitter:data2\" content=\"2 minutos\" \/>\n<script type=\"application\/ld+json\" class=\"yoast-schema-graph\">{\"@context\":\"https:\/\/schema.org\",\"@graph\":[{\"@type\":\"Article\",\"@id\":\"https:\/\/infoelnuevonorte.com\/?p=7889#article\",\"isPartOf\":{\"@id\":\"https:\/\/infoelnuevonorte.com\/?p=7889\"},\"author\":{\"name\":\"InfoEnn\",\"@id\":\"https:\/\/infoelnuevonorte.com\/#\/schema\/person\/fd4f6d90afe41260818b4ea94ad8ab84\"},\"headline\":\"Joven pierde la vida tras dispararse con arma de fuego Miches\",\"datePublished\":\"2023-12-28T16:24:49+00:00\",\"dateModified\":\"2023-12-28T16:24:51+00:00\",\"mainEntityOfPage\":{\"@id\":\"https:\/\/infoelnuevonorte.com\/?p=7889\"},\"wordCount\":366,\"publisher\":{\"@id\":\"https:\/\/infoelnuevonorte.com\/#organization\"},\"articleSection\":[\"Actualidad |\",\"Nacionales\"],\"inLanguage\":\"es-DO\"},{\"@type\":\"WebPage\",\"@id\":\"https:\/\/infoelnuevonorte.com\/?p=7889\",\"url\":\"https:\/\/infoelnuevonorte.com\/?p=7889\",\"name\":\"Joven pierde la vida tras dispararse con arma de fuego Miches | El Nuevo Norte\",\"isPartOf\":{\"@id\":\"https:\/\/infoelnuevonorte.com\/#website\"},\"datePublished\":\"2023-12-28T16:24:49+00:00\",\"dateModified\":\"2023-12-28T16:24:51+00:00\",\"breadcrumb\":{\"@id\":\"https:\/\/infoelnuevonorte.com\/?p=7889#breadcrumb\"},\"inLanguage\":\"es-DO\",\"potentialAction\":[{\"@type\":\"ReadAction\",\"target\":[\"https:\/\/infoelnuevonorte.com\/?p=7889\"]}]},{\"@type\":\"BreadcrumbList\",\"@id\":\"https:\/\/infoelnuevonorte.com\/?p=7889#breadcrumb\",\"itemListElement\":[{\"@type\":\"ListItem\",\"position\":1,\"name\":\"Home\",\"item\":\"https:\/\/infoelnuevonorte.com\/\"},{\"@type\":\"ListItem\",\"position\":2,\"name\":\"Joven pierde la vida tras dispararse con arma de fuego Miches\"}]},{\"@type\":\"WebSite\",\"@id\":\"https:\/\/infoelnuevonorte.com\/#website\",\"url\":\"https:\/\/infoelnuevonorte.com\/\",\"name\":\"InfoEnn\",\"description\":\"Tu Voz, tu Verdad, tu Diario!!!\",\"publisher\":{\"@id\":\"https:\/\/infoelnuevonorte.com\/#organization\"},\"alternateName\":\"El Nuevo Norte\",\"potentialAction\":[{\"@type\":\"SearchAction\",\"target\":{\"@type\":\"EntryPoint\",\"urlTemplate\":\"https:\/\/infoelnuevonorte.com\/?s={search_term_string}\"},\"query-input\":{\"@type\":\"PropertyValueSpecification\",\"valueRequired\":true,\"valueName\":\"search_term_string\"}}],\"inLanguage\":\"es-DO\"},{\"@type\":\"Organization\",\"@id\":\"https:\/\/infoelnuevonorte.com\/#organization\",\"name\":\"Info El Nuevo Norte\",\"alternateName\":\"El Nuevo Norte\",\"url\":\"https:\/\/infoelnuevonorte.com\/\",\"logo\":{\"@type\":\"ImageObject\",\"inLanguage\":\"es-DO\",\"@id\":\"https:\/\/infoelnuevonorte.com\/#\/schema\/logo\/image\/\",\"url\":\"https:\/\/infoelnuevonorte.com\/wp-content\/uploads\/2026\/02\/Logo-Info-enn-3d-20ani.jpeg\",\"contentUrl\":\"https:\/\/infoelnuevonorte.com\/wp-content\/uploads\/2026\/02\/Logo-Info-enn-3d-20ani.jpeg\",\"width\":2046,\"height\":736,\"caption\":\"Info El Nuevo Norte\"},\"image\":{\"@id\":\"https:\/\/infoelnuevonorte.com\/#\/schema\/logo\/image\/\"},\"sameAs\":[\"https:\/\/www.facebook.com\/infoenn\",\"https:\/\/x.com\/Elnuevo_norte\",\"https:\/\/www.instagram.com\/infoenn\",\"https:\/\/www.facebook.com\/ENNRD\"]},{\"@type\":\"Person\",\"@id\":\"https:\/\/infoelnuevonorte.com\/#\/schema\/person\/fd4f6d90afe41260818b4ea94ad8ab84\",\"name\":\"InfoEnn\",\"image\":{\"@type\":\"ImageObject\",\"inLanguage\":\"es-DO\",\"@id\":\"https:\/\/infoelnuevonorte.com\/#\/schema\/person\/image\/\",\"url\":\"https:\/\/secure.gravatar.com\/avatar\/d4d760a41a48ba9db0a82bfb63bb0783?s=96&d=robohash&r=g\",\"contentUrl\":\"https:\/\/secure.gravatar.com\/avatar\/d4d760a41a48ba9db0a82bfb63bb0783?s=96&d=robohash&r=g\",\"caption\":\"InfoEnn\"},\"sameAs\":[\"https:\/\/infoelnuevonorte.com\"],\"url\":\"https:\/\/infoelnuevonorte.com\/?author=1\"}]}<\/script>\n<!-- \/ Yoast SEO plugin. -->","yoast_head_json":{"title":"Joven pierde la vida tras dispararse con arma de fuego Miches | El Nuevo Norte","robots":{"index":"index","follow":"follow","max-snippet":"max-snippet:-1","max-image-preview":"max-image-preview:large","max-video-preview":"max-video-preview:-1"},"canonical":"https:\/\/infoelnuevonorte.com\/?p=7889","og_locale":"es_ES","og_type":"article","og_title":"Joven pierde la vida tras dispararse con arma de fuego Miches | El Nuevo Norte","og_description":"El Seibo, RD. \u2013 Un joven decidi\u00f3 acabar con su vida, al propinarse, presuntamente, un disparo en la cabeza en un hecho ocurrido sector El Asfalto de la provincia El Seibo. Al malogrado joven de 23 a\u00f1os de edad, de nombre Jean Carlos Pimentel Santos lo trasladaron al hospital provincial del Seibo Te\u00f3filo Hern\u00e1ndez, aproximadamente [&hellip;]","og_url":"https:\/\/infoelnuevonorte.com\/?p=7889","og_site_name":"El Nuevo Norte","article_publisher":"https:\/\/www.facebook.com\/infoenn","article_published_time":"2023-12-28T16:24:49+00:00","article_modified_time":"2023-12-28T16:24:51+00:00","og_image":[{"width":836,"height":595,"url":"https:\/\/infoelnuevonorte.com\/wp-content\/uploads\/2023\/12\/Captura-de-pantalla-2023-12-28-a-las-12.22.14-p.-m.png","type":"image\/png"}],"author":"InfoEnn","twitter_card":"summary_large_image","twitter_creator":"@Elnuevo_norte","twitter_site":"@Elnuevo_norte","twitter_misc":{"Written by":"InfoEnn","Est. reading time":"2 minutos"},"schema":{"@context":"https:\/\/schema.org","@graph":[{"@type":"Article","@id":"https:\/\/infoelnuevonorte.com\/?p=7889#article","isPartOf":{"@id":"https:\/\/infoelnuevonorte.com\/?p=7889"},"author":{"name":"InfoEnn","@id":"https:\/\/infoelnuevonorte.com\/#\/schema\/person\/fd4f6d90afe41260818b4ea94ad8ab84"},"headline":"Joven pierde la vida tras dispararse con arma de fuego Miches","datePublished":"2023-12-28T16:24:49+00:00","dateModified":"2023-12-28T16:24:51+00:00","mainEntityOfPage":{"@id":"https:\/\/infoelnuevonorte.com\/?p=7889"},"wordCount":366,"publisher":{"@id":"https:\/\/infoelnuevonorte.com\/#organization"},"articleSection":["Actualidad |","Nacionales"],"inLanguage":"es-DO"},{"@type":"WebPage","@id":"https:\/\/infoelnuevonorte.com\/?p=7889","url":"https:\/\/infoelnuevonorte.com\/?p=7889","name":"Joven pierde la vida tras dispararse con arma de fuego Miches | El Nuevo Norte","isPartOf":{"@id":"https:\/\/infoelnuevonorte.com\/#website"},"datePublished":"2023-12-28T16:24:49+00:00","dateModified":"2023-12-28T16:24:51+00:00","breadcrumb":{"@id":"https:\/\/infoelnuevonorte.com\/?p=7889#breadcrumb"},"inLanguage":"es-DO","potentialAction":[{"@type":"ReadAction","target":["https:\/\/infoelnuevonorte.com\/?p=7889"]}]},{"@type":"BreadcrumbList","@id":"https:\/\/infoelnuevonorte.com\/?p=7889#breadcrumb","itemListElement":[{"@type":"ListItem","position":1,"name":"Home","item":"https:\/\/infoelnuevonorte.com\/"},{"@type":"ListItem","position":2,"name":"Joven pierde la vida tras dispararse con arma de fuego Miches"}]},{"@type":"WebSite","@id":"https:\/\/infoelnuevonorte.com\/#website","url":"https:\/\/infoelnuevonorte.com\/","name":"InfoEnn","description":"Tu Voz, tu Verdad, tu Diario!!!","publisher":{"@id":"https:\/\/infoelnuevonorte.com\/#organization"},"alternateName":"El Nuevo Norte","potentialAction":[{"@type":"SearchAction","target":{"@type":"EntryPoint","urlTemplate":"https:\/\/infoelnuevonorte.com\/?s={search_term_string}"},"query-input":{"@type":"PropertyValueSpecification","valueRequired":true,"valueName":"search_term_string"}}],"inLanguage":"es-DO"},{"@type":"Organization","@id":"https:\/\/infoelnuevonorte.com\/#organization","name":"Info El Nuevo Norte","alternateName":"El Nuevo Norte","url":"https:\/\/infoelnuevonorte.com\/","logo":{"@type":"ImageObject","inLanguage":"es-DO","@id":"https:\/\/infoelnuevonorte.com\/#\/schema\/logo\/image\/","url":"https:\/\/infoelnuevonorte.com\/wp-content\/uploads\/2026\/02\/Logo-Info-enn-3d-20ani.jpeg","contentUrl":"https:\/\/infoelnuevonorte.com\/wp-content\/uploads\/2026\/02\/Logo-Info-enn-3d-20ani.jpeg","width":2046,"height":736,"caption":"Info El Nuevo Norte"},"image":{"@id":"https:\/\/infoelnuevonorte.com\/#\/schema\/logo\/image\/"},"sameAs":["https:\/\/www.facebook.com\/infoenn","https:\/\/x.com\/Elnuevo_norte","https:\/\/www.instagram.com\/infoenn","https:\/\/www.facebook.com\/ENNRD"]},{"@type":"Person","@id":"https:\/\/infoelnuevonorte.com\/#\/schema\/person\/fd4f6d90afe41260818b4ea94ad8ab84","name":"InfoEnn","image":{"@type":"ImageObject","inLanguage":"es-DO","@id":"https:\/\/infoelnuevonorte.com\/#\/schema\/person\/image\/","url":"https:\/\/secure.gravatar.com\/avatar\/d4d760a41a48ba9db0a82bfb63bb0783?s=96&d=robohash&r=g","contentUrl":"https:\/\/secure.gravatar.com\/avatar\/d4d760a41a48ba9db0a82bfb63bb0783?s=96&d=robohash&r=g","caption":"InfoEnn"},"sameAs":["https:\/\/infoelnuevonorte.com"],"url":"https:\/\/infoelnuevonorte.com\/?author=1"}]}},"_links":{"self":[{"href":"https:\/\/infoelnuevonorte.com\/index.php?rest_route=\/wp\/v2\/posts\/7889"}],"collection":[{"href":"https:\/\/infoelnuevonorte.com\/index.php?rest_route=\/wp\/v2\/posts"}],"about":[{"href":"https:\/\/infoelnuevonorte.com\/index.php?rest_route=\/wp\/v2\/types\/post"}],"author":[{"embeddable":true,"href":"https:\/\/infoelnuevonorte.com\/index.php?rest_route=\/wp\/v2\/users\/1"}],"replies":[{"embeddable":true,"href":"https:\/\/infoelnuevonorte.com\/index.php?rest_route=%2Fwp%2Fv2%2Fcomments&post=7889"}],"version-history":[{"count":0,"href":"https:\/\/infoelnuevonorte.com\/index.php?rest_route=\/wp\/v2\/posts\/7889\/revisions"}],"wp:attachment":[{"href":"https:\/\/infoelnuevonorte.com\/index.php?rest_route=%2Fwp%2Fv2%2Fmedia&parent=7889"}],"wp:term":[{"taxonomy":"category","embeddable":true,"href":"https:\/\/infoelnuevonorte.com\/index.php?rest_route=%2Fwp%2Fv2%2Fcategories&post=7889"},{"taxonomy":"post_tag","embeddable":true,"href":"https:\/\/infoelnuevonorte.com\/index.php?rest_route=%2Fwp%2Fv2%2Ftags&post=7889"}],"curies":[{"name":"wp","href":"https:\/\/api.w.org\/{rel}","templated":true}]}}