{"id":79733,"date":"2025-02-11T19:04:22","date_gmt":"2025-02-11T23:04:22","guid":{"rendered":"https:\/\/infoelnuevonorte.com\/?p=79733"},"modified":"2025-02-11T19:04:24","modified_gmt":"2025-02-11T23:04:24","slug":"alfredo-pacheco-destaca-el-aporte-de-los-dominicanos-en-el-exterior","status":"publish","type":"post","link":"https:\/\/infoelnuevonorte.com\/?p=79733","title":{"rendered":"Alfredo Pacheco destaca el aporte de los dominicanos en el exterior"},"content":{"rendered":"\n<p><a href=\"https:\/\/deultimominuto.net\/nacionales\/\"><\/a><\/p>\n\n\n<div class=\"td_block_wrap tdb_single_content tdi_228 td-pb-border-top td_block_template_1 td-post-content tagdiv-type\" data-td-block-uid=\"tdi_228\">\n<div class=\"tdb-block-inner td-fix-index\">\n<!--[if lt IE 9]><script>document.createElement('audio');<\/script><![endif]-->\n<audio class=\"wp-audio-shortcode\" id=\"audio-79733-1\" preload=\"none\" style=\"width: 100%;\" controls=\"controls\"><source type=\"audio\/mpeg\" src=\"https:\/\/infoelnuevonorte.com\/wp-content\/uploads\/2025\/02\/ttsmaker-vip-file-2025-2-11-19-3-32.mp3?_=1\" \/><a href=\"https:\/\/infoelnuevonorte.com\/wp-content\/uploads\/2025\/02\/ttsmaker-vip-file-2025-2-11-19-3-32.mp3\">https:\/\/infoelnuevonorte.com\/wp-content\/uploads\/2025\/02\/ttsmaker-vip-file-2025-2-11-19-3-32.mp3<\/a><\/audio>\n<p style=\"text-align: justify;\"><strong>Washington.-<\/strong>El presidente de la C\u00e1mara de Diputados, Alfredo Pacheco, particip\u00f3 este martes en el encuentro\u00a0<strong>\u201cDominicanos en el Capitolio\u00bb,<\/strong>\u00a0donde, al pronunciar un discurso, destac\u00f3 el aporte de cada dominicano en el exterior, afirmando que su contribuci\u00f3n es esencial para el desarrollo de la<strong>\u00a0Rep\u00fablica Dominicana<\/strong>.<\/p>\n<p style=\"text-align: justify;\"><strong>\u201cHoy, m\u00e1s que nunca, reitero mi compromiso con ustedes, con el reconocimiento de sus sacrificios, es un honor para m\u00ed estar por tercera ocasi\u00f3n en este importante encuentro denominado Dominicanos en el Capitolio, que celebra lo mejor de nuestra dominicanidad, nuestras ra\u00edces, nuestra historia y el legado que juntos estamos construyendo\u201d<\/strong>, expres\u00f3 Pacheco.<\/p>\n<p style=\"text-align: justify;\">El legislador agradeci\u00f3 al congresista Adriano Espaillat por su liderazgo y compromiso con la comunidad dominicana en el exterior, as\u00ed como por abrir este espacio<strong>\u00a0\u201cdonde reafirmamos nuestra identidad y proyectamos nuestro futuro\u201d.<\/strong>\u00a0Destac\u00f3 que, desde su primera gesti\u00f3n como presidente de la C\u00e1mara de Diputados, comprendi\u00f3 la importancia de escuchar y dar voz a la di\u00e1spora dominicana.<\/p>\n<p style=\"text-align: justify;\">\u201cPor ello, impuls\u00e9 la creaci\u00f3n de la Comisi\u00f3n de Dominicanos en el Exterior, con el firme prop\u00f3sito de canalizar sus inquietudes y transformar esas aspiraciones en pol\u00edticas p\u00fablicas concretas\u201d, expres\u00f3.<\/p>\n<p style=\"text-align: justify;\">Pacheco, junto a una delegaci\u00f3n de diputados entregaron a cada uno de los presentes en el evento un ejemplar de la nueva Constituci\u00f3n.<\/p>\n<p style=\"text-align: justify;\">\u201cEntendemos que es importante que lleven con ustedes este documento, debe ser m\u00e1s que un s\u00edmbolo; es un recordatorio de que, sin importar d\u00f3nde estemos, la democracia dominicana nos pertenece a todos. Es nuestra gu\u00eda, nuestro pacto social y el reflejo de los valores que nos unen como naci\u00f3n, afirm\u00f3.<\/p>\n<p style=\"text-align: justify;\">Durante la actividad Alfredo Pacheco y Ricardo de los Santos, presidente del Senado, entregaron un reconocimiento al congresista Adriano Espaillat, por los aportes que durante muchos a\u00f1os ha venido haciendo a la comunidad dominicana en los Estados Unidos.<\/p>\n<p style=\"text-align: justify;\">El representante la Circunscripci\u00f3n n\u00famero 2 del Distrito Nacional, inst\u00f3 a seguir honrando a quienes nos precedieron y a seguir trabajando juntos para fortalecer nuestra comunidad, escribiendo, con orgullo y determinaci\u00f3n, el legado de la excelencia dominicana.<\/p>\n<\/div>\n<\/div>\n<div class=\"td_block_wrap tdb_single_tags tdi_229 td-pb-border-top td_block_template_1\" style=\"text-align: justify;\" data-td-block-uid=\"tdi_229\">\u00a0<\/div>","protected":false},"excerpt":{"rendered":"<p>Washington.-El presidente de la C\u00e1mara de Diputados, Alfredo Pacheco, particip\u00f3 este martes en el encuentro\u00a0\u201cDominicanos en el Capitolio\u00bb,\u00a0donde, al pronunciar un discurso, destac\u00f3 el aporte de cada dominicano en el exterior, afirmando que su contribuci\u00f3n es esencial para el desarrollo de la\u00a0Rep\u00fablica Dominicana. \u201cHoy, m\u00e1s que nunca, reitero mi compromiso con ustedes, con el reconocimiento [&hellip;]<\/p>\n","protected":false},"author":2,"featured_media":0,"comment_status":"closed","ping_status":"open","sticky":false,"template":"","format":"standard","meta":{"footnotes":""},"categories":[8],"tags":[],"yoast_head":"<!-- This site is optimized with the Yoast SEO plugin v24.5 - https:\/\/yoast.com\/wordpress\/plugins\/seo\/ -->\n<title>Alfredo Pacheco destaca el aporte de los dominicanos en el exterior | El Nuevo Norte<\/title>\n<meta name=\"robots\" content=\"index, follow, max-snippet:-1, max-image-preview:large, max-video-preview:-1\" \/>\n<link rel=\"canonical\" href=\"https:\/\/infoelnuevonorte.com\/?p=79733\" \/>\n<meta property=\"og:locale\" content=\"es_ES\" \/>\n<meta property=\"og:type\" content=\"article\" \/>\n<meta property=\"og:title\" content=\"Alfredo Pacheco destaca el aporte de los dominicanos en el exterior | El Nuevo Norte\" \/>\n<meta property=\"og:description\" content=\"Washington.-El presidente de la C\u00e1mara de Diputados, Alfredo Pacheco, particip\u00f3 este martes en el encuentro\u00a0\u201cDominicanos en el Capitolio\u00bb,\u00a0donde, al pronunciar un discurso, destac\u00f3 el aporte de cada dominicano en el exterior, afirmando que su contribuci\u00f3n es esencial para el desarrollo de la\u00a0Rep\u00fablica Dominicana. \u201cHoy, m\u00e1s que nunca, reitero mi compromiso con ustedes, con el reconocimiento [&hellip;]\" \/>\n<meta property=\"og:url\" content=\"https:\/\/infoelnuevonorte.com\/?p=79733\" \/>\n<meta property=\"og:site_name\" content=\"El Nuevo Norte\" \/>\n<meta property=\"article:publisher\" content=\"https:\/\/www.facebook.com\/infoenn\" \/>\n<meta property=\"article:published_time\" content=\"2025-02-11T23:04:22+00:00\" \/>\n<meta property=\"article:modified_time\" content=\"2025-02-11T23:04:24+00:00\" \/>\n<meta property=\"og:image\" content=\"https:\/\/infoelnuevonorte.com\/wp-content\/uploads\/2025\/02\/descarga-2025-02-11T190254.386.png\" \/>\n\t<meta property=\"og:image:width\" content=\"1030\" \/>\n\t<meta property=\"og:image:height\" content=\"687\" \/>\n\t<meta property=\"og:image:type\" content=\"image\/png\" \/>\n<meta name=\"author\" content=\"T. R.\" \/>\n<meta name=\"twitter:card\" content=\"summary_large_image\" \/>\n<meta name=\"twitter:creator\" content=\"@Elnuevo_norte\" \/>\n<meta name=\"twitter:site\" content=\"@Elnuevo_norte\" \/>\n<meta name=\"twitter:label1\" content=\"Written by\" \/>\n\t<meta name=\"twitter:data1\" content=\"T. R.\" \/>\n\t<meta name=\"twitter:label2\" content=\"Est. reading time\" \/>\n\t<meta name=\"twitter:data2\" content=\"2 minutos\" \/>\n<script type=\"application\/ld+json\" class=\"yoast-schema-graph\">{\"@context\":\"https:\/\/schema.org\",\"@graph\":[{\"@type\":\"Article\",\"@id\":\"https:\/\/infoelnuevonorte.com\/?p=79733#article\",\"isPartOf\":{\"@id\":\"https:\/\/infoelnuevonorte.com\/?p=79733\"},\"author\":{\"name\":\"T. R.\",\"@id\":\"https:\/\/infoelnuevonorte.com\/#\/schema\/person\/3accb35eb55f55e96c492b52d085a403\"},\"headline\":\"Alfredo Pacheco destaca el aporte de los dominicanos en el exterior\",\"datePublished\":\"2025-02-11T23:04:22+00:00\",\"dateModified\":\"2025-02-11T23:04:24+00:00\",\"mainEntityOfPage\":{\"@id\":\"https:\/\/infoelnuevonorte.com\/?p=79733\"},\"wordCount\":386,\"publisher\":{\"@id\":\"https:\/\/infoelnuevonorte.com\/#organization\"},\"articleSection\":[\"Nacionales\"],\"inLanguage\":\"es-DO\"},{\"@type\":\"WebPage\",\"@id\":\"https:\/\/infoelnuevonorte.com\/?p=79733\",\"url\":\"https:\/\/infoelnuevonorte.com\/?p=79733\",\"name\":\"Alfredo Pacheco destaca el aporte de los dominicanos en el exterior | El Nuevo Norte\",\"isPartOf\":{\"@id\":\"https:\/\/infoelnuevonorte.com\/#website\"},\"datePublished\":\"2025-02-11T23:04:22+00:00\",\"dateModified\":\"2025-02-11T23:04:24+00:00\",\"breadcrumb\":{\"@id\":\"https:\/\/infoelnuevonorte.com\/?p=79733#breadcrumb\"},\"inLanguage\":\"es-DO\",\"potentialAction\":[{\"@type\":\"ReadAction\",\"target\":[\"https:\/\/infoelnuevonorte.com\/?p=79733\"]}]},{\"@type\":\"BreadcrumbList\",\"@id\":\"https:\/\/infoelnuevonorte.com\/?p=79733#breadcrumb\",\"itemListElement\":[{\"@type\":\"ListItem\",\"position\":1,\"name\":\"Home\",\"item\":\"https:\/\/infoelnuevonorte.com\/\"},{\"@type\":\"ListItem\",\"position\":2,\"name\":\"Alfredo Pacheco destaca el aporte de los dominicanos en el exterior\"}]},{\"@type\":\"WebSite\",\"@id\":\"https:\/\/infoelnuevonorte.com\/#website\",\"url\":\"https:\/\/infoelnuevonorte.com\/\",\"name\":\"InfoEnn\",\"description\":\"Tu Voz, tu Verdad, tu Diario!!!\",\"publisher\":{\"@id\":\"https:\/\/infoelnuevonorte.com\/#organization\"},\"alternateName\":\"El Nuevo Norte\",\"potentialAction\":[{\"@type\":\"SearchAction\",\"target\":{\"@type\":\"EntryPoint\",\"urlTemplate\":\"https:\/\/infoelnuevonorte.com\/?s={search_term_string}\"},\"query-input\":{\"@type\":\"PropertyValueSpecification\",\"valueRequired\":true,\"valueName\":\"search_term_string\"}}],\"inLanguage\":\"es-DO\"},{\"@type\":\"Organization\",\"@id\":\"https:\/\/infoelnuevonorte.com\/#organization\",\"name\":\"Info El Nuevo Norte\",\"alternateName\":\"El Nuevo Norte\",\"url\":\"https:\/\/infoelnuevonorte.com\/\",\"logo\":{\"@type\":\"ImageObject\",\"inLanguage\":\"es-DO\",\"@id\":\"https:\/\/infoelnuevonorte.com\/#\/schema\/logo\/image\/\",\"url\":\"https:\/\/infoelnuevonorte.com\/wp-content\/uploads\/2026\/02\/Logo-Info-enn-3d-20ani.jpeg\",\"contentUrl\":\"https:\/\/infoelnuevonorte.com\/wp-content\/uploads\/2026\/02\/Logo-Info-enn-3d-20ani.jpeg\",\"width\":2046,\"height\":736,\"caption\":\"Info El Nuevo Norte\"},\"image\":{\"@id\":\"https:\/\/infoelnuevonorte.com\/#\/schema\/logo\/image\/\"},\"sameAs\":[\"https:\/\/www.facebook.com\/infoenn\",\"https:\/\/x.com\/Elnuevo_norte\",\"https:\/\/www.instagram.com\/infoenn\",\"https:\/\/www.facebook.com\/ENNRD\"]},{\"@type\":\"Person\",\"@id\":\"https:\/\/infoelnuevonorte.com\/#\/schema\/person\/3accb35eb55f55e96c492b52d085a403\",\"name\":\"T. R.\",\"image\":{\"@type\":\"ImageObject\",\"inLanguage\":\"es-DO\",\"@id\":\"https:\/\/infoelnuevonorte.com\/#\/schema\/person\/image\/\",\"url\":\"https:\/\/secure.gravatar.com\/avatar\/40543a038bda97abdb765b1662e9677d?s=96&d=robohash&r=g\",\"contentUrl\":\"https:\/\/secure.gravatar.com\/avatar\/40543a038bda97abdb765b1662e9677d?s=96&d=robohash&r=g\",\"caption\":\"T. R.\"},\"url\":\"https:\/\/infoelnuevonorte.com\/?author=2\"}]}<\/script>\n<!-- \/ Yoast SEO plugin. -->","yoast_head_json":{"title":"Alfredo Pacheco destaca el aporte de los dominicanos en el exterior | El Nuevo Norte","robots":{"index":"index","follow":"follow","max-snippet":"max-snippet:-1","max-image-preview":"max-image-preview:large","max-video-preview":"max-video-preview:-1"},"canonical":"https:\/\/infoelnuevonorte.com\/?p=79733","og_locale":"es_ES","og_type":"article","og_title":"Alfredo Pacheco destaca el aporte de los dominicanos en el exterior | El Nuevo Norte","og_description":"Washington.-El presidente de la C\u00e1mara de Diputados, Alfredo Pacheco, particip\u00f3 este martes en el encuentro\u00a0\u201cDominicanos en el Capitolio\u00bb,\u00a0donde, al pronunciar un discurso, destac\u00f3 el aporte de cada dominicano en el exterior, afirmando que su contribuci\u00f3n es esencial para el desarrollo de la\u00a0Rep\u00fablica Dominicana. \u201cHoy, m\u00e1s que nunca, reitero mi compromiso con ustedes, con el reconocimiento [&hellip;]","og_url":"https:\/\/infoelnuevonorte.com\/?p=79733","og_site_name":"El Nuevo Norte","article_publisher":"https:\/\/www.facebook.com\/infoenn","article_published_time":"2025-02-11T23:04:22+00:00","article_modified_time":"2025-02-11T23:04:24+00:00","og_image":[{"width":1030,"height":687,"url":"https:\/\/infoelnuevonorte.com\/wp-content\/uploads\/2025\/02\/descarga-2025-02-11T190254.386.png","type":"image\/png"}],"author":"T. R.","twitter_card":"summary_large_image","twitter_creator":"@Elnuevo_norte","twitter_site":"@Elnuevo_norte","twitter_misc":{"Written by":"T. R.","Est. reading time":"2 minutos"},"schema":{"@context":"https:\/\/schema.org","@graph":[{"@type":"Article","@id":"https:\/\/infoelnuevonorte.com\/?p=79733#article","isPartOf":{"@id":"https:\/\/infoelnuevonorte.com\/?p=79733"},"author":{"name":"T. R.","@id":"https:\/\/infoelnuevonorte.com\/#\/schema\/person\/3accb35eb55f55e96c492b52d085a403"},"headline":"Alfredo Pacheco destaca el aporte de los dominicanos en el exterior","datePublished":"2025-02-11T23:04:22+00:00","dateModified":"2025-02-11T23:04:24+00:00","mainEntityOfPage":{"@id":"https:\/\/infoelnuevonorte.com\/?p=79733"},"wordCount":386,"publisher":{"@id":"https:\/\/infoelnuevonorte.com\/#organization"},"articleSection":["Nacionales"],"inLanguage":"es-DO"},{"@type":"WebPage","@id":"https:\/\/infoelnuevonorte.com\/?p=79733","url":"https:\/\/infoelnuevonorte.com\/?p=79733","name":"Alfredo Pacheco destaca el aporte de los dominicanos en el exterior | El Nuevo Norte","isPartOf":{"@id":"https:\/\/infoelnuevonorte.com\/#website"},"datePublished":"2025-02-11T23:04:22+00:00","dateModified":"2025-02-11T23:04:24+00:00","breadcrumb":{"@id":"https:\/\/infoelnuevonorte.com\/?p=79733#breadcrumb"},"inLanguage":"es-DO","potentialAction":[{"@type":"ReadAction","target":["https:\/\/infoelnuevonorte.com\/?p=79733"]}]},{"@type":"BreadcrumbList","@id":"https:\/\/infoelnuevonorte.com\/?p=79733#breadcrumb","itemListElement":[{"@type":"ListItem","position":1,"name":"Home","item":"https:\/\/infoelnuevonorte.com\/"},{"@type":"ListItem","position":2,"name":"Alfredo Pacheco destaca el aporte de los dominicanos en el exterior"}]},{"@type":"WebSite","@id":"https:\/\/infoelnuevonorte.com\/#website","url":"https:\/\/infoelnuevonorte.com\/","name":"InfoEnn","description":"Tu Voz, tu Verdad, tu Diario!!!","publisher":{"@id":"https:\/\/infoelnuevonorte.com\/#organization"},"alternateName":"El Nuevo Norte","potentialAction":[{"@type":"SearchAction","target":{"@type":"EntryPoint","urlTemplate":"https:\/\/infoelnuevonorte.com\/?s={search_term_string}"},"query-input":{"@type":"PropertyValueSpecification","valueRequired":true,"valueName":"search_term_string"}}],"inLanguage":"es-DO"},{"@type":"Organization","@id":"https:\/\/infoelnuevonorte.com\/#organization","name":"Info El Nuevo Norte","alternateName":"El Nuevo Norte","url":"https:\/\/infoelnuevonorte.com\/","logo":{"@type":"ImageObject","inLanguage":"es-DO","@id":"https:\/\/infoelnuevonorte.com\/#\/schema\/logo\/image\/","url":"https:\/\/infoelnuevonorte.com\/wp-content\/uploads\/2026\/02\/Logo-Info-enn-3d-20ani.jpeg","contentUrl":"https:\/\/infoelnuevonorte.com\/wp-content\/uploads\/2026\/02\/Logo-Info-enn-3d-20ani.jpeg","width":2046,"height":736,"caption":"Info El Nuevo Norte"},"image":{"@id":"https:\/\/infoelnuevonorte.com\/#\/schema\/logo\/image\/"},"sameAs":["https:\/\/www.facebook.com\/infoenn","https:\/\/x.com\/Elnuevo_norte","https:\/\/www.instagram.com\/infoenn","https:\/\/www.facebook.com\/ENNRD"]},{"@type":"Person","@id":"https:\/\/infoelnuevonorte.com\/#\/schema\/person\/3accb35eb55f55e96c492b52d085a403","name":"T. R.","image":{"@type":"ImageObject","inLanguage":"es-DO","@id":"https:\/\/infoelnuevonorte.com\/#\/schema\/person\/image\/","url":"https:\/\/secure.gravatar.com\/avatar\/40543a038bda97abdb765b1662e9677d?s=96&d=robohash&r=g","contentUrl":"https:\/\/secure.gravatar.com\/avatar\/40543a038bda97abdb765b1662e9677d?s=96&d=robohash&r=g","caption":"T. R."},"url":"https:\/\/infoelnuevonorte.com\/?author=2"}]}},"_links":{"self":[{"href":"https:\/\/infoelnuevonorte.com\/index.php?rest_route=\/wp\/v2\/posts\/79733"}],"collection":[{"href":"https:\/\/infoelnuevonorte.com\/index.php?rest_route=\/wp\/v2\/posts"}],"about":[{"href":"https:\/\/infoelnuevonorte.com\/index.php?rest_route=\/wp\/v2\/types\/post"}],"author":[{"embeddable":true,"href":"https:\/\/infoelnuevonorte.com\/index.php?rest_route=\/wp\/v2\/users\/2"}],"replies":[{"embeddable":true,"href":"https:\/\/infoelnuevonorte.com\/index.php?rest_route=%2Fwp%2Fv2%2Fcomments&post=79733"}],"version-history":[{"count":1,"href":"https:\/\/infoelnuevonorte.com\/index.php?rest_route=\/wp\/v2\/posts\/79733\/revisions"}],"predecessor-version":[{"id":79736,"href":"https:\/\/infoelnuevonorte.com\/index.php?rest_route=\/wp\/v2\/posts\/79733\/revisions\/79736"}],"wp:attachment":[{"href":"https:\/\/infoelnuevonorte.com\/index.php?rest_route=%2Fwp%2Fv2%2Fmedia&parent=79733"}],"wp:term":[{"taxonomy":"category","embeddable":true,"href":"https:\/\/infoelnuevonorte.com\/index.php?rest_route=%2Fwp%2Fv2%2Fcategories&post=79733"},{"taxonomy":"post_tag","embeddable":true,"href":"https:\/\/infoelnuevonorte.com\/index.php?rest_route=%2Fwp%2Fv2%2Ftags&post=79733"}],"curies":[{"name":"wp","href":"https:\/\/api.w.org\/{rel}","templated":true}]}}