{"id":80891,"date":"2025-02-17T12:41:58","date_gmt":"2025-02-17T16:41:58","guid":{"rendered":"https:\/\/infoelnuevonorte.com\/?p=80891"},"modified":"2025-02-17T12:41:59","modified_gmt":"2025-02-17T16:41:59","slug":"derechos-humanos-denuncia-maltratos-a-privados-de-libertad-en-carcel-del-kilometro-15-de-azua","status":"publish","type":"post","link":"https:\/\/infoelnuevonorte.com\/?p=80891","title":{"rendered":"Derechos Humanos denuncia maltratos a privados de libertad en c\u00e1rcel del kil\u00f3metro 15 de Azua"},"content":{"rendered":"<!--[if lt IE 9]><script>document.createElement('audio');<\/script><![endif]-->\n<audio class=\"wp-audio-shortcode\" id=\"audio-80891-1\" preload=\"none\" style=\"width: 100%;\" controls=\"controls\"><source type=\"audio\/mpeg\" src=\"https:\/\/infoelnuevonorte.com\/wp-content\/uploads\/2025\/02\/ttsmaker-vip-file-2025-2-17-12-39-18.mp3?_=1\" \/><a href=\"https:\/\/infoelnuevonorte.com\/wp-content\/uploads\/2025\/02\/ttsmaker-vip-file-2025-2-17-12-39-18.mp3\">https:\/\/infoelnuevonorte.com\/wp-content\/uploads\/2025\/02\/ttsmaker-vip-file-2025-2-17-12-39-18.mp3<\/a><\/audio>\n<p style=\"text-align: justify;\"><strong>Azua, RD<\/strong>. La Comisi\u00f3n de Derechos Humanos de Azua ha hecho una grave denuncia sobre los presuntos abusos y torturas a los que son sometidos los prisioneros en la <strong>c\u00e1rcel del kil\u00f3metro 1<\/strong>5, ubicada en la provincia de <strong>Azua<\/strong>. Seg\u00fan Marcos Lorenzo, presidente de la comisi\u00f3n, en este penal existe una zona conocida como \"La Plancha\", donde se aplican castigos f\u00edsicos y maltratos extremos a los internos.<\/p>\n<p style=\"text-align: justify;\">El comisionado de Derechos Humanos en Azua revel\u00f3 que los prisioneros de \"La Plancha\" est\u00e1n sometidos a condiciones inhumanas. En esta \u00e1rea, los reclusos lo est\u00e1n golpeando y sometiendo a torturas, una situaci\u00f3n que, seg\u00fan Lorenzo, es completamente inaceptable. \"Cuatro o m\u00e1s reos se encuentran en espacios reducidos, donde reciben golpes y tratos crueles\", coment\u00f3 el presidente de la Comisi\u00f3n.<\/p>\n<p style=\"text-align: justify;\">Ante las alarmantes denuncias, Lorenzo se present\u00f3 en el penal con la intenci\u00f3n de investigar la situaci\u00f3n de cerca, pero se encontr\u00f3 con un obst\u00e1culo: las autoridades del centro carcelario no le permitieron el acceso. Seg\u00fan el presidente de la Comisi\u00f3n, la negativa a permitirle ingresar fue inmediata, lo que suscit\u00f3 a\u00fan m\u00e1s preocupaci\u00f3n por la posible existencia de irregularidades en la gesti\u00f3n de la c\u00e1rcel.<\/p>\n<h2 id=\"h-autoridades-desaparecen-tras-la-denuncia\" style=\"text-align: justify;\">Autoridades desaparecen tras la denuncia<\/h2>\n<p style=\"text-align: justify;\">Lorenzo tambi\u00e9n se\u00f1al\u00f3 que, tras su intento de acceso al penal, tanto el director de la c\u00e1rcel como el coronel a cargo del recinto han desaparecido, lo que incrementa las sospechas sobre las pr\u00e1cticas que se est\u00e1n llevando a cabo en el lugar. \"Nosotros no queremos que esto siga ocurriendo\", expres\u00f3 Lorenzo, refiri\u00e9ndose a la situaci\u00f3n de los prisioneros y a la falta de respuestas por parte de las autoridades.<\/p>\n<p style=\"text-align: justify;\">El presidente de la Comisi\u00f3n de Derechos Humanos en Azua manifest\u00f3 su rechazo absoluto a los maltratos que se siguen aplicando en la c\u00e1rcel, calificando estas pr\u00e1cticas como \u201csalvajes\u201d y completamente incompatibles con los derechos humanos. \u201cEs inhumano que, en pleno siglo XXI, en una c\u00e1rcel de nuestro pa\u00eds, se siga tratando a los prisioneros de esta manera\u201d, afirm\u00f3 Lorenzo.<\/p>\n<p style=\"text-align: justify;\">En este sentido, la Comisi\u00f3n ha dejado claro que se consideran responsables a las autoridades carcelarias por cualquier da\u00f1o que pueda sufrir un recluso en el futuro. La situaci\u00f3n sigue siendo motivo de preocupaci\u00f3n para los defensores de los derechos humanos en la regi\u00f3n.<\/p>\n","protected":false},"excerpt":{"rendered":"<p>Azua, RD. La Comisi\u00f3n de Derechos Humanos de Azua ha hecho una grave denuncia sobre los presuntos abusos y torturas a los que son sometidos los prisioneros en la c\u00e1rcel del kil\u00f3metro 15, ubicada en la provincia de Azua. Seg\u00fan Marcos Lorenzo, presidente de la comisi\u00f3n, en este penal existe una zona conocida como \"La [&hellip;]<\/p>\n","protected":false},"author":1,"featured_media":0,"comment_status":"closed","ping_status":"open","sticky":false,"template":"","format":"standard","meta":{"footnotes":""},"categories":[8],"tags":[856,855,854,857],"yoast_head":"<!-- This site is optimized with the Yoast SEO plugin v24.5 - https:\/\/yoast.com\/wordpress\/plugins\/seo\/ -->\n<title>Derechos Humanos denuncia maltratos a privados de libertad en c\u00e1rcel del kil\u00f3metro 15 de Azua | El Nuevo Norte<\/title>\n<meta name=\"robots\" content=\"index, follow, max-snippet:-1, max-image-preview:large, max-video-preview:-1\" \/>\n<link rel=\"canonical\" href=\"https:\/\/infoelnuevonorte.com\/?p=80891\" \/>\n<meta property=\"og:locale\" content=\"es_ES\" \/>\n<meta property=\"og:type\" content=\"article\" \/>\n<meta property=\"og:title\" content=\"Derechos Humanos denuncia maltratos a privados de libertad en c\u00e1rcel del kil\u00f3metro 15 de Azua | El Nuevo Norte\" \/>\n<meta property=\"og:description\" content=\"Azua, RD. La Comisi\u00f3n de Derechos Humanos de Azua ha hecho una grave denuncia sobre los presuntos abusos y torturas a los que son sometidos los prisioneros en la c\u00e1rcel del kil\u00f3metro 15, ubicada en la provincia de Azua. Seg\u00fan Marcos Lorenzo, presidente de la comisi\u00f3n, en este penal existe una zona conocida como &quot;La [&hellip;]\" \/>\n<meta property=\"og:url\" content=\"https:\/\/infoelnuevonorte.com\/?p=80891\" \/>\n<meta property=\"og:site_name\" content=\"El Nuevo Norte\" \/>\n<meta property=\"article:publisher\" content=\"https:\/\/www.facebook.com\/infoenn\" \/>\n<meta property=\"article:published_time\" content=\"2025-02-17T16:41:58+00:00\" \/>\n<meta property=\"article:modified_time\" content=\"2025-02-17T16:41:59+00:00\" \/>\n<meta property=\"og:image\" content=\"https:\/\/infoelnuevonorte.com\/wp-content\/uploads\/2025\/02\/allanamiento.jpeg\" \/>\n\t<meta property=\"og:image:width\" content=\"1200\" \/>\n\t<meta property=\"og:image:height\" content=\"675\" \/>\n\t<meta property=\"og:image:type\" content=\"image\/jpeg\" \/>\n<meta name=\"author\" content=\"InfoEnn\" \/>\n<meta name=\"twitter:card\" content=\"summary_large_image\" \/>\n<meta name=\"twitter:creator\" content=\"@Elnuevo_norte\" \/>\n<meta name=\"twitter:site\" content=\"@Elnuevo_norte\" \/>\n<meta name=\"twitter:label1\" content=\"Written by\" \/>\n\t<meta name=\"twitter:data1\" content=\"InfoEnn\" \/>\n\t<meta name=\"twitter:label2\" content=\"Est. reading time\" \/>\n\t<meta name=\"twitter:data2\" content=\"2 minutos\" \/>\n<script type=\"application\/ld+json\" class=\"yoast-schema-graph\">{\"@context\":\"https:\/\/schema.org\",\"@graph\":[{\"@type\":\"Article\",\"@id\":\"https:\/\/infoelnuevonorte.com\/?p=80891#article\",\"isPartOf\":{\"@id\":\"https:\/\/infoelnuevonorte.com\/?p=80891\"},\"author\":{\"name\":\"InfoEnn\",\"@id\":\"https:\/\/infoelnuevonorte.com\/#\/schema\/person\/fd4f6d90afe41260818b4ea94ad8ab84\"},\"headline\":\"Derechos Humanos denuncia maltratos a privados de libertad en c\u00e1rcel del kil\u00f3metro 15 de Azua\",\"datePublished\":\"2025-02-17T16:41:58+00:00\",\"dateModified\":\"2025-02-17T16:41:59+00:00\",\"mainEntityOfPage\":{\"@id\":\"https:\/\/infoelnuevonorte.com\/?p=80891\"},\"wordCount\":441,\"publisher\":{\"@id\":\"https:\/\/infoelnuevonorte.com\/#organization\"},\"keywords\":[\"Carcel KM15 de Azuz\",\"Derechos Humanos\",\"Maltrato\",\"Reclusos\"],\"articleSection\":[\"Nacionales\"],\"inLanguage\":\"es-DO\"},{\"@type\":\"WebPage\",\"@id\":\"https:\/\/infoelnuevonorte.com\/?p=80891\",\"url\":\"https:\/\/infoelnuevonorte.com\/?p=80891\",\"name\":\"Derechos Humanos denuncia maltratos a privados de libertad en c\u00e1rcel del kil\u00f3metro 15 de Azua | El Nuevo Norte\",\"isPartOf\":{\"@id\":\"https:\/\/infoelnuevonorte.com\/#website\"},\"datePublished\":\"2025-02-17T16:41:58+00:00\",\"dateModified\":\"2025-02-17T16:41:59+00:00\",\"breadcrumb\":{\"@id\":\"https:\/\/infoelnuevonorte.com\/?p=80891#breadcrumb\"},\"inLanguage\":\"es-DO\",\"potentialAction\":[{\"@type\":\"ReadAction\",\"target\":[\"https:\/\/infoelnuevonorte.com\/?p=80891\"]}]},{\"@type\":\"BreadcrumbList\",\"@id\":\"https:\/\/infoelnuevonorte.com\/?p=80891#breadcrumb\",\"itemListElement\":[{\"@type\":\"ListItem\",\"position\":1,\"name\":\"Home\",\"item\":\"https:\/\/infoelnuevonorte.com\/\"},{\"@type\":\"ListItem\",\"position\":2,\"name\":\"Derechos Humanos denuncia maltratos a privados de libertad en c\u00e1rcel del kil\u00f3metro 15 de Azua\"}]},{\"@type\":\"WebSite\",\"@id\":\"https:\/\/infoelnuevonorte.com\/#website\",\"url\":\"https:\/\/infoelnuevonorte.com\/\",\"name\":\"InfoEnn\",\"description\":\"Tu Voz, tu Verdad, tu Diario!!!\",\"publisher\":{\"@id\":\"https:\/\/infoelnuevonorte.com\/#organization\"},\"alternateName\":\"El Nuevo Norte\",\"potentialAction\":[{\"@type\":\"SearchAction\",\"target\":{\"@type\":\"EntryPoint\",\"urlTemplate\":\"https:\/\/infoelnuevonorte.com\/?s={search_term_string}\"},\"query-input\":{\"@type\":\"PropertyValueSpecification\",\"valueRequired\":true,\"valueName\":\"search_term_string\"}}],\"inLanguage\":\"es-DO\"},{\"@type\":\"Organization\",\"@id\":\"https:\/\/infoelnuevonorte.com\/#organization\",\"name\":\"Info El Nuevo Norte\",\"alternateName\":\"El Nuevo Norte\",\"url\":\"https:\/\/infoelnuevonorte.com\/\",\"logo\":{\"@type\":\"ImageObject\",\"inLanguage\":\"es-DO\",\"@id\":\"https:\/\/infoelnuevonorte.com\/#\/schema\/logo\/image\/\",\"url\":\"https:\/\/infoelnuevonorte.com\/wp-content\/uploads\/2026\/02\/Logo-Info-enn-3d-20ani.jpeg\",\"contentUrl\":\"https:\/\/infoelnuevonorte.com\/wp-content\/uploads\/2026\/02\/Logo-Info-enn-3d-20ani.jpeg\",\"width\":2046,\"height\":736,\"caption\":\"Info El Nuevo Norte\"},\"image\":{\"@id\":\"https:\/\/infoelnuevonorte.com\/#\/schema\/logo\/image\/\"},\"sameAs\":[\"https:\/\/www.facebook.com\/infoenn\",\"https:\/\/x.com\/Elnuevo_norte\",\"https:\/\/www.instagram.com\/infoenn\",\"https:\/\/www.facebook.com\/ENNRD\"]},{\"@type\":\"Person\",\"@id\":\"https:\/\/infoelnuevonorte.com\/#\/schema\/person\/fd4f6d90afe41260818b4ea94ad8ab84\",\"name\":\"InfoEnn\",\"image\":{\"@type\":\"ImageObject\",\"inLanguage\":\"es-DO\",\"@id\":\"https:\/\/infoelnuevonorte.com\/#\/schema\/person\/image\/\",\"url\":\"https:\/\/secure.gravatar.com\/avatar\/d4d760a41a48ba9db0a82bfb63bb0783?s=96&d=robohash&r=g\",\"contentUrl\":\"https:\/\/secure.gravatar.com\/avatar\/d4d760a41a48ba9db0a82bfb63bb0783?s=96&d=robohash&r=g\",\"caption\":\"InfoEnn\"},\"sameAs\":[\"https:\/\/infoelnuevonorte.com\"],\"url\":\"https:\/\/infoelnuevonorte.com\/?author=1\"}]}<\/script>\n<!-- \/ Yoast SEO plugin. -->","yoast_head_json":{"title":"Derechos Humanos denuncia maltratos a privados de libertad en c\u00e1rcel del kil\u00f3metro 15 de Azua | El Nuevo Norte","robots":{"index":"index","follow":"follow","max-snippet":"max-snippet:-1","max-image-preview":"max-image-preview:large","max-video-preview":"max-video-preview:-1"},"canonical":"https:\/\/infoelnuevonorte.com\/?p=80891","og_locale":"es_ES","og_type":"article","og_title":"Derechos Humanos denuncia maltratos a privados de libertad en c\u00e1rcel del kil\u00f3metro 15 de Azua | El Nuevo Norte","og_description":"Azua, RD. La Comisi\u00f3n de Derechos Humanos de Azua ha hecho una grave denuncia sobre los presuntos abusos y torturas a los que son sometidos los prisioneros en la c\u00e1rcel del kil\u00f3metro 15, ubicada en la provincia de Azua. Seg\u00fan Marcos Lorenzo, presidente de la comisi\u00f3n, en este penal existe una zona conocida como \"La [&hellip;]","og_url":"https:\/\/infoelnuevonorte.com\/?p=80891","og_site_name":"El Nuevo Norte","article_publisher":"https:\/\/www.facebook.com\/infoenn","article_published_time":"2025-02-17T16:41:58+00:00","article_modified_time":"2025-02-17T16:41:59+00:00","og_image":[{"width":1200,"height":675,"url":"https:\/\/infoelnuevonorte.com\/wp-content\/uploads\/2025\/02\/allanamiento.jpeg","type":"image\/jpeg"}],"author":"InfoEnn","twitter_card":"summary_large_image","twitter_creator":"@Elnuevo_norte","twitter_site":"@Elnuevo_norte","twitter_misc":{"Written by":"InfoEnn","Est. reading time":"2 minutos"},"schema":{"@context":"https:\/\/schema.org","@graph":[{"@type":"Article","@id":"https:\/\/infoelnuevonorte.com\/?p=80891#article","isPartOf":{"@id":"https:\/\/infoelnuevonorte.com\/?p=80891"},"author":{"name":"InfoEnn","@id":"https:\/\/infoelnuevonorte.com\/#\/schema\/person\/fd4f6d90afe41260818b4ea94ad8ab84"},"headline":"Derechos Humanos denuncia maltratos a privados de libertad en c\u00e1rcel del kil\u00f3metro 15 de Azua","datePublished":"2025-02-17T16:41:58+00:00","dateModified":"2025-02-17T16:41:59+00:00","mainEntityOfPage":{"@id":"https:\/\/infoelnuevonorte.com\/?p=80891"},"wordCount":441,"publisher":{"@id":"https:\/\/infoelnuevonorte.com\/#organization"},"keywords":["Carcel KM15 de Azuz","Derechos Humanos","Maltrato","Reclusos"],"articleSection":["Nacionales"],"inLanguage":"es-DO"},{"@type":"WebPage","@id":"https:\/\/infoelnuevonorte.com\/?p=80891","url":"https:\/\/infoelnuevonorte.com\/?p=80891","name":"Derechos Humanos denuncia maltratos a privados de libertad en c\u00e1rcel del kil\u00f3metro 15 de Azua | El Nuevo Norte","isPartOf":{"@id":"https:\/\/infoelnuevonorte.com\/#website"},"datePublished":"2025-02-17T16:41:58+00:00","dateModified":"2025-02-17T16:41:59+00:00","breadcrumb":{"@id":"https:\/\/infoelnuevonorte.com\/?p=80891#breadcrumb"},"inLanguage":"es-DO","potentialAction":[{"@type":"ReadAction","target":["https:\/\/infoelnuevonorte.com\/?p=80891"]}]},{"@type":"BreadcrumbList","@id":"https:\/\/infoelnuevonorte.com\/?p=80891#breadcrumb","itemListElement":[{"@type":"ListItem","position":1,"name":"Home","item":"https:\/\/infoelnuevonorte.com\/"},{"@type":"ListItem","position":2,"name":"Derechos Humanos denuncia maltratos a privados de libertad en c\u00e1rcel del kil\u00f3metro 15 de Azua"}]},{"@type":"WebSite","@id":"https:\/\/infoelnuevonorte.com\/#website","url":"https:\/\/infoelnuevonorte.com\/","name":"InfoEnn","description":"Tu Voz, tu Verdad, tu Diario!!!","publisher":{"@id":"https:\/\/infoelnuevonorte.com\/#organization"},"alternateName":"El Nuevo Norte","potentialAction":[{"@type":"SearchAction","target":{"@type":"EntryPoint","urlTemplate":"https:\/\/infoelnuevonorte.com\/?s={search_term_string}"},"query-input":{"@type":"PropertyValueSpecification","valueRequired":true,"valueName":"search_term_string"}}],"inLanguage":"es-DO"},{"@type":"Organization","@id":"https:\/\/infoelnuevonorte.com\/#organization","name":"Info El Nuevo Norte","alternateName":"El Nuevo Norte","url":"https:\/\/infoelnuevonorte.com\/","logo":{"@type":"ImageObject","inLanguage":"es-DO","@id":"https:\/\/infoelnuevonorte.com\/#\/schema\/logo\/image\/","url":"https:\/\/infoelnuevonorte.com\/wp-content\/uploads\/2026\/02\/Logo-Info-enn-3d-20ani.jpeg","contentUrl":"https:\/\/infoelnuevonorte.com\/wp-content\/uploads\/2026\/02\/Logo-Info-enn-3d-20ani.jpeg","width":2046,"height":736,"caption":"Info El Nuevo Norte"},"image":{"@id":"https:\/\/infoelnuevonorte.com\/#\/schema\/logo\/image\/"},"sameAs":["https:\/\/www.facebook.com\/infoenn","https:\/\/x.com\/Elnuevo_norte","https:\/\/www.instagram.com\/infoenn","https:\/\/www.facebook.com\/ENNRD"]},{"@type":"Person","@id":"https:\/\/infoelnuevonorte.com\/#\/schema\/person\/fd4f6d90afe41260818b4ea94ad8ab84","name":"InfoEnn","image":{"@type":"ImageObject","inLanguage":"es-DO","@id":"https:\/\/infoelnuevonorte.com\/#\/schema\/person\/image\/","url":"https:\/\/secure.gravatar.com\/avatar\/d4d760a41a48ba9db0a82bfb63bb0783?s=96&d=robohash&r=g","contentUrl":"https:\/\/secure.gravatar.com\/avatar\/d4d760a41a48ba9db0a82bfb63bb0783?s=96&d=robohash&r=g","caption":"InfoEnn"},"sameAs":["https:\/\/infoelnuevonorte.com"],"url":"https:\/\/infoelnuevonorte.com\/?author=1"}]}},"_links":{"self":[{"href":"https:\/\/infoelnuevonorte.com\/index.php?rest_route=\/wp\/v2\/posts\/80891"}],"collection":[{"href":"https:\/\/infoelnuevonorte.com\/index.php?rest_route=\/wp\/v2\/posts"}],"about":[{"href":"https:\/\/infoelnuevonorte.com\/index.php?rest_route=\/wp\/v2\/types\/post"}],"author":[{"embeddable":true,"href":"https:\/\/infoelnuevonorte.com\/index.php?rest_route=\/wp\/v2\/users\/1"}],"replies":[{"embeddable":true,"href":"https:\/\/infoelnuevonorte.com\/index.php?rest_route=%2Fwp%2Fv2%2Fcomments&post=80891"}],"version-history":[{"count":1,"href":"https:\/\/infoelnuevonorte.com\/index.php?rest_route=\/wp\/v2\/posts\/80891\/revisions"}],"predecessor-version":[{"id":80894,"href":"https:\/\/infoelnuevonorte.com\/index.php?rest_route=\/wp\/v2\/posts\/80891\/revisions\/80894"}],"wp:attachment":[{"href":"https:\/\/infoelnuevonorte.com\/index.php?rest_route=%2Fwp%2Fv2%2Fmedia&parent=80891"}],"wp:term":[{"taxonomy":"category","embeddable":true,"href":"https:\/\/infoelnuevonorte.com\/index.php?rest_route=%2Fwp%2Fv2%2Fcategories&post=80891"},{"taxonomy":"post_tag","embeddable":true,"href":"https:\/\/infoelnuevonorte.com\/index.php?rest_route=%2Fwp%2Fv2%2Ftags&post=80891"}],"curies":[{"name":"wp","href":"https:\/\/api.w.org\/{rel}","templated":true}]}}