{"id":80936,"date":"2025-02-17T18:23:05","date_gmt":"2025-02-17T22:23:05","guid":{"rendered":"https:\/\/infoelnuevonorte.com\/?p=80936"},"modified":"2025-02-17T18:23:06","modified_gmt":"2025-02-17T22:23:06","slug":"alejandro-sanz-thalia-y-otros-artistas-reaccionan-al-fallecimiento-de-paquita-la-del-barrio","status":"publish","type":"post","link":"https:\/\/infoelnuevonorte.com\/?p=80936","title":{"rendered":"Alejandro Sanz, Thal\u00eda y otros artistas reaccionan al fallecimiento de Paquita la del Barrio"},"content":{"rendered":"<!--[if lt IE 9]><script>document.createElement('audio');<\/script><![endif]-->\n<audio class=\"wp-audio-shortcode\" id=\"audio-80936-1\" preload=\"none\" style=\"width: 100%;\" controls=\"controls\"><source type=\"audio\/mpeg\" src=\"https:\/\/infoelnuevonorte.com\/wp-content\/uploads\/2025\/02\/ttsmaker-vip-file-2025-2-17-18-22-41.mp3?_=1\" \/><a href=\"https:\/\/infoelnuevonorte.com\/wp-content\/uploads\/2025\/02\/ttsmaker-vip-file-2025-2-17-18-22-41.mp3\">https:\/\/infoelnuevonorte.com\/wp-content\/uploads\/2025\/02\/ttsmaker-vip-file-2025-2-17-18-22-41.mp3<\/a><\/audio>\n<p style=\"text-align: justify;\">La muerte de <strong data-start=\"477\" data-end=\"502\">Paquita la del Barrio<\/strong> a los <strong data-start=\"509\" data-end=\"520\">77 a\u00f1os<\/strong> conmocion\u00f3 a la m\u00fasica mexicana y al mundo art\u00edstico. Su legado en la m\u00fasica ranchera y su papel como defensora de los derechos de las mujeres resonaron en miles de seguidores.<\/p>\n<p style=\"text-align: justify;\">Figuras del \u00e1mbito musical no tardaron en compartir sus tributos y expresar su dolor ante la partida de esta ic\u00f3nica cantante.<\/p>\n<h2 style=\"text-align: justify;\" data-start=\"826\" data-end=\"860\"><strong data-start=\"826\" data-end=\"860\">Reacciones del mundo art\u00edstico<\/strong><\/h2>\n<p style=\"text-align: justify;\" data-start=\"862\" data-end=\"1065\">Diversos artistas, se unieron en la pena y rindieron homenaje a Paquita en redes sociales, quien siempre fue un referente para los m\u00fasicos y un s\u00edmbolo de fortaleza para las mujeres.<\/p>\n<ul data-start=\"1067\" data-end=\"3356\">\n<li style=\"text-align: justify;\" data-start=\"1067\" data-end=\"1425\">\n<p data-start=\"1069\" data-end=\"1425\"><strong data-start=\"1069\" data-end=\"1087\">Alejandro Sanz<\/strong> fue uno de los primeros en recordar a la cantante. En su cuenta de <strong data-start=\"1155\" data-end=\"1160\">X<\/strong>, comparti\u00f3: \u201cEsa Paquita que nos conquist\u00f3 con su m\u00fasica capaz de arrancar un sentimiento y hacerlo canci\u00f3n. Gracias Paquita, eres parte de la cultura eterna\u201d. Un emotivo tributo que refleja el impacto que Paquita dej\u00f3 en la m\u00fasica latinoamericana.<\/p>\n<\/li>\n<li style=\"text-align: justify;\" data-start=\"1427\" data-end=\"1906\">\n<p data-start=\"1429\" data-end=\"1906\"><strong data-start=\"1429\" data-end=\"1439\">Thal\u00eda<\/strong> expres\u00f3 su admiraci\u00f3n por Paquita no solo como artista, sino como un pilar en el empoderamiento femenino dentro de la m\u00fasica. En su publicaci\u00f3n, coment\u00f3: \u201cPaquita marc\u00f3 un camino claro y contundente al tratarse del empoderamiento de la mujer en la m\u00fasica. Ella siempre habl\u00f3 claro y segura de s\u00ed misma en sus canciones y ayud\u00f3 a miles de mujeres en esta industria a sentirse m\u00e1s abiertas y seguras al hablar de sus experiencias de vida sin tab\u00faes. \u00a1Gracias Paquita!\u201d<\/p>\n<\/li>\n<li style=\"text-align: justify;\" data-start=\"1908\" data-end=\"2246\">\n<p data-start=\"1910\" data-end=\"2246\"><strong data-start=\"1910\" data-end=\"1926\">Carlos Baute<\/strong>, otro artista cercano, expres\u00f3 su respeto y admiraci\u00f3n por el legado musical de Paquita: \u201cSu voz \u00fanica y su entrega inigualable siempre ser\u00e1n parte fundamental del alma de la m\u00fasica latina. Nos deja un legado eterno que seguir\u00e1 viviendo en cada acorde, en cada canci\u00f3n. Gracias por tanto, Paquita. Que en paz descanse\u201d.<\/p>\n<\/li>\n<li style=\"text-align: justify;\" data-start=\"2248\" data-end=\"2578\">\n<p data-start=\"2250\" data-end=\"2578\">La <strong data-start=\"2253\" data-end=\"2288\">Academia Latina de la Grabaci\u00f3n<\/strong> tambi\u00e9n se uni\u00f3 al tributo, destacando su influencia en la m\u00fasica latina: \u201cLamentamos el fallecimiento de una voz ic\u00f3nica de la m\u00fasica mexicana: Paquita la del Barrio, nominada al #LatinGRAMMY y al #GRAMMY, deja un legado inolvidable en la m\u00fasica latina con su inigualable interpretaci\u00f3n\u201d.<\/p>\n<\/li>\n<li style=\"text-align: justify;\" data-start=\"2580\" data-end=\"2800\">\n<p data-start=\"2582\" data-end=\"2800\"><strong data-start=\"2582\" data-end=\"2600\">Tania Libertad<\/strong>, una de las artistas que tambi\u00e9n tuvo la oportunidad de compartir escenario con Paquita, dijo: \u201cParti\u00f3 nuestra amada Paquita la del Barrio; te quedas en nuestros corazones. Buen viaje querida amiga\u201d.<\/p>\n<\/li>\n<li style=\"text-align: justify;\" data-start=\"2802\" data-end=\"3054\">\n<p data-start=\"2804\" data-end=\"3054\"><strong data-start=\"2804\" data-end=\"2819\">Apple Music<\/strong> destac\u00f3 el valor de Paquita como una figura feminista, fundamental en la representaci\u00f3n de las mujeres dentro del \u00e1mbito musical: \u201cQEPD Paquita la del Barrio, el \u00edcono feminista de M\u00e9xico que cant\u00f3 lo que otros ten\u00edan miedo de decir\u201d.<\/p>\n<\/li>\n<li data-start=\"3056\" data-end=\"3356\">\n<p style=\"text-align: justify;\" data-start=\"3058\" data-end=\"3356\">Finalmente, la <strong data-start=\"3073\" data-end=\"3121\">Secretar\u00eda de Cultura del Gobierno de M\u00e9xico<\/strong> rindi\u00f3 homenaje a su legado, resaltando su lucha por los derechos de las mujeres: \u201cCon una destacada trayectoria de m\u00e1s de cinco d\u00e9cadas\u2026 se distingui\u00f3 por alzar la voz en contra de las injusticias hacia las mujeres. Descanse en paz\u201d.<\/p>\n<\/li>\n<\/ul>\n","protected":false},"excerpt":{"rendered":"<p>La muerte de Paquita la del Barrio a los 77 a\u00f1os conmocion\u00f3 a la m\u00fasica mexicana y al mundo art\u00edstico. Su legado en la m\u00fasica ranchera y su papel como defensora de los derechos de las mujeres resonaron en miles de seguidores. Figuras del \u00e1mbito musical no tardaron en compartir sus tributos y expresar su [&hellip;]<\/p>\n","protected":false},"author":1,"featured_media":0,"comment_status":"closed","ping_status":"open","sticky":false,"template":"","format":"standard","meta":{"footnotes":""},"categories":[11],"tags":[],"yoast_head":"<!-- This site is optimized with the Yoast SEO plugin v24.5 - https:\/\/yoast.com\/wordpress\/plugins\/seo\/ -->\n<title>Alejandro Sanz, Thal\u00eda y otros artistas reaccionan al fallecimiento de Paquita la del Barrio | El Nuevo Norte<\/title>\n<meta name=\"robots\" content=\"index, follow, max-snippet:-1, max-image-preview:large, max-video-preview:-1\" \/>\n<link rel=\"canonical\" href=\"https:\/\/infoelnuevonorte.com\/?p=80936\" \/>\n<meta property=\"og:locale\" content=\"es_ES\" \/>\n<meta property=\"og:type\" content=\"article\" \/>\n<meta property=\"og:title\" content=\"Alejandro Sanz, Thal\u00eda y otros artistas reaccionan al fallecimiento de Paquita la del Barrio | El Nuevo Norte\" \/>\n<meta property=\"og:description\" content=\"La muerte de Paquita la del Barrio a los 77 a\u00f1os conmocion\u00f3 a la m\u00fasica mexicana y al mundo art\u00edstico. Su legado en la m\u00fasica ranchera y su papel como defensora de los derechos de las mujeres resonaron en miles de seguidores. Figuras del \u00e1mbito musical no tardaron en compartir sus tributos y expresar su [&hellip;]\" \/>\n<meta property=\"og:url\" content=\"https:\/\/infoelnuevonorte.com\/?p=80936\" \/>\n<meta property=\"og:site_name\" content=\"El Nuevo Norte\" \/>\n<meta property=\"article:publisher\" content=\"https:\/\/www.facebook.com\/infoenn\" \/>\n<meta property=\"article:published_time\" content=\"2025-02-17T22:23:05+00:00\" \/>\n<meta property=\"article:modified_time\" content=\"2025-02-17T22:23:06+00:00\" \/>\n<meta property=\"og:image\" content=\"https:\/\/infoelnuevonorte.com\/wp-content\/uploads\/2025\/02\/Paquita-la-del-Barrio-.png\" \/>\n\t<meta property=\"og:image:width\" content=\"1073\" \/>\n\t<meta property=\"og:image:height\" content=\"627\" \/>\n\t<meta property=\"og:image:type\" content=\"image\/png\" \/>\n<meta name=\"author\" content=\"InfoEnn\" \/>\n<meta name=\"twitter:card\" content=\"summary_large_image\" \/>\n<meta name=\"twitter:creator\" content=\"@Elnuevo_norte\" \/>\n<meta name=\"twitter:site\" content=\"@Elnuevo_norte\" \/>\n<meta name=\"twitter:label1\" content=\"Written by\" \/>\n\t<meta name=\"twitter:data1\" content=\"InfoEnn\" \/>\n\t<meta name=\"twitter:label2\" content=\"Est. reading time\" \/>\n\t<meta name=\"twitter:data2\" content=\"3 minutos\" \/>\n<script type=\"application\/ld+json\" class=\"yoast-schema-graph\">{\"@context\":\"https:\/\/schema.org\",\"@graph\":[{\"@type\":\"Article\",\"@id\":\"https:\/\/infoelnuevonorte.com\/?p=80936#article\",\"isPartOf\":{\"@id\":\"https:\/\/infoelnuevonorte.com\/?p=80936\"},\"author\":{\"name\":\"InfoEnn\",\"@id\":\"https:\/\/infoelnuevonorte.com\/#\/schema\/person\/fd4f6d90afe41260818b4ea94ad8ab84\"},\"headline\":\"Alejandro Sanz, Thal\u00eda y otros artistas reaccionan al fallecimiento de Paquita la del Barrio\",\"datePublished\":\"2025-02-17T22:23:05+00:00\",\"dateModified\":\"2025-02-17T22:23:06+00:00\",\"mainEntityOfPage\":{\"@id\":\"https:\/\/infoelnuevonorte.com\/?p=80936\"},\"wordCount\":530,\"publisher\":{\"@id\":\"https:\/\/infoelnuevonorte.com\/#organization\"},\"articleSection\":[\"Entretenimiento\"],\"inLanguage\":\"es-DO\"},{\"@type\":\"WebPage\",\"@id\":\"https:\/\/infoelnuevonorte.com\/?p=80936\",\"url\":\"https:\/\/infoelnuevonorte.com\/?p=80936\",\"name\":\"Alejandro Sanz, Thal\u00eda y otros artistas reaccionan al fallecimiento de Paquita la del Barrio | El Nuevo Norte\",\"isPartOf\":{\"@id\":\"https:\/\/infoelnuevonorte.com\/#website\"},\"datePublished\":\"2025-02-17T22:23:05+00:00\",\"dateModified\":\"2025-02-17T22:23:06+00:00\",\"breadcrumb\":{\"@id\":\"https:\/\/infoelnuevonorte.com\/?p=80936#breadcrumb\"},\"inLanguage\":\"es-DO\",\"potentialAction\":[{\"@type\":\"ReadAction\",\"target\":[\"https:\/\/infoelnuevonorte.com\/?p=80936\"]}]},{\"@type\":\"BreadcrumbList\",\"@id\":\"https:\/\/infoelnuevonorte.com\/?p=80936#breadcrumb\",\"itemListElement\":[{\"@type\":\"ListItem\",\"position\":1,\"name\":\"Home\",\"item\":\"https:\/\/infoelnuevonorte.com\/\"},{\"@type\":\"ListItem\",\"position\":2,\"name\":\"Alejandro Sanz, Thal\u00eda y otros artistas reaccionan al fallecimiento de Paquita la del Barrio\"}]},{\"@type\":\"WebSite\",\"@id\":\"https:\/\/infoelnuevonorte.com\/#website\",\"url\":\"https:\/\/infoelnuevonorte.com\/\",\"name\":\"InfoEnn\",\"description\":\"Tu Voz, tu Verdad, tu Diario!!!\",\"publisher\":{\"@id\":\"https:\/\/infoelnuevonorte.com\/#organization\"},\"alternateName\":\"El Nuevo Norte\",\"potentialAction\":[{\"@type\":\"SearchAction\",\"target\":{\"@type\":\"EntryPoint\",\"urlTemplate\":\"https:\/\/infoelnuevonorte.com\/?s={search_term_string}\"},\"query-input\":{\"@type\":\"PropertyValueSpecification\",\"valueRequired\":true,\"valueName\":\"search_term_string\"}}],\"inLanguage\":\"es-DO\"},{\"@type\":\"Organization\",\"@id\":\"https:\/\/infoelnuevonorte.com\/#organization\",\"name\":\"Info El Nuevo Norte\",\"alternateName\":\"El Nuevo Norte\",\"url\":\"https:\/\/infoelnuevonorte.com\/\",\"logo\":{\"@type\":\"ImageObject\",\"inLanguage\":\"es-DO\",\"@id\":\"https:\/\/infoelnuevonorte.com\/#\/schema\/logo\/image\/\",\"url\":\"https:\/\/infoelnuevonorte.com\/wp-content\/uploads\/2026\/02\/Logo-Info-enn-3d-20ani.jpeg\",\"contentUrl\":\"https:\/\/infoelnuevonorte.com\/wp-content\/uploads\/2026\/02\/Logo-Info-enn-3d-20ani.jpeg\",\"width\":2046,\"height\":736,\"caption\":\"Info El Nuevo Norte\"},\"image\":{\"@id\":\"https:\/\/infoelnuevonorte.com\/#\/schema\/logo\/image\/\"},\"sameAs\":[\"https:\/\/www.facebook.com\/infoenn\",\"https:\/\/x.com\/Elnuevo_norte\",\"https:\/\/www.instagram.com\/infoenn\",\"https:\/\/www.facebook.com\/ENNRD\"]},{\"@type\":\"Person\",\"@id\":\"https:\/\/infoelnuevonorte.com\/#\/schema\/person\/fd4f6d90afe41260818b4ea94ad8ab84\",\"name\":\"InfoEnn\",\"image\":{\"@type\":\"ImageObject\",\"inLanguage\":\"es-DO\",\"@id\":\"https:\/\/infoelnuevonorte.com\/#\/schema\/person\/image\/\",\"url\":\"https:\/\/secure.gravatar.com\/avatar\/d4d760a41a48ba9db0a82bfb63bb0783?s=96&d=robohash&r=g\",\"contentUrl\":\"https:\/\/secure.gravatar.com\/avatar\/d4d760a41a48ba9db0a82bfb63bb0783?s=96&d=robohash&r=g\",\"caption\":\"InfoEnn\"},\"sameAs\":[\"https:\/\/infoelnuevonorte.com\"],\"url\":\"https:\/\/infoelnuevonorte.com\/?author=1\"}]}<\/script>\n<!-- \/ Yoast SEO plugin. -->","yoast_head_json":{"title":"Alejandro Sanz, Thal\u00eda y otros artistas reaccionan al fallecimiento de Paquita la del Barrio | El Nuevo Norte","robots":{"index":"index","follow":"follow","max-snippet":"max-snippet:-1","max-image-preview":"max-image-preview:large","max-video-preview":"max-video-preview:-1"},"canonical":"https:\/\/infoelnuevonorte.com\/?p=80936","og_locale":"es_ES","og_type":"article","og_title":"Alejandro Sanz, Thal\u00eda y otros artistas reaccionan al fallecimiento de Paquita la del Barrio | El Nuevo Norte","og_description":"La muerte de Paquita la del Barrio a los 77 a\u00f1os conmocion\u00f3 a la m\u00fasica mexicana y al mundo art\u00edstico. Su legado en la m\u00fasica ranchera y su papel como defensora de los derechos de las mujeres resonaron en miles de seguidores. Figuras del \u00e1mbito musical no tardaron en compartir sus tributos y expresar su [&hellip;]","og_url":"https:\/\/infoelnuevonorte.com\/?p=80936","og_site_name":"El Nuevo Norte","article_publisher":"https:\/\/www.facebook.com\/infoenn","article_published_time":"2025-02-17T22:23:05+00:00","article_modified_time":"2025-02-17T22:23:06+00:00","og_image":[{"width":1073,"height":627,"url":"https:\/\/infoelnuevonorte.com\/wp-content\/uploads\/2025\/02\/Paquita-la-del-Barrio-.png","type":"image\/png"}],"author":"InfoEnn","twitter_card":"summary_large_image","twitter_creator":"@Elnuevo_norte","twitter_site":"@Elnuevo_norte","twitter_misc":{"Written by":"InfoEnn","Est. reading time":"3 minutos"},"schema":{"@context":"https:\/\/schema.org","@graph":[{"@type":"Article","@id":"https:\/\/infoelnuevonorte.com\/?p=80936#article","isPartOf":{"@id":"https:\/\/infoelnuevonorte.com\/?p=80936"},"author":{"name":"InfoEnn","@id":"https:\/\/infoelnuevonorte.com\/#\/schema\/person\/fd4f6d90afe41260818b4ea94ad8ab84"},"headline":"Alejandro Sanz, Thal\u00eda y otros artistas reaccionan al fallecimiento de Paquita la del Barrio","datePublished":"2025-02-17T22:23:05+00:00","dateModified":"2025-02-17T22:23:06+00:00","mainEntityOfPage":{"@id":"https:\/\/infoelnuevonorte.com\/?p=80936"},"wordCount":530,"publisher":{"@id":"https:\/\/infoelnuevonorte.com\/#organization"},"articleSection":["Entretenimiento"],"inLanguage":"es-DO"},{"@type":"WebPage","@id":"https:\/\/infoelnuevonorte.com\/?p=80936","url":"https:\/\/infoelnuevonorte.com\/?p=80936","name":"Alejandro Sanz, Thal\u00eda y otros artistas reaccionan al fallecimiento de Paquita la del Barrio | El Nuevo Norte","isPartOf":{"@id":"https:\/\/infoelnuevonorte.com\/#website"},"datePublished":"2025-02-17T22:23:05+00:00","dateModified":"2025-02-17T22:23:06+00:00","breadcrumb":{"@id":"https:\/\/infoelnuevonorte.com\/?p=80936#breadcrumb"},"inLanguage":"es-DO","potentialAction":[{"@type":"ReadAction","target":["https:\/\/infoelnuevonorte.com\/?p=80936"]}]},{"@type":"BreadcrumbList","@id":"https:\/\/infoelnuevonorte.com\/?p=80936#breadcrumb","itemListElement":[{"@type":"ListItem","position":1,"name":"Home","item":"https:\/\/infoelnuevonorte.com\/"},{"@type":"ListItem","position":2,"name":"Alejandro Sanz, Thal\u00eda y otros artistas reaccionan al fallecimiento de Paquita la del Barrio"}]},{"@type":"WebSite","@id":"https:\/\/infoelnuevonorte.com\/#website","url":"https:\/\/infoelnuevonorte.com\/","name":"InfoEnn","description":"Tu Voz, tu Verdad, tu Diario!!!","publisher":{"@id":"https:\/\/infoelnuevonorte.com\/#organization"},"alternateName":"El Nuevo Norte","potentialAction":[{"@type":"SearchAction","target":{"@type":"EntryPoint","urlTemplate":"https:\/\/infoelnuevonorte.com\/?s={search_term_string}"},"query-input":{"@type":"PropertyValueSpecification","valueRequired":true,"valueName":"search_term_string"}}],"inLanguage":"es-DO"},{"@type":"Organization","@id":"https:\/\/infoelnuevonorte.com\/#organization","name":"Info El Nuevo Norte","alternateName":"El Nuevo Norte","url":"https:\/\/infoelnuevonorte.com\/","logo":{"@type":"ImageObject","inLanguage":"es-DO","@id":"https:\/\/infoelnuevonorte.com\/#\/schema\/logo\/image\/","url":"https:\/\/infoelnuevonorte.com\/wp-content\/uploads\/2026\/02\/Logo-Info-enn-3d-20ani.jpeg","contentUrl":"https:\/\/infoelnuevonorte.com\/wp-content\/uploads\/2026\/02\/Logo-Info-enn-3d-20ani.jpeg","width":2046,"height":736,"caption":"Info El Nuevo Norte"},"image":{"@id":"https:\/\/infoelnuevonorte.com\/#\/schema\/logo\/image\/"},"sameAs":["https:\/\/www.facebook.com\/infoenn","https:\/\/x.com\/Elnuevo_norte","https:\/\/www.instagram.com\/infoenn","https:\/\/www.facebook.com\/ENNRD"]},{"@type":"Person","@id":"https:\/\/infoelnuevonorte.com\/#\/schema\/person\/fd4f6d90afe41260818b4ea94ad8ab84","name":"InfoEnn","image":{"@type":"ImageObject","inLanguage":"es-DO","@id":"https:\/\/infoelnuevonorte.com\/#\/schema\/person\/image\/","url":"https:\/\/secure.gravatar.com\/avatar\/d4d760a41a48ba9db0a82bfb63bb0783?s=96&d=robohash&r=g","contentUrl":"https:\/\/secure.gravatar.com\/avatar\/d4d760a41a48ba9db0a82bfb63bb0783?s=96&d=robohash&r=g","caption":"InfoEnn"},"sameAs":["https:\/\/infoelnuevonorte.com"],"url":"https:\/\/infoelnuevonorte.com\/?author=1"}]}},"_links":{"self":[{"href":"https:\/\/infoelnuevonorte.com\/index.php?rest_route=\/wp\/v2\/posts\/80936"}],"collection":[{"href":"https:\/\/infoelnuevonorte.com\/index.php?rest_route=\/wp\/v2\/posts"}],"about":[{"href":"https:\/\/infoelnuevonorte.com\/index.php?rest_route=\/wp\/v2\/types\/post"}],"author":[{"embeddable":true,"href":"https:\/\/infoelnuevonorte.com\/index.php?rest_route=\/wp\/v2\/users\/1"}],"replies":[{"embeddable":true,"href":"https:\/\/infoelnuevonorte.com\/index.php?rest_route=%2Fwp%2Fv2%2Fcomments&post=80936"}],"version-history":[{"count":1,"href":"https:\/\/infoelnuevonorte.com\/index.php?rest_route=\/wp\/v2\/posts\/80936\/revisions"}],"predecessor-version":[{"id":80939,"href":"https:\/\/infoelnuevonorte.com\/index.php?rest_route=\/wp\/v2\/posts\/80936\/revisions\/80939"}],"wp:attachment":[{"href":"https:\/\/infoelnuevonorte.com\/index.php?rest_route=%2Fwp%2Fv2%2Fmedia&parent=80936"}],"wp:term":[{"taxonomy":"category","embeddable":true,"href":"https:\/\/infoelnuevonorte.com\/index.php?rest_route=%2Fwp%2Fv2%2Fcategories&post=80936"},{"taxonomy":"post_tag","embeddable":true,"href":"https:\/\/infoelnuevonorte.com\/index.php?rest_route=%2Fwp%2Fv2%2Ftags&post=80936"}],"curies":[{"name":"wp","href":"https:\/\/api.w.org\/{rel}","templated":true}]}}