{"id":81502,"date":"2025-02-19T19:24:42","date_gmt":"2025-02-19T23:24:42","guid":{"rendered":"https:\/\/infoelnuevonorte.com\/?p=81502"},"modified":"2025-02-19T19:24:43","modified_gmt":"2025-02-19T23:24:43","slug":"tribunal-condena-a-30-anos-de-reclusion-a-hombre-por-matar-a-adolescente-en-los-alcarrizos","status":"publish","type":"post","link":"https:\/\/infoelnuevonorte.com\/?p=81502","title":{"rendered":"Tribunal condena a 30 a\u00f1os de reclusi\u00f3n a hombre por matar a adolescente en Los Alcarrizos"},"content":{"rendered":"\n<p><a href=\"https:\/\/deultimominuto.net\/nacionales\/\"><\/a><\/p>\n\n\n<div class=\"td_block_wrap tdb_single_content tdi_223 td-pb-border-top td_block_template_1 td-post-content tagdiv-type\" data-td-block-uid=\"tdi_223\">\n<div class=\"tdb-block-inner td-fix-index\">\n<!--[if lt IE 9]><script>document.createElement('audio');<\/script><![endif]-->\n<audio class=\"wp-audio-shortcode\" id=\"audio-81502-1\" preload=\"none\" style=\"width: 100%;\" controls=\"controls\"><source type=\"audio\/mpeg\" src=\"https:\/\/infoelnuevonorte.com\/wp-content\/uploads\/2025\/02\/ttsmaker-vip-file-2025-2-19-19-23-54.mp3?_=1\" \/><a href=\"https:\/\/infoelnuevonorte.com\/wp-content\/uploads\/2025\/02\/ttsmaker-vip-file-2025-2-19-19-23-54.mp3\">https:\/\/infoelnuevonorte.com\/wp-content\/uploads\/2025\/02\/ttsmaker-vip-file-2025-2-19-19-23-54.mp3<\/a><\/audio>\n<p style=\"text-align: justify;\"><strong>Santo Domingo<\/strong>.- El<strong>\u00a0Tercer Tribunal Colegiado\u00a0<\/strong>de la provincia de Santo Domingo impuso este mi\u00e9rcoles a un hombre 30 a\u00f1os de reclusi\u00f3n por la muerte a machetazos de un adolescente en el municipio de\u00a0<strong>Los Alcarrizos<\/strong>, el 9 de junio de 2023, inform\u00f3 el Ministerio P\u00fablico.<\/p>\n<p style=\"text-align: justify;\">La Fiscal\u00eda de Santo Domingo Oeste precis\u00f3 que el sentenciado a la pena m\u00e1xima es\u00a0<strong>Francis Castillo Jean<\/strong>, quien junto a otros procesados propin\u00f3 varios machetazos en la cabeza, los brazos y las piernas al adolescente Carlos Feliz Fern\u00e1ndez, quien falleci\u00f3 tres d\u00edas despu\u00e9s en un centro de salud.<\/p>\n<p style=\"text-align: justify;\">El expediente, instrumentado por la fiscal Yessica Dur\u00e1n, detalla que los hechos ocurrieron aproximadamente a las 9:00 de la noche, cuando el adolescente se encontraba compartiendo con unos amigos cerca del punto conocido como Puente Blanco, en Los Alcarrizos, momento en el que fueron sorprendidos por los procesados, quienes la emprendieron a machetazos a la v\u00edctima para quitarle sus pertenencias.<\/p>\n<p style=\"text-align: justify;\">El documento judicial establece que la v\u00edctima intent\u00f3 salir corriendo como lo hicieron sus amigos, quienes inmediatamente al percatarse de que el procesado y sus acompa\u00f1antes estaban armados con machetes afilados huyeron del referido lugar.<\/p>\n<p style=\"text-align: justify;\">La Fiscal\u00eda se\u00f1al\u00f3 que por este mismo hecho han sido sometidas varias personas a la acci\u00f3n de la justicia, contra quienes, en los pr\u00f3ximos d\u00edas, el Ministerio P\u00fablico solicitar\u00e1 apertura a juicio.<\/p>\n<p style=\"text-align: justify;\">El condenado deber\u00e1 continuar cumpliendo prisi\u00f3n en el Centro de Privaci\u00f3n de Libertad La Victoria, ubicado en Santo Domingo Norte.<\/p>\n<\/div>\n<\/div>\n<div class=\"td_block_wrap tdb_single_tags tdi_224 td-pb-border-top td_block_template_1\" style=\"text-align: justify;\" data-td-block-uid=\"tdi_224\">\u00a0<\/div>","protected":false},"excerpt":{"rendered":"<p>Santo Domingo.- El\u00a0Tercer Tribunal Colegiado\u00a0de la provincia de Santo Domingo impuso este mi\u00e9rcoles a un hombre 30 a\u00f1os de reclusi\u00f3n por la muerte a machetazos de un adolescente en el municipio de\u00a0Los Alcarrizos, el 9 de junio de 2023, inform\u00f3 el Ministerio P\u00fablico. La Fiscal\u00eda de Santo Domingo Oeste precis\u00f3 que el sentenciado a la [&hellip;]<\/p>\n","protected":false},"author":2,"featured_media":0,"comment_status":"closed","ping_status":"open","sticky":false,"template":"","format":"standard","meta":{"footnotes":""},"categories":[8],"tags":[],"yoast_head":"<!-- This site is optimized with the Yoast SEO plugin v24.5 - https:\/\/yoast.com\/wordpress\/plugins\/seo\/ -->\n<title>Tribunal condena a 30 a\u00f1os de reclusi\u00f3n a hombre por matar a adolescente en Los Alcarrizos | El Nuevo Norte<\/title>\n<meta name=\"robots\" content=\"index, follow, max-snippet:-1, max-image-preview:large, max-video-preview:-1\" \/>\n<link rel=\"canonical\" href=\"https:\/\/infoelnuevonorte.com\/?p=81502\" \/>\n<meta property=\"og:locale\" content=\"es_ES\" \/>\n<meta property=\"og:type\" content=\"article\" \/>\n<meta property=\"og:title\" content=\"Tribunal condena a 30 a\u00f1os de reclusi\u00f3n a hombre por matar a adolescente en Los Alcarrizos | El Nuevo Norte\" \/>\n<meta property=\"og:description\" content=\"Santo Domingo.- El\u00a0Tercer Tribunal Colegiado\u00a0de la provincia de Santo Domingo impuso este mi\u00e9rcoles a un hombre 30 a\u00f1os de reclusi\u00f3n por la muerte a machetazos de un adolescente en el municipio de\u00a0Los Alcarrizos, el 9 de junio de 2023, inform\u00f3 el Ministerio P\u00fablico. La Fiscal\u00eda de Santo Domingo Oeste precis\u00f3 que el sentenciado a la [&hellip;]\" \/>\n<meta property=\"og:url\" content=\"https:\/\/infoelnuevonorte.com\/?p=81502\" \/>\n<meta property=\"og:site_name\" content=\"El Nuevo Norte\" \/>\n<meta property=\"article:publisher\" content=\"https:\/\/www.facebook.com\/infoenn\" \/>\n<meta property=\"article:published_time\" content=\"2025-02-19T23:24:42+00:00\" \/>\n<meta property=\"article:modified_time\" content=\"2025-02-19T23:24:43+00:00\" \/>\n<meta property=\"og:image\" content=\"https:\/\/infoelnuevonorte.com\/wp-content\/uploads\/2025\/02\/descarga-2025-02-19T192255.265.png\" \/>\n\t<meta property=\"og:image:width\" content=\"296\" \/>\n\t<meta property=\"og:image:height\" content=\"170\" \/>\n\t<meta property=\"og:image:type\" content=\"image\/png\" \/>\n<meta name=\"author\" content=\"T. R.\" \/>\n<meta name=\"twitter:card\" content=\"summary_large_image\" \/>\n<meta name=\"twitter:creator\" content=\"@Elnuevo_norte\" \/>\n<meta name=\"twitter:site\" content=\"@Elnuevo_norte\" \/>\n<meta name=\"twitter:label1\" content=\"Written by\" \/>\n\t<meta name=\"twitter:data1\" content=\"T. R.\" \/>\n\t<meta name=\"twitter:label2\" content=\"Est. reading time\" \/>\n\t<meta name=\"twitter:data2\" content=\"2 minutos\" \/>\n<script type=\"application\/ld+json\" class=\"yoast-schema-graph\">{\"@context\":\"https:\/\/schema.org\",\"@graph\":[{\"@type\":\"Article\",\"@id\":\"https:\/\/infoelnuevonorte.com\/?p=81502#article\",\"isPartOf\":{\"@id\":\"https:\/\/infoelnuevonorte.com\/?p=81502\"},\"author\":{\"name\":\"T. R.\",\"@id\":\"https:\/\/infoelnuevonorte.com\/#\/schema\/person\/3accb35eb55f55e96c492b52d085a403\"},\"headline\":\"Tribunal condena a 30 a\u00f1os de reclusi\u00f3n a hombre por matar a adolescente en Los Alcarrizos\",\"datePublished\":\"2025-02-19T23:24:42+00:00\",\"dateModified\":\"2025-02-19T23:24:43+00:00\",\"mainEntityOfPage\":{\"@id\":\"https:\/\/infoelnuevonorte.com\/?p=81502\"},\"wordCount\":292,\"publisher\":{\"@id\":\"https:\/\/infoelnuevonorte.com\/#organization\"},\"articleSection\":[\"Nacionales\"],\"inLanguage\":\"es-DO\"},{\"@type\":\"WebPage\",\"@id\":\"https:\/\/infoelnuevonorte.com\/?p=81502\",\"url\":\"https:\/\/infoelnuevonorte.com\/?p=81502\",\"name\":\"Tribunal condena a 30 a\u00f1os de reclusi\u00f3n a hombre por matar a adolescente en Los Alcarrizos | El Nuevo Norte\",\"isPartOf\":{\"@id\":\"https:\/\/infoelnuevonorte.com\/#website\"},\"datePublished\":\"2025-02-19T23:24:42+00:00\",\"dateModified\":\"2025-02-19T23:24:43+00:00\",\"breadcrumb\":{\"@id\":\"https:\/\/infoelnuevonorte.com\/?p=81502#breadcrumb\"},\"inLanguage\":\"es-DO\",\"potentialAction\":[{\"@type\":\"ReadAction\",\"target\":[\"https:\/\/infoelnuevonorte.com\/?p=81502\"]}]},{\"@type\":\"BreadcrumbList\",\"@id\":\"https:\/\/infoelnuevonorte.com\/?p=81502#breadcrumb\",\"itemListElement\":[{\"@type\":\"ListItem\",\"position\":1,\"name\":\"Home\",\"item\":\"https:\/\/infoelnuevonorte.com\/\"},{\"@type\":\"ListItem\",\"position\":2,\"name\":\"Tribunal condena a 30 a\u00f1os de reclusi\u00f3n a hombre por matar a adolescente en Los Alcarrizos\"}]},{\"@type\":\"WebSite\",\"@id\":\"https:\/\/infoelnuevonorte.com\/#website\",\"url\":\"https:\/\/infoelnuevonorte.com\/\",\"name\":\"InfoEnn\",\"description\":\"Tu Voz, tu Verdad, tu Diario!!!\",\"publisher\":{\"@id\":\"https:\/\/infoelnuevonorte.com\/#organization\"},\"alternateName\":\"El Nuevo Norte\",\"potentialAction\":[{\"@type\":\"SearchAction\",\"target\":{\"@type\":\"EntryPoint\",\"urlTemplate\":\"https:\/\/infoelnuevonorte.com\/?s={search_term_string}\"},\"query-input\":{\"@type\":\"PropertyValueSpecification\",\"valueRequired\":true,\"valueName\":\"search_term_string\"}}],\"inLanguage\":\"es-DO\"},{\"@type\":\"Organization\",\"@id\":\"https:\/\/infoelnuevonorte.com\/#organization\",\"name\":\"Info El Nuevo Norte\",\"alternateName\":\"El Nuevo Norte\",\"url\":\"https:\/\/infoelnuevonorte.com\/\",\"logo\":{\"@type\":\"ImageObject\",\"inLanguage\":\"es-DO\",\"@id\":\"https:\/\/infoelnuevonorte.com\/#\/schema\/logo\/image\/\",\"url\":\"https:\/\/infoelnuevonorte.com\/wp-content\/uploads\/2026\/02\/Logo-Info-enn-3d-20ani.jpeg\",\"contentUrl\":\"https:\/\/infoelnuevonorte.com\/wp-content\/uploads\/2026\/02\/Logo-Info-enn-3d-20ani.jpeg\",\"width\":2046,\"height\":736,\"caption\":\"Info El Nuevo Norte\"},\"image\":{\"@id\":\"https:\/\/infoelnuevonorte.com\/#\/schema\/logo\/image\/\"},\"sameAs\":[\"https:\/\/www.facebook.com\/infoenn\",\"https:\/\/x.com\/Elnuevo_norte\",\"https:\/\/www.instagram.com\/infoenn\",\"https:\/\/www.facebook.com\/ENNRD\"]},{\"@type\":\"Person\",\"@id\":\"https:\/\/infoelnuevonorte.com\/#\/schema\/person\/3accb35eb55f55e96c492b52d085a403\",\"name\":\"T. R.\",\"image\":{\"@type\":\"ImageObject\",\"inLanguage\":\"es-DO\",\"@id\":\"https:\/\/infoelnuevonorte.com\/#\/schema\/person\/image\/\",\"url\":\"https:\/\/secure.gravatar.com\/avatar\/40543a038bda97abdb765b1662e9677d?s=96&d=robohash&r=g\",\"contentUrl\":\"https:\/\/secure.gravatar.com\/avatar\/40543a038bda97abdb765b1662e9677d?s=96&d=robohash&r=g\",\"caption\":\"T. R.\"},\"url\":\"https:\/\/infoelnuevonorte.com\/?author=2\"}]}<\/script>\n<!-- \/ Yoast SEO plugin. -->","yoast_head_json":{"title":"Tribunal condena a 30 a\u00f1os de reclusi\u00f3n a hombre por matar a adolescente en Los Alcarrizos | El Nuevo Norte","robots":{"index":"index","follow":"follow","max-snippet":"max-snippet:-1","max-image-preview":"max-image-preview:large","max-video-preview":"max-video-preview:-1"},"canonical":"https:\/\/infoelnuevonorte.com\/?p=81502","og_locale":"es_ES","og_type":"article","og_title":"Tribunal condena a 30 a\u00f1os de reclusi\u00f3n a hombre por matar a adolescente en Los Alcarrizos | El Nuevo Norte","og_description":"Santo Domingo.- El\u00a0Tercer Tribunal Colegiado\u00a0de la provincia de Santo Domingo impuso este mi\u00e9rcoles a un hombre 30 a\u00f1os de reclusi\u00f3n por la muerte a machetazos de un adolescente en el municipio de\u00a0Los Alcarrizos, el 9 de junio de 2023, inform\u00f3 el Ministerio P\u00fablico. La Fiscal\u00eda de Santo Domingo Oeste precis\u00f3 que el sentenciado a la [&hellip;]","og_url":"https:\/\/infoelnuevonorte.com\/?p=81502","og_site_name":"El Nuevo Norte","article_publisher":"https:\/\/www.facebook.com\/infoenn","article_published_time":"2025-02-19T23:24:42+00:00","article_modified_time":"2025-02-19T23:24:43+00:00","og_image":[{"width":296,"height":170,"url":"https:\/\/infoelnuevonorte.com\/wp-content\/uploads\/2025\/02\/descarga-2025-02-19T192255.265.png","type":"image\/png"}],"author":"T. R.","twitter_card":"summary_large_image","twitter_creator":"@Elnuevo_norte","twitter_site":"@Elnuevo_norte","twitter_misc":{"Written by":"T. R.","Est. reading time":"2 minutos"},"schema":{"@context":"https:\/\/schema.org","@graph":[{"@type":"Article","@id":"https:\/\/infoelnuevonorte.com\/?p=81502#article","isPartOf":{"@id":"https:\/\/infoelnuevonorte.com\/?p=81502"},"author":{"name":"T. R.","@id":"https:\/\/infoelnuevonorte.com\/#\/schema\/person\/3accb35eb55f55e96c492b52d085a403"},"headline":"Tribunal condena a 30 a\u00f1os de reclusi\u00f3n a hombre por matar a adolescente en Los Alcarrizos","datePublished":"2025-02-19T23:24:42+00:00","dateModified":"2025-02-19T23:24:43+00:00","mainEntityOfPage":{"@id":"https:\/\/infoelnuevonorte.com\/?p=81502"},"wordCount":292,"publisher":{"@id":"https:\/\/infoelnuevonorte.com\/#organization"},"articleSection":["Nacionales"],"inLanguage":"es-DO"},{"@type":"WebPage","@id":"https:\/\/infoelnuevonorte.com\/?p=81502","url":"https:\/\/infoelnuevonorte.com\/?p=81502","name":"Tribunal condena a 30 a\u00f1os de reclusi\u00f3n a hombre por matar a adolescente en Los Alcarrizos | El Nuevo Norte","isPartOf":{"@id":"https:\/\/infoelnuevonorte.com\/#website"},"datePublished":"2025-02-19T23:24:42+00:00","dateModified":"2025-02-19T23:24:43+00:00","breadcrumb":{"@id":"https:\/\/infoelnuevonorte.com\/?p=81502#breadcrumb"},"inLanguage":"es-DO","potentialAction":[{"@type":"ReadAction","target":["https:\/\/infoelnuevonorte.com\/?p=81502"]}]},{"@type":"BreadcrumbList","@id":"https:\/\/infoelnuevonorte.com\/?p=81502#breadcrumb","itemListElement":[{"@type":"ListItem","position":1,"name":"Home","item":"https:\/\/infoelnuevonorte.com\/"},{"@type":"ListItem","position":2,"name":"Tribunal condena a 30 a\u00f1os de reclusi\u00f3n a hombre por matar a adolescente en Los Alcarrizos"}]},{"@type":"WebSite","@id":"https:\/\/infoelnuevonorte.com\/#website","url":"https:\/\/infoelnuevonorte.com\/","name":"InfoEnn","description":"Tu Voz, tu Verdad, tu Diario!!!","publisher":{"@id":"https:\/\/infoelnuevonorte.com\/#organization"},"alternateName":"El Nuevo Norte","potentialAction":[{"@type":"SearchAction","target":{"@type":"EntryPoint","urlTemplate":"https:\/\/infoelnuevonorte.com\/?s={search_term_string}"},"query-input":{"@type":"PropertyValueSpecification","valueRequired":true,"valueName":"search_term_string"}}],"inLanguage":"es-DO"},{"@type":"Organization","@id":"https:\/\/infoelnuevonorte.com\/#organization","name":"Info El Nuevo Norte","alternateName":"El Nuevo Norte","url":"https:\/\/infoelnuevonorte.com\/","logo":{"@type":"ImageObject","inLanguage":"es-DO","@id":"https:\/\/infoelnuevonorte.com\/#\/schema\/logo\/image\/","url":"https:\/\/infoelnuevonorte.com\/wp-content\/uploads\/2026\/02\/Logo-Info-enn-3d-20ani.jpeg","contentUrl":"https:\/\/infoelnuevonorte.com\/wp-content\/uploads\/2026\/02\/Logo-Info-enn-3d-20ani.jpeg","width":2046,"height":736,"caption":"Info El Nuevo Norte"},"image":{"@id":"https:\/\/infoelnuevonorte.com\/#\/schema\/logo\/image\/"},"sameAs":["https:\/\/www.facebook.com\/infoenn","https:\/\/x.com\/Elnuevo_norte","https:\/\/www.instagram.com\/infoenn","https:\/\/www.facebook.com\/ENNRD"]},{"@type":"Person","@id":"https:\/\/infoelnuevonorte.com\/#\/schema\/person\/3accb35eb55f55e96c492b52d085a403","name":"T. R.","image":{"@type":"ImageObject","inLanguage":"es-DO","@id":"https:\/\/infoelnuevonorte.com\/#\/schema\/person\/image\/","url":"https:\/\/secure.gravatar.com\/avatar\/40543a038bda97abdb765b1662e9677d?s=96&d=robohash&r=g","contentUrl":"https:\/\/secure.gravatar.com\/avatar\/40543a038bda97abdb765b1662e9677d?s=96&d=robohash&r=g","caption":"T. R."},"url":"https:\/\/infoelnuevonorte.com\/?author=2"}]}},"_links":{"self":[{"href":"https:\/\/infoelnuevonorte.com\/index.php?rest_route=\/wp\/v2\/posts\/81502"}],"collection":[{"href":"https:\/\/infoelnuevonorte.com\/index.php?rest_route=\/wp\/v2\/posts"}],"about":[{"href":"https:\/\/infoelnuevonorte.com\/index.php?rest_route=\/wp\/v2\/types\/post"}],"author":[{"embeddable":true,"href":"https:\/\/infoelnuevonorte.com\/index.php?rest_route=\/wp\/v2\/users\/2"}],"replies":[{"embeddable":true,"href":"https:\/\/infoelnuevonorte.com\/index.php?rest_route=%2Fwp%2Fv2%2Fcomments&post=81502"}],"version-history":[{"count":1,"href":"https:\/\/infoelnuevonorte.com\/index.php?rest_route=\/wp\/v2\/posts\/81502\/revisions"}],"predecessor-version":[{"id":81505,"href":"https:\/\/infoelnuevonorte.com\/index.php?rest_route=\/wp\/v2\/posts\/81502\/revisions\/81505"}],"wp:attachment":[{"href":"https:\/\/infoelnuevonorte.com\/index.php?rest_route=%2Fwp%2Fv2%2Fmedia&parent=81502"}],"wp:term":[{"taxonomy":"category","embeddable":true,"href":"https:\/\/infoelnuevonorte.com\/index.php?rest_route=%2Fwp%2Fv2%2Fcategories&post=81502"},{"taxonomy":"post_tag","embeddable":true,"href":"https:\/\/infoelnuevonorte.com\/index.php?rest_route=%2Fwp%2Fv2%2Ftags&post=81502"}],"curies":[{"name":"wp","href":"https:\/\/api.w.org\/{rel}","templated":true}]}}