{"id":82424,"date":"2025-02-23T22:07:51","date_gmt":"2025-02-24T02:07:51","guid":{"rendered":"https:\/\/infoelnuevonorte.com\/?p=82424"},"modified":"2025-02-23T22:20:23","modified_gmt":"2025-02-24T02:20:23","slug":"tragedia-en-palo-amarillo-dos-muertos-y-un-herido-tras-accidente-de-jeepeta","status":"publish","type":"post","link":"https:\/\/infoelnuevonorte.com\/?p=82424","title":{"rendered":"VIDEO | Tragedia en Palo Amarillo: Dos muertos y un herido tras accidente de jeepeta"},"content":{"rendered":"<!--[if lt IE 9]><script>document.createElement('audio');<\/script><![endif]-->\n<audio class=\"wp-audio-shortcode\" id=\"audio-82424-1\" preload=\"none\" style=\"width: 100%;\" controls=\"controls\"><source type=\"audio\/mpeg\" src=\"https:\/\/infoelnuevonorte.com\/wp-content\/uploads\/2025\/02\/ttsmaker-vip-file-2025-2-23-21-45-1.mp3?_=1\" \/><a href=\"https:\/\/infoelnuevonorte.com\/wp-content\/uploads\/2025\/02\/ttsmaker-vip-file-2025-2-23-21-45-1.mp3\">https:\/\/infoelnuevonorte.com\/wp-content\/uploads\/2025\/02\/ttsmaker-vip-file-2025-2-23-21-45-1.mp3<\/a><\/audio>\n<p class=\"mb-2 last:mb-0\" style=\"text-align: justify;\"><strong>Palo Amarillo, Sabaneta de Yasica<\/strong> &#8211; Un tr\u00e1gico accidente ocurrido en la tarde de hoy domingo dej\u00f3 un saldo de dos personas fallecidas y una herida tras ser impactadas por el conductor de una jeepeta. El incidente fue captado en un video que muestra c\u00f3mo el veh\u00edculo sale de su carril y arrolla a un motorista en marcha, a un hombre que se encontraba parado en la acera y a una mujer que estaba montada en una pasola.<\/p>\n<p class=\"mb-2 last:mb-0\" style=\"text-align: justify;\">Una de las v\u00edctimas mortales fue identificado como \"El Cojo\", oriundo de Moca pero residente en Veragua. La identidad del segundo fallecido a\u00fan no ha sido confirmada. Por otro lado, la mujer que conduc\u00eda la pasola, aunque herida, se encuentra con vida, pero no se han proporcionado m\u00e1s detalles sobre su estado.<\/p>\n<p class=\"mb-2 last:mb-0\" style=\"text-align: justify;\">La conductora de la jeepeta ha sido identificada como Milagros Balbuena Santana. Las autoridades est\u00e1n investigando las circunstancias del accidente y se espera que se brinden m\u00e1s detalles en las pr\u00f3ximas horas.<\/p>\n<p><a href=\"https:\/\/youtube.com\/shorts\/0Q7Y1d2nB6Q?feature=share\">CLIC PARA VER VIDEO<\/a> Noticia en desarrollo&#8230;.<\/p>\n","protected":false},"excerpt":{"rendered":"<p>Palo Amarillo, Sabaneta de Yasica &#8211; Un tr\u00e1gico accidente ocurrido en la tarde de hoy domingo dej\u00f3 un saldo de dos personas fallecidas y una herida tras ser impactadas por el conductor de una jeepeta. El incidente fue captado en un video que muestra c\u00f3mo el veh\u00edculo sale de su carril y arrolla a un [&hellip;]<\/p>\n","protected":false},"author":1,"featured_media":0,"comment_status":"closed","ping_status":"open","sticky":false,"template":"","format":"standard","meta":{"footnotes":""},"categories":[5,18],"tags":[],"yoast_head":"<!-- This site is optimized with the Yoast SEO plugin v24.5 - https:\/\/yoast.com\/wordpress\/plugins\/seo\/ -->\n<title>VIDEO | Tragedia en Palo Amarillo: Dos muertos y un herido tras accidente de jeepeta | El Nuevo Norte<\/title>\n<meta name=\"robots\" content=\"index, follow, max-snippet:-1, max-image-preview:large, max-video-preview:-1\" \/>\n<link rel=\"canonical\" href=\"https:\/\/infoelnuevonorte.com\/?p=82424\" \/>\n<meta property=\"og:locale\" content=\"es_ES\" \/>\n<meta property=\"og:type\" content=\"article\" \/>\n<meta property=\"og:title\" content=\"VIDEO | Tragedia en Palo Amarillo: Dos muertos y un herido tras accidente de jeepeta | El Nuevo Norte\" \/>\n<meta property=\"og:description\" content=\"Palo Amarillo, Sabaneta de Yasica &#8211; Un tr\u00e1gico accidente ocurrido en la tarde de hoy domingo dej\u00f3 un saldo de dos personas fallecidas y una herida tras ser impactadas por el conductor de una jeepeta. El incidente fue captado en un video que muestra c\u00f3mo el veh\u00edculo sale de su carril y arrolla a un [&hellip;]\" \/>\n<meta property=\"og:url\" content=\"https:\/\/infoelnuevonorte.com\/?p=82424\" \/>\n<meta property=\"og:site_name\" content=\"El Nuevo Norte\" \/>\n<meta property=\"article:publisher\" content=\"https:\/\/www.facebook.com\/infoenn\" \/>\n<meta property=\"article:published_time\" content=\"2025-02-24T02:07:51+00:00\" \/>\n<meta property=\"article:modified_time\" content=\"2025-02-24T02:20:23+00:00\" \/>\n<meta property=\"og:image\" content=\"https:\/\/infoelnuevonorte.com\/wp-content\/uploads\/2025\/02\/Captura-de-pantalla-2025-02-23-a-las-10.07.03-p.-m.png\" \/>\n\t<meta property=\"og:image:width\" content=\"681\" \/>\n\t<meta property=\"og:image:height\" content=\"615\" \/>\n\t<meta property=\"og:image:type\" content=\"image\/png\" \/>\n<meta name=\"author\" content=\"InfoEnn\" \/>\n<meta name=\"twitter:card\" content=\"summary_large_image\" \/>\n<meta name=\"twitter:creator\" content=\"@Elnuevo_norte\" \/>\n<meta name=\"twitter:site\" content=\"@Elnuevo_norte\" \/>\n<meta name=\"twitter:label1\" content=\"Written by\" \/>\n\t<meta name=\"twitter:data1\" content=\"InfoEnn\" \/>\n\t<meta name=\"twitter:label2\" content=\"Est. reading time\" \/>\n\t<meta name=\"twitter:data2\" content=\"1 minuto\" \/>\n<script type=\"application\/ld+json\" class=\"yoast-schema-graph\">{\"@context\":\"https:\/\/schema.org\",\"@graph\":[{\"@type\":\"Article\",\"@id\":\"https:\/\/infoelnuevonorte.com\/?p=82424#article\",\"isPartOf\":{\"@id\":\"https:\/\/infoelnuevonorte.com\/?p=82424\"},\"author\":{\"name\":\"InfoEnn\",\"@id\":\"https:\/\/infoelnuevonorte.com\/#\/schema\/person\/fd4f6d90afe41260818b4ea94ad8ab84\"},\"headline\":\"VIDEO | Tragedia en Palo Amarillo: Dos muertos y un herido tras accidente de jeepeta\",\"datePublished\":\"2025-02-24T02:07:51+00:00\",\"dateModified\":\"2025-02-24T02:20:23+00:00\",\"mainEntityOfPage\":{\"@id\":\"https:\/\/infoelnuevonorte.com\/?p=82424\"},\"wordCount\":208,\"publisher\":{\"@id\":\"https:\/\/infoelnuevonorte.com\/#organization\"},\"articleSection\":[\"Del Norte\",\"Video\"],\"inLanguage\":\"es-DO\"},{\"@type\":\"WebPage\",\"@id\":\"https:\/\/infoelnuevonorte.com\/?p=82424\",\"url\":\"https:\/\/infoelnuevonorte.com\/?p=82424\",\"name\":\"VIDEO | Tragedia en Palo Amarillo: Dos muertos y un herido tras accidente de jeepeta | El Nuevo Norte\",\"isPartOf\":{\"@id\":\"https:\/\/infoelnuevonorte.com\/#website\"},\"datePublished\":\"2025-02-24T02:07:51+00:00\",\"dateModified\":\"2025-02-24T02:20:23+00:00\",\"breadcrumb\":{\"@id\":\"https:\/\/infoelnuevonorte.com\/?p=82424#breadcrumb\"},\"inLanguage\":\"es-DO\",\"potentialAction\":[{\"@type\":\"ReadAction\",\"target\":[\"https:\/\/infoelnuevonorte.com\/?p=82424\"]}]},{\"@type\":\"BreadcrumbList\",\"@id\":\"https:\/\/infoelnuevonorte.com\/?p=82424#breadcrumb\",\"itemListElement\":[{\"@type\":\"ListItem\",\"position\":1,\"name\":\"Home\",\"item\":\"https:\/\/infoelnuevonorte.com\/\"},{\"@type\":\"ListItem\",\"position\":2,\"name\":\"VIDEO | Tragedia en Palo Amarillo: Dos muertos y un herido tras accidente de jeepeta\"}]},{\"@type\":\"WebSite\",\"@id\":\"https:\/\/infoelnuevonorte.com\/#website\",\"url\":\"https:\/\/infoelnuevonorte.com\/\",\"name\":\"InfoEnn\",\"description\":\"Tu Voz, tu Verdad, tu Diario!!!\",\"publisher\":{\"@id\":\"https:\/\/infoelnuevonorte.com\/#organization\"},\"alternateName\":\"El Nuevo Norte\",\"potentialAction\":[{\"@type\":\"SearchAction\",\"target\":{\"@type\":\"EntryPoint\",\"urlTemplate\":\"https:\/\/infoelnuevonorte.com\/?s={search_term_string}\"},\"query-input\":{\"@type\":\"PropertyValueSpecification\",\"valueRequired\":true,\"valueName\":\"search_term_string\"}}],\"inLanguage\":\"es-DO\"},{\"@type\":\"Organization\",\"@id\":\"https:\/\/infoelnuevonorte.com\/#organization\",\"name\":\"Info El Nuevo Norte\",\"alternateName\":\"El Nuevo Norte\",\"url\":\"https:\/\/infoelnuevonorte.com\/\",\"logo\":{\"@type\":\"ImageObject\",\"inLanguage\":\"es-DO\",\"@id\":\"https:\/\/infoelnuevonorte.com\/#\/schema\/logo\/image\/\",\"url\":\"https:\/\/infoelnuevonorte.com\/wp-content\/uploads\/2026\/02\/Logo-Info-enn-3d-20ani.jpeg\",\"contentUrl\":\"https:\/\/infoelnuevonorte.com\/wp-content\/uploads\/2026\/02\/Logo-Info-enn-3d-20ani.jpeg\",\"width\":2046,\"height\":736,\"caption\":\"Info El Nuevo Norte\"},\"image\":{\"@id\":\"https:\/\/infoelnuevonorte.com\/#\/schema\/logo\/image\/\"},\"sameAs\":[\"https:\/\/www.facebook.com\/infoenn\",\"https:\/\/x.com\/Elnuevo_norte\",\"https:\/\/www.instagram.com\/infoenn\",\"https:\/\/www.facebook.com\/ENNRD\"]},{\"@type\":\"Person\",\"@id\":\"https:\/\/infoelnuevonorte.com\/#\/schema\/person\/fd4f6d90afe41260818b4ea94ad8ab84\",\"name\":\"InfoEnn\",\"image\":{\"@type\":\"ImageObject\",\"inLanguage\":\"es-DO\",\"@id\":\"https:\/\/infoelnuevonorte.com\/#\/schema\/person\/image\/\",\"url\":\"https:\/\/secure.gravatar.com\/avatar\/d4d760a41a48ba9db0a82bfb63bb0783?s=96&d=robohash&r=g\",\"contentUrl\":\"https:\/\/secure.gravatar.com\/avatar\/d4d760a41a48ba9db0a82bfb63bb0783?s=96&d=robohash&r=g\",\"caption\":\"InfoEnn\"},\"sameAs\":[\"https:\/\/infoelnuevonorte.com\"],\"url\":\"https:\/\/infoelnuevonorte.com\/?author=1\"}]}<\/script>\n<!-- \/ Yoast SEO plugin. -->","yoast_head_json":{"title":"VIDEO | Tragedia en Palo Amarillo: Dos muertos y un herido tras accidente de jeepeta | El Nuevo Norte","robots":{"index":"index","follow":"follow","max-snippet":"max-snippet:-1","max-image-preview":"max-image-preview:large","max-video-preview":"max-video-preview:-1"},"canonical":"https:\/\/infoelnuevonorte.com\/?p=82424","og_locale":"es_ES","og_type":"article","og_title":"VIDEO | Tragedia en Palo Amarillo: Dos muertos y un herido tras accidente de jeepeta | El Nuevo Norte","og_description":"Palo Amarillo, Sabaneta de Yasica &#8211; Un tr\u00e1gico accidente ocurrido en la tarde de hoy domingo dej\u00f3 un saldo de dos personas fallecidas y una herida tras ser impactadas por el conductor de una jeepeta. El incidente fue captado en un video que muestra c\u00f3mo el veh\u00edculo sale de su carril y arrolla a un [&hellip;]","og_url":"https:\/\/infoelnuevonorte.com\/?p=82424","og_site_name":"El Nuevo Norte","article_publisher":"https:\/\/www.facebook.com\/infoenn","article_published_time":"2025-02-24T02:07:51+00:00","article_modified_time":"2025-02-24T02:20:23+00:00","og_image":[{"width":681,"height":615,"url":"https:\/\/infoelnuevonorte.com\/wp-content\/uploads\/2025\/02\/Captura-de-pantalla-2025-02-23-a-las-10.07.03-p.-m.png","type":"image\/png"}],"author":"InfoEnn","twitter_card":"summary_large_image","twitter_creator":"@Elnuevo_norte","twitter_site":"@Elnuevo_norte","twitter_misc":{"Written by":"InfoEnn","Est. reading time":"1 minuto"},"schema":{"@context":"https:\/\/schema.org","@graph":[{"@type":"Article","@id":"https:\/\/infoelnuevonorte.com\/?p=82424#article","isPartOf":{"@id":"https:\/\/infoelnuevonorte.com\/?p=82424"},"author":{"name":"InfoEnn","@id":"https:\/\/infoelnuevonorte.com\/#\/schema\/person\/fd4f6d90afe41260818b4ea94ad8ab84"},"headline":"VIDEO | Tragedia en Palo Amarillo: Dos muertos y un herido tras accidente de jeepeta","datePublished":"2025-02-24T02:07:51+00:00","dateModified":"2025-02-24T02:20:23+00:00","mainEntityOfPage":{"@id":"https:\/\/infoelnuevonorte.com\/?p=82424"},"wordCount":208,"publisher":{"@id":"https:\/\/infoelnuevonorte.com\/#organization"},"articleSection":["Del Norte","Video"],"inLanguage":"es-DO"},{"@type":"WebPage","@id":"https:\/\/infoelnuevonorte.com\/?p=82424","url":"https:\/\/infoelnuevonorte.com\/?p=82424","name":"VIDEO | Tragedia en Palo Amarillo: Dos muertos y un herido tras accidente de jeepeta | El Nuevo Norte","isPartOf":{"@id":"https:\/\/infoelnuevonorte.com\/#website"},"datePublished":"2025-02-24T02:07:51+00:00","dateModified":"2025-02-24T02:20:23+00:00","breadcrumb":{"@id":"https:\/\/infoelnuevonorte.com\/?p=82424#breadcrumb"},"inLanguage":"es-DO","potentialAction":[{"@type":"ReadAction","target":["https:\/\/infoelnuevonorte.com\/?p=82424"]}]},{"@type":"BreadcrumbList","@id":"https:\/\/infoelnuevonorte.com\/?p=82424#breadcrumb","itemListElement":[{"@type":"ListItem","position":1,"name":"Home","item":"https:\/\/infoelnuevonorte.com\/"},{"@type":"ListItem","position":2,"name":"VIDEO | Tragedia en Palo Amarillo: Dos muertos y un herido tras accidente de jeepeta"}]},{"@type":"WebSite","@id":"https:\/\/infoelnuevonorte.com\/#website","url":"https:\/\/infoelnuevonorte.com\/","name":"InfoEnn","description":"Tu Voz, tu Verdad, tu Diario!!!","publisher":{"@id":"https:\/\/infoelnuevonorte.com\/#organization"},"alternateName":"El Nuevo Norte","potentialAction":[{"@type":"SearchAction","target":{"@type":"EntryPoint","urlTemplate":"https:\/\/infoelnuevonorte.com\/?s={search_term_string}"},"query-input":{"@type":"PropertyValueSpecification","valueRequired":true,"valueName":"search_term_string"}}],"inLanguage":"es-DO"},{"@type":"Organization","@id":"https:\/\/infoelnuevonorte.com\/#organization","name":"Info El Nuevo Norte","alternateName":"El Nuevo Norte","url":"https:\/\/infoelnuevonorte.com\/","logo":{"@type":"ImageObject","inLanguage":"es-DO","@id":"https:\/\/infoelnuevonorte.com\/#\/schema\/logo\/image\/","url":"https:\/\/infoelnuevonorte.com\/wp-content\/uploads\/2026\/02\/Logo-Info-enn-3d-20ani.jpeg","contentUrl":"https:\/\/infoelnuevonorte.com\/wp-content\/uploads\/2026\/02\/Logo-Info-enn-3d-20ani.jpeg","width":2046,"height":736,"caption":"Info El Nuevo Norte"},"image":{"@id":"https:\/\/infoelnuevonorte.com\/#\/schema\/logo\/image\/"},"sameAs":["https:\/\/www.facebook.com\/infoenn","https:\/\/x.com\/Elnuevo_norte","https:\/\/www.instagram.com\/infoenn","https:\/\/www.facebook.com\/ENNRD"]},{"@type":"Person","@id":"https:\/\/infoelnuevonorte.com\/#\/schema\/person\/fd4f6d90afe41260818b4ea94ad8ab84","name":"InfoEnn","image":{"@type":"ImageObject","inLanguage":"es-DO","@id":"https:\/\/infoelnuevonorte.com\/#\/schema\/person\/image\/","url":"https:\/\/secure.gravatar.com\/avatar\/d4d760a41a48ba9db0a82bfb63bb0783?s=96&d=robohash&r=g","contentUrl":"https:\/\/secure.gravatar.com\/avatar\/d4d760a41a48ba9db0a82bfb63bb0783?s=96&d=robohash&r=g","caption":"InfoEnn"},"sameAs":["https:\/\/infoelnuevonorte.com"],"url":"https:\/\/infoelnuevonorte.com\/?author=1"}]}},"_links":{"self":[{"href":"https:\/\/infoelnuevonorte.com\/index.php?rest_route=\/wp\/v2\/posts\/82424"}],"collection":[{"href":"https:\/\/infoelnuevonorte.com\/index.php?rest_route=\/wp\/v2\/posts"}],"about":[{"href":"https:\/\/infoelnuevonorte.com\/index.php?rest_route=\/wp\/v2\/types\/post"}],"author":[{"embeddable":true,"href":"https:\/\/infoelnuevonorte.com\/index.php?rest_route=\/wp\/v2\/users\/1"}],"replies":[{"embeddable":true,"href":"https:\/\/infoelnuevonorte.com\/index.php?rest_route=%2Fwp%2Fv2%2Fcomments&post=82424"}],"version-history":[{"count":2,"href":"https:\/\/infoelnuevonorte.com\/index.php?rest_route=\/wp\/v2\/posts\/82424\/revisions"}],"predecessor-version":[{"id":82429,"href":"https:\/\/infoelnuevonorte.com\/index.php?rest_route=\/wp\/v2\/posts\/82424\/revisions\/82429"}],"wp:attachment":[{"href":"https:\/\/infoelnuevonorte.com\/index.php?rest_route=%2Fwp%2Fv2%2Fmedia&parent=82424"}],"wp:term":[{"taxonomy":"category","embeddable":true,"href":"https:\/\/infoelnuevonorte.com\/index.php?rest_route=%2Fwp%2Fv2%2Fcategories&post=82424"},{"taxonomy":"post_tag","embeddable":true,"href":"https:\/\/infoelnuevonorte.com\/index.php?rest_route=%2Fwp%2Fv2%2Ftags&post=82424"}],"curies":[{"name":"wp","href":"https:\/\/api.w.org\/{rel}","templated":true}]}}