{"id":82605,"date":"2025-02-24T12:50:48","date_gmt":"2025-02-24T16:50:48","guid":{"rendered":"https:\/\/infoelnuevonorte.com\/?p=82605"},"modified":"2025-02-24T12:50:53","modified_gmt":"2025-02-24T16:50:53","slug":"baez-vence-a-muller-en-la-final-y-se-consagra-como-el-primer-bicampeon-del-abierto-de-rio","status":"publish","type":"post","link":"https:\/\/infoelnuevonorte.com\/?p=82605","title":{"rendered":"B\u00e1ez vence a Muller en la final y se consagra como el primer bicampe\u00f3n del Abierto de R\u00edo"},"content":{"rendered":"\n<p><a href=\"https:\/\/deultimominuto.net\/deportes\/\"><\/a><\/p>\n\n\n<div class=\"td_block_wrap tdb_single_content tdi_223 td-pb-border-top td_block_template_1 td-post-content tagdiv-type\" data-td-block-uid=\"tdi_223\">\n<div class=\"tdb-block-inner td-fix-index\">\n<!--[if lt IE 9]><script>document.createElement('audio');<\/script><![endif]-->\n<audio class=\"wp-audio-shortcode\" id=\"audio-82605-1\" preload=\"none\" style=\"width: 100%;\" controls=\"controls\"><source type=\"audio\/mpeg\" src=\"https:\/\/infoelnuevonorte.com\/wp-content\/uploads\/2025\/02\/ttsmaker-vip-file-2025-2-24-12-49-46.mp3?_=1\" \/><a href=\"https:\/\/infoelnuevonorte.com\/wp-content\/uploads\/2025\/02\/ttsmaker-vip-file-2025-2-24-12-49-46.mp3\">https:\/\/infoelnuevonorte.com\/wp-content\/uploads\/2025\/02\/ttsmaker-vip-file-2025-2-24-12-49-46.mp3<\/a><\/audio>\n<p style=\"text-align: justify;\">R\u00edo de Janeiro (EFE).- El tenista argentino Sebasti\u00e1n B\u00e1ez se impuso por 2-0 al franc\u00e9s Alexandre Muller en la final del Abierto de R\u00edo de Janeiro y se consagr\u00f3 como el primer bicampe\u00f3n del \u00fanico torneo ATP 500 de Sudam\u00e9rica.<\/p>\n<p style=\"text-align: justify;\">El tenista de 24 a\u00f1os de Buenos Aires, n\u00famero 31 en la clasificaci\u00f3n internacional de la ATP y que ya hab\u00eda conquistado el torneo brasile\u00f1o en 2024, tan s\u00f3lo necesit\u00f3 de una hora y 26 minutos para, con una facilidad inesperada, vencer a Muller (60 ATP) en dos mangas, con parciales 6-2 y 6-3.<\/p>\n<h2 id=\"h-baez-repite-corona-en-el-abierto-de-rio\" class=\"wp-block-heading\" style=\"text-align: justify;\">B\u00e1ez repite corona en el Abierto de R\u00edo<\/h2>\n<p style=\"text-align: justify;\">Este fue el s\u00e9ptimo t\u00edtulo de B\u00e1ez en nueve finales de torneos ATP y su d\u00e9cima victoria consecutiva en el torneo carioca incluyendo cinco en 2024 y cinco en 2025.<\/p>\n<p style=\"text-align: justify;\">B\u00e1ez, que era el cuarto favorito en Brasil, consigui\u00f3, adem\u00e1s, lo que ni el espa\u00f1ol Carlos Alcaraz ni el argentino Diego Schwartzman lograron: ganar dos veces el Abierto de R\u00edo. Ambos disputaron dos finales pero tan solo alzaron un t\u00edtulo. En sus diez primeras ediciones, el torneo brasile\u00f1o tuvo diez campeones diferentes.<\/p>\n<p style=\"text-align: justify;\">La victoria le permiti\u00f3 al porte\u00f1o poner fin a la condici\u00f3n de verdugo de argentinos de Muller, que contaba con quince victorias en las 16 partidos que hab\u00eda disputado hasta ahora con compatriotas del bicampe\u00f3n.<\/p>\n<p style=\"text-align: justify;\">Tan solo esta semana el franc\u00e9s elimin\u00f3 a tres argentinos: en semifinales a Francisco Comesa\u00f1a (86 ATP); en cuartos de final a Francisco Cer\u00fandolo (26 ATP), tercer favorito en Brasil, y en octavos a Tom\u00e1s Mart\u00edn Etcheverry (43 ATP), s\u00e9ptimo favorito.<\/p>\n<h2 id=\"h-quebrando-el-camino-al-titulo\" class=\"wp-block-heading\" style=\"text-align: justify;\">Quebrando el camino al t\u00edtulo<\/h2>\n<figure class=\"wp-block-image\" style=\"text-align: justify;\"><img decoding=\"async\" class=\"wp-image-1692880 entered lazyloaded\" title=\"B\u00e1ez vence a Muller en la final y se consagra como el primer bicampe\u00f3n del Abierto de R\u00edo 1\" src=\"https:\/\/i0.wp.com\/efe.com\/wp-content\/uploads\/2025\/02\/la-mano.jpg?resize=900%2C600&amp;ssl=1\" alt=\"B\u00e1ez vence a Muller en la final y se consagra como el primer bicampe\u00f3n del Abierto de R\u00edo | De \u00daltimo Minuto\" data-lazy-src=\"https:\/\/i0.wp.com\/efe.com\/wp-content\/uploads\/2025\/02\/la-mano.jpg?resize=900%2C600&amp;ssl=1\" data-ll-status=\"loaded\" \/>\n<figcaption class=\"wp-element-caption\">El argentino Sebastian B\u00e1ez (i) saluda al franc\u00e9s Alexandre Muller luego de vencerlo en la final del Abierto de Rio de Janeiro.\u00a0<\/figcaption>\n<\/figure>\n<p style=\"text-align: justify;\">El franc\u00e9s de 28 a\u00f1os aspiraba a conquistar en R\u00edo el segundo t\u00edtulo en su carrera y su primer ATP 500 tras haber vencido el ATP 250 de Hong Kong en enero de este a\u00f1o.<\/p>\n<p style=\"text-align: justify;\">El argentino comenz\u00f3 en ventaja r\u00e1pidamente en la primera manga al quebrarle el segundo servicio al alem\u00e1n y confirmar el suyo, con lo que abri\u00f3 un 3-1. A partir de ese momento el europeo enfrent\u00f3 cada vez m\u00e1s dificultades para defender sus servicios mientras que el argentino los confirmaba r\u00e1pidamente.<\/p>\n<p style=\"text-align: justify;\">B\u00e1ez volvi\u00f3 a quebrarle un servicio a Muller, lo que le permiti\u00f3 aumentar su ventaja a 5-2 antes de vencer la primera manga por 6-2.<\/p>\n<h2 id=\"h-baez-liquida-a-muller\" class=\"wp-block-heading\" style=\"text-align: justify;\">B\u00e1ez liquida a Muller<\/h2>\n<p style=\"text-align: justify;\">El segundo set comenz\u00f3 m\u00e1s parejo y los dos rivales confirmaron sus servicios hasta el 3-3 parcial, cuando el argentino, con golpes cada vez m\u00e1s fuertes, consigui\u00f3 un nuevo quiebre y abrir una ventaja de 5-3. Con m\u00e1s confianza en la cancha, el argentino quebr\u00f3 el \u00faltimo servicio del europeo y se impuso por 6-3 en la manga y por 2-0 en la final.<\/p>\n<p style=\"text-align: justify;\">La victoria de B\u00e1ez tambi\u00e9n confirm\u00f3 la hegemon\u00eda argentina en el torneo brasile\u00f1o. Los vecinos consiguieron inscribir a tres de sus tenistas entre los cuatro semifinalistas en R\u00edo este a\u00f1o.<\/p>\n<p style=\"text-align: justify;\">La final de este a\u00f1o, adem\u00e1s, fue la quinta de R\u00edo con al menos un argentino disputando el t\u00edtulo, lo que ya hab\u00eda ocurrido en las ediciones de 2016, 2018, 2022 y 2024. En esta \u00faltima fueron dos finalistas argentinos, ya que B\u00e1ez conquist\u00f3 el Abierto de R\u00edo del a\u00f1o pasado tras vencer a su compatriota Mariano Navone.<\/p>\n<\/div>\n<\/div>\n<div class=\"td_block_wrap tdb_single_tags tdi_224 td-pb-border-top td_block_template_1\" style=\"text-align: justify;\" data-td-block-uid=\"tdi_224\">\u00a0<\/div>","protected":false},"excerpt":{"rendered":"<p>R\u00edo de Janeiro (EFE).- El tenista argentino Sebasti\u00e1n B\u00e1ez se impuso por 2-0 al franc\u00e9s Alexandre Muller en la final del Abierto de R\u00edo de Janeiro y se consagr\u00f3 como el primer bicampe\u00f3n del \u00fanico torneo ATP 500 de Sudam\u00e9rica. El tenista de 24 a\u00f1os de Buenos Aires, n\u00famero 31 en la clasificaci\u00f3n internacional de [&hellip;]<\/p>\n","protected":false},"author":2,"featured_media":0,"comment_status":"closed","ping_status":"open","sticky":false,"template":"","format":"standard","meta":{"footnotes":""},"categories":[6,111],"tags":[],"yoast_head":"<!-- This site is optimized with the Yoast SEO plugin v24.5 - https:\/\/yoast.com\/wordpress\/plugins\/seo\/ -->\n<title>B\u00e1ez vence a Muller en la final y se consagra como el primer bicampe\u00f3n del Abierto de R\u00edo | El Nuevo Norte<\/title>\n<meta name=\"robots\" content=\"index, follow, max-snippet:-1, max-image-preview:large, max-video-preview:-1\" \/>\n<link rel=\"canonical\" href=\"https:\/\/infoelnuevonorte.com\/?p=82605\" \/>\n<meta property=\"og:locale\" content=\"es_ES\" \/>\n<meta property=\"og:type\" content=\"article\" \/>\n<meta property=\"og:title\" content=\"B\u00e1ez vence a Muller en la final y se consagra como el primer bicampe\u00f3n del Abierto de R\u00edo | El Nuevo Norte\" \/>\n<meta property=\"og:description\" content=\"R\u00edo de Janeiro (EFE).- El tenista argentino Sebasti\u00e1n B\u00e1ez se impuso por 2-0 al franc\u00e9s Alexandre Muller en la final del Abierto de R\u00edo de Janeiro y se consagr\u00f3 como el primer bicampe\u00f3n del \u00fanico torneo ATP 500 de Sudam\u00e9rica. El tenista de 24 a\u00f1os de Buenos Aires, n\u00famero 31 en la clasificaci\u00f3n internacional de [&hellip;]\" \/>\n<meta property=\"og:url\" content=\"https:\/\/infoelnuevonorte.com\/?p=82605\" \/>\n<meta property=\"og:site_name\" content=\"El Nuevo Norte\" \/>\n<meta property=\"article:publisher\" content=\"https:\/\/www.facebook.com\/infoenn\" \/>\n<meta property=\"article:published_time\" content=\"2025-02-24T16:50:48+00:00\" \/>\n<meta property=\"article:modified_time\" content=\"2025-02-24T16:50:53+00:00\" \/>\n<meta property=\"og:image\" content=\"https:\/\/infoelnuevonorte.com\/wp-content\/uploads\/2025\/02\/descarga-2025-02-24T124837.289.png\" \/>\n\t<meta property=\"og:image:width\" content=\"900\" \/>\n\t<meta property=\"og:image:height\" content=\"600\" \/>\n\t<meta property=\"og:image:type\" content=\"image\/png\" \/>\n<meta name=\"author\" content=\"T. R.\" \/>\n<meta name=\"twitter:card\" content=\"summary_large_image\" \/>\n<meta name=\"twitter:creator\" content=\"@Elnuevo_norte\" \/>\n<meta name=\"twitter:site\" content=\"@Elnuevo_norte\" \/>\n<meta name=\"twitter:label1\" content=\"Written by\" \/>\n\t<meta name=\"twitter:data1\" content=\"T. R.\" \/>\n\t<meta name=\"twitter:label2\" content=\"Est. reading time\" \/>\n\t<meta name=\"twitter:data2\" content=\"3 minutos\" \/>\n<script type=\"application\/ld+json\" class=\"yoast-schema-graph\">{\"@context\":\"https:\/\/schema.org\",\"@graph\":[{\"@type\":\"Article\",\"@id\":\"https:\/\/infoelnuevonorte.com\/?p=82605#article\",\"isPartOf\":{\"@id\":\"https:\/\/infoelnuevonorte.com\/?p=82605\"},\"author\":{\"name\":\"T. R.\",\"@id\":\"https:\/\/infoelnuevonorte.com\/#\/schema\/person\/3accb35eb55f55e96c492b52d085a403\"},\"headline\":\"B\u00e1ez vence a Muller en la final y se consagra como el primer bicampe\u00f3n del Abierto de R\u00edo\",\"datePublished\":\"2025-02-24T16:50:48+00:00\",\"dateModified\":\"2025-02-24T16:50:53+00:00\",\"mainEntityOfPage\":{\"@id\":\"https:\/\/infoelnuevonorte.com\/?p=82605\"},\"wordCount\":637,\"publisher\":{\"@id\":\"https:\/\/infoelnuevonorte.com\/#organization\"},\"image\":{\"@id\":\"https:\/\/infoelnuevonorte.com\/?p=82605#primaryimage\"},\"thumbnailUrl\":\"https:\/\/i0.wp.com\/efe.com\/wp-content\/uploads\/2025\/02\/la-mano.jpg?resize=900%2C600&amp;ssl=1\",\"articleSection\":[\"Deporte\",\"Tenis\"],\"inLanguage\":\"es-DO\"},{\"@type\":\"WebPage\",\"@id\":\"https:\/\/infoelnuevonorte.com\/?p=82605\",\"url\":\"https:\/\/infoelnuevonorte.com\/?p=82605\",\"name\":\"B\u00e1ez vence a Muller en la final y se consagra como el primer bicampe\u00f3n del Abierto de R\u00edo | El Nuevo Norte\",\"isPartOf\":{\"@id\":\"https:\/\/infoelnuevonorte.com\/#website\"},\"primaryImageOfPage\":{\"@id\":\"https:\/\/infoelnuevonorte.com\/?p=82605#primaryimage\"},\"image\":{\"@id\":\"https:\/\/infoelnuevonorte.com\/?p=82605#primaryimage\"},\"thumbnailUrl\":\"https:\/\/i0.wp.com\/efe.com\/wp-content\/uploads\/2025\/02\/la-mano.jpg?resize=900%2C600&amp;ssl=1\",\"datePublished\":\"2025-02-24T16:50:48+00:00\",\"dateModified\":\"2025-02-24T16:50:53+00:00\",\"breadcrumb\":{\"@id\":\"https:\/\/infoelnuevonorte.com\/?p=82605#breadcrumb\"},\"inLanguage\":\"es-DO\",\"potentialAction\":[{\"@type\":\"ReadAction\",\"target\":[\"https:\/\/infoelnuevonorte.com\/?p=82605\"]}]},{\"@type\":\"ImageObject\",\"inLanguage\":\"es-DO\",\"@id\":\"https:\/\/infoelnuevonorte.com\/?p=82605#primaryimage\",\"url\":\"https:\/\/i0.wp.com\/efe.com\/wp-content\/uploads\/2025\/02\/la-mano.jpg?resize=900%2C600&amp;ssl=1\",\"contentUrl\":\"https:\/\/i0.wp.com\/efe.com\/wp-content\/uploads\/2025\/02\/la-mano.jpg?resize=900%2C600&amp;ssl=1\"},{\"@type\":\"BreadcrumbList\",\"@id\":\"https:\/\/infoelnuevonorte.com\/?p=82605#breadcrumb\",\"itemListElement\":[{\"@type\":\"ListItem\",\"position\":1,\"name\":\"Home\",\"item\":\"https:\/\/infoelnuevonorte.com\/\"},{\"@type\":\"ListItem\",\"position\":2,\"name\":\"B\u00e1ez vence a Muller en la final y se consagra como el primer bicampe\u00f3n del Abierto de R\u00edo\"}]},{\"@type\":\"WebSite\",\"@id\":\"https:\/\/infoelnuevonorte.com\/#website\",\"url\":\"https:\/\/infoelnuevonorte.com\/\",\"name\":\"InfoEnn\",\"description\":\"Tu Voz, tu Verdad, tu Diario!!!\",\"publisher\":{\"@id\":\"https:\/\/infoelnuevonorte.com\/#organization\"},\"alternateName\":\"El Nuevo Norte\",\"potentialAction\":[{\"@type\":\"SearchAction\",\"target\":{\"@type\":\"EntryPoint\",\"urlTemplate\":\"https:\/\/infoelnuevonorte.com\/?s={search_term_string}\"},\"query-input\":{\"@type\":\"PropertyValueSpecification\",\"valueRequired\":true,\"valueName\":\"search_term_string\"}}],\"inLanguage\":\"es-DO\"},{\"@type\":\"Organization\",\"@id\":\"https:\/\/infoelnuevonorte.com\/#organization\",\"name\":\"Info El Nuevo Norte\",\"alternateName\":\"El Nuevo Norte\",\"url\":\"https:\/\/infoelnuevonorte.com\/\",\"logo\":{\"@type\":\"ImageObject\",\"inLanguage\":\"es-DO\",\"@id\":\"https:\/\/infoelnuevonorte.com\/#\/schema\/logo\/image\/\",\"url\":\"https:\/\/infoelnuevonorte.com\/wp-content\/uploads\/2026\/02\/Logo-Info-enn-3d-20ani.jpeg\",\"contentUrl\":\"https:\/\/infoelnuevonorte.com\/wp-content\/uploads\/2026\/02\/Logo-Info-enn-3d-20ani.jpeg\",\"width\":2046,\"height\":736,\"caption\":\"Info El Nuevo Norte\"},\"image\":{\"@id\":\"https:\/\/infoelnuevonorte.com\/#\/schema\/logo\/image\/\"},\"sameAs\":[\"https:\/\/www.facebook.com\/infoenn\",\"https:\/\/x.com\/Elnuevo_norte\",\"https:\/\/www.instagram.com\/infoenn\",\"https:\/\/www.facebook.com\/ENNRD\"]},{\"@type\":\"Person\",\"@id\":\"https:\/\/infoelnuevonorte.com\/#\/schema\/person\/3accb35eb55f55e96c492b52d085a403\",\"name\":\"T. R.\",\"image\":{\"@type\":\"ImageObject\",\"inLanguage\":\"es-DO\",\"@id\":\"https:\/\/infoelnuevonorte.com\/#\/schema\/person\/image\/\",\"url\":\"https:\/\/secure.gravatar.com\/avatar\/40543a038bda97abdb765b1662e9677d?s=96&d=robohash&r=g\",\"contentUrl\":\"https:\/\/secure.gravatar.com\/avatar\/40543a038bda97abdb765b1662e9677d?s=96&d=robohash&r=g\",\"caption\":\"T. R.\"},\"url\":\"https:\/\/infoelnuevonorte.com\/?author=2\"}]}<\/script>\n<!-- \/ Yoast SEO plugin. -->","yoast_head_json":{"title":"B\u00e1ez vence a Muller en la final y se consagra como el primer bicampe\u00f3n del Abierto de R\u00edo | El Nuevo Norte","robots":{"index":"index","follow":"follow","max-snippet":"max-snippet:-1","max-image-preview":"max-image-preview:large","max-video-preview":"max-video-preview:-1"},"canonical":"https:\/\/infoelnuevonorte.com\/?p=82605","og_locale":"es_ES","og_type":"article","og_title":"B\u00e1ez vence a Muller en la final y se consagra como el primer bicampe\u00f3n del Abierto de R\u00edo | El Nuevo Norte","og_description":"R\u00edo de Janeiro (EFE).- El tenista argentino Sebasti\u00e1n B\u00e1ez se impuso por 2-0 al franc\u00e9s Alexandre Muller en la final del Abierto de R\u00edo de Janeiro y se consagr\u00f3 como el primer bicampe\u00f3n del \u00fanico torneo ATP 500 de Sudam\u00e9rica. El tenista de 24 a\u00f1os de Buenos Aires, n\u00famero 31 en la clasificaci\u00f3n internacional de [&hellip;]","og_url":"https:\/\/infoelnuevonorte.com\/?p=82605","og_site_name":"El Nuevo Norte","article_publisher":"https:\/\/www.facebook.com\/infoenn","article_published_time":"2025-02-24T16:50:48+00:00","article_modified_time":"2025-02-24T16:50:53+00:00","og_image":[{"width":900,"height":600,"url":"https:\/\/infoelnuevonorte.com\/wp-content\/uploads\/2025\/02\/descarga-2025-02-24T124837.289.png","type":"image\/png"}],"author":"T. R.","twitter_card":"summary_large_image","twitter_creator":"@Elnuevo_norte","twitter_site":"@Elnuevo_norte","twitter_misc":{"Written by":"T. R.","Est. reading time":"3 minutos"},"schema":{"@context":"https:\/\/schema.org","@graph":[{"@type":"Article","@id":"https:\/\/infoelnuevonorte.com\/?p=82605#article","isPartOf":{"@id":"https:\/\/infoelnuevonorte.com\/?p=82605"},"author":{"name":"T. R.","@id":"https:\/\/infoelnuevonorte.com\/#\/schema\/person\/3accb35eb55f55e96c492b52d085a403"},"headline":"B\u00e1ez vence a Muller en la final y se consagra como el primer bicampe\u00f3n del Abierto de R\u00edo","datePublished":"2025-02-24T16:50:48+00:00","dateModified":"2025-02-24T16:50:53+00:00","mainEntityOfPage":{"@id":"https:\/\/infoelnuevonorte.com\/?p=82605"},"wordCount":637,"publisher":{"@id":"https:\/\/infoelnuevonorte.com\/#organization"},"image":{"@id":"https:\/\/infoelnuevonorte.com\/?p=82605#primaryimage"},"thumbnailUrl":"https:\/\/i0.wp.com\/efe.com\/wp-content\/uploads\/2025\/02\/la-mano.jpg?resize=900%2C600&amp;ssl=1","articleSection":["Deporte","Tenis"],"inLanguage":"es-DO"},{"@type":"WebPage","@id":"https:\/\/infoelnuevonorte.com\/?p=82605","url":"https:\/\/infoelnuevonorte.com\/?p=82605","name":"B\u00e1ez vence a Muller en la final y se consagra como el primer bicampe\u00f3n del Abierto de R\u00edo | El Nuevo Norte","isPartOf":{"@id":"https:\/\/infoelnuevonorte.com\/#website"},"primaryImageOfPage":{"@id":"https:\/\/infoelnuevonorte.com\/?p=82605#primaryimage"},"image":{"@id":"https:\/\/infoelnuevonorte.com\/?p=82605#primaryimage"},"thumbnailUrl":"https:\/\/i0.wp.com\/efe.com\/wp-content\/uploads\/2025\/02\/la-mano.jpg?resize=900%2C600&amp;ssl=1","datePublished":"2025-02-24T16:50:48+00:00","dateModified":"2025-02-24T16:50:53+00:00","breadcrumb":{"@id":"https:\/\/infoelnuevonorte.com\/?p=82605#breadcrumb"},"inLanguage":"es-DO","potentialAction":[{"@type":"ReadAction","target":["https:\/\/infoelnuevonorte.com\/?p=82605"]}]},{"@type":"ImageObject","inLanguage":"es-DO","@id":"https:\/\/infoelnuevonorte.com\/?p=82605#primaryimage","url":"https:\/\/i0.wp.com\/efe.com\/wp-content\/uploads\/2025\/02\/la-mano.jpg?resize=900%2C600&amp;ssl=1","contentUrl":"https:\/\/i0.wp.com\/efe.com\/wp-content\/uploads\/2025\/02\/la-mano.jpg?resize=900%2C600&amp;ssl=1"},{"@type":"BreadcrumbList","@id":"https:\/\/infoelnuevonorte.com\/?p=82605#breadcrumb","itemListElement":[{"@type":"ListItem","position":1,"name":"Home","item":"https:\/\/infoelnuevonorte.com\/"},{"@type":"ListItem","position":2,"name":"B\u00e1ez vence a Muller en la final y se consagra como el primer bicampe\u00f3n del Abierto de R\u00edo"}]},{"@type":"WebSite","@id":"https:\/\/infoelnuevonorte.com\/#website","url":"https:\/\/infoelnuevonorte.com\/","name":"InfoEnn","description":"Tu Voz, tu Verdad, tu Diario!!!","publisher":{"@id":"https:\/\/infoelnuevonorte.com\/#organization"},"alternateName":"El Nuevo Norte","potentialAction":[{"@type":"SearchAction","target":{"@type":"EntryPoint","urlTemplate":"https:\/\/infoelnuevonorte.com\/?s={search_term_string}"},"query-input":{"@type":"PropertyValueSpecification","valueRequired":true,"valueName":"search_term_string"}}],"inLanguage":"es-DO"},{"@type":"Organization","@id":"https:\/\/infoelnuevonorte.com\/#organization","name":"Info El Nuevo Norte","alternateName":"El Nuevo Norte","url":"https:\/\/infoelnuevonorte.com\/","logo":{"@type":"ImageObject","inLanguage":"es-DO","@id":"https:\/\/infoelnuevonorte.com\/#\/schema\/logo\/image\/","url":"https:\/\/infoelnuevonorte.com\/wp-content\/uploads\/2026\/02\/Logo-Info-enn-3d-20ani.jpeg","contentUrl":"https:\/\/infoelnuevonorte.com\/wp-content\/uploads\/2026\/02\/Logo-Info-enn-3d-20ani.jpeg","width":2046,"height":736,"caption":"Info El Nuevo Norte"},"image":{"@id":"https:\/\/infoelnuevonorte.com\/#\/schema\/logo\/image\/"},"sameAs":["https:\/\/www.facebook.com\/infoenn","https:\/\/x.com\/Elnuevo_norte","https:\/\/www.instagram.com\/infoenn","https:\/\/www.facebook.com\/ENNRD"]},{"@type":"Person","@id":"https:\/\/infoelnuevonorte.com\/#\/schema\/person\/3accb35eb55f55e96c492b52d085a403","name":"T. R.","image":{"@type":"ImageObject","inLanguage":"es-DO","@id":"https:\/\/infoelnuevonorte.com\/#\/schema\/person\/image\/","url":"https:\/\/secure.gravatar.com\/avatar\/40543a038bda97abdb765b1662e9677d?s=96&d=robohash&r=g","contentUrl":"https:\/\/secure.gravatar.com\/avatar\/40543a038bda97abdb765b1662e9677d?s=96&d=robohash&r=g","caption":"T. R."},"url":"https:\/\/infoelnuevonorte.com\/?author=2"}]}},"_links":{"self":[{"href":"https:\/\/infoelnuevonorte.com\/index.php?rest_route=\/wp\/v2\/posts\/82605"}],"collection":[{"href":"https:\/\/infoelnuevonorte.com\/index.php?rest_route=\/wp\/v2\/posts"}],"about":[{"href":"https:\/\/infoelnuevonorte.com\/index.php?rest_route=\/wp\/v2\/types\/post"}],"author":[{"embeddable":true,"href":"https:\/\/infoelnuevonorte.com\/index.php?rest_route=\/wp\/v2\/users\/2"}],"replies":[{"embeddable":true,"href":"https:\/\/infoelnuevonorte.com\/index.php?rest_route=%2Fwp%2Fv2%2Fcomments&post=82605"}],"version-history":[{"count":1,"href":"https:\/\/infoelnuevonorte.com\/index.php?rest_route=\/wp\/v2\/posts\/82605\/revisions"}],"predecessor-version":[{"id":82608,"href":"https:\/\/infoelnuevonorte.com\/index.php?rest_route=\/wp\/v2\/posts\/82605\/revisions\/82608"}],"wp:attachment":[{"href":"https:\/\/infoelnuevonorte.com\/index.php?rest_route=%2Fwp%2Fv2%2Fmedia&parent=82605"}],"wp:term":[{"taxonomy":"category","embeddable":true,"href":"https:\/\/infoelnuevonorte.com\/index.php?rest_route=%2Fwp%2Fv2%2Fcategories&post=82605"},{"taxonomy":"post_tag","embeddable":true,"href":"https:\/\/infoelnuevonorte.com\/index.php?rest_route=%2Fwp%2Fv2%2Ftags&post=82605"}],"curies":[{"name":"wp","href":"https:\/\/api.w.org\/{rel}","templated":true}]}}