{"id":82683,"date":"2025-02-24T17:58:07","date_gmt":"2025-02-24T21:58:07","guid":{"rendered":"https:\/\/infoelnuevonorte.com\/?p=82683"},"modified":"2025-02-24T17:58:08","modified_gmt":"2025-02-24T21:58:08","slug":"realizan-conferencia-sobre-el-uso-adecuado-de-la-inteligencia-artificial","status":"publish","type":"post","link":"https:\/\/infoelnuevonorte.com\/?p=82683","title":{"rendered":"Realizan conferencia sobre el uso adecuado de la Inteligencia Artificial"},"content":{"rendered":"<!--[if lt IE 9]><script>document.createElement('audio');<\/script><![endif]-->\n<audio class=\"wp-audio-shortcode\" id=\"audio-82683-1\" preload=\"none\" style=\"width: 100%;\" controls=\"controls\"><source type=\"audio\/mpeg\" src=\"https:\/\/infoelnuevonorte.com\/wp-content\/uploads\/2025\/02\/ttsmaker-vip-file-2025-2-24-17-57-52.mp3?_=1\" \/><a href=\"https:\/\/infoelnuevonorte.com\/wp-content\/uploads\/2025\/02\/ttsmaker-vip-file-2025-2-24-17-57-52.mp3\">https:\/\/infoelnuevonorte.com\/wp-content\/uploads\/2025\/02\/ttsmaker-vip-file-2025-2-24-17-57-52.mp3<\/a><\/audio>\n<p style=\"text-align: justify;\"><strong>Santiago<\/strong>.- Ante autoridades locales, dirigentes pol\u00edticos, acad\u00e9micos y estudiantes de centros polit\u00e9cnicos especializados, el experto en comunicaci\u00f3n digital <strong>Pavel De Camps,<\/strong> advirti\u00f3 sobre los peligros de la <strong>Inteligencia Artificial (IA)<\/strong> e hizo un llamado a su uso responsable.<\/p>\n<p style=\"text-align: justify;\" data-start=\"445\" data-end=\"710\">\u201cEstamos en la era de la Inteligencia Artificial, una herramienta poderosa que puede ser tanto una aliada estrat\u00e9gica como un riesgo con consecuencias no deseadas\u201d, destac\u00f3 De Camps.<\/p>\n<p style=\"text-align: justify;\" data-start=\"712\" data-end=\"1219\">La conferencia, titulada <strong><em data-start=\"737\" data-end=\"788\">\u201cInteligencia Artificial en la Era del Fake News\u201d<\/em><\/strong>, fue organizada por <strong>EXAE,<\/strong> el Centro de Educaci\u00f3n Continuada y Ejecutiva de la<strong> Universidad Dominicana O&amp;M<\/strong>. En ella, De Camps comparti\u00f3 los diez principales riesgos asociados a la IA, que incluyen: desinformaci\u00f3n, fen\u00f3menos meteorol\u00f3gicos extremos, polarizaci\u00f3n social, inseguridad cibern\u00e9tica, conflicto armado entre estados, falta de oportunidades econ\u00f3micas, inflaci\u00f3n, migraci\u00f3n involuntaria, recesi\u00f3n econ\u00f3mica y contaminaci\u00f3n.<\/p>\n<p style=\"text-align: justify;\" data-start=\"1221\" data-end=\"1597\">En su intervenci\u00f3n, De Camps subray\u00f3 los retos y desaf\u00edos que trae consigo esta poderosa herramienta, y c\u00f3mo el futuro del razonamiento automatizado ya est\u00e1 presente, con posibilidades infinitas. \u201cEs el momento de aprovechar estas innovaciones y ser parte de la revoluci\u00f3n que est\u00e1 redefiniendo nuestra interacci\u00f3n con la tecnolog\u00eda\u201d, se\u00f1al\u00f3.<\/p>\n<p style=\"text-align: justify;\" data-start=\"1599\" data-end=\"1853\">Suzanne Pichardo, directora de EXAE, resalt\u00f3 la importancia de estar a la vanguardia en el uso de las nuevas tecnolog\u00edas. \u201cEs un reto para las generaciones actuales y futuras reaprender e integrarse al desarrollo integral de la sociedad moderna\u201d, afirm\u00f3.<\/p>\n<p style=\"text-align: justify;\" data-start=\"1855\" data-end=\"2130\">Jos\u00e9 Persia, Coordinador General de O&amp;M Santiago, dio la bienvenida a los asistentes e invit\u00f3 a todos a no resistirse a los avances de la sociedad moderna, sino a abrir sus mentes y aprovechar las herramientas tecnol\u00f3gicas para enriquecer el proceso de ense\u00f1anza-aprendizaje.<\/p>\n<h2 style=\"text-align: justify;\" data-start=\"3292\" data-end=\"3716\"><strong data-start=\"3292\" data-end=\"3320\">Acerca de Pavel De Camps<\/strong><\/h2>\n<p style=\"text-align: justify;\" data-start=\"3292\" data-end=\"3716\">Pavel De Camps es analista de Redes Sociales, especialista en Social Listening y Manejo de Crisis Digital, adem\u00e1s de consultor en IA y Verificaci\u00f3n de Noticias. Con m\u00e1s de 30 a\u00f1os de experiencia, es presentador del programa <em data-start=\"3547\" data-end=\"3570\">El Futuro en un Click<\/em> y colaborador de medios como Noticias SIN, Diario Libre y List\u00edn Diario, donde ofrece an\u00e1lisis profundos sobre tecnolog\u00eda y tendencias digitales.<\/p>\n","protected":false},"excerpt":{"rendered":"<p>Santiago.- Ante autoridades locales, dirigentes pol\u00edticos, acad\u00e9micos y estudiantes de centros polit\u00e9cnicos especializados, el experto en comunicaci\u00f3n digital Pavel De Camps, advirti\u00f3 sobre los peligros de la Inteligencia Artificial (IA) e hizo un llamado a su uso responsable. \u201cEstamos en la era de la Inteligencia Artificial, una herramienta poderosa que puede ser tanto una aliada [&hellip;]<\/p>\n","protected":false},"author":1,"featured_media":0,"comment_status":"closed","ping_status":"open","sticky":false,"template":"","format":"standard","meta":{"footnotes":""},"categories":[19],"tags":[],"yoast_head":"<!-- This site is optimized with the Yoast SEO plugin v24.5 - https:\/\/yoast.com\/wordpress\/plugins\/seo\/ -->\n<title>Realizan conferencia sobre el uso adecuado de la Inteligencia Artificial | El Nuevo Norte<\/title>\n<meta name=\"robots\" content=\"index, follow, max-snippet:-1, max-image-preview:large, max-video-preview:-1\" \/>\n<link rel=\"canonical\" href=\"https:\/\/infoelnuevonorte.com\/?p=82683\" \/>\n<meta property=\"og:locale\" content=\"es_ES\" \/>\n<meta property=\"og:type\" content=\"article\" \/>\n<meta property=\"og:title\" content=\"Realizan conferencia sobre el uso adecuado de la Inteligencia Artificial | El Nuevo Norte\" \/>\n<meta property=\"og:description\" content=\"Santiago.- Ante autoridades locales, dirigentes pol\u00edticos, acad\u00e9micos y estudiantes de centros polit\u00e9cnicos especializados, el experto en comunicaci\u00f3n digital Pavel De Camps, advirti\u00f3 sobre los peligros de la Inteligencia Artificial (IA) e hizo un llamado a su uso responsable. \u201cEstamos en la era de la Inteligencia Artificial, una herramienta poderosa que puede ser tanto una aliada [&hellip;]\" \/>\n<meta property=\"og:url\" content=\"https:\/\/infoelnuevonorte.com\/?p=82683\" \/>\n<meta property=\"og:site_name\" content=\"El Nuevo Norte\" \/>\n<meta property=\"article:publisher\" content=\"https:\/\/www.facebook.com\/infoenn\" \/>\n<meta property=\"article:published_time\" content=\"2025-02-24T21:58:07+00:00\" \/>\n<meta property=\"article:modified_time\" content=\"2025-02-24T21:58:08+00:00\" \/>\n<meta property=\"og:image\" content=\"https:\/\/infoelnuevonorte.com\/wp-content\/uploads\/2025\/02\/Conferencia-sobre-Inteligencia-Artificial-1140x694-1.jpeg\" \/>\n\t<meta property=\"og:image:width\" content=\"1140\" \/>\n\t<meta property=\"og:image:height\" content=\"694\" \/>\n\t<meta property=\"og:image:type\" content=\"image\/jpeg\" \/>\n<meta name=\"author\" content=\"InfoEnn\" \/>\n<meta name=\"twitter:card\" content=\"summary_large_image\" \/>\n<meta name=\"twitter:creator\" content=\"@Elnuevo_norte\" \/>\n<meta name=\"twitter:site\" content=\"@Elnuevo_norte\" \/>\n<meta name=\"twitter:label1\" content=\"Written by\" \/>\n\t<meta name=\"twitter:data1\" content=\"InfoEnn\" \/>\n\t<meta name=\"twitter:label2\" content=\"Est. reading time\" \/>\n\t<meta name=\"twitter:data2\" content=\"2 minutos\" \/>\n<script type=\"application\/ld+json\" class=\"yoast-schema-graph\">{\"@context\":\"https:\/\/schema.org\",\"@graph\":[{\"@type\":\"Article\",\"@id\":\"https:\/\/infoelnuevonorte.com\/?p=82683#article\",\"isPartOf\":{\"@id\":\"https:\/\/infoelnuevonorte.com\/?p=82683\"},\"author\":{\"name\":\"InfoEnn\",\"@id\":\"https:\/\/infoelnuevonorte.com\/#\/schema\/person\/fd4f6d90afe41260818b4ea94ad8ab84\"},\"headline\":\"Realizan conferencia sobre el uso adecuado de la Inteligencia Artificial\",\"datePublished\":\"2025-02-24T21:58:07+00:00\",\"dateModified\":\"2025-02-24T21:58:08+00:00\",\"mainEntityOfPage\":{\"@id\":\"https:\/\/infoelnuevonorte.com\/?p=82683\"},\"wordCount\":396,\"publisher\":{\"@id\":\"https:\/\/infoelnuevonorte.com\/#organization\"},\"articleSection\":[\"Ciencia &amp; Tecnolog\u00eda\"],\"inLanguage\":\"es-DO\"},{\"@type\":\"WebPage\",\"@id\":\"https:\/\/infoelnuevonorte.com\/?p=82683\",\"url\":\"https:\/\/infoelnuevonorte.com\/?p=82683\",\"name\":\"Realizan conferencia sobre el uso adecuado de la Inteligencia Artificial | El Nuevo Norte\",\"isPartOf\":{\"@id\":\"https:\/\/infoelnuevonorte.com\/#website\"},\"datePublished\":\"2025-02-24T21:58:07+00:00\",\"dateModified\":\"2025-02-24T21:58:08+00:00\",\"breadcrumb\":{\"@id\":\"https:\/\/infoelnuevonorte.com\/?p=82683#breadcrumb\"},\"inLanguage\":\"es-DO\",\"potentialAction\":[{\"@type\":\"ReadAction\",\"target\":[\"https:\/\/infoelnuevonorte.com\/?p=82683\"]}]},{\"@type\":\"BreadcrumbList\",\"@id\":\"https:\/\/infoelnuevonorte.com\/?p=82683#breadcrumb\",\"itemListElement\":[{\"@type\":\"ListItem\",\"position\":1,\"name\":\"Home\",\"item\":\"https:\/\/infoelnuevonorte.com\/\"},{\"@type\":\"ListItem\",\"position\":2,\"name\":\"Realizan conferencia sobre el uso adecuado de la Inteligencia Artificial\"}]},{\"@type\":\"WebSite\",\"@id\":\"https:\/\/infoelnuevonorte.com\/#website\",\"url\":\"https:\/\/infoelnuevonorte.com\/\",\"name\":\"InfoEnn\",\"description\":\"Tu Voz, tu Verdad, tu Diario!!!\",\"publisher\":{\"@id\":\"https:\/\/infoelnuevonorte.com\/#organization\"},\"alternateName\":\"El Nuevo Norte\",\"potentialAction\":[{\"@type\":\"SearchAction\",\"target\":{\"@type\":\"EntryPoint\",\"urlTemplate\":\"https:\/\/infoelnuevonorte.com\/?s={search_term_string}\"},\"query-input\":{\"@type\":\"PropertyValueSpecification\",\"valueRequired\":true,\"valueName\":\"search_term_string\"}}],\"inLanguage\":\"es-DO\"},{\"@type\":\"Organization\",\"@id\":\"https:\/\/infoelnuevonorte.com\/#organization\",\"name\":\"Info El Nuevo Norte\",\"alternateName\":\"El Nuevo Norte\",\"url\":\"https:\/\/infoelnuevonorte.com\/\",\"logo\":{\"@type\":\"ImageObject\",\"inLanguage\":\"es-DO\",\"@id\":\"https:\/\/infoelnuevonorte.com\/#\/schema\/logo\/image\/\",\"url\":\"https:\/\/infoelnuevonorte.com\/wp-content\/uploads\/2026\/02\/Logo-Info-enn-3d-20ani.jpeg\",\"contentUrl\":\"https:\/\/infoelnuevonorte.com\/wp-content\/uploads\/2026\/02\/Logo-Info-enn-3d-20ani.jpeg\",\"width\":2046,\"height\":736,\"caption\":\"Info El Nuevo Norte\"},\"image\":{\"@id\":\"https:\/\/infoelnuevonorte.com\/#\/schema\/logo\/image\/\"},\"sameAs\":[\"https:\/\/www.facebook.com\/infoenn\",\"https:\/\/x.com\/Elnuevo_norte\",\"https:\/\/www.instagram.com\/infoenn\",\"https:\/\/www.facebook.com\/ENNRD\"]},{\"@type\":\"Person\",\"@id\":\"https:\/\/infoelnuevonorte.com\/#\/schema\/person\/fd4f6d90afe41260818b4ea94ad8ab84\",\"name\":\"InfoEnn\",\"image\":{\"@type\":\"ImageObject\",\"inLanguage\":\"es-DO\",\"@id\":\"https:\/\/infoelnuevonorte.com\/#\/schema\/person\/image\/\",\"url\":\"https:\/\/secure.gravatar.com\/avatar\/d4d760a41a48ba9db0a82bfb63bb0783?s=96&d=robohash&r=g\",\"contentUrl\":\"https:\/\/secure.gravatar.com\/avatar\/d4d760a41a48ba9db0a82bfb63bb0783?s=96&d=robohash&r=g\",\"caption\":\"InfoEnn\"},\"sameAs\":[\"https:\/\/infoelnuevonorte.com\"],\"url\":\"https:\/\/infoelnuevonorte.com\/?author=1\"}]}<\/script>\n<!-- \/ Yoast SEO plugin. -->","yoast_head_json":{"title":"Realizan conferencia sobre el uso adecuado de la Inteligencia Artificial | El Nuevo Norte","robots":{"index":"index","follow":"follow","max-snippet":"max-snippet:-1","max-image-preview":"max-image-preview:large","max-video-preview":"max-video-preview:-1"},"canonical":"https:\/\/infoelnuevonorte.com\/?p=82683","og_locale":"es_ES","og_type":"article","og_title":"Realizan conferencia sobre el uso adecuado de la Inteligencia Artificial | El Nuevo Norte","og_description":"Santiago.- Ante autoridades locales, dirigentes pol\u00edticos, acad\u00e9micos y estudiantes de centros polit\u00e9cnicos especializados, el experto en comunicaci\u00f3n digital Pavel De Camps, advirti\u00f3 sobre los peligros de la Inteligencia Artificial (IA) e hizo un llamado a su uso responsable. \u201cEstamos en la era de la Inteligencia Artificial, una herramienta poderosa que puede ser tanto una aliada [&hellip;]","og_url":"https:\/\/infoelnuevonorte.com\/?p=82683","og_site_name":"El Nuevo Norte","article_publisher":"https:\/\/www.facebook.com\/infoenn","article_published_time":"2025-02-24T21:58:07+00:00","article_modified_time":"2025-02-24T21:58:08+00:00","og_image":[{"width":1140,"height":694,"url":"https:\/\/infoelnuevonorte.com\/wp-content\/uploads\/2025\/02\/Conferencia-sobre-Inteligencia-Artificial-1140x694-1.jpeg","type":"image\/jpeg"}],"author":"InfoEnn","twitter_card":"summary_large_image","twitter_creator":"@Elnuevo_norte","twitter_site":"@Elnuevo_norte","twitter_misc":{"Written by":"InfoEnn","Est. reading time":"2 minutos"},"schema":{"@context":"https:\/\/schema.org","@graph":[{"@type":"Article","@id":"https:\/\/infoelnuevonorte.com\/?p=82683#article","isPartOf":{"@id":"https:\/\/infoelnuevonorte.com\/?p=82683"},"author":{"name":"InfoEnn","@id":"https:\/\/infoelnuevonorte.com\/#\/schema\/person\/fd4f6d90afe41260818b4ea94ad8ab84"},"headline":"Realizan conferencia sobre el uso adecuado de la Inteligencia Artificial","datePublished":"2025-02-24T21:58:07+00:00","dateModified":"2025-02-24T21:58:08+00:00","mainEntityOfPage":{"@id":"https:\/\/infoelnuevonorte.com\/?p=82683"},"wordCount":396,"publisher":{"@id":"https:\/\/infoelnuevonorte.com\/#organization"},"articleSection":["Ciencia &amp; Tecnolog\u00eda"],"inLanguage":"es-DO"},{"@type":"WebPage","@id":"https:\/\/infoelnuevonorte.com\/?p=82683","url":"https:\/\/infoelnuevonorte.com\/?p=82683","name":"Realizan conferencia sobre el uso adecuado de la Inteligencia Artificial | El Nuevo Norte","isPartOf":{"@id":"https:\/\/infoelnuevonorte.com\/#website"},"datePublished":"2025-02-24T21:58:07+00:00","dateModified":"2025-02-24T21:58:08+00:00","breadcrumb":{"@id":"https:\/\/infoelnuevonorte.com\/?p=82683#breadcrumb"},"inLanguage":"es-DO","potentialAction":[{"@type":"ReadAction","target":["https:\/\/infoelnuevonorte.com\/?p=82683"]}]},{"@type":"BreadcrumbList","@id":"https:\/\/infoelnuevonorte.com\/?p=82683#breadcrumb","itemListElement":[{"@type":"ListItem","position":1,"name":"Home","item":"https:\/\/infoelnuevonorte.com\/"},{"@type":"ListItem","position":2,"name":"Realizan conferencia sobre el uso adecuado de la Inteligencia Artificial"}]},{"@type":"WebSite","@id":"https:\/\/infoelnuevonorte.com\/#website","url":"https:\/\/infoelnuevonorte.com\/","name":"InfoEnn","description":"Tu Voz, tu Verdad, tu Diario!!!","publisher":{"@id":"https:\/\/infoelnuevonorte.com\/#organization"},"alternateName":"El Nuevo Norte","potentialAction":[{"@type":"SearchAction","target":{"@type":"EntryPoint","urlTemplate":"https:\/\/infoelnuevonorte.com\/?s={search_term_string}"},"query-input":{"@type":"PropertyValueSpecification","valueRequired":true,"valueName":"search_term_string"}}],"inLanguage":"es-DO"},{"@type":"Organization","@id":"https:\/\/infoelnuevonorte.com\/#organization","name":"Info El Nuevo Norte","alternateName":"El Nuevo Norte","url":"https:\/\/infoelnuevonorte.com\/","logo":{"@type":"ImageObject","inLanguage":"es-DO","@id":"https:\/\/infoelnuevonorte.com\/#\/schema\/logo\/image\/","url":"https:\/\/infoelnuevonorte.com\/wp-content\/uploads\/2026\/02\/Logo-Info-enn-3d-20ani.jpeg","contentUrl":"https:\/\/infoelnuevonorte.com\/wp-content\/uploads\/2026\/02\/Logo-Info-enn-3d-20ani.jpeg","width":2046,"height":736,"caption":"Info El Nuevo Norte"},"image":{"@id":"https:\/\/infoelnuevonorte.com\/#\/schema\/logo\/image\/"},"sameAs":["https:\/\/www.facebook.com\/infoenn","https:\/\/x.com\/Elnuevo_norte","https:\/\/www.instagram.com\/infoenn","https:\/\/www.facebook.com\/ENNRD"]},{"@type":"Person","@id":"https:\/\/infoelnuevonorte.com\/#\/schema\/person\/fd4f6d90afe41260818b4ea94ad8ab84","name":"InfoEnn","image":{"@type":"ImageObject","inLanguage":"es-DO","@id":"https:\/\/infoelnuevonorte.com\/#\/schema\/person\/image\/","url":"https:\/\/secure.gravatar.com\/avatar\/d4d760a41a48ba9db0a82bfb63bb0783?s=96&d=robohash&r=g","contentUrl":"https:\/\/secure.gravatar.com\/avatar\/d4d760a41a48ba9db0a82bfb63bb0783?s=96&d=robohash&r=g","caption":"InfoEnn"},"sameAs":["https:\/\/infoelnuevonorte.com"],"url":"https:\/\/infoelnuevonorte.com\/?author=1"}]}},"_links":{"self":[{"href":"https:\/\/infoelnuevonorte.com\/index.php?rest_route=\/wp\/v2\/posts\/82683"}],"collection":[{"href":"https:\/\/infoelnuevonorte.com\/index.php?rest_route=\/wp\/v2\/posts"}],"about":[{"href":"https:\/\/infoelnuevonorte.com\/index.php?rest_route=\/wp\/v2\/types\/post"}],"author":[{"embeddable":true,"href":"https:\/\/infoelnuevonorte.com\/index.php?rest_route=\/wp\/v2\/users\/1"}],"replies":[{"embeddable":true,"href":"https:\/\/infoelnuevonorte.com\/index.php?rest_route=%2Fwp%2Fv2%2Fcomments&post=82683"}],"version-history":[{"count":1,"href":"https:\/\/infoelnuevonorte.com\/index.php?rest_route=\/wp\/v2\/posts\/82683\/revisions"}],"predecessor-version":[{"id":82689,"href":"https:\/\/infoelnuevonorte.com\/index.php?rest_route=\/wp\/v2\/posts\/82683\/revisions\/82689"}],"wp:attachment":[{"href":"https:\/\/infoelnuevonorte.com\/index.php?rest_route=%2Fwp%2Fv2%2Fmedia&parent=82683"}],"wp:term":[{"taxonomy":"category","embeddable":true,"href":"https:\/\/infoelnuevonorte.com\/index.php?rest_route=%2Fwp%2Fv2%2Fcategories&post=82683"},{"taxonomy":"post_tag","embeddable":true,"href":"https:\/\/infoelnuevonorte.com\/index.php?rest_route=%2Fwp%2Fv2%2Ftags&post=82683"}],"curies":[{"name":"wp","href":"https:\/\/api.w.org\/{rel}","templated":true}]}}