{"id":82694,"date":"2025-02-24T18:03:42","date_gmt":"2025-02-24T22:03:42","guid":{"rendered":"https:\/\/infoelnuevonorte.com\/?p=82694"},"modified":"2025-02-24T18:03:44","modified_gmt":"2025-02-24T22:03:44","slug":"tribunal-ratifica-18-meses-de-prision-preventiva-a-imputado-en-operacion-falcon","status":"publish","type":"post","link":"https:\/\/infoelnuevonorte.com\/?p=82694","title":{"rendered":"Tribunal ratifica 18 meses de prisi\u00f3n preventiva a imputado en operaci\u00f3n Falc\u00f3n"},"content":{"rendered":"\n<p><a href=\"https:\/\/deultimominuto.net\/nacionales\/justicia\/\"><\/a><\/p>\n\n\n<div class=\"td_block_wrap tdb_single_content tdi_223 td-pb-border-top td_block_template_1 td-post-content tagdiv-type\" data-td-block-uid=\"tdi_223\">\n<div class=\"tdb-block-inner td-fix-index\">\n<!--[if lt IE 9]><script>document.createElement('audio');<\/script><![endif]-->\n<audio class=\"wp-audio-shortcode\" id=\"audio-82694-1\" preload=\"none\" style=\"width: 100%;\" controls=\"controls\"><source type=\"audio\/mpeg\" src=\"https:\/\/infoelnuevonorte.com\/wp-content\/uploads\/2025\/02\/ttsmaker-vip-file-2025-2-24-18-2-38.mp3?_=1\" \/><a href=\"https:\/\/infoelnuevonorte.com\/wp-content\/uploads\/2025\/02\/ttsmaker-vip-file-2025-2-24-18-2-38.mp3\">https:\/\/infoelnuevonorte.com\/wp-content\/uploads\/2025\/02\/ttsmaker-vip-file-2025-2-24-18-2-38.mp3<\/a><\/audio>\n<p style=\"text-align: justify;\"><strong>Santo Domingo.-\u00a0<\/strong>La<strong>\u00a0Segunda Sala de la C\u00e1mara Penal de la Corte de Apelaci\u00f3n de Santiago<\/strong>\u00a0ratific\u00f3 la prisi\u00f3n preventiva de 18 meses que se impuso a supuesto miembro de la organizaci\u00f3n criminal desarticulada con la operaci\u00f3n Falc\u00f3n, en su versi\u00f3n 2.0, inform\u00f3 este lunes la\u00a0<strong>Procuradur\u00eda General de la Rep\u00fablica (PGR).<\/strong><\/p>\n<p style=\"text-align: justify;\">La decisi\u00f3n de la corte, presidida por la magistrada Herminia Garc\u00eda, e integrada por los jueces V\u00edctor Jos\u00e9 Ure\u00f1a y Clara Vargas, confirma la prisi\u00f3n preventiva que el juez\u00a0<strong>Jos\u00e9 Rafael D\u2019 As\u00eds, de la Oficina Judicial de Servicios de Atenci\u00f3n Permanente de la jurisdicci\u00f3n de Santiago,<\/strong>\u00a0impuso contra\u00a0<strong>Joel Sosa Polanco (Psosa, Manteca y\/o Panano)\u00a0<\/strong>por un tiempo de 18 meses.<\/p>\n<p style=\"text-align: justify;\">En su decisi\u00f3n, el tribunal tambi\u00e9n declar\u00f3 el proceso de tramitaci\u00f3n compleja, destac\u00f3 el Ministerio P\u00fablico en un comunicado.<\/p>\n<p style=\"text-align: justify;\">Sosa Polanco es otro de los socios y parientes del presunto cabecilla y patrocinador de la estructura, Erick Randhiel Mosquea Polanco quien, al estilo de las mafias italianas, se rode\u00f3 de un clan familiar para conformar la red y redistribuir entre ellos roles y compromisos de sus m\u00faltiples actividades il\u00edcitas, agreg\u00f3 la informaci\u00f3n.<\/p>\n<p style=\"text-align: justify;\">En el engrosado expediente el \u00f3rgano investigador hace constar, respaldado en las pruebas que ha recolectado, la afiliaci\u00f3n de Sosa Polanco con la estructura del crimen organizado en la que cumpl\u00eda con varias funciones, incluyendo ser testaferro de su pariente, Mosquea Polanco.<\/p>\n<p style=\"text-align: justify;\">Ante el pleno, la procuradora de Corte, \u00c1ngela Pe\u00f1a, en representaci\u00f3n del Ministerio P\u00fablico, enumer\u00f3 los distintos elementos probatorios que confirman la vinculaci\u00f3n del imputado con la estructura que patrocinaba y dirig\u00eda Mosquea Polanco.<\/p>\n<p style=\"text-align: justify;\">Pe\u00f1a sostuvo que, el procesado, un hombre de la entera confianza del l\u00edder de la estructura, prestaba su nombre para figurar como propietario de veh\u00edculos de motor que eran propiedad del investigado Erick Randhiel, veh\u00edculos que eran empleados por Sosa Polanco para llevar a cabo \u00abtareas esenciales\u00bb para el tr\u00e1fico internacional de sustancias controladas.<\/p>\n<p style=\"text-align: justify;\">Acerca de la pertinencia de ratificar la prisi\u00f3n preventiva, la procuradora de Corte manifest\u00f3 al tribunal que el peligro de fuga se mantiene latente, por cuanto se trata de un imputado que, por dem\u00e1s, estuvo 4 a\u00f1os pr\u00f3fugo, intentando evadir la justicia.<\/p>\n<p style=\"text-align: justify;\">Entre otros argumentos, el Ministerio P\u00fablico refiri\u00f3 sobre el allanamiento que se le practic\u00f3 al domicilio del procesado en Santiago, donde las autoridades se incautaron de municiones y otros artefactos para fusil M-16; varias porciones de distintos tipos de drogas, incluyendo coca\u00edna y hero\u00edna, veh\u00edculos y documentos que confirmaron su vinculaci\u00f3n con la estructura.<\/p>\n<p style=\"text-align: justify;\">Parte de sus compromisos en la organizaci\u00f3n eran los de recibir, movilizar, transportar e ingresar en la econom\u00eda local las sumas percibidas por Erick Randhiel Mosquea Polanco.<\/p>\n<p style=\"text-align: justify;\">Sosa Polanco enfrenta cargos por constituirse en asociaci\u00f3n de malhechores, tr\u00e1fico de drogas y patrocinio del narcotr\u00e1fico, narcotr\u00e1fico internacional, lavado de activos y violaci\u00f3n a la ley de armas.<\/p>\n<p style=\"text-align: justify;\">En su investigaci\u00f3n, la Fiscal\u00eda de Santiago evidenci\u00f3 que Sosa Polanco aparentaba tener una ostentosa vida. Resid\u00eda en una lujosa vivienda de un sector de clase alta, y conduc\u00eda veh\u00edculos de alta gama; todo ello, refiere la investigaci\u00f3n, en una opulencia que contrasta con el oficio que desempe\u00f1aba el imputado en una de las inmobiliarias, donde figura como mensajero, con un sueldo de poco m\u00e1s de 7,000 pesos.<\/p>\n<p style=\"text-align: justify;\">El encartado fue puesto bajo arresto tras su arribo a suelo dominicano, luego de que fuera apresado en Colombia junto a su primo y cabecilla de la organizaci\u00f3n criminal, Erick Randhiel Mosquea Polanco.<\/p>\n<\/div>\n<\/div>\n<div class=\"td_block_wrap tdb_single_tags tdi_224 td-pb-border-top td_block_template_1\" style=\"text-align: justify;\" data-td-block-uid=\"tdi_224\">\u00a0<\/div>","protected":false},"excerpt":{"rendered":"<p>Santo Domingo.-\u00a0La\u00a0Segunda Sala de la C\u00e1mara Penal de la Corte de Apelaci\u00f3n de Santiago\u00a0ratific\u00f3 la prisi\u00f3n preventiva de 18 meses que se impuso a supuesto miembro de la organizaci\u00f3n criminal desarticulada con la operaci\u00f3n Falc\u00f3n, en su versi\u00f3n 2.0, inform\u00f3 este lunes la\u00a0Procuradur\u00eda General de la Rep\u00fablica (PGR). La decisi\u00f3n de la corte, presidida por [&hellip;]<\/p>\n","protected":false},"author":2,"featured_media":0,"comment_status":"closed","ping_status":"open","sticky":false,"template":"","format":"standard","meta":{"footnotes":""},"categories":[8],"tags":[],"yoast_head":"<!-- This site is optimized with the Yoast SEO plugin v24.5 - https:\/\/yoast.com\/wordpress\/plugins\/seo\/ -->\n<title>Tribunal ratifica 18 meses de prisi\u00f3n preventiva a imputado en operaci\u00f3n Falc\u00f3n | El Nuevo Norte<\/title>\n<meta name=\"robots\" content=\"index, follow, max-snippet:-1, max-image-preview:large, max-video-preview:-1\" \/>\n<link rel=\"canonical\" href=\"https:\/\/infoelnuevonorte.com\/?p=82694\" \/>\n<meta property=\"og:locale\" content=\"es_ES\" \/>\n<meta property=\"og:type\" content=\"article\" \/>\n<meta property=\"og:title\" content=\"Tribunal ratifica 18 meses de prisi\u00f3n preventiva a imputado en operaci\u00f3n Falc\u00f3n | El Nuevo Norte\" \/>\n<meta property=\"og:description\" content=\"Santo Domingo.-\u00a0La\u00a0Segunda Sala de la C\u00e1mara Penal de la Corte de Apelaci\u00f3n de Santiago\u00a0ratific\u00f3 la prisi\u00f3n preventiva de 18 meses que se impuso a supuesto miembro de la organizaci\u00f3n criminal desarticulada con la operaci\u00f3n Falc\u00f3n, en su versi\u00f3n 2.0, inform\u00f3 este lunes la\u00a0Procuradur\u00eda General de la Rep\u00fablica (PGR). La decisi\u00f3n de la corte, presidida por [&hellip;]\" \/>\n<meta property=\"og:url\" content=\"https:\/\/infoelnuevonorte.com\/?p=82694\" \/>\n<meta property=\"og:site_name\" content=\"El Nuevo Norte\" \/>\n<meta property=\"article:publisher\" content=\"https:\/\/www.facebook.com\/infoenn\" \/>\n<meta property=\"article:published_time\" content=\"2025-02-24T22:03:42+00:00\" \/>\n<meta property=\"article:modified_time\" content=\"2025-02-24T22:03:44+00:00\" \/>\n<meta property=\"og:image\" content=\"https:\/\/infoelnuevonorte.com\/wp-content\/uploads\/2025\/02\/descarga-2025-02-24T180034.627.png\" \/>\n\t<meta property=\"og:image:width\" content=\"1030\" \/>\n\t<meta property=\"og:image:height\" content=\"686\" \/>\n\t<meta property=\"og:image:type\" content=\"image\/png\" \/>\n<meta name=\"author\" content=\"T. R.\" \/>\n<meta name=\"twitter:card\" content=\"summary_large_image\" \/>\n<meta name=\"twitter:creator\" content=\"@Elnuevo_norte\" \/>\n<meta name=\"twitter:site\" content=\"@Elnuevo_norte\" \/>\n<meta name=\"twitter:label1\" content=\"Written by\" \/>\n\t<meta name=\"twitter:data1\" content=\"T. R.\" \/>\n\t<meta name=\"twitter:label2\" content=\"Est. reading time\" \/>\n\t<meta name=\"twitter:data2\" content=\"3 minutos\" \/>\n<script type=\"application\/ld+json\" class=\"yoast-schema-graph\">{\"@context\":\"https:\/\/schema.org\",\"@graph\":[{\"@type\":\"Article\",\"@id\":\"https:\/\/infoelnuevonorte.com\/?p=82694#article\",\"isPartOf\":{\"@id\":\"https:\/\/infoelnuevonorte.com\/?p=82694\"},\"author\":{\"name\":\"T. R.\",\"@id\":\"https:\/\/infoelnuevonorte.com\/#\/schema\/person\/3accb35eb55f55e96c492b52d085a403\"},\"headline\":\"Tribunal ratifica 18 meses de prisi\u00f3n preventiva a imputado en operaci\u00f3n Falc\u00f3n\",\"datePublished\":\"2025-02-24T22:03:42+00:00\",\"dateModified\":\"2025-02-24T22:03:44+00:00\",\"mainEntityOfPage\":{\"@id\":\"https:\/\/infoelnuevonorte.com\/?p=82694\"},\"wordCount\":656,\"publisher\":{\"@id\":\"https:\/\/infoelnuevonorte.com\/#organization\"},\"articleSection\":[\"Nacionales\"],\"inLanguage\":\"es-DO\"},{\"@type\":\"WebPage\",\"@id\":\"https:\/\/infoelnuevonorte.com\/?p=82694\",\"url\":\"https:\/\/infoelnuevonorte.com\/?p=82694\",\"name\":\"Tribunal ratifica 18 meses de prisi\u00f3n preventiva a imputado en operaci\u00f3n Falc\u00f3n | El Nuevo Norte\",\"isPartOf\":{\"@id\":\"https:\/\/infoelnuevonorte.com\/#website\"},\"datePublished\":\"2025-02-24T22:03:42+00:00\",\"dateModified\":\"2025-02-24T22:03:44+00:00\",\"breadcrumb\":{\"@id\":\"https:\/\/infoelnuevonorte.com\/?p=82694#breadcrumb\"},\"inLanguage\":\"es-DO\",\"potentialAction\":[{\"@type\":\"ReadAction\",\"target\":[\"https:\/\/infoelnuevonorte.com\/?p=82694\"]}]},{\"@type\":\"BreadcrumbList\",\"@id\":\"https:\/\/infoelnuevonorte.com\/?p=82694#breadcrumb\",\"itemListElement\":[{\"@type\":\"ListItem\",\"position\":1,\"name\":\"Home\",\"item\":\"https:\/\/infoelnuevonorte.com\/\"},{\"@type\":\"ListItem\",\"position\":2,\"name\":\"Tribunal ratifica 18 meses de prisi\u00f3n preventiva a imputado en operaci\u00f3n Falc\u00f3n\"}]},{\"@type\":\"WebSite\",\"@id\":\"https:\/\/infoelnuevonorte.com\/#website\",\"url\":\"https:\/\/infoelnuevonorte.com\/\",\"name\":\"InfoEnn\",\"description\":\"Tu Voz, tu Verdad, tu Diario!!!\",\"publisher\":{\"@id\":\"https:\/\/infoelnuevonorte.com\/#organization\"},\"alternateName\":\"El Nuevo Norte\",\"potentialAction\":[{\"@type\":\"SearchAction\",\"target\":{\"@type\":\"EntryPoint\",\"urlTemplate\":\"https:\/\/infoelnuevonorte.com\/?s={search_term_string}\"},\"query-input\":{\"@type\":\"PropertyValueSpecification\",\"valueRequired\":true,\"valueName\":\"search_term_string\"}}],\"inLanguage\":\"es-DO\"},{\"@type\":\"Organization\",\"@id\":\"https:\/\/infoelnuevonorte.com\/#organization\",\"name\":\"Info El Nuevo Norte\",\"alternateName\":\"El Nuevo Norte\",\"url\":\"https:\/\/infoelnuevonorte.com\/\",\"logo\":{\"@type\":\"ImageObject\",\"inLanguage\":\"es-DO\",\"@id\":\"https:\/\/infoelnuevonorte.com\/#\/schema\/logo\/image\/\",\"url\":\"https:\/\/infoelnuevonorte.com\/wp-content\/uploads\/2026\/02\/Logo-Info-enn-3d-20ani.jpeg\",\"contentUrl\":\"https:\/\/infoelnuevonorte.com\/wp-content\/uploads\/2026\/02\/Logo-Info-enn-3d-20ani.jpeg\",\"width\":2046,\"height\":736,\"caption\":\"Info El Nuevo Norte\"},\"image\":{\"@id\":\"https:\/\/infoelnuevonorte.com\/#\/schema\/logo\/image\/\"},\"sameAs\":[\"https:\/\/www.facebook.com\/infoenn\",\"https:\/\/x.com\/Elnuevo_norte\",\"https:\/\/www.instagram.com\/infoenn\",\"https:\/\/www.facebook.com\/ENNRD\"]},{\"@type\":\"Person\",\"@id\":\"https:\/\/infoelnuevonorte.com\/#\/schema\/person\/3accb35eb55f55e96c492b52d085a403\",\"name\":\"T. R.\",\"image\":{\"@type\":\"ImageObject\",\"inLanguage\":\"es-DO\",\"@id\":\"https:\/\/infoelnuevonorte.com\/#\/schema\/person\/image\/\",\"url\":\"https:\/\/secure.gravatar.com\/avatar\/40543a038bda97abdb765b1662e9677d?s=96&d=robohash&r=g\",\"contentUrl\":\"https:\/\/secure.gravatar.com\/avatar\/40543a038bda97abdb765b1662e9677d?s=96&d=robohash&r=g\",\"caption\":\"T. R.\"},\"url\":\"https:\/\/infoelnuevonorte.com\/?author=2\"}]}<\/script>\n<!-- \/ Yoast SEO plugin. -->","yoast_head_json":{"title":"Tribunal ratifica 18 meses de prisi\u00f3n preventiva a imputado en operaci\u00f3n Falc\u00f3n | El Nuevo Norte","robots":{"index":"index","follow":"follow","max-snippet":"max-snippet:-1","max-image-preview":"max-image-preview:large","max-video-preview":"max-video-preview:-1"},"canonical":"https:\/\/infoelnuevonorte.com\/?p=82694","og_locale":"es_ES","og_type":"article","og_title":"Tribunal ratifica 18 meses de prisi\u00f3n preventiva a imputado en operaci\u00f3n Falc\u00f3n | El Nuevo Norte","og_description":"Santo Domingo.-\u00a0La\u00a0Segunda Sala de la C\u00e1mara Penal de la Corte de Apelaci\u00f3n de Santiago\u00a0ratific\u00f3 la prisi\u00f3n preventiva de 18 meses que se impuso a supuesto miembro de la organizaci\u00f3n criminal desarticulada con la operaci\u00f3n Falc\u00f3n, en su versi\u00f3n 2.0, inform\u00f3 este lunes la\u00a0Procuradur\u00eda General de la Rep\u00fablica (PGR). La decisi\u00f3n de la corte, presidida por [&hellip;]","og_url":"https:\/\/infoelnuevonorte.com\/?p=82694","og_site_name":"El Nuevo Norte","article_publisher":"https:\/\/www.facebook.com\/infoenn","article_published_time":"2025-02-24T22:03:42+00:00","article_modified_time":"2025-02-24T22:03:44+00:00","og_image":[{"width":1030,"height":686,"url":"https:\/\/infoelnuevonorte.com\/wp-content\/uploads\/2025\/02\/descarga-2025-02-24T180034.627.png","type":"image\/png"}],"author":"T. R.","twitter_card":"summary_large_image","twitter_creator":"@Elnuevo_norte","twitter_site":"@Elnuevo_norte","twitter_misc":{"Written by":"T. R.","Est. reading time":"3 minutos"},"schema":{"@context":"https:\/\/schema.org","@graph":[{"@type":"Article","@id":"https:\/\/infoelnuevonorte.com\/?p=82694#article","isPartOf":{"@id":"https:\/\/infoelnuevonorte.com\/?p=82694"},"author":{"name":"T. R.","@id":"https:\/\/infoelnuevonorte.com\/#\/schema\/person\/3accb35eb55f55e96c492b52d085a403"},"headline":"Tribunal ratifica 18 meses de prisi\u00f3n preventiva a imputado en operaci\u00f3n Falc\u00f3n","datePublished":"2025-02-24T22:03:42+00:00","dateModified":"2025-02-24T22:03:44+00:00","mainEntityOfPage":{"@id":"https:\/\/infoelnuevonorte.com\/?p=82694"},"wordCount":656,"publisher":{"@id":"https:\/\/infoelnuevonorte.com\/#organization"},"articleSection":["Nacionales"],"inLanguage":"es-DO"},{"@type":"WebPage","@id":"https:\/\/infoelnuevonorte.com\/?p=82694","url":"https:\/\/infoelnuevonorte.com\/?p=82694","name":"Tribunal ratifica 18 meses de prisi\u00f3n preventiva a imputado en operaci\u00f3n Falc\u00f3n | El Nuevo Norte","isPartOf":{"@id":"https:\/\/infoelnuevonorte.com\/#website"},"datePublished":"2025-02-24T22:03:42+00:00","dateModified":"2025-02-24T22:03:44+00:00","breadcrumb":{"@id":"https:\/\/infoelnuevonorte.com\/?p=82694#breadcrumb"},"inLanguage":"es-DO","potentialAction":[{"@type":"ReadAction","target":["https:\/\/infoelnuevonorte.com\/?p=82694"]}]},{"@type":"BreadcrumbList","@id":"https:\/\/infoelnuevonorte.com\/?p=82694#breadcrumb","itemListElement":[{"@type":"ListItem","position":1,"name":"Home","item":"https:\/\/infoelnuevonorte.com\/"},{"@type":"ListItem","position":2,"name":"Tribunal ratifica 18 meses de prisi\u00f3n preventiva a imputado en operaci\u00f3n Falc\u00f3n"}]},{"@type":"WebSite","@id":"https:\/\/infoelnuevonorte.com\/#website","url":"https:\/\/infoelnuevonorte.com\/","name":"InfoEnn","description":"Tu Voz, tu Verdad, tu Diario!!!","publisher":{"@id":"https:\/\/infoelnuevonorte.com\/#organization"},"alternateName":"El Nuevo Norte","potentialAction":[{"@type":"SearchAction","target":{"@type":"EntryPoint","urlTemplate":"https:\/\/infoelnuevonorte.com\/?s={search_term_string}"},"query-input":{"@type":"PropertyValueSpecification","valueRequired":true,"valueName":"search_term_string"}}],"inLanguage":"es-DO"},{"@type":"Organization","@id":"https:\/\/infoelnuevonorte.com\/#organization","name":"Info El Nuevo Norte","alternateName":"El Nuevo Norte","url":"https:\/\/infoelnuevonorte.com\/","logo":{"@type":"ImageObject","inLanguage":"es-DO","@id":"https:\/\/infoelnuevonorte.com\/#\/schema\/logo\/image\/","url":"https:\/\/infoelnuevonorte.com\/wp-content\/uploads\/2026\/02\/Logo-Info-enn-3d-20ani.jpeg","contentUrl":"https:\/\/infoelnuevonorte.com\/wp-content\/uploads\/2026\/02\/Logo-Info-enn-3d-20ani.jpeg","width":2046,"height":736,"caption":"Info El Nuevo Norte"},"image":{"@id":"https:\/\/infoelnuevonorte.com\/#\/schema\/logo\/image\/"},"sameAs":["https:\/\/www.facebook.com\/infoenn","https:\/\/x.com\/Elnuevo_norte","https:\/\/www.instagram.com\/infoenn","https:\/\/www.facebook.com\/ENNRD"]},{"@type":"Person","@id":"https:\/\/infoelnuevonorte.com\/#\/schema\/person\/3accb35eb55f55e96c492b52d085a403","name":"T. R.","image":{"@type":"ImageObject","inLanguage":"es-DO","@id":"https:\/\/infoelnuevonorte.com\/#\/schema\/person\/image\/","url":"https:\/\/secure.gravatar.com\/avatar\/40543a038bda97abdb765b1662e9677d?s=96&d=robohash&r=g","contentUrl":"https:\/\/secure.gravatar.com\/avatar\/40543a038bda97abdb765b1662e9677d?s=96&d=robohash&r=g","caption":"T. R."},"url":"https:\/\/infoelnuevonorte.com\/?author=2"}]}},"_links":{"self":[{"href":"https:\/\/infoelnuevonorte.com\/index.php?rest_route=\/wp\/v2\/posts\/82694"}],"collection":[{"href":"https:\/\/infoelnuevonorte.com\/index.php?rest_route=\/wp\/v2\/posts"}],"about":[{"href":"https:\/\/infoelnuevonorte.com\/index.php?rest_route=\/wp\/v2\/types\/post"}],"author":[{"embeddable":true,"href":"https:\/\/infoelnuevonorte.com\/index.php?rest_route=\/wp\/v2\/users\/2"}],"replies":[{"embeddable":true,"href":"https:\/\/infoelnuevonorte.com\/index.php?rest_route=%2Fwp%2Fv2%2Fcomments&post=82694"}],"version-history":[{"count":1,"href":"https:\/\/infoelnuevonorte.com\/index.php?rest_route=\/wp\/v2\/posts\/82694\/revisions"}],"predecessor-version":[{"id":82697,"href":"https:\/\/infoelnuevonorte.com\/index.php?rest_route=\/wp\/v2\/posts\/82694\/revisions\/82697"}],"wp:attachment":[{"href":"https:\/\/infoelnuevonorte.com\/index.php?rest_route=%2Fwp%2Fv2%2Fmedia&parent=82694"}],"wp:term":[{"taxonomy":"category","embeddable":true,"href":"https:\/\/infoelnuevonorte.com\/index.php?rest_route=%2Fwp%2Fv2%2Fcategories&post=82694"},{"taxonomy":"post_tag","embeddable":true,"href":"https:\/\/infoelnuevonorte.com\/index.php?rest_route=%2Fwp%2Fv2%2Ftags&post=82694"}],"curies":[{"name":"wp","href":"https:\/\/api.w.org\/{rel}","templated":true}]}}