{"id":82714,"date":"2025-02-24T18:56:30","date_gmt":"2025-02-24T22:56:30","guid":{"rendered":"https:\/\/infoelnuevonorte.com\/?p=82714"},"modified":"2025-02-24T18:56:32","modified_gmt":"2025-02-24T22:56:32","slug":"gobierno-presentara-proyecto-de-ley-hara-mas-drasticas-sanciones-a-la-trata-de-personas","status":"publish","type":"post","link":"https:\/\/infoelnuevonorte.com\/?p=82714","title":{"rendered":"Gobierno presentar\u00e1 proyecto de ley har\u00e1 \u00abm\u00e1s dr\u00e1sticas\u00bb sanciones a la trata de personas"},"content":{"rendered":"\n<p><a href=\"https:\/\/deultimominuto.net\/nacionales\/\"><\/a><\/p>\n\n\n<div class=\"td_block_wrap tdb_single_content tdi_223 td-pb-border-top td_block_template_1 td-post-content tagdiv-type\" data-td-block-uid=\"tdi_223\">\n<div class=\"tdb-block-inner td-fix-index\">\n<!--[if lt IE 9]><script>document.createElement('audio');<\/script><![endif]-->\n<audio class=\"wp-audio-shortcode\" id=\"audio-82714-1\" preload=\"none\" style=\"width: 100%;\" controls=\"controls\"><source type=\"audio\/mpeg\" src=\"https:\/\/infoelnuevonorte.com\/wp-content\/uploads\/2025\/02\/ttsmaker-vip-file-2025-2-24-18-55-36.mp3?_=1\" \/><a href=\"https:\/\/infoelnuevonorte.com\/wp-content\/uploads\/2025\/02\/ttsmaker-vip-file-2025-2-24-18-55-36.mp3\">https:\/\/infoelnuevonorte.com\/wp-content\/uploads\/2025\/02\/ttsmaker-vip-file-2025-2-24-18-55-36.mp3<\/a><\/audio>\n<p style=\"text-align: justify;\"><strong>Santo Domingo.-<\/strong>\u00a0El Gobierno se propone presentar ante el Congreso Nacional un proyecto de ley que, de ser aprobado, contemplar\u00eda medidas \u00abm\u00e1s dr\u00e1sticas\u00bb contra quienes se dedican a la trata de personas.<\/p>\n<p style=\"text-align: justify;\">As\u00ed lo revel\u00f3 este lunes el presidente Luis Abinader, quien afirm\u00f3 que \u00abno hay pa\u00eds\u00bb que haga frontera con una naci\u00f3n tan \u00abinestable\u00bb como Hait\u00ed.<\/p>\n<p style=\"text-align: justify;\">\u00abEs un gran reto fortalecer el control migratorio; en la frontera hay desplegados unos 10,000 soldados, la mayor\u00eda del Ej\u00e9rcito\u00bb, record\u00f3 Abinader durante su rueda de prensa de los lunes desde el Palacio Nacional.<\/p>\n<p style=\"text-align: justify;\">Reiter\u00f3 que el proyecto de ley que piensa enviar a las c\u00e1maras legislativas procura hacer \u00abm\u00e1s dr\u00e1sticas\u00bb las sanciones a los que trafican con personas y dijo que los militares que resguardan la frontera podr\u00edan estar en otros servicios, pero que la situaci\u00f3n en Hait\u00ed no lo permite.<\/p>\n<p style=\"text-align: justify;\">El gobernante, por otra parte, dijo que el crecimiento econ\u00f3mico de un pa\u00eds no resuelve autom\u00e1ticamente todos los problemas, sino que estos hacen mejorar parcialmente la econom\u00eda, ya que los requerimientos de necesidades son infinitas y los recursos finitos.<\/p>\n<p style=\"text-align: justify;\">\u00ab\u00bfEn qu\u00e9 pa\u00eds del mundo no hay inflaci\u00f3n (\u2026) eso es normal, lo que sucede es que la inflaci\u00f3n es menor aqu\u00ed que en muchos pa\u00edses, es la din\u00e1mica de la econom\u00eda que algunos art\u00edculos suban de precio, pero hemos logrado, y lo dice la Cepal (Comisi\u00f3n Econ\u00f3mica para Am\u00e9rica Latina), que hemos subido el salario real por encima de la inflaci\u00f3n\u00bb, afirm\u00f3 Abinader.<\/p>\n<p style=\"text-align: justify;\">Dijo estar \u00abmuy consciente\u00bb de que en el sector p\u00fablico hay salarios \u00abmuy bajos\u00bb, especialmente el salario m\u00ednimo, y que su Gobierno est\u00e1 estudiando las posibilidades de realizar un aumento salarial.<\/p>\n<p style=\"text-align: justify;\">El presiente minimiz\u00f3 los aumentos en la tasa del d\u00f3lar y rechaz\u00f3 que el denunciado aumento del arroz se deba a falta de producci\u00f3n. Consider\u00f3 que los propios productores arroceros desmintieron que haya escasez del producto, uno de los de mayor consumo de los dominicanos.<\/p>\n<p style=\"text-align: justify;\">\u00abHay abundancia de d\u00f3lares en el mercado, gracias a los aportes de sectores como el turismo y las exportaciones. Otras monedas se han devaluado hasta en un 7 % debido a la inflaci\u00f3n en Estados Unidos, ya que hay expectativas de que las tasas de inter\u00e9s suban en Estados Unidos y esto crea situaciones que nada tienen que ver con la econom\u00eda dominicana\u00bb, refiri\u00f3.<\/p>\n<\/div>\n<\/div>\n<div class=\"td_block_wrap tdb_single_tags tdi_224 td-pb-border-top td_block_template_1\" style=\"text-align: justify;\" data-td-block-uid=\"tdi_224\">\u00a0<\/div>","protected":false},"excerpt":{"rendered":"<p>Santo Domingo.-\u00a0El Gobierno se propone presentar ante el Congreso Nacional un proyecto de ley que, de ser aprobado, contemplar\u00eda medidas \u00abm\u00e1s dr\u00e1sticas\u00bb contra quienes se dedican a la trata de personas. As\u00ed lo revel\u00f3 este lunes el presidente Luis Abinader, quien afirm\u00f3 que \u00abno hay pa\u00eds\u00bb que haga frontera con una naci\u00f3n tan \u00abinestable\u00bb como [&hellip;]<\/p>\n","protected":false},"author":2,"featured_media":0,"comment_status":"closed","ping_status":"open","sticky":false,"template":"","format":"standard","meta":{"footnotes":""},"categories":[8],"tags":[],"yoast_head":"<!-- This site is optimized with the Yoast SEO plugin v24.5 - https:\/\/yoast.com\/wordpress\/plugins\/seo\/ -->\n<title>Gobierno presentar\u00e1 proyecto de ley har\u00e1 \u00abm\u00e1s dr\u00e1sticas\u00bb sanciones a la trata de personas | El Nuevo Norte<\/title>\n<meta name=\"robots\" content=\"index, follow, max-snippet:-1, max-image-preview:large, max-video-preview:-1\" \/>\n<link rel=\"canonical\" href=\"https:\/\/infoelnuevonorte.com\/?p=82714\" \/>\n<meta property=\"og:locale\" content=\"es_ES\" \/>\n<meta property=\"og:type\" content=\"article\" \/>\n<meta property=\"og:title\" content=\"Gobierno presentar\u00e1 proyecto de ley har\u00e1 \u00abm\u00e1s dr\u00e1sticas\u00bb sanciones a la trata de personas | El Nuevo Norte\" \/>\n<meta property=\"og:description\" content=\"Santo Domingo.-\u00a0El Gobierno se propone presentar ante el Congreso Nacional un proyecto de ley que, de ser aprobado, contemplar\u00eda medidas \u00abm\u00e1s dr\u00e1sticas\u00bb contra quienes se dedican a la trata de personas. As\u00ed lo revel\u00f3 este lunes el presidente Luis Abinader, quien afirm\u00f3 que \u00abno hay pa\u00eds\u00bb que haga frontera con una naci\u00f3n tan \u00abinestable\u00bb como [&hellip;]\" \/>\n<meta property=\"og:url\" content=\"https:\/\/infoelnuevonorte.com\/?p=82714\" \/>\n<meta property=\"og:site_name\" content=\"El Nuevo Norte\" \/>\n<meta property=\"article:publisher\" content=\"https:\/\/www.facebook.com\/infoenn\" \/>\n<meta property=\"article:published_time\" content=\"2025-02-24T22:56:30+00:00\" \/>\n<meta property=\"article:modified_time\" content=\"2025-02-24T22:56:32+00:00\" \/>\n<meta property=\"og:image\" content=\"https:\/\/infoelnuevonorte.com\/wp-content\/uploads\/2025\/02\/descarga-2025-02-24T185259.254.png\" \/>\n\t<meta property=\"og:image:width\" content=\"350\" \/>\n\t<meta property=\"og:image:height\" content=\"200\" \/>\n\t<meta property=\"og:image:type\" content=\"image\/png\" \/>\n<meta name=\"author\" content=\"T. R.\" \/>\n<meta name=\"twitter:card\" content=\"summary_large_image\" \/>\n<meta name=\"twitter:creator\" content=\"@Elnuevo_norte\" \/>\n<meta name=\"twitter:site\" content=\"@Elnuevo_norte\" \/>\n<meta name=\"twitter:label1\" content=\"Written by\" \/>\n\t<meta name=\"twitter:data1\" content=\"T. R.\" \/>\n\t<meta name=\"twitter:label2\" content=\"Est. reading time\" \/>\n\t<meta name=\"twitter:data2\" content=\"2 minutos\" \/>\n<script type=\"application\/ld+json\" class=\"yoast-schema-graph\">{\"@context\":\"https:\/\/schema.org\",\"@graph\":[{\"@type\":\"Article\",\"@id\":\"https:\/\/infoelnuevonorte.com\/?p=82714#article\",\"isPartOf\":{\"@id\":\"https:\/\/infoelnuevonorte.com\/?p=82714\"},\"author\":{\"name\":\"T. R.\",\"@id\":\"https:\/\/infoelnuevonorte.com\/#\/schema\/person\/3accb35eb55f55e96c492b52d085a403\"},\"headline\":\"Gobierno presentar\u00e1 proyecto de ley har\u00e1 \u00abm\u00e1s dr\u00e1sticas\u00bb sanciones a la trata de personas\",\"datePublished\":\"2025-02-24T22:56:30+00:00\",\"dateModified\":\"2025-02-24T22:56:32+00:00\",\"mainEntityOfPage\":{\"@id\":\"https:\/\/infoelnuevonorte.com\/?p=82714\"},\"wordCount\":445,\"publisher\":{\"@id\":\"https:\/\/infoelnuevonorte.com\/#organization\"},\"articleSection\":[\"Nacionales\"],\"inLanguage\":\"es-DO\"},{\"@type\":\"WebPage\",\"@id\":\"https:\/\/infoelnuevonorte.com\/?p=82714\",\"url\":\"https:\/\/infoelnuevonorte.com\/?p=82714\",\"name\":\"Gobierno presentar\u00e1 proyecto de ley har\u00e1 \u00abm\u00e1s dr\u00e1sticas\u00bb sanciones a la trata de personas | El Nuevo Norte\",\"isPartOf\":{\"@id\":\"https:\/\/infoelnuevonorte.com\/#website\"},\"datePublished\":\"2025-02-24T22:56:30+00:00\",\"dateModified\":\"2025-02-24T22:56:32+00:00\",\"breadcrumb\":{\"@id\":\"https:\/\/infoelnuevonorte.com\/?p=82714#breadcrumb\"},\"inLanguage\":\"es-DO\",\"potentialAction\":[{\"@type\":\"ReadAction\",\"target\":[\"https:\/\/infoelnuevonorte.com\/?p=82714\"]}]},{\"@type\":\"BreadcrumbList\",\"@id\":\"https:\/\/infoelnuevonorte.com\/?p=82714#breadcrumb\",\"itemListElement\":[{\"@type\":\"ListItem\",\"position\":1,\"name\":\"Home\",\"item\":\"https:\/\/infoelnuevonorte.com\/\"},{\"@type\":\"ListItem\",\"position\":2,\"name\":\"Gobierno presentar\u00e1 proyecto de ley har\u00e1 \u00abm\u00e1s dr\u00e1sticas\u00bb sanciones a la trata de personas\"}]},{\"@type\":\"WebSite\",\"@id\":\"https:\/\/infoelnuevonorte.com\/#website\",\"url\":\"https:\/\/infoelnuevonorte.com\/\",\"name\":\"InfoEnn\",\"description\":\"Tu Voz, tu Verdad, tu Diario!!!\",\"publisher\":{\"@id\":\"https:\/\/infoelnuevonorte.com\/#organization\"},\"alternateName\":\"El Nuevo Norte\",\"potentialAction\":[{\"@type\":\"SearchAction\",\"target\":{\"@type\":\"EntryPoint\",\"urlTemplate\":\"https:\/\/infoelnuevonorte.com\/?s={search_term_string}\"},\"query-input\":{\"@type\":\"PropertyValueSpecification\",\"valueRequired\":true,\"valueName\":\"search_term_string\"}}],\"inLanguage\":\"es-DO\"},{\"@type\":\"Organization\",\"@id\":\"https:\/\/infoelnuevonorte.com\/#organization\",\"name\":\"Info El Nuevo Norte\",\"alternateName\":\"El Nuevo Norte\",\"url\":\"https:\/\/infoelnuevonorte.com\/\",\"logo\":{\"@type\":\"ImageObject\",\"inLanguage\":\"es-DO\",\"@id\":\"https:\/\/infoelnuevonorte.com\/#\/schema\/logo\/image\/\",\"url\":\"https:\/\/infoelnuevonorte.com\/wp-content\/uploads\/2026\/02\/Logo-Info-enn-3d-20ani.jpeg\",\"contentUrl\":\"https:\/\/infoelnuevonorte.com\/wp-content\/uploads\/2026\/02\/Logo-Info-enn-3d-20ani.jpeg\",\"width\":2046,\"height\":736,\"caption\":\"Info El Nuevo Norte\"},\"image\":{\"@id\":\"https:\/\/infoelnuevonorte.com\/#\/schema\/logo\/image\/\"},\"sameAs\":[\"https:\/\/www.facebook.com\/infoenn\",\"https:\/\/x.com\/Elnuevo_norte\",\"https:\/\/www.instagram.com\/infoenn\",\"https:\/\/www.facebook.com\/ENNRD\"]},{\"@type\":\"Person\",\"@id\":\"https:\/\/infoelnuevonorte.com\/#\/schema\/person\/3accb35eb55f55e96c492b52d085a403\",\"name\":\"T. R.\",\"image\":{\"@type\":\"ImageObject\",\"inLanguage\":\"es-DO\",\"@id\":\"https:\/\/infoelnuevonorte.com\/#\/schema\/person\/image\/\",\"url\":\"https:\/\/secure.gravatar.com\/avatar\/40543a038bda97abdb765b1662e9677d?s=96&d=robohash&r=g\",\"contentUrl\":\"https:\/\/secure.gravatar.com\/avatar\/40543a038bda97abdb765b1662e9677d?s=96&d=robohash&r=g\",\"caption\":\"T. R.\"},\"url\":\"https:\/\/infoelnuevonorte.com\/?author=2\"}]}<\/script>\n<!-- \/ Yoast SEO plugin. -->","yoast_head_json":{"title":"Gobierno presentar\u00e1 proyecto de ley har\u00e1 \u00abm\u00e1s dr\u00e1sticas\u00bb sanciones a la trata de personas | El Nuevo Norte","robots":{"index":"index","follow":"follow","max-snippet":"max-snippet:-1","max-image-preview":"max-image-preview:large","max-video-preview":"max-video-preview:-1"},"canonical":"https:\/\/infoelnuevonorte.com\/?p=82714","og_locale":"es_ES","og_type":"article","og_title":"Gobierno presentar\u00e1 proyecto de ley har\u00e1 \u00abm\u00e1s dr\u00e1sticas\u00bb sanciones a la trata de personas | El Nuevo Norte","og_description":"Santo Domingo.-\u00a0El Gobierno se propone presentar ante el Congreso Nacional un proyecto de ley que, de ser aprobado, contemplar\u00eda medidas \u00abm\u00e1s dr\u00e1sticas\u00bb contra quienes se dedican a la trata de personas. As\u00ed lo revel\u00f3 este lunes el presidente Luis Abinader, quien afirm\u00f3 que \u00abno hay pa\u00eds\u00bb que haga frontera con una naci\u00f3n tan \u00abinestable\u00bb como [&hellip;]","og_url":"https:\/\/infoelnuevonorte.com\/?p=82714","og_site_name":"El Nuevo Norte","article_publisher":"https:\/\/www.facebook.com\/infoenn","article_published_time":"2025-02-24T22:56:30+00:00","article_modified_time":"2025-02-24T22:56:32+00:00","og_image":[{"width":350,"height":200,"url":"https:\/\/infoelnuevonorte.com\/wp-content\/uploads\/2025\/02\/descarga-2025-02-24T185259.254.png","type":"image\/png"}],"author":"T. R.","twitter_card":"summary_large_image","twitter_creator":"@Elnuevo_norte","twitter_site":"@Elnuevo_norte","twitter_misc":{"Written by":"T. R.","Est. reading time":"2 minutos"},"schema":{"@context":"https:\/\/schema.org","@graph":[{"@type":"Article","@id":"https:\/\/infoelnuevonorte.com\/?p=82714#article","isPartOf":{"@id":"https:\/\/infoelnuevonorte.com\/?p=82714"},"author":{"name":"T. R.","@id":"https:\/\/infoelnuevonorte.com\/#\/schema\/person\/3accb35eb55f55e96c492b52d085a403"},"headline":"Gobierno presentar\u00e1 proyecto de ley har\u00e1 \u00abm\u00e1s dr\u00e1sticas\u00bb sanciones a la trata de personas","datePublished":"2025-02-24T22:56:30+00:00","dateModified":"2025-02-24T22:56:32+00:00","mainEntityOfPage":{"@id":"https:\/\/infoelnuevonorte.com\/?p=82714"},"wordCount":445,"publisher":{"@id":"https:\/\/infoelnuevonorte.com\/#organization"},"articleSection":["Nacionales"],"inLanguage":"es-DO"},{"@type":"WebPage","@id":"https:\/\/infoelnuevonorte.com\/?p=82714","url":"https:\/\/infoelnuevonorte.com\/?p=82714","name":"Gobierno presentar\u00e1 proyecto de ley har\u00e1 \u00abm\u00e1s dr\u00e1sticas\u00bb sanciones a la trata de personas | El Nuevo Norte","isPartOf":{"@id":"https:\/\/infoelnuevonorte.com\/#website"},"datePublished":"2025-02-24T22:56:30+00:00","dateModified":"2025-02-24T22:56:32+00:00","breadcrumb":{"@id":"https:\/\/infoelnuevonorte.com\/?p=82714#breadcrumb"},"inLanguage":"es-DO","potentialAction":[{"@type":"ReadAction","target":["https:\/\/infoelnuevonorte.com\/?p=82714"]}]},{"@type":"BreadcrumbList","@id":"https:\/\/infoelnuevonorte.com\/?p=82714#breadcrumb","itemListElement":[{"@type":"ListItem","position":1,"name":"Home","item":"https:\/\/infoelnuevonorte.com\/"},{"@type":"ListItem","position":2,"name":"Gobierno presentar\u00e1 proyecto de ley har\u00e1 \u00abm\u00e1s dr\u00e1sticas\u00bb sanciones a la trata de personas"}]},{"@type":"WebSite","@id":"https:\/\/infoelnuevonorte.com\/#website","url":"https:\/\/infoelnuevonorte.com\/","name":"InfoEnn","description":"Tu Voz, tu Verdad, tu Diario!!!","publisher":{"@id":"https:\/\/infoelnuevonorte.com\/#organization"},"alternateName":"El Nuevo Norte","potentialAction":[{"@type":"SearchAction","target":{"@type":"EntryPoint","urlTemplate":"https:\/\/infoelnuevonorte.com\/?s={search_term_string}"},"query-input":{"@type":"PropertyValueSpecification","valueRequired":true,"valueName":"search_term_string"}}],"inLanguage":"es-DO"},{"@type":"Organization","@id":"https:\/\/infoelnuevonorte.com\/#organization","name":"Info El Nuevo Norte","alternateName":"El Nuevo Norte","url":"https:\/\/infoelnuevonorte.com\/","logo":{"@type":"ImageObject","inLanguage":"es-DO","@id":"https:\/\/infoelnuevonorte.com\/#\/schema\/logo\/image\/","url":"https:\/\/infoelnuevonorte.com\/wp-content\/uploads\/2026\/02\/Logo-Info-enn-3d-20ani.jpeg","contentUrl":"https:\/\/infoelnuevonorte.com\/wp-content\/uploads\/2026\/02\/Logo-Info-enn-3d-20ani.jpeg","width":2046,"height":736,"caption":"Info El Nuevo Norte"},"image":{"@id":"https:\/\/infoelnuevonorte.com\/#\/schema\/logo\/image\/"},"sameAs":["https:\/\/www.facebook.com\/infoenn","https:\/\/x.com\/Elnuevo_norte","https:\/\/www.instagram.com\/infoenn","https:\/\/www.facebook.com\/ENNRD"]},{"@type":"Person","@id":"https:\/\/infoelnuevonorte.com\/#\/schema\/person\/3accb35eb55f55e96c492b52d085a403","name":"T. R.","image":{"@type":"ImageObject","inLanguage":"es-DO","@id":"https:\/\/infoelnuevonorte.com\/#\/schema\/person\/image\/","url":"https:\/\/secure.gravatar.com\/avatar\/40543a038bda97abdb765b1662e9677d?s=96&d=robohash&r=g","contentUrl":"https:\/\/secure.gravatar.com\/avatar\/40543a038bda97abdb765b1662e9677d?s=96&d=robohash&r=g","caption":"T. R."},"url":"https:\/\/infoelnuevonorte.com\/?author=2"}]}},"_links":{"self":[{"href":"https:\/\/infoelnuevonorte.com\/index.php?rest_route=\/wp\/v2\/posts\/82714"}],"collection":[{"href":"https:\/\/infoelnuevonorte.com\/index.php?rest_route=\/wp\/v2\/posts"}],"about":[{"href":"https:\/\/infoelnuevonorte.com\/index.php?rest_route=\/wp\/v2\/types\/post"}],"author":[{"embeddable":true,"href":"https:\/\/infoelnuevonorte.com\/index.php?rest_route=\/wp\/v2\/users\/2"}],"replies":[{"embeddable":true,"href":"https:\/\/infoelnuevonorte.com\/index.php?rest_route=%2Fwp%2Fv2%2Fcomments&post=82714"}],"version-history":[{"count":1,"href":"https:\/\/infoelnuevonorte.com\/index.php?rest_route=\/wp\/v2\/posts\/82714\/revisions"}],"predecessor-version":[{"id":82717,"href":"https:\/\/infoelnuevonorte.com\/index.php?rest_route=\/wp\/v2\/posts\/82714\/revisions\/82717"}],"wp:attachment":[{"href":"https:\/\/infoelnuevonorte.com\/index.php?rest_route=%2Fwp%2Fv2%2Fmedia&parent=82714"}],"wp:term":[{"taxonomy":"category","embeddable":true,"href":"https:\/\/infoelnuevonorte.com\/index.php?rest_route=%2Fwp%2Fv2%2Fcategories&post=82714"},{"taxonomy":"post_tag","embeddable":true,"href":"https:\/\/infoelnuevonorte.com\/index.php?rest_route=%2Fwp%2Fv2%2Ftags&post=82714"}],"curies":[{"name":"wp","href":"https:\/\/api.w.org\/{rel}","templated":true}]}}