{"id":83387,"date":"2025-02-28T06:29:48","date_gmt":"2025-02-28T10:29:48","guid":{"rendered":"https:\/\/infoelnuevonorte.com\/?p=83387"},"modified":"2025-02-28T06:29:51","modified_gmt":"2025-02-28T10:29:51","slug":"puerto-plata-conmemora-el-181-o-aniversario-de-la-independencia-nacional-con-acto-civico-y-desfile-estudiantil","status":"publish","type":"post","link":"https:\/\/infoelnuevonorte.com\/?p=83387","title":{"rendered":"Puerto Plata conmemora el 181.\u00ba aniversario de la Independencia Nacional con acto c\u00edvico y desfile estudiantil"},"content":{"rendered":"<!--[if lt IE 9]><script>document.createElement('audio');<\/script><![endif]-->\n<audio class=\"wp-audio-shortcode\" id=\"audio-83387-1\" preload=\"none\" style=\"width: 100%;\" controls=\"controls\"><source type=\"audio\/mpeg\" src=\"https:\/\/infoelnuevonorte.com\/wp-content\/uploads\/2025\/02\/ttsmaker-vip-file-2025-2-28-6-26-40.mp3?_=1\" \/><a href=\"https:\/\/infoelnuevonorte.com\/wp-content\/uploads\/2025\/02\/ttsmaker-vip-file-2025-2-28-6-26-40.mp3\">https:\/\/infoelnuevonorte.com\/wp-content\/uploads\/2025\/02\/ttsmaker-vip-file-2025-2-28-6-26-40.mp3<\/a><\/audio>\n<p style=\"text-align: justify;\"><strong>Puerto Plata, RD.<\/strong> \u2013 La Direcci\u00f3n Regional de Educaci\u00f3n 11 de Puerto Plata, en conjunto con la Gobernaci\u00f3n Civil, la Alcald\u00eda de Puerto Plata, el Distrito Educativo 11-02 y la Direcci\u00f3n de Cultura, celebr\u00f3 el 181.\u00ba aniversario de la Independencia Nacional de la Rep\u00fablica Dominicana con un emotivo acto c\u00edvico y un desfile estudiantil.<\/p>\n<p style=\"text-align: justify;\">La actividad cont\u00f3 con la presencia del alcalde Diomedes Roqu\u00e9 Garc\u00eda; el director de la Regional de Educaci\u00f3n 11, Lu\u00eds Jos\u00e9 S\u00e1nchez Baldwin; el director del Distrito Educativo 11-02, Lu\u00eds Reyes; la directora adjunta, Mar\u00eda Rojas; el general Jorge Luis Gal\u00e1n Guerrero; y Lenin Garc\u00eda, en representaci\u00f3n de la Gobernaci\u00f3n Civil. Tambi\u00e9n estuvieron presentes diversas autoridades civiles y militares, junto con una destacada representaci\u00f3n de estudiantes, docentes y l\u00edderes comunitarios.<img loading=\"lazy\" decoding=\"async\" class=\"aligncenter size-full wp-image-83389\" src=\"https:\/\/infoelnuevonorte.com\/wp-content\/uploads\/2025\/02\/WhatsApp-Image-2025-02-27-at-10.11.44-PM.jpeg\" alt=\"\" width=\"1600\" height=\"1066\" \/><\/p>\n<p style=\"text-align: justify;\">El evento inici\u00f3 a las 8:00 de la ma\u00f1ana con el solemne izamiento de la bandera en la Plaza Independencia, seguido del Himno Nacional Dominicano interpretado por la banda de m\u00fasica del Ayuntamiento Municipal. Posteriormente, las instituciones presentes realizaron la entrega de ofrendas florales, se llev\u00f3 a cabo una parada en atenci\u00f3n y un minuto de silencio en honor a los h\u00e9roes de la patria.<\/p>\n<p style=\"text-align: justify;\">La jornada continu\u00f3 con un Tedeum en la Catedral San Felipe Ap\u00f3stol, oficiado por Monse\u00f1or Julio C\u00e9sar Corniel, de la Di\u00f3cesis de Puerto Plata. La rese\u00f1a hist\u00f3rica estuvo a cargo de la estudiante Nashlie Antonela Guzm\u00e1n Almonte, del Hogar Escuela Luisa Ortea, mientras que las palabras centrales fueron pronunciadas por el director regional de Educaci\u00f3n, Luis Jos\u00e9 S\u00e1nchez Baldwin.<\/p>\n\n<p style=\"text-align: justify;\">Tras el Tedeum, 52 centros educativos de Puerto Plata participaron en un desfile patri\u00f3tico, que inici\u00f3 en el Cuarto de Milla del Malec\u00f3n y concluy\u00f3 en la entrada de la avenida Presidente Caama\u00f1o. Durante el recorrido, los estudiantes demostraron su compromiso con la historia y los valores patrios a trav\u00e9s de una vistosa exhibici\u00f3n de organizaci\u00f3n, colorido y civismo, en presencia de miles de espectadores.<\/p>\n<p style=\"text-align: justify;\">Este significativo acto conmemorativo resalt\u00f3 la valent\u00eda y el sacrificio de Juan Pablo Duarte, Mat\u00edas Ram\u00f3n Mella, Francisco del Rosario S\u00e1nchez y todos los patriotas que forjaron una Rep\u00fablica Dominicana libre, independiente y soberana.<\/p>\n<p style=\"text-align: justify;\">Direcci\u00f3n de Comunicaciones<br \/>\nDirecci\u00f3n Regional de Educaci\u00f3n 11 de Puerto Plata<\/p>\n","protected":false},"excerpt":{"rendered":"<p>Puerto Plata, RD. \u2013 La Direcci\u00f3n Regional de Educaci\u00f3n 11 de Puerto Plata, en conjunto con la Gobernaci\u00f3n Civil, la Alcald\u00eda de Puerto Plata, el Distrito Educativo 11-02 y la Direcci\u00f3n de Cultura, celebr\u00f3 el 181.\u00ba aniversario de la Independencia Nacional de la Rep\u00fablica Dominicana con un emotivo acto c\u00edvico y un desfile estudiantil. La [&hellip;]<\/p>\n","protected":false},"author":1,"featured_media":0,"comment_status":"closed","ping_status":"open","sticky":false,"template":"","format":"standard","meta":{"footnotes":""},"categories":[5],"tags":[],"yoast_head":"<!-- This site is optimized with the Yoast SEO plugin v24.5 - https:\/\/yoast.com\/wordpress\/plugins\/seo\/ -->\n<title>Puerto Plata conmemora el 181.\u00ba aniversario de la Independencia Nacional con acto c\u00edvico y desfile estudiantil | El Nuevo Norte<\/title>\n<meta name=\"robots\" content=\"index, follow, max-snippet:-1, max-image-preview:large, max-video-preview:-1\" \/>\n<link rel=\"canonical\" href=\"https:\/\/infoelnuevonorte.com\/?p=83387\" \/>\n<meta property=\"og:locale\" content=\"es_ES\" \/>\n<meta property=\"og:type\" content=\"article\" \/>\n<meta property=\"og:title\" content=\"Puerto Plata conmemora el 181.\u00ba aniversario de la Independencia Nacional con acto c\u00edvico y desfile estudiantil | El Nuevo Norte\" \/>\n<meta property=\"og:description\" content=\"Puerto Plata, RD. \u2013 La Direcci\u00f3n Regional de Educaci\u00f3n 11 de Puerto Plata, en conjunto con la Gobernaci\u00f3n Civil, la Alcald\u00eda de Puerto Plata, el Distrito Educativo 11-02 y la Direcci\u00f3n de Cultura, celebr\u00f3 el 181.\u00ba aniversario de la Independencia Nacional de la Rep\u00fablica Dominicana con un emotivo acto c\u00edvico y un desfile estudiantil. La [&hellip;]\" \/>\n<meta property=\"og:url\" content=\"https:\/\/infoelnuevonorte.com\/?p=83387\" \/>\n<meta property=\"og:site_name\" content=\"El Nuevo Norte\" \/>\n<meta property=\"article:publisher\" content=\"https:\/\/www.facebook.com\/infoenn\" \/>\n<meta property=\"article:published_time\" content=\"2025-02-28T10:29:48+00:00\" \/>\n<meta property=\"article:modified_time\" content=\"2025-02-28T10:29:51+00:00\" \/>\n<meta property=\"og:image\" content=\"https:\/\/infoelnuevonorte.com\/wp-content\/uploads\/2025\/02\/WhatsApp-Image-2025-02-27-at-10.11.43-PM.jpeg\" \/>\n\t<meta property=\"og:image:width\" content=\"1600\" \/>\n\t<meta property=\"og:image:height\" content=\"900\" \/>\n\t<meta property=\"og:image:type\" content=\"image\/jpeg\" \/>\n<meta name=\"author\" content=\"InfoEnn\" \/>\n<meta name=\"twitter:card\" content=\"summary_large_image\" \/>\n<meta name=\"twitter:creator\" content=\"@Elnuevo_norte\" \/>\n<meta name=\"twitter:site\" content=\"@Elnuevo_norte\" \/>\n<meta name=\"twitter:label1\" content=\"Written by\" \/>\n\t<meta name=\"twitter:data1\" content=\"InfoEnn\" \/>\n\t<meta name=\"twitter:label2\" content=\"Est. reading time\" \/>\n\t<meta name=\"twitter:data2\" content=\"3 minutos\" \/>\n<script type=\"application\/ld+json\" class=\"yoast-schema-graph\">{\"@context\":\"https:\/\/schema.org\",\"@graph\":[{\"@type\":\"Article\",\"@id\":\"https:\/\/infoelnuevonorte.com\/?p=83387#article\",\"isPartOf\":{\"@id\":\"https:\/\/infoelnuevonorte.com\/?p=83387\"},\"author\":{\"name\":\"InfoEnn\",\"@id\":\"https:\/\/infoelnuevonorte.com\/#\/schema\/person\/fd4f6d90afe41260818b4ea94ad8ab84\"},\"headline\":\"Puerto Plata conmemora el 181.\u00ba aniversario de la Independencia Nacional con acto c\u00edvico y desfile estudiantil\",\"datePublished\":\"2025-02-28T10:29:48+00:00\",\"dateModified\":\"2025-02-28T10:29:51+00:00\",\"mainEntityOfPage\":{\"@id\":\"https:\/\/infoelnuevonorte.com\/?p=83387\"},\"wordCount\":438,\"publisher\":{\"@id\":\"https:\/\/infoelnuevonorte.com\/#organization\"},\"image\":{\"@id\":\"https:\/\/infoelnuevonorte.com\/?p=83387#primaryimage\"},\"thumbnailUrl\":\"https:\/\/infoelnuevonorte.com\/wp-content\/uploads\/2025\/02\/WhatsApp-Image-2025-02-27-at-10.11.44-PM.jpeg\",\"articleSection\":[\"Del Norte\"],\"inLanguage\":\"es-DO\"},{\"@type\":\"WebPage\",\"@id\":\"https:\/\/infoelnuevonorte.com\/?p=83387\",\"url\":\"https:\/\/infoelnuevonorte.com\/?p=83387\",\"name\":\"Puerto Plata conmemora el 181.\u00ba aniversario de la Independencia Nacional con acto c\u00edvico y desfile estudiantil | El Nuevo Norte\",\"isPartOf\":{\"@id\":\"https:\/\/infoelnuevonorte.com\/#website\"},\"primaryImageOfPage\":{\"@id\":\"https:\/\/infoelnuevonorte.com\/?p=83387#primaryimage\"},\"image\":{\"@id\":\"https:\/\/infoelnuevonorte.com\/?p=83387#primaryimage\"},\"thumbnailUrl\":\"https:\/\/infoelnuevonorte.com\/wp-content\/uploads\/2025\/02\/WhatsApp-Image-2025-02-27-at-10.11.44-PM.jpeg\",\"datePublished\":\"2025-02-28T10:29:48+00:00\",\"dateModified\":\"2025-02-28T10:29:51+00:00\",\"breadcrumb\":{\"@id\":\"https:\/\/infoelnuevonorte.com\/?p=83387#breadcrumb\"},\"inLanguage\":\"es-DO\",\"potentialAction\":[{\"@type\":\"ReadAction\",\"target\":[\"https:\/\/infoelnuevonorte.com\/?p=83387\"]}]},{\"@type\":\"ImageObject\",\"inLanguage\":\"es-DO\",\"@id\":\"https:\/\/infoelnuevonorte.com\/?p=83387#primaryimage\",\"url\":\"https:\/\/infoelnuevonorte.com\/wp-content\/uploads\/2025\/02\/WhatsApp-Image-2025-02-27-at-10.11.44-PM.jpeg\",\"contentUrl\":\"https:\/\/infoelnuevonorte.com\/wp-content\/uploads\/2025\/02\/WhatsApp-Image-2025-02-27-at-10.11.44-PM.jpeg\"},{\"@type\":\"BreadcrumbList\",\"@id\":\"https:\/\/infoelnuevonorte.com\/?p=83387#breadcrumb\",\"itemListElement\":[{\"@type\":\"ListItem\",\"position\":1,\"name\":\"Home\",\"item\":\"https:\/\/infoelnuevonorte.com\/\"},{\"@type\":\"ListItem\",\"position\":2,\"name\":\"Puerto Plata conmemora el 181.\u00ba aniversario de la Independencia Nacional con acto c\u00edvico y desfile estudiantil\"}]},{\"@type\":\"WebSite\",\"@id\":\"https:\/\/infoelnuevonorte.com\/#website\",\"url\":\"https:\/\/infoelnuevonorte.com\/\",\"name\":\"InfoEnn\",\"description\":\"Tu Voz, tu Verdad, tu Diario!!!\",\"publisher\":{\"@id\":\"https:\/\/infoelnuevonorte.com\/#organization\"},\"alternateName\":\"El Nuevo Norte\",\"potentialAction\":[{\"@type\":\"SearchAction\",\"target\":{\"@type\":\"EntryPoint\",\"urlTemplate\":\"https:\/\/infoelnuevonorte.com\/?s={search_term_string}\"},\"query-input\":{\"@type\":\"PropertyValueSpecification\",\"valueRequired\":true,\"valueName\":\"search_term_string\"}}],\"inLanguage\":\"es-DO\"},{\"@type\":\"Organization\",\"@id\":\"https:\/\/infoelnuevonorte.com\/#organization\",\"name\":\"Info El Nuevo Norte\",\"alternateName\":\"El Nuevo Norte\",\"url\":\"https:\/\/infoelnuevonorte.com\/\",\"logo\":{\"@type\":\"ImageObject\",\"inLanguage\":\"es-DO\",\"@id\":\"https:\/\/infoelnuevonorte.com\/#\/schema\/logo\/image\/\",\"url\":\"https:\/\/infoelnuevonorte.com\/wp-content\/uploads\/2026\/02\/Logo-Info-enn-3d-20ani.jpeg\",\"contentUrl\":\"https:\/\/infoelnuevonorte.com\/wp-content\/uploads\/2026\/02\/Logo-Info-enn-3d-20ani.jpeg\",\"width\":2046,\"height\":736,\"caption\":\"Info El Nuevo Norte\"},\"image\":{\"@id\":\"https:\/\/infoelnuevonorte.com\/#\/schema\/logo\/image\/\"},\"sameAs\":[\"https:\/\/www.facebook.com\/infoenn\",\"https:\/\/x.com\/Elnuevo_norte\",\"https:\/\/www.instagram.com\/infoenn\",\"https:\/\/www.facebook.com\/ENNRD\"]},{\"@type\":\"Person\",\"@id\":\"https:\/\/infoelnuevonorte.com\/#\/schema\/person\/fd4f6d90afe41260818b4ea94ad8ab84\",\"name\":\"InfoEnn\",\"image\":{\"@type\":\"ImageObject\",\"inLanguage\":\"es-DO\",\"@id\":\"https:\/\/infoelnuevonorte.com\/#\/schema\/person\/image\/\",\"url\":\"https:\/\/secure.gravatar.com\/avatar\/d4d760a41a48ba9db0a82bfb63bb0783?s=96&d=robohash&r=g\",\"contentUrl\":\"https:\/\/secure.gravatar.com\/avatar\/d4d760a41a48ba9db0a82bfb63bb0783?s=96&d=robohash&r=g\",\"caption\":\"InfoEnn\"},\"sameAs\":[\"https:\/\/infoelnuevonorte.com\"],\"url\":\"https:\/\/infoelnuevonorte.com\/?author=1\"}]}<\/script>\n<!-- \/ Yoast SEO plugin. -->","yoast_head_json":{"title":"Puerto Plata conmemora el 181.\u00ba aniversario de la Independencia Nacional con acto c\u00edvico y desfile estudiantil | El Nuevo Norte","robots":{"index":"index","follow":"follow","max-snippet":"max-snippet:-1","max-image-preview":"max-image-preview:large","max-video-preview":"max-video-preview:-1"},"canonical":"https:\/\/infoelnuevonorte.com\/?p=83387","og_locale":"es_ES","og_type":"article","og_title":"Puerto Plata conmemora el 181.\u00ba aniversario de la Independencia Nacional con acto c\u00edvico y desfile estudiantil | El Nuevo Norte","og_description":"Puerto Plata, RD. \u2013 La Direcci\u00f3n Regional de Educaci\u00f3n 11 de Puerto Plata, en conjunto con la Gobernaci\u00f3n Civil, la Alcald\u00eda de Puerto Plata, el Distrito Educativo 11-02 y la Direcci\u00f3n de Cultura, celebr\u00f3 el 181.\u00ba aniversario de la Independencia Nacional de la Rep\u00fablica Dominicana con un emotivo acto c\u00edvico y un desfile estudiantil. La [&hellip;]","og_url":"https:\/\/infoelnuevonorte.com\/?p=83387","og_site_name":"El Nuevo Norte","article_publisher":"https:\/\/www.facebook.com\/infoenn","article_published_time":"2025-02-28T10:29:48+00:00","article_modified_time":"2025-02-28T10:29:51+00:00","og_image":[{"width":1600,"height":900,"url":"https:\/\/infoelnuevonorte.com\/wp-content\/uploads\/2025\/02\/WhatsApp-Image-2025-02-27-at-10.11.43-PM.jpeg","type":"image\/jpeg"}],"author":"InfoEnn","twitter_card":"summary_large_image","twitter_creator":"@Elnuevo_norte","twitter_site":"@Elnuevo_norte","twitter_misc":{"Written by":"InfoEnn","Est. reading time":"3 minutos"},"schema":{"@context":"https:\/\/schema.org","@graph":[{"@type":"Article","@id":"https:\/\/infoelnuevonorte.com\/?p=83387#article","isPartOf":{"@id":"https:\/\/infoelnuevonorte.com\/?p=83387"},"author":{"name":"InfoEnn","@id":"https:\/\/infoelnuevonorte.com\/#\/schema\/person\/fd4f6d90afe41260818b4ea94ad8ab84"},"headline":"Puerto Plata conmemora el 181.\u00ba aniversario de la Independencia Nacional con acto c\u00edvico y desfile estudiantil","datePublished":"2025-02-28T10:29:48+00:00","dateModified":"2025-02-28T10:29:51+00:00","mainEntityOfPage":{"@id":"https:\/\/infoelnuevonorte.com\/?p=83387"},"wordCount":438,"publisher":{"@id":"https:\/\/infoelnuevonorte.com\/#organization"},"image":{"@id":"https:\/\/infoelnuevonorte.com\/?p=83387#primaryimage"},"thumbnailUrl":"https:\/\/infoelnuevonorte.com\/wp-content\/uploads\/2025\/02\/WhatsApp-Image-2025-02-27-at-10.11.44-PM.jpeg","articleSection":["Del Norte"],"inLanguage":"es-DO"},{"@type":"WebPage","@id":"https:\/\/infoelnuevonorte.com\/?p=83387","url":"https:\/\/infoelnuevonorte.com\/?p=83387","name":"Puerto Plata conmemora el 181.\u00ba aniversario de la Independencia Nacional con acto c\u00edvico y desfile estudiantil | El Nuevo Norte","isPartOf":{"@id":"https:\/\/infoelnuevonorte.com\/#website"},"primaryImageOfPage":{"@id":"https:\/\/infoelnuevonorte.com\/?p=83387#primaryimage"},"image":{"@id":"https:\/\/infoelnuevonorte.com\/?p=83387#primaryimage"},"thumbnailUrl":"https:\/\/infoelnuevonorte.com\/wp-content\/uploads\/2025\/02\/WhatsApp-Image-2025-02-27-at-10.11.44-PM.jpeg","datePublished":"2025-02-28T10:29:48+00:00","dateModified":"2025-02-28T10:29:51+00:00","breadcrumb":{"@id":"https:\/\/infoelnuevonorte.com\/?p=83387#breadcrumb"},"inLanguage":"es-DO","potentialAction":[{"@type":"ReadAction","target":["https:\/\/infoelnuevonorte.com\/?p=83387"]}]},{"@type":"ImageObject","inLanguage":"es-DO","@id":"https:\/\/infoelnuevonorte.com\/?p=83387#primaryimage","url":"https:\/\/infoelnuevonorte.com\/wp-content\/uploads\/2025\/02\/WhatsApp-Image-2025-02-27-at-10.11.44-PM.jpeg","contentUrl":"https:\/\/infoelnuevonorte.com\/wp-content\/uploads\/2025\/02\/WhatsApp-Image-2025-02-27-at-10.11.44-PM.jpeg"},{"@type":"BreadcrumbList","@id":"https:\/\/infoelnuevonorte.com\/?p=83387#breadcrumb","itemListElement":[{"@type":"ListItem","position":1,"name":"Home","item":"https:\/\/infoelnuevonorte.com\/"},{"@type":"ListItem","position":2,"name":"Puerto Plata conmemora el 181.\u00ba aniversario de la Independencia Nacional con acto c\u00edvico y desfile estudiantil"}]},{"@type":"WebSite","@id":"https:\/\/infoelnuevonorte.com\/#website","url":"https:\/\/infoelnuevonorte.com\/","name":"InfoEnn","description":"Tu Voz, tu Verdad, tu Diario!!!","publisher":{"@id":"https:\/\/infoelnuevonorte.com\/#organization"},"alternateName":"El Nuevo Norte","potentialAction":[{"@type":"SearchAction","target":{"@type":"EntryPoint","urlTemplate":"https:\/\/infoelnuevonorte.com\/?s={search_term_string}"},"query-input":{"@type":"PropertyValueSpecification","valueRequired":true,"valueName":"search_term_string"}}],"inLanguage":"es-DO"},{"@type":"Organization","@id":"https:\/\/infoelnuevonorte.com\/#organization","name":"Info El Nuevo Norte","alternateName":"El Nuevo Norte","url":"https:\/\/infoelnuevonorte.com\/","logo":{"@type":"ImageObject","inLanguage":"es-DO","@id":"https:\/\/infoelnuevonorte.com\/#\/schema\/logo\/image\/","url":"https:\/\/infoelnuevonorte.com\/wp-content\/uploads\/2026\/02\/Logo-Info-enn-3d-20ani.jpeg","contentUrl":"https:\/\/infoelnuevonorte.com\/wp-content\/uploads\/2026\/02\/Logo-Info-enn-3d-20ani.jpeg","width":2046,"height":736,"caption":"Info El Nuevo Norte"},"image":{"@id":"https:\/\/infoelnuevonorte.com\/#\/schema\/logo\/image\/"},"sameAs":["https:\/\/www.facebook.com\/infoenn","https:\/\/x.com\/Elnuevo_norte","https:\/\/www.instagram.com\/infoenn","https:\/\/www.facebook.com\/ENNRD"]},{"@type":"Person","@id":"https:\/\/infoelnuevonorte.com\/#\/schema\/person\/fd4f6d90afe41260818b4ea94ad8ab84","name":"InfoEnn","image":{"@type":"ImageObject","inLanguage":"es-DO","@id":"https:\/\/infoelnuevonorte.com\/#\/schema\/person\/image\/","url":"https:\/\/secure.gravatar.com\/avatar\/d4d760a41a48ba9db0a82bfb63bb0783?s=96&d=robohash&r=g","contentUrl":"https:\/\/secure.gravatar.com\/avatar\/d4d760a41a48ba9db0a82bfb63bb0783?s=96&d=robohash&r=g","caption":"InfoEnn"},"sameAs":["https:\/\/infoelnuevonorte.com"],"url":"https:\/\/infoelnuevonorte.com\/?author=1"}]}},"_links":{"self":[{"href":"https:\/\/infoelnuevonorte.com\/index.php?rest_route=\/wp\/v2\/posts\/83387"}],"collection":[{"href":"https:\/\/infoelnuevonorte.com\/index.php?rest_route=\/wp\/v2\/posts"}],"about":[{"href":"https:\/\/infoelnuevonorte.com\/index.php?rest_route=\/wp\/v2\/types\/post"}],"author":[{"embeddable":true,"href":"https:\/\/infoelnuevonorte.com\/index.php?rest_route=\/wp\/v2\/users\/1"}],"replies":[{"embeddable":true,"href":"https:\/\/infoelnuevonorte.com\/index.php?rest_route=%2Fwp%2Fv2%2Fcomments&post=83387"}],"version-history":[{"count":1,"href":"https:\/\/infoelnuevonorte.com\/index.php?rest_route=\/wp\/v2\/posts\/83387\/revisions"}],"predecessor-version":[{"id":83397,"href":"https:\/\/infoelnuevonorte.com\/index.php?rest_route=\/wp\/v2\/posts\/83387\/revisions\/83397"}],"wp:attachment":[{"href":"https:\/\/infoelnuevonorte.com\/index.php?rest_route=%2Fwp%2Fv2%2Fmedia&parent=83387"}],"wp:term":[{"taxonomy":"category","embeddable":true,"href":"https:\/\/infoelnuevonorte.com\/index.php?rest_route=%2Fwp%2Fv2%2Fcategories&post=83387"},{"taxonomy":"post_tag","embeddable":true,"href":"https:\/\/infoelnuevonorte.com\/index.php?rest_route=%2Fwp%2Fv2%2Ftags&post=83387"}],"curies":[{"name":"wp","href":"https:\/\/api.w.org\/{rel}","templated":true}]}}