{"id":83402,"date":"2025-02-28T06:35:07","date_gmt":"2025-02-28T10:35:07","guid":{"rendered":"https:\/\/infoelnuevonorte.com\/?p=83402"},"modified":"2025-02-28T06:35:08","modified_gmt":"2025-02-28T10:35:08","slug":"realizan-en-puerto-plata-actos-civicos-y-gran-desfile-escolar-por-el-181o-aniversario-de-la-independencia-nacional","status":"publish","type":"post","link":"https:\/\/infoelnuevonorte.com\/?p=83402","title":{"rendered":"Realizan en Puerto Plata actos c\u00edvicos y gran desfile escolar por el 181\u00ba aniversario de la Independencia Nacional"},"content":{"rendered":"<!--[if lt IE 9]><script>document.createElement('audio');<\/script><![endif]-->\n<audio class=\"wp-audio-shortcode\" id=\"audio-83402-1\" preload=\"none\" style=\"width: 100%;\" controls=\"controls\"><source type=\"audio\/mpeg\" src=\"https:\/\/infoelnuevonorte.com\/wp-content\/uploads\/2025\/02\/ttsmaker-vip-file-2025-2-28-6-34-46.mp3?_=1\" \/><a href=\"https:\/\/infoelnuevonorte.com\/wp-content\/uploads\/2025\/02\/ttsmaker-vip-file-2025-2-28-6-34-46.mp3\">https:\/\/infoelnuevonorte.com\/wp-content\/uploads\/2025\/02\/ttsmaker-vip-file-2025-2-28-6-34-46.mp3<\/a><\/audio>\n<p style=\"text-align: justify;\"><strong>PUERTO PLATA.<\/strong>&#8211; Con la realizaci\u00f3n de un kilom\u00e9trico y vistoso desfile escolar a todo lo largo y ancho del malec\u00f3n de esta ciudad atl\u00e1ntica fue celebrado con fervor patri\u00f3tico el 181\u00ba aniversario de la proclamaci\u00f3n de la independencia de la Rep\u00fablica Dominicana.<\/p>\n<p style=\"text-align: justify;\">Se destaca que las autoridades locales organizaron varios actos c\u00edvicos que iniciaron a primeras horas de este jueves 27 de febrero con el izamiento de banderas, la entonaci\u00f3n del Himno Nacional y ofrendas florales ante las estatuas de los pr\u00f3ceres de la patria en la Plaza Independencia (Parque Central).<\/p>\n<p style=\"text-align: justify;\">Asimismo, en la catedral San Felipe Ap\u00f3stol se realiz\u00f3 el tradicional Tedeum, celebraci\u00f3n solemne que fue oficiada por el obispo de la Di\u00f3cesis de Puerto Plata, monse\u00f1or Julio C\u00e9sar Corniel Amaro, donde estuvieron presentes autoridades civiles y militares.<\/p>\n<p style=\"text-align: justify;\">All\u00ed la estudiante Nashlie Antonella Guzm\u00e1n Almonte, quien cursa el primero de secundaria en el Hogar Escuela Luisa Ortea, ley\u00f3 una rese\u00f1a hist\u00f3rica de la Independencia Nacional, mientras que el director de la Regional 11 de Educaci\u00f3n, Luis Jos\u00e9 S\u00e1nchez Baldwin, pronunci\u00f3 el discurso central.<\/p>\n<p style=\"text-align: justify;\">A pesar del sol radiante y las temperaturas calurosas, a las 10:20 de la ma\u00f1ana inici\u00f3 al desfile escolar en la parte alta del malec\u00f3n transcurriendo en direcci\u00f3n Este-Oeste, siendo admirado por la poblaci\u00f3n que acudi\u00f3 a deleitarse con dicho espect\u00e1culo patri\u00f3tico.<\/p>\n<p style=\"text-align: justify;\">En el desfile donde predomin\u00f3 el orden, la creatividad y el color de la dominicanidad, participaron m\u00e1s de 55 centros educativos del Distrito Escolar 11-02 de Puerto Plata, que fueron los polit\u00e9cnicos Gregorio Urbano Gilbert, Javier Mart\u00ednez Arias, Toribio y Rommel Cruz de Le\u00f3n.<\/p>\n<p style=\"text-align: justify;\">Tambi\u00e9n, los liceos Eduardo Brito, Jos\u00e9 Dubeau, Antera Mota, Ramiro Coronado y Juana Caraballo, adem\u00e1s de las escuelas: Virginia Elena Ortea, Olivia Capell\u00e1, Mat\u00edas Ram\u00f3n Mella, Gregorio Luper\u00f3n, Sordomudos, Madre Josefa Ericksen, Graciela Sier\u00f3n, Los Rieles II, \u00c1ngel Sixto Bonilla y San Marcos Abajo.<\/p>\n<p style=\"text-align: justify;\">Se destaca a los colegios San Jos\u00e9, Santa Rosa de Lima, San Felipe, Adventista Eligio Contreras, Lumbera del Saber, Carlos Mar\u00eda Hern\u00e1ndez, Fuente de Esperanza, Alegr\u00eda, Casita Feliz, Nido de Esperanza, Cost\u00e1mbar, Mary Lithgow, Oasis, Ercilia Pep\u00edn, Hostos School, CUEI-UTESA y Alic New World School.<\/p>\n<p style=\"text-align: justify;\">Adem\u00e1s, los centros educativos Jos\u00e9 Francisco Pe\u00f1a G\u00f3mez, Mar\u00eda Mercedes Meyreles, Escuela Casa Albergue de Martina, Concepci\u00f3n G\u00f3mez Matos, Padre Castellanos, Arcadia Noel Corniel, Padre Enrique Granero, Anacaona, Oscar Sosa, San Antonio Mar\u00eda Claret, San Mart\u00edn de Porres, Hogar Escuela Luisa Ortea, Bethel, Abraham Smith, Sabana Grande, Georges Arzeno Brugal, Matilde Mar\u00eda Dolen, Bautista, Luper\u00f3n, Concepci\u00f3n Garc\u00eda y TV Centro El Cupey.<\/p>\n","protected":false},"excerpt":{"rendered":"<p>PUERTO PLATA.&#8211; Con la realizaci\u00f3n de un kilom\u00e9trico y vistoso desfile escolar a todo lo largo y ancho del malec\u00f3n de esta ciudad atl\u00e1ntica fue celebrado con fervor patri\u00f3tico el 181\u00ba aniversario de la proclamaci\u00f3n de la independencia de la Rep\u00fablica Dominicana. Se destaca que las autoridades locales organizaron varios actos c\u00edvicos que iniciaron a [&hellip;]<\/p>\n","protected":false},"author":1,"featured_media":0,"comment_status":"closed","ping_status":"open","sticky":false,"template":"","format":"standard","meta":{"footnotes":""},"categories":[5],"tags":[],"yoast_head":"<!-- This site is optimized with the Yoast SEO plugin v24.5 - https:\/\/yoast.com\/wordpress\/plugins\/seo\/ -->\n<title>Realizan en Puerto Plata actos c\u00edvicos y gran desfile escolar por el 181\u00ba aniversario de la Independencia Nacional | El Nuevo Norte<\/title>\n<meta name=\"robots\" content=\"index, follow, max-snippet:-1, max-image-preview:large, max-video-preview:-1\" \/>\n<link rel=\"canonical\" href=\"https:\/\/infoelnuevonorte.com\/?p=83402\" \/>\n<meta property=\"og:locale\" content=\"es_ES\" \/>\n<meta property=\"og:type\" content=\"article\" \/>\n<meta property=\"og:title\" content=\"Realizan en Puerto Plata actos c\u00edvicos y gran desfile escolar por el 181\u00ba aniversario de la Independencia Nacional | El Nuevo Norte\" \/>\n<meta property=\"og:description\" content=\"PUERTO PLATA.&#8211; Con la realizaci\u00f3n de un kilom\u00e9trico y vistoso desfile escolar a todo lo largo y ancho del malec\u00f3n de esta ciudad atl\u00e1ntica fue celebrado con fervor patri\u00f3tico el 181\u00ba aniversario de la proclamaci\u00f3n de la independencia de la Rep\u00fablica Dominicana. Se destaca que las autoridades locales organizaron varios actos c\u00edvicos que iniciaron a [&hellip;]\" \/>\n<meta property=\"og:url\" content=\"https:\/\/infoelnuevonorte.com\/?p=83402\" \/>\n<meta property=\"og:site_name\" content=\"El Nuevo Norte\" \/>\n<meta property=\"article:publisher\" content=\"https:\/\/www.facebook.com\/infoenn\" \/>\n<meta property=\"article:published_time\" content=\"2025-02-28T10:35:07+00:00\" \/>\n<meta property=\"article:modified_time\" content=\"2025-02-28T10:35:08+00:00\" \/>\n<meta property=\"og:image\" content=\"https:\/\/infoelnuevonorte.com\/wp-content\/uploads\/2025\/02\/WhatsApp-Image-2025-02-28-at-4.30.15-AM1.jpeg\" \/>\n\t<meta property=\"og:image:width\" content=\"1024\" \/>\n\t<meta property=\"og:image:height\" content=\"1024\" \/>\n\t<meta property=\"og:image:type\" content=\"image\/jpeg\" \/>\n<meta name=\"author\" content=\"InfoEnn\" \/>\n<meta name=\"twitter:card\" content=\"summary_large_image\" \/>\n<meta name=\"twitter:creator\" content=\"@Elnuevo_norte\" \/>\n<meta name=\"twitter:site\" content=\"@Elnuevo_norte\" \/>\n<meta name=\"twitter:label1\" content=\"Written by\" \/>\n\t<meta name=\"twitter:data1\" content=\"InfoEnn\" \/>\n\t<meta name=\"twitter:label2\" content=\"Est. reading time\" \/>\n\t<meta name=\"twitter:data2\" content=\"3 minutos\" \/>\n<script type=\"application\/ld+json\" class=\"yoast-schema-graph\">{\"@context\":\"https:\/\/schema.org\",\"@graph\":[{\"@type\":\"Article\",\"@id\":\"https:\/\/infoelnuevonorte.com\/?p=83402#article\",\"isPartOf\":{\"@id\":\"https:\/\/infoelnuevonorte.com\/?p=83402\"},\"author\":{\"name\":\"InfoEnn\",\"@id\":\"https:\/\/infoelnuevonorte.com\/#\/schema\/person\/fd4f6d90afe41260818b4ea94ad8ab84\"},\"headline\":\"Realizan en Puerto Plata actos c\u00edvicos y gran desfile escolar por el 181\u00ba aniversario de la Independencia Nacional\",\"datePublished\":\"2025-02-28T10:35:07+00:00\",\"dateModified\":\"2025-02-28T10:35:08+00:00\",\"mainEntityOfPage\":{\"@id\":\"https:\/\/infoelnuevonorte.com\/?p=83402\"},\"wordCount\":493,\"publisher\":{\"@id\":\"https:\/\/infoelnuevonorte.com\/#organization\"},\"articleSection\":[\"Del Norte\"],\"inLanguage\":\"es-DO\"},{\"@type\":\"WebPage\",\"@id\":\"https:\/\/infoelnuevonorte.com\/?p=83402\",\"url\":\"https:\/\/infoelnuevonorte.com\/?p=83402\",\"name\":\"Realizan en Puerto Plata actos c\u00edvicos y gran desfile escolar por el 181\u00ba aniversario de la Independencia Nacional | El Nuevo Norte\",\"isPartOf\":{\"@id\":\"https:\/\/infoelnuevonorte.com\/#website\"},\"datePublished\":\"2025-02-28T10:35:07+00:00\",\"dateModified\":\"2025-02-28T10:35:08+00:00\",\"breadcrumb\":{\"@id\":\"https:\/\/infoelnuevonorte.com\/?p=83402#breadcrumb\"},\"inLanguage\":\"es-DO\",\"potentialAction\":[{\"@type\":\"ReadAction\",\"target\":[\"https:\/\/infoelnuevonorte.com\/?p=83402\"]}]},{\"@type\":\"BreadcrumbList\",\"@id\":\"https:\/\/infoelnuevonorte.com\/?p=83402#breadcrumb\",\"itemListElement\":[{\"@type\":\"ListItem\",\"position\":1,\"name\":\"Home\",\"item\":\"https:\/\/infoelnuevonorte.com\/\"},{\"@type\":\"ListItem\",\"position\":2,\"name\":\"Realizan en Puerto Plata actos c\u00edvicos y gran desfile escolar por el 181\u00ba aniversario de la Independencia Nacional\"}]},{\"@type\":\"WebSite\",\"@id\":\"https:\/\/infoelnuevonorte.com\/#website\",\"url\":\"https:\/\/infoelnuevonorte.com\/\",\"name\":\"InfoEnn\",\"description\":\"Tu Voz, tu Verdad, tu Diario!!!\",\"publisher\":{\"@id\":\"https:\/\/infoelnuevonorte.com\/#organization\"},\"alternateName\":\"El Nuevo Norte\",\"potentialAction\":[{\"@type\":\"SearchAction\",\"target\":{\"@type\":\"EntryPoint\",\"urlTemplate\":\"https:\/\/infoelnuevonorte.com\/?s={search_term_string}\"},\"query-input\":{\"@type\":\"PropertyValueSpecification\",\"valueRequired\":true,\"valueName\":\"search_term_string\"}}],\"inLanguage\":\"es-DO\"},{\"@type\":\"Organization\",\"@id\":\"https:\/\/infoelnuevonorte.com\/#organization\",\"name\":\"Info El Nuevo Norte\",\"alternateName\":\"El Nuevo Norte\",\"url\":\"https:\/\/infoelnuevonorte.com\/\",\"logo\":{\"@type\":\"ImageObject\",\"inLanguage\":\"es-DO\",\"@id\":\"https:\/\/infoelnuevonorte.com\/#\/schema\/logo\/image\/\",\"url\":\"https:\/\/infoelnuevonorte.com\/wp-content\/uploads\/2026\/02\/Logo-Info-enn-3d-20ani.jpeg\",\"contentUrl\":\"https:\/\/infoelnuevonorte.com\/wp-content\/uploads\/2026\/02\/Logo-Info-enn-3d-20ani.jpeg\",\"width\":2046,\"height\":736,\"caption\":\"Info El Nuevo Norte\"},\"image\":{\"@id\":\"https:\/\/infoelnuevonorte.com\/#\/schema\/logo\/image\/\"},\"sameAs\":[\"https:\/\/www.facebook.com\/infoenn\",\"https:\/\/x.com\/Elnuevo_norte\",\"https:\/\/www.instagram.com\/infoenn\",\"https:\/\/www.facebook.com\/ENNRD\"]},{\"@type\":\"Person\",\"@id\":\"https:\/\/infoelnuevonorte.com\/#\/schema\/person\/fd4f6d90afe41260818b4ea94ad8ab84\",\"name\":\"InfoEnn\",\"image\":{\"@type\":\"ImageObject\",\"inLanguage\":\"es-DO\",\"@id\":\"https:\/\/infoelnuevonorte.com\/#\/schema\/person\/image\/\",\"url\":\"https:\/\/secure.gravatar.com\/avatar\/d4d760a41a48ba9db0a82bfb63bb0783?s=96&d=robohash&r=g\",\"contentUrl\":\"https:\/\/secure.gravatar.com\/avatar\/d4d760a41a48ba9db0a82bfb63bb0783?s=96&d=robohash&r=g\",\"caption\":\"InfoEnn\"},\"sameAs\":[\"https:\/\/infoelnuevonorte.com\"],\"url\":\"https:\/\/infoelnuevonorte.com\/?author=1\"}]}<\/script>\n<!-- \/ Yoast SEO plugin. -->","yoast_head_json":{"title":"Realizan en Puerto Plata actos c\u00edvicos y gran desfile escolar por el 181\u00ba aniversario de la Independencia Nacional | El Nuevo Norte","robots":{"index":"index","follow":"follow","max-snippet":"max-snippet:-1","max-image-preview":"max-image-preview:large","max-video-preview":"max-video-preview:-1"},"canonical":"https:\/\/infoelnuevonorte.com\/?p=83402","og_locale":"es_ES","og_type":"article","og_title":"Realizan en Puerto Plata actos c\u00edvicos y gran desfile escolar por el 181\u00ba aniversario de la Independencia Nacional | El Nuevo Norte","og_description":"PUERTO PLATA.&#8211; Con la realizaci\u00f3n de un kilom\u00e9trico y vistoso desfile escolar a todo lo largo y ancho del malec\u00f3n de esta ciudad atl\u00e1ntica fue celebrado con fervor patri\u00f3tico el 181\u00ba aniversario de la proclamaci\u00f3n de la independencia de la Rep\u00fablica Dominicana. Se destaca que las autoridades locales organizaron varios actos c\u00edvicos que iniciaron a [&hellip;]","og_url":"https:\/\/infoelnuevonorte.com\/?p=83402","og_site_name":"El Nuevo Norte","article_publisher":"https:\/\/www.facebook.com\/infoenn","article_published_time":"2025-02-28T10:35:07+00:00","article_modified_time":"2025-02-28T10:35:08+00:00","og_image":[{"width":1024,"height":1024,"url":"https:\/\/infoelnuevonorte.com\/wp-content\/uploads\/2025\/02\/WhatsApp-Image-2025-02-28-at-4.30.15-AM1.jpeg","type":"image\/jpeg"}],"author":"InfoEnn","twitter_card":"summary_large_image","twitter_creator":"@Elnuevo_norte","twitter_site":"@Elnuevo_norte","twitter_misc":{"Written by":"InfoEnn","Est. reading time":"3 minutos"},"schema":{"@context":"https:\/\/schema.org","@graph":[{"@type":"Article","@id":"https:\/\/infoelnuevonorte.com\/?p=83402#article","isPartOf":{"@id":"https:\/\/infoelnuevonorte.com\/?p=83402"},"author":{"name":"InfoEnn","@id":"https:\/\/infoelnuevonorte.com\/#\/schema\/person\/fd4f6d90afe41260818b4ea94ad8ab84"},"headline":"Realizan en Puerto Plata actos c\u00edvicos y gran desfile escolar por el 181\u00ba aniversario de la Independencia Nacional","datePublished":"2025-02-28T10:35:07+00:00","dateModified":"2025-02-28T10:35:08+00:00","mainEntityOfPage":{"@id":"https:\/\/infoelnuevonorte.com\/?p=83402"},"wordCount":493,"publisher":{"@id":"https:\/\/infoelnuevonorte.com\/#organization"},"articleSection":["Del Norte"],"inLanguage":"es-DO"},{"@type":"WebPage","@id":"https:\/\/infoelnuevonorte.com\/?p=83402","url":"https:\/\/infoelnuevonorte.com\/?p=83402","name":"Realizan en Puerto Plata actos c\u00edvicos y gran desfile escolar por el 181\u00ba aniversario de la Independencia Nacional | El Nuevo Norte","isPartOf":{"@id":"https:\/\/infoelnuevonorte.com\/#website"},"datePublished":"2025-02-28T10:35:07+00:00","dateModified":"2025-02-28T10:35:08+00:00","breadcrumb":{"@id":"https:\/\/infoelnuevonorte.com\/?p=83402#breadcrumb"},"inLanguage":"es-DO","potentialAction":[{"@type":"ReadAction","target":["https:\/\/infoelnuevonorte.com\/?p=83402"]}]},{"@type":"BreadcrumbList","@id":"https:\/\/infoelnuevonorte.com\/?p=83402#breadcrumb","itemListElement":[{"@type":"ListItem","position":1,"name":"Home","item":"https:\/\/infoelnuevonorte.com\/"},{"@type":"ListItem","position":2,"name":"Realizan en Puerto Plata actos c\u00edvicos y gran desfile escolar por el 181\u00ba aniversario de la Independencia Nacional"}]},{"@type":"WebSite","@id":"https:\/\/infoelnuevonorte.com\/#website","url":"https:\/\/infoelnuevonorte.com\/","name":"InfoEnn","description":"Tu Voz, tu Verdad, tu Diario!!!","publisher":{"@id":"https:\/\/infoelnuevonorte.com\/#organization"},"alternateName":"El Nuevo Norte","potentialAction":[{"@type":"SearchAction","target":{"@type":"EntryPoint","urlTemplate":"https:\/\/infoelnuevonorte.com\/?s={search_term_string}"},"query-input":{"@type":"PropertyValueSpecification","valueRequired":true,"valueName":"search_term_string"}}],"inLanguage":"es-DO"},{"@type":"Organization","@id":"https:\/\/infoelnuevonorte.com\/#organization","name":"Info El Nuevo Norte","alternateName":"El Nuevo Norte","url":"https:\/\/infoelnuevonorte.com\/","logo":{"@type":"ImageObject","inLanguage":"es-DO","@id":"https:\/\/infoelnuevonorte.com\/#\/schema\/logo\/image\/","url":"https:\/\/infoelnuevonorte.com\/wp-content\/uploads\/2026\/02\/Logo-Info-enn-3d-20ani.jpeg","contentUrl":"https:\/\/infoelnuevonorte.com\/wp-content\/uploads\/2026\/02\/Logo-Info-enn-3d-20ani.jpeg","width":2046,"height":736,"caption":"Info El Nuevo Norte"},"image":{"@id":"https:\/\/infoelnuevonorte.com\/#\/schema\/logo\/image\/"},"sameAs":["https:\/\/www.facebook.com\/infoenn","https:\/\/x.com\/Elnuevo_norte","https:\/\/www.instagram.com\/infoenn","https:\/\/www.facebook.com\/ENNRD"]},{"@type":"Person","@id":"https:\/\/infoelnuevonorte.com\/#\/schema\/person\/fd4f6d90afe41260818b4ea94ad8ab84","name":"InfoEnn","image":{"@type":"ImageObject","inLanguage":"es-DO","@id":"https:\/\/infoelnuevonorte.com\/#\/schema\/person\/image\/","url":"https:\/\/secure.gravatar.com\/avatar\/d4d760a41a48ba9db0a82bfb63bb0783?s=96&d=robohash&r=g","contentUrl":"https:\/\/secure.gravatar.com\/avatar\/d4d760a41a48ba9db0a82bfb63bb0783?s=96&d=robohash&r=g","caption":"InfoEnn"},"sameAs":["https:\/\/infoelnuevonorte.com"],"url":"https:\/\/infoelnuevonorte.com\/?author=1"}]}},"_links":{"self":[{"href":"https:\/\/infoelnuevonorte.com\/index.php?rest_route=\/wp\/v2\/posts\/83402"}],"collection":[{"href":"https:\/\/infoelnuevonorte.com\/index.php?rest_route=\/wp\/v2\/posts"}],"about":[{"href":"https:\/\/infoelnuevonorte.com\/index.php?rest_route=\/wp\/v2\/types\/post"}],"author":[{"embeddable":true,"href":"https:\/\/infoelnuevonorte.com\/index.php?rest_route=\/wp\/v2\/users\/1"}],"replies":[{"embeddable":true,"href":"https:\/\/infoelnuevonorte.com\/index.php?rest_route=%2Fwp%2Fv2%2Fcomments&post=83402"}],"version-history":[{"count":1,"href":"https:\/\/infoelnuevonorte.com\/index.php?rest_route=\/wp\/v2\/posts\/83402\/revisions"}],"predecessor-version":[{"id":83405,"href":"https:\/\/infoelnuevonorte.com\/index.php?rest_route=\/wp\/v2\/posts\/83402\/revisions\/83405"}],"wp:attachment":[{"href":"https:\/\/infoelnuevonorte.com\/index.php?rest_route=%2Fwp%2Fv2%2Fmedia&parent=83402"}],"wp:term":[{"taxonomy":"category","embeddable":true,"href":"https:\/\/infoelnuevonorte.com\/index.php?rest_route=%2Fwp%2Fv2%2Fcategories&post=83402"},{"taxonomy":"post_tag","embeddable":true,"href":"https:\/\/infoelnuevonorte.com\/index.php?rest_route=%2Fwp%2Fv2%2Ftags&post=83402"}],"curies":[{"name":"wp","href":"https:\/\/api.w.org\/{rel}","templated":true}]}}