{"id":83464,"date":"2025-02-28T11:16:49","date_gmt":"2025-02-28T15:16:49","guid":{"rendered":"https:\/\/infoelnuevonorte.com\/?p=83464"},"modified":"2025-02-28T11:16:50","modified_gmt":"2025-02-28T15:16:50","slug":"unicef-uno-de-cada-siete-ninos-en-haiti-no-va-a-la-escuela-debido-a-la-violencia","status":"publish","type":"post","link":"https:\/\/infoelnuevonorte.com\/?p=83464","title":{"rendered":"UNICEF: uno de cada siete ni\u00f1os en Hait\u00ed no va a la escuela debido a la violencia"},"content":{"rendered":"<!--[if lt IE 9]><script>document.createElement('audio');<\/script><![endif]-->\n<audio class=\"wp-audio-shortcode\" id=\"audio-83464-1\" preload=\"none\" style=\"width: 100%;\" controls=\"controls\"><source type=\"audio\/mpeg\" src=\"https:\/\/infoelnuevonorte.com\/wp-content\/uploads\/2025\/02\/ttsmaker-vip-file-2025-2-28-11-16-14.mp3?_=1\" \/><a href=\"https:\/\/infoelnuevonorte.com\/wp-content\/uploads\/2025\/02\/ttsmaker-vip-file-2025-2-28-11-16-14.mp3\">https:\/\/infoelnuevonorte.com\/wp-content\/uploads\/2025\/02\/ttsmaker-vip-file-2025-2-28-11-16-14.mp3<\/a><\/audio>\n<p style=\"text-align: justify;\">M\u00e1s de medio mill\u00f3n de\u00a0<strong>ni\u00f1os<\/strong>\u00a0<strong>haitianos<\/strong>, uno de cada siete, no puede ir a la escuela debido a la violencia que vive el pa\u00eds por la actividad de las\u00a0<strong>bandas<\/strong>\u00a0<strong>armadas<\/strong>, en las que la mitad de los combatientes son tambi\u00e9n menores, denunci\u00f3 este viernes el Fondo de la ONU para la Infancia (<strong>UNICEF<\/strong>).<\/p>\n<p style=\"text-align: justify;\">\u201cEn 2024 las\u00a0<strong>bandas<\/strong>\u00a0<strong>armadas<\/strong>\u00a0destruyeron 284 escuelas, y s\u00f3lo en enero fueron 47, los ataques a la\u00a0<strong>educaci\u00f3n<\/strong>\u00a0se est\u00e1n acelerando\u201d, destac\u00f3 en rueda de prensa desde Ginebra la representante de la agencia en Hait\u00ed, Geetanjali Narayan.<\/p>\n<p style=\"text-align: justify;\">La responsable de\u00a0<strong>UNICEF<\/strong>\u00a0subray\u00f3 que otro mill\u00f3n de\u00a0<strong>ni\u00f1os<\/strong>\u00a0est\u00e1 en peligro de dejar sus estudios: \u201cLa\u00a0<strong>educaci\u00f3n<\/strong>, una de las esperanzas a las que agarrarse para muchos menores\u00a0<strong>haitianos<\/strong>, nunca hab\u00eda estado tan\u00a0<strong>amenazada<\/strong>\u201c.<\/p>\n<p style=\"text-align: justify;\">Narayan record\u00f3 que el\u00a0<strong>reclutamiento<\/strong>\u00a0<strong>forzado<\/strong>\u00a0de\u00a0<strong>ni\u00f1os<\/strong>\u00a0por parte de los alrededor de 300 grupos armados que operan en el pa\u00eds aument\u00f3 un 70 % en 2024, y denunci\u00f3 que se han detectado combatientes con tan s\u00f3lo ocho a\u00f1os de edad.<\/p>\n<p style=\"text-align: justify;\">\u201cSin acceso a la\u00a0<strong>educaci\u00f3n<\/strong>, los\u00a0<strong>ni\u00f1os<\/strong>\u00a0son m\u00e1s\u00a0<strong>vulnerables<\/strong>\u00a0a la\u00a0<strong>explotaci\u00f3n<\/strong>\u00a0y el\u00a0<strong>reclutamiento<\/strong>, y la\u00a0<strong>educaci\u00f3n<\/strong>\u00a0es la mejor manera de romper este ciclo\u201d, asegur\u00f3 la representante de\u00a0<strong>UNICEF<\/strong>.<\/p>\n<p style=\"text-align: justify;\">El fondo de Naciones Unidas ha solicitado 38\u00a0<strong>millones<\/strong>\u00a0de\u00a0<strong>d\u00f3lares<\/strong>\u00a0para garantizar que unos 600,000\u00a0<strong>ni\u00f1os<\/strong>\u00a0<strong>haitianos<\/strong>\u00a0contin\u00faen su\u00a0<strong>educaci\u00f3n<\/strong>\u00a0pese a la crisis que se prolonga desde hace a\u00f1os por la actividad de las\u00a0<strong>bandas<\/strong>\u00a0<strong>armadas<\/strong>, que controlan amplias zonas del pa\u00eds y de la capital Puerto Pr\u00edncipe.<\/p>\n<p style=\"text-align: justify;\">En 2024, seg\u00fan datos verificados por la ONU, al menos 5,626 personas murieron en Hait\u00ed como consecuencia de las acciones de\u00a0<strong>bandas<\/strong>\u00a0<strong>criminales<\/strong>\u00a0(un millar m\u00e1s que el a\u00f1o anterior), 2,213 resultaron heridas y 1,494 fueron secuestradas.<\/p>\n","protected":false},"excerpt":{"rendered":"<p>M\u00e1s de medio mill\u00f3n de\u00a0ni\u00f1os\u00a0haitianos, uno de cada siete, no puede ir a la escuela debido a la violencia que vive el pa\u00eds por la actividad de las\u00a0bandas\u00a0armadas, en las que la mitad de los combatientes son tambi\u00e9n menores, denunci\u00f3 este viernes el Fondo de la ONU para la Infancia (UNICEF). \u201cEn 2024 las\u00a0bandas\u00a0armadas\u00a0destruyeron 284 [&hellip;]<\/p>\n","protected":false},"author":1,"featured_media":0,"comment_status":"closed","ping_status":"open","sticky":false,"template":"","format":"standard","meta":{"footnotes":""},"categories":[9],"tags":[],"yoast_head":"<!-- This site is optimized with the Yoast SEO plugin v24.5 - https:\/\/yoast.com\/wordpress\/plugins\/seo\/ -->\n<title>UNICEF: uno de cada siete ni\u00f1os en Hait\u00ed no va a la escuela debido a la violencia | El Nuevo Norte<\/title>\n<meta name=\"robots\" content=\"index, follow, max-snippet:-1, max-image-preview:large, max-video-preview:-1\" \/>\n<link rel=\"canonical\" href=\"https:\/\/infoelnuevonorte.com\/?p=83464\" \/>\n<meta property=\"og:locale\" content=\"es_ES\" \/>\n<meta property=\"og:type\" content=\"article\" \/>\n<meta property=\"og:title\" content=\"UNICEF: uno de cada siete ni\u00f1os en Hait\u00ed no va a la escuela debido a la violencia | El Nuevo Norte\" \/>\n<meta property=\"og:description\" content=\"M\u00e1s de medio mill\u00f3n de\u00a0ni\u00f1os\u00a0haitianos, uno de cada siete, no puede ir a la escuela debido a la violencia que vive el pa\u00eds por la actividad de las\u00a0bandas\u00a0armadas, en las que la mitad de los combatientes son tambi\u00e9n menores, denunci\u00f3 este viernes el Fondo de la ONU para la Infancia (UNICEF). \u201cEn 2024 las\u00a0bandas\u00a0armadas\u00a0destruyeron 284 [&hellip;]\" \/>\n<meta property=\"og:url\" content=\"https:\/\/infoelnuevonorte.com\/?p=83464\" \/>\n<meta property=\"og:site_name\" content=\"El Nuevo Norte\" \/>\n<meta property=\"article:publisher\" content=\"https:\/\/www.facebook.com\/infoenn\" \/>\n<meta property=\"article:published_time\" content=\"2025-02-28T15:16:49+00:00\" \/>\n<meta property=\"article:modified_time\" content=\"2025-02-28T15:16:50+00:00\" \/>\n<meta property=\"og:image\" content=\"https:\/\/infoelnuevonorte.com\/wp-content\/uploads\/2025\/02\/haiti-nene.jpg\" \/>\n\t<meta property=\"og:image:width\" content=\"1140\" \/>\n\t<meta property=\"og:image:height\" content=\"694\" \/>\n\t<meta property=\"og:image:type\" content=\"image\/jpeg\" \/>\n<meta name=\"author\" content=\"InfoEnn\" \/>\n<meta name=\"twitter:card\" content=\"summary_large_image\" \/>\n<meta name=\"twitter:creator\" content=\"@Elnuevo_norte\" \/>\n<meta name=\"twitter:site\" content=\"@Elnuevo_norte\" \/>\n<meta name=\"twitter:label1\" content=\"Written by\" \/>\n\t<meta name=\"twitter:data1\" content=\"InfoEnn\" \/>\n\t<meta name=\"twitter:label2\" content=\"Est. reading time\" \/>\n\t<meta name=\"twitter:data2\" content=\"2 minutos\" \/>\n<script type=\"application\/ld+json\" class=\"yoast-schema-graph\">{\"@context\":\"https:\/\/schema.org\",\"@graph\":[{\"@type\":\"Article\",\"@id\":\"https:\/\/infoelnuevonorte.com\/?p=83464#article\",\"isPartOf\":{\"@id\":\"https:\/\/infoelnuevonorte.com\/?p=83464\"},\"author\":{\"name\":\"InfoEnn\",\"@id\":\"https:\/\/infoelnuevonorte.com\/#\/schema\/person\/fd4f6d90afe41260818b4ea94ad8ab84\"},\"headline\":\"UNICEF: uno de cada siete ni\u00f1os en Hait\u00ed no va a la escuela debido a la violencia\",\"datePublished\":\"2025-02-28T15:16:49+00:00\",\"dateModified\":\"2025-02-28T15:16:50+00:00\",\"mainEntityOfPage\":{\"@id\":\"https:\/\/infoelnuevonorte.com\/?p=83464\"},\"wordCount\":341,\"publisher\":{\"@id\":\"https:\/\/infoelnuevonorte.com\/#organization\"},\"articleSection\":[\"Mundiales\"],\"inLanguage\":\"es-DO\"},{\"@type\":\"WebPage\",\"@id\":\"https:\/\/infoelnuevonorte.com\/?p=83464\",\"url\":\"https:\/\/infoelnuevonorte.com\/?p=83464\",\"name\":\"UNICEF: uno de cada siete ni\u00f1os en Hait\u00ed no va a la escuela debido a la violencia | El Nuevo Norte\",\"isPartOf\":{\"@id\":\"https:\/\/infoelnuevonorte.com\/#website\"},\"datePublished\":\"2025-02-28T15:16:49+00:00\",\"dateModified\":\"2025-02-28T15:16:50+00:00\",\"breadcrumb\":{\"@id\":\"https:\/\/infoelnuevonorte.com\/?p=83464#breadcrumb\"},\"inLanguage\":\"es-DO\",\"potentialAction\":[{\"@type\":\"ReadAction\",\"target\":[\"https:\/\/infoelnuevonorte.com\/?p=83464\"]}]},{\"@type\":\"BreadcrumbList\",\"@id\":\"https:\/\/infoelnuevonorte.com\/?p=83464#breadcrumb\",\"itemListElement\":[{\"@type\":\"ListItem\",\"position\":1,\"name\":\"Home\",\"item\":\"https:\/\/infoelnuevonorte.com\/\"},{\"@type\":\"ListItem\",\"position\":2,\"name\":\"UNICEF: uno de cada siete ni\u00f1os en Hait\u00ed no va a la escuela debido a la violencia\"}]},{\"@type\":\"WebSite\",\"@id\":\"https:\/\/infoelnuevonorte.com\/#website\",\"url\":\"https:\/\/infoelnuevonorte.com\/\",\"name\":\"InfoEnn\",\"description\":\"Tu Voz, tu Verdad, tu Diario!!!\",\"publisher\":{\"@id\":\"https:\/\/infoelnuevonorte.com\/#organization\"},\"alternateName\":\"El Nuevo Norte\",\"potentialAction\":[{\"@type\":\"SearchAction\",\"target\":{\"@type\":\"EntryPoint\",\"urlTemplate\":\"https:\/\/infoelnuevonorte.com\/?s={search_term_string}\"},\"query-input\":{\"@type\":\"PropertyValueSpecification\",\"valueRequired\":true,\"valueName\":\"search_term_string\"}}],\"inLanguage\":\"es-DO\"},{\"@type\":\"Organization\",\"@id\":\"https:\/\/infoelnuevonorte.com\/#organization\",\"name\":\"Info El Nuevo Norte\",\"alternateName\":\"El Nuevo Norte\",\"url\":\"https:\/\/infoelnuevonorte.com\/\",\"logo\":{\"@type\":\"ImageObject\",\"inLanguage\":\"es-DO\",\"@id\":\"https:\/\/infoelnuevonorte.com\/#\/schema\/logo\/image\/\",\"url\":\"https:\/\/infoelnuevonorte.com\/wp-content\/uploads\/2026\/02\/Logo-Info-enn-3d-20ani.jpeg\",\"contentUrl\":\"https:\/\/infoelnuevonorte.com\/wp-content\/uploads\/2026\/02\/Logo-Info-enn-3d-20ani.jpeg\",\"width\":2046,\"height\":736,\"caption\":\"Info El Nuevo Norte\"},\"image\":{\"@id\":\"https:\/\/infoelnuevonorte.com\/#\/schema\/logo\/image\/\"},\"sameAs\":[\"https:\/\/www.facebook.com\/infoenn\",\"https:\/\/x.com\/Elnuevo_norte\",\"https:\/\/www.instagram.com\/infoenn\",\"https:\/\/www.facebook.com\/ENNRD\"]},{\"@type\":\"Person\",\"@id\":\"https:\/\/infoelnuevonorte.com\/#\/schema\/person\/fd4f6d90afe41260818b4ea94ad8ab84\",\"name\":\"InfoEnn\",\"image\":{\"@type\":\"ImageObject\",\"inLanguage\":\"es-DO\",\"@id\":\"https:\/\/infoelnuevonorte.com\/#\/schema\/person\/image\/\",\"url\":\"https:\/\/secure.gravatar.com\/avatar\/d4d760a41a48ba9db0a82bfb63bb0783?s=96&d=robohash&r=g\",\"contentUrl\":\"https:\/\/secure.gravatar.com\/avatar\/d4d760a41a48ba9db0a82bfb63bb0783?s=96&d=robohash&r=g\",\"caption\":\"InfoEnn\"},\"sameAs\":[\"https:\/\/infoelnuevonorte.com\"],\"url\":\"https:\/\/infoelnuevonorte.com\/?author=1\"}]}<\/script>\n<!-- \/ Yoast SEO plugin. -->","yoast_head_json":{"title":"UNICEF: uno de cada siete ni\u00f1os en Hait\u00ed no va a la escuela debido a la violencia | El Nuevo Norte","robots":{"index":"index","follow":"follow","max-snippet":"max-snippet:-1","max-image-preview":"max-image-preview:large","max-video-preview":"max-video-preview:-1"},"canonical":"https:\/\/infoelnuevonorte.com\/?p=83464","og_locale":"es_ES","og_type":"article","og_title":"UNICEF: uno de cada siete ni\u00f1os en Hait\u00ed no va a la escuela debido a la violencia | El Nuevo Norte","og_description":"M\u00e1s de medio mill\u00f3n de\u00a0ni\u00f1os\u00a0haitianos, uno de cada siete, no puede ir a la escuela debido a la violencia que vive el pa\u00eds por la actividad de las\u00a0bandas\u00a0armadas, en las que la mitad de los combatientes son tambi\u00e9n menores, denunci\u00f3 este viernes el Fondo de la ONU para la Infancia (UNICEF). \u201cEn 2024 las\u00a0bandas\u00a0armadas\u00a0destruyeron 284 [&hellip;]","og_url":"https:\/\/infoelnuevonorte.com\/?p=83464","og_site_name":"El Nuevo Norte","article_publisher":"https:\/\/www.facebook.com\/infoenn","article_published_time":"2025-02-28T15:16:49+00:00","article_modified_time":"2025-02-28T15:16:50+00:00","og_image":[{"width":1140,"height":694,"url":"https:\/\/infoelnuevonorte.com\/wp-content\/uploads\/2025\/02\/haiti-nene.jpg","type":"image\/jpeg"}],"author":"InfoEnn","twitter_card":"summary_large_image","twitter_creator":"@Elnuevo_norte","twitter_site":"@Elnuevo_norte","twitter_misc":{"Written by":"InfoEnn","Est. reading time":"2 minutos"},"schema":{"@context":"https:\/\/schema.org","@graph":[{"@type":"Article","@id":"https:\/\/infoelnuevonorte.com\/?p=83464#article","isPartOf":{"@id":"https:\/\/infoelnuevonorte.com\/?p=83464"},"author":{"name":"InfoEnn","@id":"https:\/\/infoelnuevonorte.com\/#\/schema\/person\/fd4f6d90afe41260818b4ea94ad8ab84"},"headline":"UNICEF: uno de cada siete ni\u00f1os en Hait\u00ed no va a la escuela debido a la violencia","datePublished":"2025-02-28T15:16:49+00:00","dateModified":"2025-02-28T15:16:50+00:00","mainEntityOfPage":{"@id":"https:\/\/infoelnuevonorte.com\/?p=83464"},"wordCount":341,"publisher":{"@id":"https:\/\/infoelnuevonorte.com\/#organization"},"articleSection":["Mundiales"],"inLanguage":"es-DO"},{"@type":"WebPage","@id":"https:\/\/infoelnuevonorte.com\/?p=83464","url":"https:\/\/infoelnuevonorte.com\/?p=83464","name":"UNICEF: uno de cada siete ni\u00f1os en Hait\u00ed no va a la escuela debido a la violencia | El Nuevo Norte","isPartOf":{"@id":"https:\/\/infoelnuevonorte.com\/#website"},"datePublished":"2025-02-28T15:16:49+00:00","dateModified":"2025-02-28T15:16:50+00:00","breadcrumb":{"@id":"https:\/\/infoelnuevonorte.com\/?p=83464#breadcrumb"},"inLanguage":"es-DO","potentialAction":[{"@type":"ReadAction","target":["https:\/\/infoelnuevonorte.com\/?p=83464"]}]},{"@type":"BreadcrumbList","@id":"https:\/\/infoelnuevonorte.com\/?p=83464#breadcrumb","itemListElement":[{"@type":"ListItem","position":1,"name":"Home","item":"https:\/\/infoelnuevonorte.com\/"},{"@type":"ListItem","position":2,"name":"UNICEF: uno de cada siete ni\u00f1os en Hait\u00ed no va a la escuela debido a la violencia"}]},{"@type":"WebSite","@id":"https:\/\/infoelnuevonorte.com\/#website","url":"https:\/\/infoelnuevonorte.com\/","name":"InfoEnn","description":"Tu Voz, tu Verdad, tu Diario!!!","publisher":{"@id":"https:\/\/infoelnuevonorte.com\/#organization"},"alternateName":"El Nuevo Norte","potentialAction":[{"@type":"SearchAction","target":{"@type":"EntryPoint","urlTemplate":"https:\/\/infoelnuevonorte.com\/?s={search_term_string}"},"query-input":{"@type":"PropertyValueSpecification","valueRequired":true,"valueName":"search_term_string"}}],"inLanguage":"es-DO"},{"@type":"Organization","@id":"https:\/\/infoelnuevonorte.com\/#organization","name":"Info El Nuevo Norte","alternateName":"El Nuevo Norte","url":"https:\/\/infoelnuevonorte.com\/","logo":{"@type":"ImageObject","inLanguage":"es-DO","@id":"https:\/\/infoelnuevonorte.com\/#\/schema\/logo\/image\/","url":"https:\/\/infoelnuevonorte.com\/wp-content\/uploads\/2026\/02\/Logo-Info-enn-3d-20ani.jpeg","contentUrl":"https:\/\/infoelnuevonorte.com\/wp-content\/uploads\/2026\/02\/Logo-Info-enn-3d-20ani.jpeg","width":2046,"height":736,"caption":"Info El Nuevo Norte"},"image":{"@id":"https:\/\/infoelnuevonorte.com\/#\/schema\/logo\/image\/"},"sameAs":["https:\/\/www.facebook.com\/infoenn","https:\/\/x.com\/Elnuevo_norte","https:\/\/www.instagram.com\/infoenn","https:\/\/www.facebook.com\/ENNRD"]},{"@type":"Person","@id":"https:\/\/infoelnuevonorte.com\/#\/schema\/person\/fd4f6d90afe41260818b4ea94ad8ab84","name":"InfoEnn","image":{"@type":"ImageObject","inLanguage":"es-DO","@id":"https:\/\/infoelnuevonorte.com\/#\/schema\/person\/image\/","url":"https:\/\/secure.gravatar.com\/avatar\/d4d760a41a48ba9db0a82bfb63bb0783?s=96&d=robohash&r=g","contentUrl":"https:\/\/secure.gravatar.com\/avatar\/d4d760a41a48ba9db0a82bfb63bb0783?s=96&d=robohash&r=g","caption":"InfoEnn"},"sameAs":["https:\/\/infoelnuevonorte.com"],"url":"https:\/\/infoelnuevonorte.com\/?author=1"}]}},"_links":{"self":[{"href":"https:\/\/infoelnuevonorte.com\/index.php?rest_route=\/wp\/v2\/posts\/83464"}],"collection":[{"href":"https:\/\/infoelnuevonorte.com\/index.php?rest_route=\/wp\/v2\/posts"}],"about":[{"href":"https:\/\/infoelnuevonorte.com\/index.php?rest_route=\/wp\/v2\/types\/post"}],"author":[{"embeddable":true,"href":"https:\/\/infoelnuevonorte.com\/index.php?rest_route=\/wp\/v2\/users\/1"}],"replies":[{"embeddable":true,"href":"https:\/\/infoelnuevonorte.com\/index.php?rest_route=%2Fwp%2Fv2%2Fcomments&post=83464"}],"version-history":[{"count":1,"href":"https:\/\/infoelnuevonorte.com\/index.php?rest_route=\/wp\/v2\/posts\/83464\/revisions"}],"predecessor-version":[{"id":83467,"href":"https:\/\/infoelnuevonorte.com\/index.php?rest_route=\/wp\/v2\/posts\/83464\/revisions\/83467"}],"wp:attachment":[{"href":"https:\/\/infoelnuevonorte.com\/index.php?rest_route=%2Fwp%2Fv2%2Fmedia&parent=83464"}],"wp:term":[{"taxonomy":"category","embeddable":true,"href":"https:\/\/infoelnuevonorte.com\/index.php?rest_route=%2Fwp%2Fv2%2Fcategories&post=83464"},{"taxonomy":"post_tag","embeddable":true,"href":"https:\/\/infoelnuevonorte.com\/index.php?rest_route=%2Fwp%2Fv2%2Ftags&post=83464"}],"curies":[{"name":"wp","href":"https:\/\/api.w.org\/{rel}","templated":true}]}}