{"id":83468,"date":"2025-02-28T11:24:12","date_gmt":"2025-02-28T15:24:12","guid":{"rendered":"https:\/\/infoelnuevonorte.com\/?p=83468"},"modified":"2025-02-28T11:24:13","modified_gmt":"2025-02-28T15:24:13","slug":"rd-y-otros-paises-latinoamericanos-aun-no-logran-la-exencion-de-visado-schengen","status":"publish","type":"post","link":"https:\/\/infoelnuevonorte.com\/?p=83468","title":{"rendered":"RD y otros pa\u00edses latinoamericanos a\u00fan no logran la exenci\u00f3n de visado Schengen"},"content":{"rendered":"<!--[if lt IE 9]><script>document.createElement('audio');<\/script><![endif]-->\n<audio class=\"wp-audio-shortcode\" id=\"audio-83468-1\" preload=\"none\" style=\"width: 100%;\" controls=\"controls\"><source type=\"audio\/mpeg\" src=\"https:\/\/infoelnuevonorte.com\/wp-content\/uploads\/2025\/02\/ttsmaker-vip-file-2025-2-28-11-23-48.mp3?_=1\" \/><a href=\"https:\/\/infoelnuevonorte.com\/wp-content\/uploads\/2025\/02\/ttsmaker-vip-file-2025-2-28-11-23-48.mp3\">https:\/\/infoelnuevonorte.com\/wp-content\/uploads\/2025\/02\/ttsmaker-vip-file-2025-2-28-11-23-48.mp3<\/a><\/audio>\n<p style=\"text-align: justify;\">La <strong>Comisi\u00f3n Europea<\/strong> (CE) ha confirmado que <strong>Cuba, Bolivia, Ecuador<\/strong> y la <strong>Rep\u00fablica Dominicana<\/strong> siguen siendo pa\u00edses de Am\u00e9rica Latina que necesitan visado Schengen para viajar a Europa, sin que, por el momento, exista una previsi\u00f3n de que se les conceda la exenci\u00f3n de este requisito.<\/p>\n<p style=\"text-align: justify;\">Fuentes del <strong>Ejecutivo comunitario<\/strong> informaron este viernes a <strong>EFE<\/strong> que la Comisi\u00f3n es \u201c<strong>consciente<\/strong> del gran inter\u00e9s de muchos pa\u00edses, incluidos Cuba, Bolivia, Ecuador y la Rep\u00fablica Dominicana, en ser transferidos a la lista de exenci\u00f3n de visado\u201d.<\/p>\n<p style=\"text-align: justify;\">Sin embargo, indicaron que \u201cen esta etapa, no estamos en posici\u00f3n de comunicar posibles cambios en las listas de la <strong>Uni\u00f3n Europea<\/strong> (UE) de pa\u00edses exentos de visado\u201d, por lo que estos pa\u00edses seguir\u00e1n, por ahora, esperando alcanzar la <strong>exenci\u00f3n<\/strong>, algo que ya han logrado otros pa\u00edses latinoamericanos en etapas anteriores.<\/p>\n<p style=\"text-align: justify;\">Aunque la decisi\u00f3n final depende de la <strong>Comisi\u00f3n Europea<\/strong>, varios de estos pa\u00edses, como <strong>Espa\u00f1a<\/strong>, han mostrado su apoyo hacia la solicitud. En el caso de la <strong>Rep\u00fablica Dominicana<\/strong>, fuentes diplom\u00e1ticas indicaron que el pa\u00eds ha comenzado a adoptar el <strong>pasaporte biom\u00e9trico<\/strong> como primer paso para solicitar la exenci\u00f3n, en colaboraci\u00f3n con Espa\u00f1a.<\/p>\n<p style=\"text-align: justify;\">Por su parte, la embajadora de <strong>Ecuador en Madrid<\/strong>, <strong>Wilma Andrade<\/strong>, record\u00f3 que Espa\u00f1a ha respaldado durante mucho tiempo el apoyo ante Bruselas. \u201c<strong>Ecuador<\/strong> qued\u00f3 en su momento fuera de la lista, donde s\u00ed fueron incluidos otros pa\u00edses de la regi\u00f3n como <strong>Colombia<\/strong> y <strong>Per\u00fa<\/strong>. Una mala suerte\u201d, expres\u00f3 la embajadora, quien a\u00f1adi\u00f3 que su pa\u00eds est\u00e1 dispuesto a \u201c<strong>retomar el tema<\/strong>\u201d, a pesar de ser consciente de lo \u201ccomplejo\u201d que es el proceso.<\/p>\n<p style=\"text-align: justify;\">Andrade destac\u00f3 que la exenci\u00f3n de visado beneficiar\u00eda a Ecuador, ya que para el pa\u00eds, <strong>Espa\u00f1a<\/strong> es el primer socio comercial en Europa. Adem\u00e1s, mencion\u00f3 que existe una gran demanda laboral en Espa\u00f1a en sectores como la construcci\u00f3n, la hosteler\u00eda, el cuidado de ancianos y el servicio dom\u00e9stico, lo que podr\u00eda facilitar una <strong>migraci\u00f3n ordenada y digna<\/strong> para los ecuatorianos.<\/p>\n<p style=\"text-align: justify;\">En la misma l\u00ednea, <strong>Bolivia<\/strong> tambi\u00e9n cuenta con el respaldo de Espa\u00f1a. El <strong>vicepresidente de Bolivia, David Choquehuanca<\/strong>, durante su reciente visita a Madrid, recibi\u00f3 el apoyo del ministro espa\u00f1ol de Exteriores, <strong>Jos\u00e9 Manuel Albares<\/strong>, para avanzar hacia la exenci\u00f3n de visado ante Bruselas.<\/p>\n<p style=\"text-align: justify;\">El <strong>Espacio Schengen<\/strong> permite viajar libremente sin controles en las fronteras interiores entre los pa\u00edses miembros, aunque no todos los pa\u00edses de la <strong>Uni\u00f3n Europea<\/strong> forman parte de este acuerdo, como es el caso de <strong>Irlanda<\/strong>. Sin embargo, otros pa\u00edses como <strong>Islandia<\/strong>, <strong>Suiza<\/strong> y <strong>Noruega<\/strong> est\u00e1n incluidos. En la actualidad, cerca de <strong>sesenta pa\u00edses<\/strong> disfrutan de la <strong>exenci\u00f3n de visado<\/strong> en este espacio, entre los cuales se encuentran todos los pa\u00edses latinoamericanos, excepto Cuba, Bolivia, Ecuador y la Rep\u00fablica Dominicana.<\/p>\n","protected":false},"excerpt":{"rendered":"<p>La Comisi\u00f3n Europea (CE) ha confirmado que Cuba, Bolivia, Ecuador y la Rep\u00fablica Dominicana siguen siendo pa\u00edses de Am\u00e9rica Latina que necesitan visado Schengen para viajar a Europa, sin que, por el momento, exista una previsi\u00f3n de que se les conceda la exenci\u00f3n de este requisito. Fuentes del Ejecutivo comunitario informaron este viernes a EFE [&hellip;]<\/p>\n","protected":false},"author":1,"featured_media":0,"comment_status":"closed","ping_status":"open","sticky":false,"template":"","format":"standard","meta":{"footnotes":""},"categories":[8],"tags":[],"yoast_head":"<!-- This site is optimized with the Yoast SEO plugin v24.5 - https:\/\/yoast.com\/wordpress\/plugins\/seo\/ -->\n<title>RD y otros pa\u00edses latinoamericanos a\u00fan no logran la exenci\u00f3n de visado Schengen | El Nuevo Norte<\/title>\n<meta name=\"robots\" content=\"index, follow, max-snippet:-1, max-image-preview:large, max-video-preview:-1\" \/>\n<link rel=\"canonical\" href=\"https:\/\/infoelnuevonorte.com\/?p=83468\" \/>\n<meta property=\"og:locale\" content=\"es_ES\" \/>\n<meta property=\"og:type\" content=\"article\" \/>\n<meta property=\"og:title\" content=\"RD y otros pa\u00edses latinoamericanos a\u00fan no logran la exenci\u00f3n de visado Schengen | El Nuevo Norte\" \/>\n<meta property=\"og:description\" content=\"La Comisi\u00f3n Europea (CE) ha confirmado que Cuba, Bolivia, Ecuador y la Rep\u00fablica Dominicana siguen siendo pa\u00edses de Am\u00e9rica Latina que necesitan visado Schengen para viajar a Europa, sin que, por el momento, exista una previsi\u00f3n de que se les conceda la exenci\u00f3n de este requisito. Fuentes del Ejecutivo comunitario informaron este viernes a EFE [&hellip;]\" \/>\n<meta property=\"og:url\" content=\"https:\/\/infoelnuevonorte.com\/?p=83468\" \/>\n<meta property=\"og:site_name\" content=\"El Nuevo Norte\" \/>\n<meta property=\"article:publisher\" content=\"https:\/\/www.facebook.com\/infoenn\" \/>\n<meta property=\"article:published_time\" content=\"2025-02-28T15:24:12+00:00\" \/>\n<meta property=\"article:modified_time\" content=\"2025-02-28T15:24:13+00:00\" \/>\n<meta property=\"og:image\" content=\"https:\/\/infoelnuevonorte.com\/wp-content\/uploads\/2025\/02\/visado-sechengen.jpeg\" \/>\n\t<meta property=\"og:image:width\" content=\"1000\" \/>\n\t<meta property=\"og:image:height\" content=\"533\" \/>\n\t<meta property=\"og:image:type\" content=\"image\/jpeg\" \/>\n<meta name=\"author\" content=\"InfoEnn\" \/>\n<meta name=\"twitter:card\" content=\"summary_large_image\" \/>\n<meta name=\"twitter:creator\" content=\"@Elnuevo_norte\" \/>\n<meta name=\"twitter:site\" content=\"@Elnuevo_norte\" \/>\n<meta name=\"twitter:label1\" content=\"Written by\" \/>\n\t<meta name=\"twitter:data1\" content=\"InfoEnn\" \/>\n\t<meta name=\"twitter:label2\" content=\"Est. reading time\" \/>\n\t<meta name=\"twitter:data2\" content=\"3 minutos\" \/>\n<script type=\"application\/ld+json\" class=\"yoast-schema-graph\">{\"@context\":\"https:\/\/schema.org\",\"@graph\":[{\"@type\":\"Article\",\"@id\":\"https:\/\/infoelnuevonorte.com\/?p=83468#article\",\"isPartOf\":{\"@id\":\"https:\/\/infoelnuevonorte.com\/?p=83468\"},\"author\":{\"name\":\"InfoEnn\",\"@id\":\"https:\/\/infoelnuevonorte.com\/#\/schema\/person\/fd4f6d90afe41260818b4ea94ad8ab84\"},\"headline\":\"RD y otros pa\u00edses latinoamericanos a\u00fan no logran la exenci\u00f3n de visado Schengen\",\"datePublished\":\"2025-02-28T15:24:12+00:00\",\"dateModified\":\"2025-02-28T15:24:13+00:00\",\"mainEntityOfPage\":{\"@id\":\"https:\/\/infoelnuevonorte.com\/?p=83468\"},\"wordCount\":536,\"publisher\":{\"@id\":\"https:\/\/infoelnuevonorte.com\/#organization\"},\"articleSection\":[\"Nacionales\"],\"inLanguage\":\"es-DO\"},{\"@type\":\"WebPage\",\"@id\":\"https:\/\/infoelnuevonorte.com\/?p=83468\",\"url\":\"https:\/\/infoelnuevonorte.com\/?p=83468\",\"name\":\"RD y otros pa\u00edses latinoamericanos a\u00fan no logran la exenci\u00f3n de visado Schengen | El Nuevo Norte\",\"isPartOf\":{\"@id\":\"https:\/\/infoelnuevonorte.com\/#website\"},\"datePublished\":\"2025-02-28T15:24:12+00:00\",\"dateModified\":\"2025-02-28T15:24:13+00:00\",\"breadcrumb\":{\"@id\":\"https:\/\/infoelnuevonorte.com\/?p=83468#breadcrumb\"},\"inLanguage\":\"es-DO\",\"potentialAction\":[{\"@type\":\"ReadAction\",\"target\":[\"https:\/\/infoelnuevonorte.com\/?p=83468\"]}]},{\"@type\":\"BreadcrumbList\",\"@id\":\"https:\/\/infoelnuevonorte.com\/?p=83468#breadcrumb\",\"itemListElement\":[{\"@type\":\"ListItem\",\"position\":1,\"name\":\"Home\",\"item\":\"https:\/\/infoelnuevonorte.com\/\"},{\"@type\":\"ListItem\",\"position\":2,\"name\":\"RD y otros pa\u00edses latinoamericanos a\u00fan no logran la exenci\u00f3n de visado Schengen\"}]},{\"@type\":\"WebSite\",\"@id\":\"https:\/\/infoelnuevonorte.com\/#website\",\"url\":\"https:\/\/infoelnuevonorte.com\/\",\"name\":\"InfoEnn\",\"description\":\"Tu Voz, tu Verdad, tu Diario!!!\",\"publisher\":{\"@id\":\"https:\/\/infoelnuevonorte.com\/#organization\"},\"alternateName\":\"El Nuevo Norte\",\"potentialAction\":[{\"@type\":\"SearchAction\",\"target\":{\"@type\":\"EntryPoint\",\"urlTemplate\":\"https:\/\/infoelnuevonorte.com\/?s={search_term_string}\"},\"query-input\":{\"@type\":\"PropertyValueSpecification\",\"valueRequired\":true,\"valueName\":\"search_term_string\"}}],\"inLanguage\":\"es-DO\"},{\"@type\":\"Organization\",\"@id\":\"https:\/\/infoelnuevonorte.com\/#organization\",\"name\":\"Info El Nuevo Norte\",\"alternateName\":\"El Nuevo Norte\",\"url\":\"https:\/\/infoelnuevonorte.com\/\",\"logo\":{\"@type\":\"ImageObject\",\"inLanguage\":\"es-DO\",\"@id\":\"https:\/\/infoelnuevonorte.com\/#\/schema\/logo\/image\/\",\"url\":\"https:\/\/infoelnuevonorte.com\/wp-content\/uploads\/2026\/02\/Logo-Info-enn-3d-20ani.jpeg\",\"contentUrl\":\"https:\/\/infoelnuevonorte.com\/wp-content\/uploads\/2026\/02\/Logo-Info-enn-3d-20ani.jpeg\",\"width\":2046,\"height\":736,\"caption\":\"Info El Nuevo Norte\"},\"image\":{\"@id\":\"https:\/\/infoelnuevonorte.com\/#\/schema\/logo\/image\/\"},\"sameAs\":[\"https:\/\/www.facebook.com\/infoenn\",\"https:\/\/x.com\/Elnuevo_norte\",\"https:\/\/www.instagram.com\/infoenn\",\"https:\/\/www.facebook.com\/ENNRD\"]},{\"@type\":\"Person\",\"@id\":\"https:\/\/infoelnuevonorte.com\/#\/schema\/person\/fd4f6d90afe41260818b4ea94ad8ab84\",\"name\":\"InfoEnn\",\"image\":{\"@type\":\"ImageObject\",\"inLanguage\":\"es-DO\",\"@id\":\"https:\/\/infoelnuevonorte.com\/#\/schema\/person\/image\/\",\"url\":\"https:\/\/secure.gravatar.com\/avatar\/d4d760a41a48ba9db0a82bfb63bb0783?s=96&d=robohash&r=g\",\"contentUrl\":\"https:\/\/secure.gravatar.com\/avatar\/d4d760a41a48ba9db0a82bfb63bb0783?s=96&d=robohash&r=g\",\"caption\":\"InfoEnn\"},\"sameAs\":[\"https:\/\/infoelnuevonorte.com\"],\"url\":\"https:\/\/infoelnuevonorte.com\/?author=1\"}]}<\/script>\n<!-- \/ Yoast SEO plugin. -->","yoast_head_json":{"title":"RD y otros pa\u00edses latinoamericanos a\u00fan no logran la exenci\u00f3n de visado Schengen | El Nuevo Norte","robots":{"index":"index","follow":"follow","max-snippet":"max-snippet:-1","max-image-preview":"max-image-preview:large","max-video-preview":"max-video-preview:-1"},"canonical":"https:\/\/infoelnuevonorte.com\/?p=83468","og_locale":"es_ES","og_type":"article","og_title":"RD y otros pa\u00edses latinoamericanos a\u00fan no logran la exenci\u00f3n de visado Schengen | El Nuevo Norte","og_description":"La Comisi\u00f3n Europea (CE) ha confirmado que Cuba, Bolivia, Ecuador y la Rep\u00fablica Dominicana siguen siendo pa\u00edses de Am\u00e9rica Latina que necesitan visado Schengen para viajar a Europa, sin que, por el momento, exista una previsi\u00f3n de que se les conceda la exenci\u00f3n de este requisito. Fuentes del Ejecutivo comunitario informaron este viernes a EFE [&hellip;]","og_url":"https:\/\/infoelnuevonorte.com\/?p=83468","og_site_name":"El Nuevo Norte","article_publisher":"https:\/\/www.facebook.com\/infoenn","article_published_time":"2025-02-28T15:24:12+00:00","article_modified_time":"2025-02-28T15:24:13+00:00","og_image":[{"width":1000,"height":533,"url":"https:\/\/infoelnuevonorte.com\/wp-content\/uploads\/2025\/02\/visado-sechengen.jpeg","type":"image\/jpeg"}],"author":"InfoEnn","twitter_card":"summary_large_image","twitter_creator":"@Elnuevo_norte","twitter_site":"@Elnuevo_norte","twitter_misc":{"Written by":"InfoEnn","Est. reading time":"3 minutos"},"schema":{"@context":"https:\/\/schema.org","@graph":[{"@type":"Article","@id":"https:\/\/infoelnuevonorte.com\/?p=83468#article","isPartOf":{"@id":"https:\/\/infoelnuevonorte.com\/?p=83468"},"author":{"name":"InfoEnn","@id":"https:\/\/infoelnuevonorte.com\/#\/schema\/person\/fd4f6d90afe41260818b4ea94ad8ab84"},"headline":"RD y otros pa\u00edses latinoamericanos a\u00fan no logran la exenci\u00f3n de visado Schengen","datePublished":"2025-02-28T15:24:12+00:00","dateModified":"2025-02-28T15:24:13+00:00","mainEntityOfPage":{"@id":"https:\/\/infoelnuevonorte.com\/?p=83468"},"wordCount":536,"publisher":{"@id":"https:\/\/infoelnuevonorte.com\/#organization"},"articleSection":["Nacionales"],"inLanguage":"es-DO"},{"@type":"WebPage","@id":"https:\/\/infoelnuevonorte.com\/?p=83468","url":"https:\/\/infoelnuevonorte.com\/?p=83468","name":"RD y otros pa\u00edses latinoamericanos a\u00fan no logran la exenci\u00f3n de visado Schengen | El Nuevo Norte","isPartOf":{"@id":"https:\/\/infoelnuevonorte.com\/#website"},"datePublished":"2025-02-28T15:24:12+00:00","dateModified":"2025-02-28T15:24:13+00:00","breadcrumb":{"@id":"https:\/\/infoelnuevonorte.com\/?p=83468#breadcrumb"},"inLanguage":"es-DO","potentialAction":[{"@type":"ReadAction","target":["https:\/\/infoelnuevonorte.com\/?p=83468"]}]},{"@type":"BreadcrumbList","@id":"https:\/\/infoelnuevonorte.com\/?p=83468#breadcrumb","itemListElement":[{"@type":"ListItem","position":1,"name":"Home","item":"https:\/\/infoelnuevonorte.com\/"},{"@type":"ListItem","position":2,"name":"RD y otros pa\u00edses latinoamericanos a\u00fan no logran la exenci\u00f3n de visado Schengen"}]},{"@type":"WebSite","@id":"https:\/\/infoelnuevonorte.com\/#website","url":"https:\/\/infoelnuevonorte.com\/","name":"InfoEnn","description":"Tu Voz, tu Verdad, tu Diario!!!","publisher":{"@id":"https:\/\/infoelnuevonorte.com\/#organization"},"alternateName":"El Nuevo Norte","potentialAction":[{"@type":"SearchAction","target":{"@type":"EntryPoint","urlTemplate":"https:\/\/infoelnuevonorte.com\/?s={search_term_string}"},"query-input":{"@type":"PropertyValueSpecification","valueRequired":true,"valueName":"search_term_string"}}],"inLanguage":"es-DO"},{"@type":"Organization","@id":"https:\/\/infoelnuevonorte.com\/#organization","name":"Info El Nuevo Norte","alternateName":"El Nuevo Norte","url":"https:\/\/infoelnuevonorte.com\/","logo":{"@type":"ImageObject","inLanguage":"es-DO","@id":"https:\/\/infoelnuevonorte.com\/#\/schema\/logo\/image\/","url":"https:\/\/infoelnuevonorte.com\/wp-content\/uploads\/2026\/02\/Logo-Info-enn-3d-20ani.jpeg","contentUrl":"https:\/\/infoelnuevonorte.com\/wp-content\/uploads\/2026\/02\/Logo-Info-enn-3d-20ani.jpeg","width":2046,"height":736,"caption":"Info El Nuevo Norte"},"image":{"@id":"https:\/\/infoelnuevonorte.com\/#\/schema\/logo\/image\/"},"sameAs":["https:\/\/www.facebook.com\/infoenn","https:\/\/x.com\/Elnuevo_norte","https:\/\/www.instagram.com\/infoenn","https:\/\/www.facebook.com\/ENNRD"]},{"@type":"Person","@id":"https:\/\/infoelnuevonorte.com\/#\/schema\/person\/fd4f6d90afe41260818b4ea94ad8ab84","name":"InfoEnn","image":{"@type":"ImageObject","inLanguage":"es-DO","@id":"https:\/\/infoelnuevonorte.com\/#\/schema\/person\/image\/","url":"https:\/\/secure.gravatar.com\/avatar\/d4d760a41a48ba9db0a82bfb63bb0783?s=96&d=robohash&r=g","contentUrl":"https:\/\/secure.gravatar.com\/avatar\/d4d760a41a48ba9db0a82bfb63bb0783?s=96&d=robohash&r=g","caption":"InfoEnn"},"sameAs":["https:\/\/infoelnuevonorte.com"],"url":"https:\/\/infoelnuevonorte.com\/?author=1"}]}},"_links":{"self":[{"href":"https:\/\/infoelnuevonorte.com\/index.php?rest_route=\/wp\/v2\/posts\/83468"}],"collection":[{"href":"https:\/\/infoelnuevonorte.com\/index.php?rest_route=\/wp\/v2\/posts"}],"about":[{"href":"https:\/\/infoelnuevonorte.com\/index.php?rest_route=\/wp\/v2\/types\/post"}],"author":[{"embeddable":true,"href":"https:\/\/infoelnuevonorte.com\/index.php?rest_route=\/wp\/v2\/users\/1"}],"replies":[{"embeddable":true,"href":"https:\/\/infoelnuevonorte.com\/index.php?rest_route=%2Fwp%2Fv2%2Fcomments&post=83468"}],"version-history":[{"count":1,"href":"https:\/\/infoelnuevonorte.com\/index.php?rest_route=\/wp\/v2\/posts\/83468\/revisions"}],"predecessor-version":[{"id":83471,"href":"https:\/\/infoelnuevonorte.com\/index.php?rest_route=\/wp\/v2\/posts\/83468\/revisions\/83471"}],"wp:attachment":[{"href":"https:\/\/infoelnuevonorte.com\/index.php?rest_route=%2Fwp%2Fv2%2Fmedia&parent=83468"}],"wp:term":[{"taxonomy":"category","embeddable":true,"href":"https:\/\/infoelnuevonorte.com\/index.php?rest_route=%2Fwp%2Fv2%2Fcategories&post=83468"},{"taxonomy":"post_tag","embeddable":true,"href":"https:\/\/infoelnuevonorte.com\/index.php?rest_route=%2Fwp%2Fv2%2Ftags&post=83468"}],"curies":[{"name":"wp","href":"https:\/\/api.w.org\/{rel}","templated":true}]}}