{"id":83476,"date":"2025-02-28T11:31:46","date_gmt":"2025-02-28T15:31:46","guid":{"rendered":"https:\/\/infoelnuevonorte.com\/?p=83476"},"modified":"2025-02-28T11:35:49","modified_gmt":"2025-02-28T15:35:49","slug":"gobierno-de-venezuela-veta-a-juan-luis-guerra-y-decena-de-artistas-iberoamericanos","status":"publish","type":"post","link":"https:\/\/infoelnuevonorte.com\/?p=83476","title":{"rendered":"Gobierno de Venezuela veta a Juan Luis Guerra y decena de artistas iberoamericanos"},"content":{"rendered":"<!--[if lt IE 9]><script>document.createElement('audio');<\/script><![endif]-->\n<audio class=\"wp-audio-shortcode\" id=\"audio-83476-1\" preload=\"none\" style=\"width: 100%;\" controls=\"controls\"><source type=\"audio\/mpeg\" src=\"https:\/\/infoelnuevonorte.com\/wp-content\/uploads\/2025\/02\/ttsmaker-vip-file-2025-2-28-11-30-52.mp3?_=1\" \/><a href=\"https:\/\/infoelnuevonorte.com\/wp-content\/uploads\/2025\/02\/ttsmaker-vip-file-2025-2-28-11-30-52.mp3\">https:\/\/infoelnuevonorte.com\/wp-content\/uploads\/2025\/02\/ttsmaker-vip-file-2025-2-28-11-30-52.mp3<\/a><\/audio>\n<p style=\"text-align: justify;\"><em><strong>Venezuela.-<\/strong><\/em> <strong>Diosdado Cabello<\/strong>, primer vicepresidente del <strong>Partido Socialista de Venezuela y ministro de Interior y Justicia<\/strong>, considerado el segundo l\u00edder pol\u00edtico m\u00e1s influyente del chavismo, ha mostrado este d\u00eda una lista de varios cantantes que est\u00e1n vetados por ese Gobierno, incluyendo al dominicano <strong>Juan Luis Guerra.<\/strong><\/p>\n<p style=\"text-align: justify;\">Diosdado Cabello menciona los artistas que est\u00e1n en la lista negra en Venezuela, entre ellos, adem\u00e1s de <strong>Juan Luis Guerra, a Jos\u00e9 Luis Rodr\u00edguez, El Puma; Alejandro Sanz, Carlos Vives, Ricky, Diego Torres, Juanes, Chino Miranda<\/strong>, entre otros cantantes reconocidos y de larga trayectoria.<\/p>\n<p style=\"text-align: justify;\">Los artistas son vetados por haber participado en el concierto <strong>\u201cVenezuela Aid Live\u201d<\/strong>, denominado en castellano como <strong>M\u00fasica por Venezuela: Ayuda y Liberta<\/strong>d, que fue un concierto ben\u00e9fico organizado por Richard Branson y celebrado el 22 de febrero de 2019 en el <strong>Puente Internacional Tienditas, en C\u00facuta (Colombia<\/strong>), paso fronterizo hacia Venezuela. Tuvo como lema la frase: \u00abDejen que las estrellas brillen para todos\u00bb.<\/p>\n<p style=\"text-align: justify;\">El primer artista al que Cabello vet\u00f3 p\u00fablicamente fue Juanes, en el a\u00f1o 2022, el solista que m\u00e1s Grammy Latinos ha ganado (26) y que ha vendido m\u00e1s de 16 millones de discos en todo el mundo.<\/p>\n<p style=\"text-align: justify;\"><strong>Cabello lo llam\u00f3 \u201cinmoral supremo\u201d y \u201cgusano\u201d en su programa televisivo.<\/strong><\/p>\n<p style=\"text-align: justify;\">\u201cJuanes, te voy a decir algo: el presidente aqu\u00ed sigue siendo Nicol\u00e1s Maduro. El mismo que, seg\u00fan t\u00fa, no te dejaba entrar. Es una inmoralidad. Eres un gran inmoral, vienes por dinero, despu\u00e9s de decir que no ven\u00edas a Venezuela, y que cantaste en un concierto donde ped\u00edas una invasi\u00f3n al pa\u00eds\u201d, dijo, en referencia a su participaci\u00f3n en el Venezuela Live Aid.<\/p>\n<p style=\"text-align: justify;\"><strong>ESTOS FUERON LOS ARTISTAS QUE PARTICIPARON EN ESE CONCIERTO:<\/strong><\/p>\n<p style=\"text-align: justify;\">\u2013 Juan Luis Guerra (Rep\u00fablica Dominicana).<br \/>-Alejandro Sanz (Espa\u00f1a).<br \/>-Alesso (Suecia).<br \/>-Camilo Echeverry (Colombia).<br \/>-Carlos Baute (Venezuela-Espa\u00f1a).<br \/>-Carlos Vives (Colombia).<br \/>-Cholo Valderrama (Bandera de Colombia)<br \/>-Chyno Miranda (Venezuela).<br \/>-Danny Ocean (Venezuela).<br \/>Diego Torres (Argentina).<br \/>-Fonseca (Colombia).<br \/>Gusi (Colombia-Venezuela).<br \/>Jencarlos Canela (Cuba- Estados Unidos).<br \/>Jorge Glem (Venezuela).<br \/>Jorge Villamizar (Colombia).<br \/>Jos\u00e9 Luis Rodr\u00edguez \u201cEl Puma\u201d (Venezuela).<br \/>Juanes (Colombia).<br \/>Lele Pons (Venezuela-Estados Unidos).<br \/>Luis Fonsi (Puerto Rico).<br \/>Maluma (Colombia).<br \/>Man\u00e1 (M\u00e9xico).<br \/>Mau y Ricky (Venezuela-Estados Unidos).<br \/>Miguel Bos\u00e9 (Espa\u00f1a-Colombia-Panam\u00e1-Italia).<br \/>Nacho (Venezuela-Colombia).<br \/>Paulina Rubio (M\u00e9xico).<br \/>Reik (M\u00e9xico).<br \/>Reymar Perdomo (Venezuela).<br \/>Reynaldo Armas (Venezuela).<br \/>Ricardo Montaner (Argentina-Venezuela-Colombia-Rep\u00fablica Dominicana- Estados Unidos).<br \/>Rudy Mancuso (Estados Unidos).<br \/>Santiago Cruz (Colombia).<br \/>Silvestre Dangond (Colombia).<\/p>\n\n\n<figure class=\"wp-block-embed is-type-video is-provider-youtube wp-block-embed-youtube wp-embed-aspect-16-9 wp-has-aspect-ratio\"><div class=\"wp-block-embed__wrapper\">\n<iframe loading=\"lazy\" title=\"Gobierno de Venezuela veta a Juan Luis Guerra y decena de artistas iberoamericanos\" width=\"696\" height=\"392\" src=\"https:\/\/www.youtube.com\/embed\/4cpezQTsv70?feature=oembed\" frameborder=\"0\" allow=\"accelerometer; autoplay; clipboard-write; encrypted-media; gyroscope; picture-in-picture; web-share\" referrerpolicy=\"strict-origin-when-cross-origin\" allowfullscreen><\/iframe>\n<\/div><\/figure>\n","protected":false},"excerpt":{"rendered":"<p>Venezuela.- Diosdado Cabello, primer vicepresidente del Partido Socialista de Venezuela y ministro de Interior y Justicia, considerado el segundo l\u00edder pol\u00edtico m\u00e1s influyente del chavismo, ha mostrado este d\u00eda una lista de varios cantantes que est\u00e1n vetados por ese Gobierno, incluyendo al dominicano Juan Luis Guerra. Diosdado Cabello menciona los artistas que est\u00e1n en la [&hellip;]<\/p>\n","protected":false},"author":1,"featured_media":0,"comment_status":"closed","ping_status":"open","sticky":false,"template":"","format":"standard","meta":{"footnotes":""},"categories":[11,18],"tags":[],"yoast_head":"<!-- This site is optimized with the Yoast SEO plugin v24.5 - https:\/\/yoast.com\/wordpress\/plugins\/seo\/ -->\n<title>Gobierno de Venezuela veta a Juan Luis Guerra y decena de artistas iberoamericanos | El Nuevo Norte<\/title>\n<meta name=\"robots\" content=\"index, follow, max-snippet:-1, max-image-preview:large, max-video-preview:-1\" \/>\n<link rel=\"canonical\" href=\"https:\/\/infoelnuevonorte.com\/?p=83476\" \/>\n<meta property=\"og:locale\" content=\"es_ES\" \/>\n<meta property=\"og:type\" content=\"article\" \/>\n<meta property=\"og:title\" content=\"Gobierno de Venezuela veta a Juan Luis Guerra y decena de artistas iberoamericanos | El Nuevo Norte\" \/>\n<meta property=\"og:description\" content=\"Venezuela.- Diosdado Cabello, primer vicepresidente del Partido Socialista de Venezuela y ministro de Interior y Justicia, considerado el segundo l\u00edder pol\u00edtico m\u00e1s influyente del chavismo, ha mostrado este d\u00eda una lista de varios cantantes que est\u00e1n vetados por ese Gobierno, incluyendo al dominicano Juan Luis Guerra. Diosdado Cabello menciona los artistas que est\u00e1n en la [&hellip;]\" \/>\n<meta property=\"og:url\" content=\"https:\/\/infoelnuevonorte.com\/?p=83476\" \/>\n<meta property=\"og:site_name\" content=\"El Nuevo Norte\" \/>\n<meta property=\"article:publisher\" content=\"https:\/\/www.facebook.com\/infoenn\" \/>\n<meta property=\"article:published_time\" content=\"2025-02-28T15:31:46+00:00\" \/>\n<meta property=\"article:modified_time\" content=\"2025-02-28T15:35:49+00:00\" \/>\n<meta property=\"og:image\" content=\"https:\/\/infoelnuevonorte.com\/wp-content\/uploads\/2025\/02\/Juan-Luis-Guerra.png\" \/>\n\t<meta property=\"og:image:width\" content=\"578\" \/>\n\t<meta property=\"og:image:height\" content=\"368\" \/>\n\t<meta property=\"og:image:type\" content=\"image\/png\" \/>\n<meta name=\"author\" content=\"InfoEnn\" \/>\n<meta name=\"twitter:card\" content=\"summary_large_image\" \/>\n<meta name=\"twitter:creator\" content=\"@Elnuevo_norte\" \/>\n<meta name=\"twitter:site\" content=\"@Elnuevo_norte\" \/>\n<meta name=\"twitter:label1\" content=\"Written by\" \/>\n\t<meta name=\"twitter:data1\" content=\"InfoEnn\" \/>\n\t<meta name=\"twitter:label2\" content=\"Est. reading time\" \/>\n\t<meta name=\"twitter:data2\" content=\"2 minutos\" \/>\n<script type=\"application\/ld+json\" class=\"yoast-schema-graph\">{\"@context\":\"https:\/\/schema.org\",\"@graph\":[{\"@type\":\"Article\",\"@id\":\"https:\/\/infoelnuevonorte.com\/?p=83476#article\",\"isPartOf\":{\"@id\":\"https:\/\/infoelnuevonorte.com\/?p=83476\"},\"author\":{\"name\":\"InfoEnn\",\"@id\":\"https:\/\/infoelnuevonorte.com\/#\/schema\/person\/fd4f6d90afe41260818b4ea94ad8ab84\"},\"headline\":\"Gobierno de Venezuela veta a Juan Luis Guerra y decena de artistas iberoamericanos\",\"datePublished\":\"2025-02-28T15:31:46+00:00\",\"dateModified\":\"2025-02-28T15:35:49+00:00\",\"mainEntityOfPage\":{\"@id\":\"https:\/\/infoelnuevonorte.com\/?p=83476\"},\"wordCount\":440,\"publisher\":{\"@id\":\"https:\/\/infoelnuevonorte.com\/#organization\"},\"articleSection\":[\"Entretenimiento\",\"Video\"],\"inLanguage\":\"es-DO\"},{\"@type\":\"WebPage\",\"@id\":\"https:\/\/infoelnuevonorte.com\/?p=83476\",\"url\":\"https:\/\/infoelnuevonorte.com\/?p=83476\",\"name\":\"Gobierno de Venezuela veta a Juan Luis Guerra y decena de artistas iberoamericanos | El Nuevo Norte\",\"isPartOf\":{\"@id\":\"https:\/\/infoelnuevonorte.com\/#website\"},\"datePublished\":\"2025-02-28T15:31:46+00:00\",\"dateModified\":\"2025-02-28T15:35:49+00:00\",\"breadcrumb\":{\"@id\":\"https:\/\/infoelnuevonorte.com\/?p=83476#breadcrumb\"},\"inLanguage\":\"es-DO\",\"potentialAction\":[{\"@type\":\"ReadAction\",\"target\":[\"https:\/\/infoelnuevonorte.com\/?p=83476\"]}]},{\"@type\":\"BreadcrumbList\",\"@id\":\"https:\/\/infoelnuevonorte.com\/?p=83476#breadcrumb\",\"itemListElement\":[{\"@type\":\"ListItem\",\"position\":1,\"name\":\"Home\",\"item\":\"https:\/\/infoelnuevonorte.com\/\"},{\"@type\":\"ListItem\",\"position\":2,\"name\":\"Gobierno de Venezuela veta a Juan Luis Guerra y decena de artistas iberoamericanos\"}]},{\"@type\":\"WebSite\",\"@id\":\"https:\/\/infoelnuevonorte.com\/#website\",\"url\":\"https:\/\/infoelnuevonorte.com\/\",\"name\":\"InfoEnn\",\"description\":\"Tu Voz, tu Verdad, tu Diario!!!\",\"publisher\":{\"@id\":\"https:\/\/infoelnuevonorte.com\/#organization\"},\"alternateName\":\"El Nuevo Norte\",\"potentialAction\":[{\"@type\":\"SearchAction\",\"target\":{\"@type\":\"EntryPoint\",\"urlTemplate\":\"https:\/\/infoelnuevonorte.com\/?s={search_term_string}\"},\"query-input\":{\"@type\":\"PropertyValueSpecification\",\"valueRequired\":true,\"valueName\":\"search_term_string\"}}],\"inLanguage\":\"es-DO\"},{\"@type\":\"Organization\",\"@id\":\"https:\/\/infoelnuevonorte.com\/#organization\",\"name\":\"Info El Nuevo Norte\",\"alternateName\":\"El Nuevo Norte\",\"url\":\"https:\/\/infoelnuevonorte.com\/\",\"logo\":{\"@type\":\"ImageObject\",\"inLanguage\":\"es-DO\",\"@id\":\"https:\/\/infoelnuevonorte.com\/#\/schema\/logo\/image\/\",\"url\":\"https:\/\/infoelnuevonorte.com\/wp-content\/uploads\/2026\/02\/Logo-Info-enn-3d-20ani.jpeg\",\"contentUrl\":\"https:\/\/infoelnuevonorte.com\/wp-content\/uploads\/2026\/02\/Logo-Info-enn-3d-20ani.jpeg\",\"width\":2046,\"height\":736,\"caption\":\"Info El Nuevo Norte\"},\"image\":{\"@id\":\"https:\/\/infoelnuevonorte.com\/#\/schema\/logo\/image\/\"},\"sameAs\":[\"https:\/\/www.facebook.com\/infoenn\",\"https:\/\/x.com\/Elnuevo_norte\",\"https:\/\/www.instagram.com\/infoenn\",\"https:\/\/www.facebook.com\/ENNRD\"]},{\"@type\":\"Person\",\"@id\":\"https:\/\/infoelnuevonorte.com\/#\/schema\/person\/fd4f6d90afe41260818b4ea94ad8ab84\",\"name\":\"InfoEnn\",\"image\":{\"@type\":\"ImageObject\",\"inLanguage\":\"es-DO\",\"@id\":\"https:\/\/infoelnuevonorte.com\/#\/schema\/person\/image\/\",\"url\":\"https:\/\/secure.gravatar.com\/avatar\/d4d760a41a48ba9db0a82bfb63bb0783?s=96&d=robohash&r=g\",\"contentUrl\":\"https:\/\/secure.gravatar.com\/avatar\/d4d760a41a48ba9db0a82bfb63bb0783?s=96&d=robohash&r=g\",\"caption\":\"InfoEnn\"},\"sameAs\":[\"https:\/\/infoelnuevonorte.com\"],\"url\":\"https:\/\/infoelnuevonorte.com\/?author=1\"}]}<\/script>\n<!-- \/ Yoast SEO plugin. -->","yoast_head_json":{"title":"Gobierno de Venezuela veta a Juan Luis Guerra y decena de artistas iberoamericanos | El Nuevo Norte","robots":{"index":"index","follow":"follow","max-snippet":"max-snippet:-1","max-image-preview":"max-image-preview:large","max-video-preview":"max-video-preview:-1"},"canonical":"https:\/\/infoelnuevonorte.com\/?p=83476","og_locale":"es_ES","og_type":"article","og_title":"Gobierno de Venezuela veta a Juan Luis Guerra y decena de artistas iberoamericanos | El Nuevo Norte","og_description":"Venezuela.- Diosdado Cabello, primer vicepresidente del Partido Socialista de Venezuela y ministro de Interior y Justicia, considerado el segundo l\u00edder pol\u00edtico m\u00e1s influyente del chavismo, ha mostrado este d\u00eda una lista de varios cantantes que est\u00e1n vetados por ese Gobierno, incluyendo al dominicano Juan Luis Guerra. Diosdado Cabello menciona los artistas que est\u00e1n en la [&hellip;]","og_url":"https:\/\/infoelnuevonorte.com\/?p=83476","og_site_name":"El Nuevo Norte","article_publisher":"https:\/\/www.facebook.com\/infoenn","article_published_time":"2025-02-28T15:31:46+00:00","article_modified_time":"2025-02-28T15:35:49+00:00","og_image":[{"width":578,"height":368,"url":"https:\/\/infoelnuevonorte.com\/wp-content\/uploads\/2025\/02\/Juan-Luis-Guerra.png","type":"image\/png"}],"author":"InfoEnn","twitter_card":"summary_large_image","twitter_creator":"@Elnuevo_norte","twitter_site":"@Elnuevo_norte","twitter_misc":{"Written by":"InfoEnn","Est. reading time":"2 minutos"},"schema":{"@context":"https:\/\/schema.org","@graph":[{"@type":"Article","@id":"https:\/\/infoelnuevonorte.com\/?p=83476#article","isPartOf":{"@id":"https:\/\/infoelnuevonorte.com\/?p=83476"},"author":{"name":"InfoEnn","@id":"https:\/\/infoelnuevonorte.com\/#\/schema\/person\/fd4f6d90afe41260818b4ea94ad8ab84"},"headline":"Gobierno de Venezuela veta a Juan Luis Guerra y decena de artistas iberoamericanos","datePublished":"2025-02-28T15:31:46+00:00","dateModified":"2025-02-28T15:35:49+00:00","mainEntityOfPage":{"@id":"https:\/\/infoelnuevonorte.com\/?p=83476"},"wordCount":440,"publisher":{"@id":"https:\/\/infoelnuevonorte.com\/#organization"},"articleSection":["Entretenimiento","Video"],"inLanguage":"es-DO"},{"@type":"WebPage","@id":"https:\/\/infoelnuevonorte.com\/?p=83476","url":"https:\/\/infoelnuevonorte.com\/?p=83476","name":"Gobierno de Venezuela veta a Juan Luis Guerra y decena de artistas iberoamericanos | El Nuevo Norte","isPartOf":{"@id":"https:\/\/infoelnuevonorte.com\/#website"},"datePublished":"2025-02-28T15:31:46+00:00","dateModified":"2025-02-28T15:35:49+00:00","breadcrumb":{"@id":"https:\/\/infoelnuevonorte.com\/?p=83476#breadcrumb"},"inLanguage":"es-DO","potentialAction":[{"@type":"ReadAction","target":["https:\/\/infoelnuevonorte.com\/?p=83476"]}]},{"@type":"BreadcrumbList","@id":"https:\/\/infoelnuevonorte.com\/?p=83476#breadcrumb","itemListElement":[{"@type":"ListItem","position":1,"name":"Home","item":"https:\/\/infoelnuevonorte.com\/"},{"@type":"ListItem","position":2,"name":"Gobierno de Venezuela veta a Juan Luis Guerra y decena de artistas iberoamericanos"}]},{"@type":"WebSite","@id":"https:\/\/infoelnuevonorte.com\/#website","url":"https:\/\/infoelnuevonorte.com\/","name":"InfoEnn","description":"Tu Voz, tu Verdad, tu Diario!!!","publisher":{"@id":"https:\/\/infoelnuevonorte.com\/#organization"},"alternateName":"El Nuevo Norte","potentialAction":[{"@type":"SearchAction","target":{"@type":"EntryPoint","urlTemplate":"https:\/\/infoelnuevonorte.com\/?s={search_term_string}"},"query-input":{"@type":"PropertyValueSpecification","valueRequired":true,"valueName":"search_term_string"}}],"inLanguage":"es-DO"},{"@type":"Organization","@id":"https:\/\/infoelnuevonorte.com\/#organization","name":"Info El Nuevo Norte","alternateName":"El Nuevo Norte","url":"https:\/\/infoelnuevonorte.com\/","logo":{"@type":"ImageObject","inLanguage":"es-DO","@id":"https:\/\/infoelnuevonorte.com\/#\/schema\/logo\/image\/","url":"https:\/\/infoelnuevonorte.com\/wp-content\/uploads\/2026\/02\/Logo-Info-enn-3d-20ani.jpeg","contentUrl":"https:\/\/infoelnuevonorte.com\/wp-content\/uploads\/2026\/02\/Logo-Info-enn-3d-20ani.jpeg","width":2046,"height":736,"caption":"Info El Nuevo Norte"},"image":{"@id":"https:\/\/infoelnuevonorte.com\/#\/schema\/logo\/image\/"},"sameAs":["https:\/\/www.facebook.com\/infoenn","https:\/\/x.com\/Elnuevo_norte","https:\/\/www.instagram.com\/infoenn","https:\/\/www.facebook.com\/ENNRD"]},{"@type":"Person","@id":"https:\/\/infoelnuevonorte.com\/#\/schema\/person\/fd4f6d90afe41260818b4ea94ad8ab84","name":"InfoEnn","image":{"@type":"ImageObject","inLanguage":"es-DO","@id":"https:\/\/infoelnuevonorte.com\/#\/schema\/person\/image\/","url":"https:\/\/secure.gravatar.com\/avatar\/d4d760a41a48ba9db0a82bfb63bb0783?s=96&d=robohash&r=g","contentUrl":"https:\/\/secure.gravatar.com\/avatar\/d4d760a41a48ba9db0a82bfb63bb0783?s=96&d=robohash&r=g","caption":"InfoEnn"},"sameAs":["https:\/\/infoelnuevonorte.com"],"url":"https:\/\/infoelnuevonorte.com\/?author=1"}]}},"_links":{"self":[{"href":"https:\/\/infoelnuevonorte.com\/index.php?rest_route=\/wp\/v2\/posts\/83476"}],"collection":[{"href":"https:\/\/infoelnuevonorte.com\/index.php?rest_route=\/wp\/v2\/posts"}],"about":[{"href":"https:\/\/infoelnuevonorte.com\/index.php?rest_route=\/wp\/v2\/types\/post"}],"author":[{"embeddable":true,"href":"https:\/\/infoelnuevonorte.com\/index.php?rest_route=\/wp\/v2\/users\/1"}],"replies":[{"embeddable":true,"href":"https:\/\/infoelnuevonorte.com\/index.php?rest_route=%2Fwp%2Fv2%2Fcomments&post=83476"}],"version-history":[{"count":2,"href":"https:\/\/infoelnuevonorte.com\/index.php?rest_route=\/wp\/v2\/posts\/83476\/revisions"}],"predecessor-version":[{"id":83480,"href":"https:\/\/infoelnuevonorte.com\/index.php?rest_route=\/wp\/v2\/posts\/83476\/revisions\/83480"}],"wp:attachment":[{"href":"https:\/\/infoelnuevonorte.com\/index.php?rest_route=%2Fwp%2Fv2%2Fmedia&parent=83476"}],"wp:term":[{"taxonomy":"category","embeddable":true,"href":"https:\/\/infoelnuevonorte.com\/index.php?rest_route=%2Fwp%2Fv2%2Fcategories&post=83476"},{"taxonomy":"post_tag","embeddable":true,"href":"https:\/\/infoelnuevonorte.com\/index.php?rest_route=%2Fwp%2Fv2%2Ftags&post=83476"}],"curies":[{"name":"wp","href":"https:\/\/api.w.org\/{rel}","templated":true}]}}